{"id":900,"date":"2022-09-20T11:21:31","date_gmt":"2022-09-20T11:21:31","guid":{"rendered":"https:\/\/www.dracmallorca.com\/blog\/?p=900"},"modified":"2025-05-20T08:42:04","modified_gmt":"2025-05-20T08:42:04","slug":"finca-bassa-seca-perfecta-para-los-aficionados-al-ciclismo","status":"publish","type":"post","link":"https:\/\/www.dracmallorca.com\/blog\/es\/finca-bassa-seca-perfecta-para-los-aficionados-al-ciclismo\/","title":{"rendered":"Finca Bassa Seca: perfecta para los aficionados al ciclismo"},"content":{"rendered":"<style>\/*! elementor - v3.21.0 - 15-04-2024 *\/\n.elementor-heading-title{padding:0;margin:0;line-height:1}.elementor-widget-heading .elementor-heading-title[class*=elementor-size-]>a{color:inherit;font-size:inherit;line-height:inherit}.elementor-widget-heading .elementor-heading-title.elementor-size-small{font-size:15px}.elementor-widget-heading .elementor-heading-title.elementor-size-medium{font-size:19px}.elementor-widget-heading .elementor-heading-title.elementor-size-large{font-size:29px}.elementor-widget-heading .elementor-heading-title.elementor-size-xl{font-size:39px}.elementor-widget-heading .elementor-heading-title.elementor-size-xxl{font-size:59px}<\/style><h2>Alojamiento ciclista en la finca Bassa Seca en Cala Santany\u00ed<\/h2>\t\t\n\t\t\t<style>\/*! elementor - v3.21.0 - 15-04-2024 *\/\n.elementor-widget-image{text-align:center}.elementor-widget-image a{display:inline-block}.elementor-widget-image a img[src$=\".svg\"]{width:48px}.elementor-widget-image img{vertical-align:middle;display:inline-block}<\/style>\t\t\t\t\t\t\t\t\t\t<img fetchpriority=\"high\" decoding=\"async\" width=\"751\" height=\"246\" src=\"https:\/\/www.dracmallorca.com\/blog\/wp-content\/uploads\/2024\/05\/Bassa-Seca-alojamientos-con-piscina-privada-sur-de-mallorca-1920x630.webp\" alt=\"Bassa-Seca-alojamientos-con-piscina-privada-sur-de-mallorca\" \/>\t\t\t\t\t\t\t\t\t\t\t\t\t\n\t\t<p><\/p>\n<figure><img decoding=\"async\" style=\"width: 382px; height: 160px;\" src=\"https:\/\/www.dracmallorca.com\/blog\/wp-content\/uploads\/2022\/09\/cf-nou-fondos-claros-4-1500x630.png\" alt=\"\" \/><\/figure>\n<p><\/p>\n<p><\/p>\n<p>Nuestra querida finca BASSA SECA en Santany\u00ed para hasta <strong>10<\/strong> hu\u00e9spedes colabora con CYLCLING FRIENDLY \u2013 Cycling Holiday Planner para ofrecer a nuestros clientes unas instalaciones preparadas para recibir a los aficionados al ciclismo para que puedan pasar una magn\u00edfica estancia en Mallorca.<\/p>\n<p><\/p>\n<p><\/p>\n<p>Bassa Seca es una maravilla de Finca r\u00fastica completamente equipada muy cerca de Cala Santany\u00ed, una playa de suave arena. Es un sitio ideal para disfrutar las vacaciones y olvidarse del estr\u00e9s del trabajo y el d\u00eda a d\u00eda<\/p>\n<p><\/p>\n<p><\/p>\n<p>Es un alojamiento id\u00edlico para cicloturistas que quieran disfrutar Mallorca, situado en una de las zonas con mayor tr\u00e1nsito ciclista y con varias de las mejores rutas de la isla. Adem\u00e1s dispone de un espacio para bicicletas con todas las comodidades para el cicloturista, desde colgadores con cable de seguridad a herramientas profesionales o bomba para hinchar las ruedas ante cualquier imprevisto que pudiera suceder.<br \/>Si quieres disfrutar de vacaciones frente al mar y muchos kil\u00f3metros de bicicleta, Finca Bassa Seca te encantar\u00e1.<\/p>\n<p><\/p>\n<p><\/p>\n<p>Si \u00e9ste es tu deporte, \u00e9sta es tu finca.<\/p>\n<p><\/p>\n<p><\/p>\n<p><a href=\"https:\/\/www.dracmallorca.com\/alquiler\/casa-rural-santanyi-bassa-seca-308510.html\">ALQUILAR FINCA BASSA SECA<\/a><\/p>\n<p><\/p>\n<p><\/p>\n<p><\/p>\n<p><\/p>\n<figure><img decoding=\"async\" src=\"https:\/\/www.dracmallorca.com\/blog\/wp-content\/uploads\/2022\/09\/Captura-de-pantalla-2022-09-20-124754-4.png\" alt=\"\" \/><\/figure>\n<p><\/p>\t\t\n\t\t\t<a href=\"https:\/\/www.dracmallorca.com\/alquiler-vacacional-cala-santanyi-mallorca\">\n\t\t\t\t\t\t\t\t\tAlojamientos en Cala Santany\u00ed\n\t\t\t\t\t<\/a>\n\t\t\t<link rel=\"stylesheet\" href=\"https:\/\/www.dracmallorca.com\/blog\/wp-content\/plugins\/elementor-pro\/assets\/css\/widget-call-to-action.min.css\">\t\t\n\t\t\t\t\t<a href=\"https:\/\/www.dracmallorca.com\/alquiler-vacacional-sudeste-mallorca\/\">\n\t\t\t\t\t\tSur de Mallorca\t\t\t\t\t<\/a>\n\t\t\t\t\t<a href=\"https:\/\/www.dracmallorca.com\/alquiler-vacacional-cala-santanyi-mallorca\">\n\t\t\t\t\t\tCala Santanyi\t\t\t\t\t<\/a>\n\t\t\t\t\t<a href=\"https:\/\/www.dracmallorca.com\/alojamiento-en-santanyi\/\">\n\t\t\t\t\t\tSantanyi\t\t\t\t\t<\/a>\n\t\t\t\t\t<a href=\"https:\/\/www.dracmallorca.com\/alquiler-vacacional-cala-figuera\/\">\n\t\t\t\t\t\tCala Figueras\t\t\t\t\t<\/a>","protected":false},"excerpt":{"rendered":"<p>Alojamiento ciclista en la finca Bassa Seca en Cala Santany\u00ed Nuestra querida finca BASSA SECA en Santany\u00ed para hasta 10 hu\u00e9spedes colabora con CYLCLING FRIENDLY \u2013 Cycling Holiday Planner para ofrecer a nuestros clientes unas instalaciones preparadas para recibir a los aficionados al ciclismo para que puedan pasar una magn\u00edfica estancia en Mallorca. Bassa Seca [&hellip;]<\/p>\n","protected":false},"author":2,"featured_media":1312,"comment_status":"open","ping_status":"closed","sticky":false,"template":"","format":"standard","meta":{"footnotes":""},"categories":[64],"tags":[],"class_list":["post-900","post","type-post","status-publish","format-standard","has-post-thumbnail","hentry","category-alquiler-vacacional"],"yoast_head":"<!-- This site is optimized with the Yoast SEO plugin v27.4 - https:\/\/yoast.com\/product\/yoast-seo-wordpress\/ -->\n<title>Finca Bassa Seca: perfecta para los aficionados al ciclismo - Experiencias y actividades en Mallorca<\/title>\n<meta name=\"robots\" content=\"index, follow, max-snippet:-1, max-image-preview:large, max-video-preview:-1\" \/>\n<link rel=\"canonical\" href=\"https:\/\/www.dracmallorca.com\/blog\/es\/finca-bassa-seca-perfecta-para-los-aficionados-al-ciclismo\/\" \/>\n<meta property=\"og:locale\" content=\"es_ES\" \/>\n<meta property=\"og:type\" content=\"article\" \/>\n<meta property=\"og:title\" content=\"Finca Bassa Seca: perfecta para los aficionados al ciclismo - Experiencias y actividades en Mallorca\" \/>\n<meta property=\"og:description\" content=\"Alojamiento ciclista en la finca Bassa Seca en Cala Santany\u00ed Nuestra querida finca BASSA SECA en Santany\u00ed para hasta 10 hu\u00e9spedes colabora con CYLCLING FRIENDLY \u2013 Cycling Holiday Planner para ofrecer a nuestros clientes unas instalaciones preparadas para recibir a los aficionados al ciclismo para que puedan pasar una magn\u00edfica estancia en Mallorca. Bassa Seca [&hellip;]\" \/>\n<meta property=\"og:url\" content=\"https:\/\/www.dracmallorca.com\/blog\/es\/finca-bassa-seca-perfecta-para-los-aficionados-al-ciclismo\/\" \/>\n<meta property=\"og:site_name\" content=\"Experiencias y actividades en Mallorca\" \/>\n<meta property=\"article:published_time\" content=\"2022-09-20T11:21:31+00:00\" \/>\n<meta property=\"article:modified_time\" content=\"2025-05-20T08:42:04+00:00\" \/>\n<meta property=\"og:image\" content=\"https:\/\/www.dracmallorca.com\/blog\/wp-content\/uploads\/2022\/09\/finca-bassa-seca-santanyi-mallorca.jpg\" \/>\n\t<meta property=\"og:image:width\" content=\"1920\" \/>\n\t<meta property=\"og:image:height\" content=\"650\" \/>\n\t<meta property=\"og:image:type\" content=\"image\/jpeg\" \/>\n<meta name=\"author\" content=\"santanyi\" \/>\n<meta name=\"twitter:card\" content=\"summary_large_image\" \/>\n<meta name=\"twitter:label1\" content=\"Escrito por\" \/>\n\t<meta name=\"twitter:data1\" content=\"santanyi\" \/>\n\t<meta name=\"twitter:label2\" content=\"Tiempo de lectura\" \/>\n\t<meta name=\"twitter:data2\" content=\"2 minutos\" \/>\n<script type=\"application\/ld+json\" class=\"yoast-schema-graph\">{\"@context\":\"https:\\\/\\\/schema.org\",\"@graph\":[{\"@type\":\"Article\",\"@id\":\"https:\\\/\\\/www.dracmallorca.com\\\/blog\\\/es\\\/finca-bassa-seca-perfecta-para-los-aficionados-al-ciclismo\\\/#article\",\"isPartOf\":{\"@id\":\"https:\\\/\\\/www.dracmallorca.com\\\/blog\\\/es\\\/finca-bassa-seca-perfecta-para-los-aficionados-al-ciclismo\\\/\"},\"author\":{\"name\":\"santanyi\",\"@id\":\"https:\\\/\\\/www.dracmallorca.com\\\/blog\\\/#\\\/schema\\\/person\\\/f28eed696a11608d6c190bfd0423d504\"},\"headline\":\"Finca Bassa Seca: perfecta para los aficionados al ciclismo\",\"datePublished\":\"2022-09-20T11:21:31+00:00\",\"dateModified\":\"2025-05-20T08:42:04+00:00\",\"mainEntityOfPage\":{\"@id\":\"https:\\\/\\\/www.dracmallorca.com\\\/blog\\\/es\\\/finca-bassa-seca-perfecta-para-los-aficionados-al-ciclismo\\\/\"},\"wordCount\":217,\"commentCount\":0,\"publisher\":{\"@id\":\"https:\\\/\\\/www.dracmallorca.com\\\/blog\\\/#organization\"},\"image\":{\"@id\":\"https:\\\/\\\/www.dracmallorca.com\\\/blog\\\/es\\\/finca-bassa-seca-perfecta-para-los-aficionados-al-ciclismo\\\/#primaryimage\"},\"thumbnailUrl\":\"https:\\\/\\\/www.dracmallorca.com\\\/blog\\\/wp-content\\\/uploads\\\/2022\\\/09\\\/finca-bassa-seca-santanyi-mallorca.jpg\",\"articleSection\":[\"Alquiler vacacional\"],\"inLanguage\":\"es\",\"potentialAction\":[{\"@type\":\"CommentAction\",\"name\":\"Comment\",\"target\":[\"https:\\\/\\\/www.dracmallorca.com\\\/blog\\\/es\\\/finca-bassa-seca-perfecta-para-los-aficionados-al-ciclismo\\\/#respond\"]}]},{\"@type\":\"WebPage\",\"@id\":\"https:\\\/\\\/www.dracmallorca.com\\\/blog\\\/es\\\/finca-bassa-seca-perfecta-para-los-aficionados-al-ciclismo\\\/\",\"url\":\"https:\\\/\\\/www.dracmallorca.com\\\/blog\\\/es\\\/finca-bassa-seca-perfecta-para-los-aficionados-al-ciclismo\\\/\",\"name\":\"Finca Bassa Seca: perfecta para los aficionados al ciclismo - Experiencias y actividades en Mallorca\",\"isPartOf\":{\"@id\":\"https:\\\/\\\/www.dracmallorca.com\\\/blog\\\/#website\"},\"primaryImageOfPage\":{\"@id\":\"https:\\\/\\\/www.dracmallorca.com\\\/blog\\\/es\\\/finca-bassa-seca-perfecta-para-los-aficionados-al-ciclismo\\\/#primaryimage\"},\"image\":{\"@id\":\"https:\\\/\\\/www.dracmallorca.com\\\/blog\\\/es\\\/finca-bassa-seca-perfecta-para-los-aficionados-al-ciclismo\\\/#primaryimage\"},\"thumbnailUrl\":\"https:\\\/\\\/www.dracmallorca.com\\\/blog\\\/wp-content\\\/uploads\\\/2022\\\/09\\\/finca-bassa-seca-santanyi-mallorca.jpg\",\"datePublished\":\"2022-09-20T11:21:31+00:00\",\"dateModified\":\"2025-05-20T08:42:04+00:00\",\"inLanguage\":\"es\",\"potentialAction\":[{\"@type\":\"ReadAction\",\"target\":[\"https:\\\/\\\/www.dracmallorca.com\\\/blog\\\/es\\\/finca-bassa-seca-perfecta-para-los-aficionados-al-ciclismo\\\/\"]}]},{\"@type\":\"ImageObject\",\"inLanguage\":\"es\",\"@id\":\"https:\\\/\\\/www.dracmallorca.com\\\/blog\\\/es\\\/finca-bassa-seca-perfecta-para-los-aficionados-al-ciclismo\\\/#primaryimage\",\"url\":\"https:\\\/\\\/www.dracmallorca.com\\\/blog\\\/wp-content\\\/uploads\\\/2022\\\/09\\\/finca-bassa-seca-santanyi-mallorca.jpg\",\"contentUrl\":\"https:\\\/\\\/www.dracmallorca.com\\\/blog\\\/wp-content\\\/uploads\\\/2022\\\/09\\\/finca-bassa-seca-santanyi-mallorca.jpg\",\"width\":1920,\"height\":650,\"caption\":\"finca bassa seca en Santanyi Mallorca\"},{\"@type\":\"WebSite\",\"@id\":\"https:\\\/\\\/www.dracmallorca.com\\\/blog\\\/#website\",\"url\":\"https:\\\/\\\/www.dracmallorca.com\\\/blog\\\/\",\"name\":\"Experiencias y actividades en Mallorca\",\"description\":\"Drac Mallorca\",\"publisher\":{\"@id\":\"https:\\\/\\\/www.dracmallorca.com\\\/blog\\\/#organization\"},\"potentialAction\":[{\"@type\":\"SearchAction\",\"target\":{\"@type\":\"EntryPoint\",\"urlTemplate\":\"https:\\\/\\\/www.dracmallorca.com\\\/blog\\\/?s={search_term_string}\"},\"query-input\":{\"@type\":\"PropertyValueSpecification\",\"valueRequired\":true,\"valueName\":\"search_term_string\"}}],\"inLanguage\":\"es\"},{\"@type\":\"Organization\",\"@id\":\"https:\\\/\\\/www.dracmallorca.com\\\/blog\\\/#organization\",\"name\":\"Experiencias y actividades en Mallorca\",\"url\":\"https:\\\/\\\/www.dracmallorca.com\\\/blog\\\/\",\"logo\":{\"@type\":\"ImageObject\",\"inLanguage\":\"es\",\"@id\":\"https:\\\/\\\/www.dracmallorca.com\\\/blog\\\/#\\\/schema\\\/logo\\\/image\\\/\",\"url\":\"https:\\\/\\\/www.dracmallorca.com\\\/blog\\\/wp-content\\\/uploads\\\/2023\\\/11\\\/logo-8.png\",\"contentUrl\":\"https:\\\/\\\/www.dracmallorca.com\\\/blog\\\/wp-content\\\/uploads\\\/2023\\\/11\\\/logo-8.png\",\"width\":869,\"height\":248,\"caption\":\"Experiencias y actividades en Mallorca\"},\"image\":{\"@id\":\"https:\\\/\\\/www.dracmallorca.com\\\/blog\\\/#\\\/schema\\\/logo\\\/image\\\/\"}},{\"@type\":\"Person\",\"@id\":\"https:\\\/\\\/www.dracmallorca.com\\\/blog\\\/#\\\/schema\\\/person\\\/f28eed696a11608d6c190bfd0423d504\",\"name\":\"santanyi\",\"image\":{\"@type\":\"ImageObject\",\"inLanguage\":\"es\",\"@id\":\"https:\\\/\\\/secure.gravatar.com\\\/avatar\\\/0f975fb544b03fa2497d57c7b1069c0be59ac06466e9de613b607ea00b767b1f?s=96&d=mm&r=g\",\"url\":\"https:\\\/\\\/secure.gravatar.com\\\/avatar\\\/0f975fb544b03fa2497d57c7b1069c0be59ac06466e9de613b607ea00b767b1f?s=96&d=mm&r=g\",\"contentUrl\":\"https:\\\/\\\/secure.gravatar.com\\\/avatar\\\/0f975fb544b03fa2497d57c7b1069c0be59ac06466e9de613b607ea00b767b1f?s=96&d=mm&r=g\",\"caption\":\"santanyi\"},\"url\":\"https:\\\/\\\/www.dracmallorca.com\\\/blog\\\/es\\\/author\\\/santanyi\\\/\"}]}<\/script>\n<!-- \/ Yoast SEO plugin. -->","yoast_head_json":{"title":"Finca Bassa Seca: perfecta para los aficionados al ciclismo - Experiencias y actividades en Mallorca","robots":{"index":"index","follow":"follow","max-snippet":"max-snippet:-1","max-image-preview":"max-image-preview:large","max-video-preview":"max-video-preview:-1"},"canonical":"https:\/\/www.dracmallorca.com\/blog\/es\/finca-bassa-seca-perfecta-para-los-aficionados-al-ciclismo\/","og_locale":"es_ES","og_type":"article","og_title":"Finca Bassa Seca: perfecta para los aficionados al ciclismo - Experiencias y actividades en Mallorca","og_description":"Alojamiento ciclista en la finca Bassa Seca en Cala Santany\u00ed Nuestra querida finca BASSA SECA en Santany\u00ed para hasta 10 hu\u00e9spedes colabora con CYLCLING FRIENDLY \u2013 Cycling Holiday Planner para ofrecer a nuestros clientes unas instalaciones preparadas para recibir a los aficionados al ciclismo para que puedan pasar una magn\u00edfica estancia en Mallorca. Bassa Seca [&hellip;]","og_url":"https:\/\/www.dracmallorca.com\/blog\/es\/finca-bassa-seca-perfecta-para-los-aficionados-al-ciclismo\/","og_site_name":"Experiencias y actividades en Mallorca","article_published_time":"2022-09-20T11:21:31+00:00","article_modified_time":"2025-05-20T08:42:04+00:00","og_image":[{"width":1920,"height":650,"url":"https:\/\/www.dracmallorca.com\/blog\/wp-content\/uploads\/2022\/09\/finca-bassa-seca-santanyi-mallorca.jpg","type":"image\/jpeg"}],"author":"santanyi","twitter_card":"summary_large_image","twitter_misc":{"Escrito por":"santanyi","Tiempo de lectura":"2 minutos"},"schema":{"@context":"https:\/\/schema.org","@graph":[{"@type":"Article","@id":"https:\/\/www.dracmallorca.com\/blog\/es\/finca-bassa-seca-perfecta-para-los-aficionados-al-ciclismo\/#article","isPartOf":{"@id":"https:\/\/www.dracmallorca.com\/blog\/es\/finca-bassa-seca-perfecta-para-los-aficionados-al-ciclismo\/"},"author":{"name":"santanyi","@id":"https:\/\/www.dracmallorca.com\/blog\/#\/schema\/person\/f28eed696a11608d6c190bfd0423d504"},"headline":"Finca Bassa Seca: perfecta para los aficionados al ciclismo","datePublished":"2022-09-20T11:21:31+00:00","dateModified":"2025-05-20T08:42:04+00:00","mainEntityOfPage":{"@id":"https:\/\/www.dracmallorca.com\/blog\/es\/finca-bassa-seca-perfecta-para-los-aficionados-al-ciclismo\/"},"wordCount":217,"commentCount":0,"publisher":{"@id":"https:\/\/www.dracmallorca.com\/blog\/#organization"},"image":{"@id":"https:\/\/www.dracmallorca.com\/blog\/es\/finca-bassa-seca-perfecta-para-los-aficionados-al-ciclismo\/#primaryimage"},"thumbnailUrl":"https:\/\/www.dracmallorca.com\/blog\/wp-content\/uploads\/2022\/09\/finca-bassa-seca-santanyi-mallorca.jpg","articleSection":["Alquiler vacacional"],"inLanguage":"es","potentialAction":[{"@type":"CommentAction","name":"Comment","target":["https:\/\/www.dracmallorca.com\/blog\/es\/finca-bassa-seca-perfecta-para-los-aficionados-al-ciclismo\/#respond"]}]},{"@type":"WebPage","@id":"https:\/\/www.dracmallorca.com\/blog\/es\/finca-bassa-seca-perfecta-para-los-aficionados-al-ciclismo\/","url":"https:\/\/www.dracmallorca.com\/blog\/es\/finca-bassa-seca-perfecta-para-los-aficionados-al-ciclismo\/","name":"Finca Bassa Seca: perfecta para los aficionados al ciclismo - Experiencias y actividades en Mallorca","isPartOf":{"@id":"https:\/\/www.dracmallorca.com\/blog\/#website"},"primaryImageOfPage":{"@id":"https:\/\/www.dracmallorca.com\/blog\/es\/finca-bassa-seca-perfecta-para-los-aficionados-al-ciclismo\/#primaryimage"},"image":{"@id":"https:\/\/www.dracmallorca.com\/blog\/es\/finca-bassa-seca-perfecta-para-los-aficionados-al-ciclismo\/#primaryimage"},"thumbnailUrl":"https:\/\/www.dracmallorca.com\/blog\/wp-content\/uploads\/2022\/09\/finca-bassa-seca-santanyi-mallorca.jpg","datePublished":"2022-09-20T11:21:31+00:00","dateModified":"2025-05-20T08:42:04+00:00","inLanguage":"es","potentialAction":[{"@type":"ReadAction","target":["https:\/\/www.dracmallorca.com\/blog\/es\/finca-bassa-seca-perfecta-para-los-aficionados-al-ciclismo\/"]}]},{"@type":"ImageObject","inLanguage":"es","@id":"https:\/\/www.dracmallorca.com\/blog\/es\/finca-bassa-seca-perfecta-para-los-aficionados-al-ciclismo\/#primaryimage","url":"https:\/\/www.dracmallorca.com\/blog\/wp-content\/uploads\/2022\/09\/finca-bassa-seca-santanyi-mallorca.jpg","contentUrl":"https:\/\/www.dracmallorca.com\/blog\/wp-content\/uploads\/2022\/09\/finca-bassa-seca-santanyi-mallorca.jpg","width":1920,"height":650,"caption":"finca bassa seca en Santanyi Mallorca"},{"@type":"WebSite","@id":"https:\/\/www.dracmallorca.com\/blog\/#website","url":"https:\/\/www.dracmallorca.com\/blog\/","name":"Experiencias y actividades en Mallorca","description":"Drac Mallorca","publisher":{"@id":"https:\/\/www.dracmallorca.com\/blog\/#organization"},"potentialAction":[{"@type":"SearchAction","target":{"@type":"EntryPoint","urlTemplate":"https:\/\/www.dracmallorca.com\/blog\/?s={search_term_string}"},"query-input":{"@type":"PropertyValueSpecification","valueRequired":true,"valueName":"search_term_string"}}],"inLanguage":"es"},{"@type":"Organization","@id":"https:\/\/www.dracmallorca.com\/blog\/#organization","name":"Experiencias y actividades en Mallorca","url":"https:\/\/www.dracmallorca.com\/blog\/","logo":{"@type":"ImageObject","inLanguage":"es","@id":"https:\/\/www.dracmallorca.com\/blog\/#\/schema\/logo\/image\/","url":"https:\/\/www.dracmallorca.com\/blog\/wp-content\/uploads\/2023\/11\/logo-8.png","contentUrl":"https:\/\/www.dracmallorca.com\/blog\/wp-content\/uploads\/2023\/11\/logo-8.png","width":869,"height":248,"caption":"Experiencias y actividades en Mallorca"},"image":{"@id":"https:\/\/www.dracmallorca.com\/blog\/#\/schema\/logo\/image\/"}},{"@type":"Person","@id":"https:\/\/www.dracmallorca.com\/blog\/#\/schema\/person\/f28eed696a11608d6c190bfd0423d504","name":"santanyi","image":{"@type":"ImageObject","inLanguage":"es","@id":"https:\/\/secure.gravatar.com\/avatar\/0f975fb544b03fa2497d57c7b1069c0be59ac06466e9de613b607ea00b767b1f?s=96&d=mm&r=g","url":"https:\/\/secure.gravatar.com\/avatar\/0f975fb544b03fa2497d57c7b1069c0be59ac06466e9de613b607ea00b767b1f?s=96&d=mm&r=g","contentUrl":"https:\/\/secure.gravatar.com\/avatar\/0f975fb544b03fa2497d57c7b1069c0be59ac06466e9de613b607ea00b767b1f?s=96&d=mm&r=g","caption":"santanyi"},"url":"https:\/\/www.dracmallorca.com\/blog\/es\/author\/santanyi\/"}]}},"_links":{"self":[{"href":"https:\/\/www.dracmallorca.com\/blog\/es\/wp-json\/wp\/v2\/posts\/900","targetHints":{"allow":["GET"]}}],"collection":[{"href":"https:\/\/www.dracmallorca.com\/blog\/es\/wp-json\/wp\/v2\/posts"}],"about":[{"href":"https:\/\/www.dracmallorca.com\/blog\/es\/wp-json\/wp\/v2\/types\/post"}],"author":[{"embeddable":true,"href":"https:\/\/www.dracmallorca.com\/blog\/es\/wp-json\/wp\/v2\/users\/2"}],"replies":[{"embeddable":true,"href":"https:\/\/www.dracmallorca.com\/blog\/es\/wp-json\/wp\/v2\/comments?post=900"}],"version-history":[{"count":6,"href":"https:\/\/www.dracmallorca.com\/blog\/es\/wp-json\/wp\/v2\/posts\/900\/revisions"}],"predecessor-version":[{"id":2140,"href":"https:\/\/www.dracmallorca.com\/blog\/es\/wp-json\/wp\/v2\/posts\/900\/revisions\/2140"}],"wp:featuredmedia":[{"embeddable":true,"href":"https:\/\/www.dracmallorca.com\/blog\/es\/wp-json\/wp\/v2\/media\/1312"}],"wp:attachment":[{"href":"https:\/\/www.dracmallorca.com\/blog\/es\/wp-json\/wp\/v2\/media?parent=900"}],"wp:term":[{"taxonomy":"category","embeddable":true,"href":"https:\/\/www.dracmallorca.com\/blog\/es\/wp-json\/wp\/v2\/categories?post=900"},{"taxonomy":"post_tag","embeddable":true,"href":"https:\/\/www.dracmallorca.com\/blog\/es\/wp-json\/wp\/v2\/tags?post=900"}],"curies":[{"name":"wp","href":"https:\/\/api.w.org\/{rel}","templated":true}]}}