{"id":656,"date":"2021-10-15T09:56:23","date_gmt":"2021-10-15T09:56:23","guid":{"rendered":"https:\/\/www.dracmallorca.com\/blog\/?p=656"},"modified":"2025-05-20T08:41:54","modified_gmt":"2025-05-20T08:41:54","slug":"la-costa-sureste-de-mallorca-para-alquiler-turistico-vacacional","status":"publish","type":"post","link":"https:\/\/www.dracmallorca.com\/blog\/es\/la-costa-sureste-de-mallorca-para-alquiler-turistico-vacacional\/","title":{"rendered":"La costa sureste de Mallorca para alquiler tur\u00edstico vacacional"},"content":{"rendered":"\n<figure class=\"wp-block-image size-large\"><img fetchpriority=\"high\" decoding=\"async\" width=\"800\" height=\"480\" src=\"https:\/\/www.dracmallorca.com\/blog\/wp-content\/uploads\/2021\/10\/mallorca_sureste01.jpg\" alt=\"\" class=\"wp-image-658\" srcset=\"https:\/\/www.dracmallorca.com\/blog\/wp-content\/uploads\/2021\/10\/mallorca_sureste01.jpg 800w, https:\/\/www.dracmallorca.com\/blog\/wp-content\/uploads\/2021\/10\/mallorca_sureste01-768x461.jpg 768w\" sizes=\"(max-width: 800px) 100vw, 800px\" \/><\/figure>\n\n\n\n<p>\u00bfBuscando un lugar para descansar en vacaciones? Tenemos la soluci\u00f3n:<strong> el sureste de Mallorca con alquiler tur\u00edstico vacacional.<\/strong> Y es que la belleza de sus playas, sus pintorescos pueblos llenos de encanto, su gastronom\u00eda y la bondad de sus gentes nos hacen sentir como en el para\u00edso. \u00a1Descubr\u00e1moslo!<\/p>\n\n\n\n<h3 class=\"wp-block-heading\">Descanso y relax<\/h3>\n\n\n\n<p><strong><strong>El sureste de Mallorca<\/strong>\u00a0es un un aut\u00e9ntico para\u00edso para todos aquellos que buscan la paz y la tranquilidad. Sus preciosas playas de agua cristalina y arena blanca como\u00a0<strong>Portocristo<\/strong>, sus bah\u00edas como\u00a0<strong>Cala Rom\u00e1ntica y Cala d\u2019Or<\/strong>\u00a0y sus pintorescos pueblos costeros para relajarse contrastan con el atractivo y la diversi\u00f3n de su amplia variedad de centros tur\u00edsticos.<\/strong><\/p>\n\n\n\n<p>Adem\u00e1s, sus bares y restaurantes resultan un gran reclamo para los amantes del buen comer y el buen beber.\u00a0En ellos podremos\u00a0degustar la gastronom\u00eda t\u00edpica de la isla como la sobrasada, la ensaimada o el licor de hierbas.<\/p>\n\n\n\n<h3 class=\"wp-block-heading\"><strong>Pueblos costeros<\/strong><\/h3>\n\n\n\n<p>Entre sus pueblos costeros destaca <strong>Portopetro<\/strong>,\u00a0en el que a\u00fan podemos ver las casas de pescadores que se conservan como anta\u00f1o. Y, entre los de interior,\u00a0recomendamos <strong>Felanitx o Santany\u00ed<\/strong>,\u00a0en los que destacan sus angostas y preciosas calles que invitan al descanso.<\/p>\n\n\n\n<h3 class=\"wp-block-heading\">Ir de compras<\/h3>\n\n\n\n<p>Y si buscamos&nbsp;lugares donde comprar, sus tiendas locales, muchas en las propias casas, repletas de art\u00edculos artesanales y obras de arte de artistas de todo el mundo, har\u00e1n nuestras delicias. <\/p>\n\n\n\n<p>Adem\u00e1s, en el sureste de Mallorca hay un sinf\u00edn de atracciones para disfrutar:<\/p>\n\n\n\n<h3 class=\"wp-block-heading\"><strong>Ses Salines d\u2019Es Trenc<\/strong><\/h3>\n\n\n\n<p><strong>Ses Salines d\u2019Es Trenc <\/strong>\u00a0son las salinas m\u00e1s grandes de Mallorca y se encuentran cerca de la localidad de <strong>Colonia de Sant Jordi<\/strong>. Si quieres ver con tus propios ojos c\u00f3mo se extrae la sal del agua de mar, definitivamente deber\u00edas echar un vistazo a las salinas. Despu\u00e9s de visitar las salinas, puedes comprar un pack de \u00ab<strong>Flor de Sal<\/strong>\u00ab, que sigue siendo una parte importante de la <strong>gastronom\u00eda balear<\/strong> en la actualidad, en la tienda asociada, para que puedas disfrutar de un trozo de Mallorca en casa.<\/p>\n\n\n\n<h3 class=\"wp-block-heading\"><strong>Majorica f\u00e1brica de perlas Manacor<\/strong><\/h3>\n\n\n\n<p><strong>Manacor<\/strong> es un n\u00facleo del procesamiento y la <strong>producci\u00f3n de perlas<\/strong>. La ciudad est\u00e1 ubicada en el este de Mallorca. El t\u00e9rmino perlas mallorquinas significa piezas especiales de joyer\u00eda en todo el mundo. Las perlas de concha se elaboran a mano a partir del n\u00facleo de una concha de ostra en Manacor desde 1902. Incluso hoy en d\u00eda, en los talleres se fabrican joyas de perlas finas. Sin embargo, desde principios del siglo XIX, principalmente las perlas de imitaci\u00f3n, las llamadas <strong>perlas Majorica<\/strong>, se han transformado en piezas art\u00edsticas de joyer\u00eda en la f\u00e1brica de la isla m\u00e1s grande de Baleares. Las <strong>perlas de imitaci\u00f3n<\/strong> mallorquinas, tambi\u00e9n conocidas coloquialmente como perlas de Mallorca, son perlas artificiales producidas mediante un determinado proceso que imita la forma de las perlas naturales.<\/p>\n\n\n\n<p>Y si queremos llevarnos un recuerdo inolvidable, no podemos dejar de visitar las <strong>Coves del Drac<\/strong>, una aut\u00e9ntica belleza de la naturaleza realzada por su maravillosa iluminaci\u00f3n y en la que se celebran conciertos de m\u00fasica.<\/p>\n\n\n\n<figure class=\"wp-block-image size-large\"><img decoding=\"async\" width=\"800\" height=\"480\" src=\"https:\/\/www.dracmallorca.com\/blog\/wp-content\/uploads\/2021\/10\/mallorca_sureste02.jpg\" alt=\"\" class=\"wp-image-663\" srcset=\"https:\/\/www.dracmallorca.com\/blog\/wp-content\/uploads\/2021\/10\/mallorca_sureste02.jpg 800w, https:\/\/www.dracmallorca.com\/blog\/wp-content\/uploads\/2021\/10\/mallorca_sureste02-768x461.jpg 768w\" sizes=\"(max-width: 800px) 100vw, 800px\" \/><\/figure>\n\n\n\n<h3 class=\"wp-block-heading\">Sol, playa y mar<\/h3>\n\n\n\n<p><strong>El sureste de Mallorca<\/strong> es una maravilla. Sol, playa, arte,\u00a0artesan\u00eda y belleza por doquier que hace las delicias de los turistas m\u00e1s exigentes. Un lugar perfecto para perderse por sus calles, descubrir\u00a0sus monumentos y edificios m\u00e1s antiguos, disfrutar\u00a0de su deliciosa gastronom\u00eda y deleitarse con sus maravillosas puestas de sol.<\/p>\n\n\n\n<p>Para descansar de todo el estr\u00e9s y de la ciudad, el\u00a0<strong>sureste de Mallorca<\/strong>\u00a0es la mejor opci\u00f3n para las vacaciones. \u00a1Para vivir o disfrutar de las vacaciones como nunca antes!<\/p>\n","protected":false},"excerpt":{"rendered":"<p>\u00bfBuscando un lugar para descansar en vacaciones? Tenemos la soluci\u00f3n: el sureste de Mallorca con alquiler tur\u00edstico vacacional. Y es que la belleza de sus playas, sus pintorescos pueblos llenos de encanto, su gastronom\u00eda y la bondad de sus gentes nos hacen sentir como en el para\u00edso. \u00a1Descubr\u00e1moslo! Descanso y relax El sureste de Mallorca\u00a0es [&hellip;]<\/p>\n","protected":false},"author":2,"featured_media":0,"comment_status":"open","ping_status":"closed","sticky":false,"template":"","format":"standard","meta":{"footnotes":""},"categories":[64],"tags":[],"class_list":["post-656","post","type-post","status-publish","format-standard","hentry","category-alquiler-vacacional"],"yoast_head":"<!-- This site is optimized with the Yoast SEO plugin v27.4 - https:\/\/yoast.com\/product\/yoast-seo-wordpress\/ -->\n<title>La costa sureste de Mallorca para alquiler tur\u00edstico vacacional - Experiencias y actividades en Mallorca<\/title>\n<meta name=\"robots\" content=\"index, follow, max-snippet:-1, max-image-preview:large, max-video-preview:-1\" \/>\n<link rel=\"canonical\" href=\"https:\/\/www.dracmallorca.com\/blog\/es\/la-costa-sureste-de-mallorca-para-alquiler-turistico-vacacional\/\" \/>\n<meta property=\"og:locale\" content=\"es_ES\" \/>\n<meta property=\"og:type\" content=\"article\" \/>\n<meta property=\"og:title\" content=\"La costa sureste de Mallorca para alquiler tur\u00edstico vacacional - Experiencias y actividades en Mallorca\" \/>\n<meta property=\"og:description\" content=\"\u00bfBuscando un lugar para descansar en vacaciones? Tenemos la soluci\u00f3n: el sureste de Mallorca con alquiler tur\u00edstico vacacional. Y es que la belleza de sus playas, sus pintorescos pueblos llenos de encanto, su gastronom\u00eda y la bondad de sus gentes nos hacen sentir como en el para\u00edso. \u00a1Descubr\u00e1moslo! Descanso y relax El sureste de Mallorca\u00a0es [&hellip;]\" \/>\n<meta property=\"og:url\" content=\"https:\/\/www.dracmallorca.com\/blog\/es\/la-costa-sureste-de-mallorca-para-alquiler-turistico-vacacional\/\" \/>\n<meta property=\"og:site_name\" content=\"Experiencias y actividades en Mallorca\" \/>\n<meta property=\"article:published_time\" content=\"2021-10-15T09:56:23+00:00\" \/>\n<meta property=\"article:modified_time\" content=\"2025-05-20T08:41:54+00:00\" \/>\n<meta property=\"og:image\" content=\"https:\/\/www.dracmallorca.com\/blog\/wp-content\/uploads\/2021\/10\/mallorca_sureste01.jpg\" \/>\n<meta name=\"author\" content=\"santanyi\" \/>\n<meta name=\"twitter:card\" content=\"summary_large_image\" \/>\n<meta name=\"twitter:label1\" content=\"Escrito por\" \/>\n\t<meta name=\"twitter:data1\" content=\"santanyi\" \/>\n\t<meta name=\"twitter:label2\" content=\"Tiempo de lectura\" \/>\n\t<meta name=\"twitter:data2\" content=\"3 minutos\" \/>\n<script type=\"application\/ld+json\" class=\"yoast-schema-graph\">{\"@context\":\"https:\\\/\\\/schema.org\",\"@graph\":[{\"@type\":\"Article\",\"@id\":\"https:\\\/\\\/www.dracmallorca.com\\\/blog\\\/es\\\/la-costa-sureste-de-mallorca-para-alquiler-turistico-vacacional\\\/#article\",\"isPartOf\":{\"@id\":\"https:\\\/\\\/www.dracmallorca.com\\\/blog\\\/es\\\/la-costa-sureste-de-mallorca-para-alquiler-turistico-vacacional\\\/\"},\"author\":{\"name\":\"santanyi\",\"@id\":\"https:\\\/\\\/www.dracmallorca.com\\\/blog\\\/#\\\/schema\\\/person\\\/f28eed696a11608d6c190bfd0423d504\"},\"headline\":\"La costa sureste de Mallorca para alquiler tur\u00edstico vacacional\",\"datePublished\":\"2021-10-15T09:56:23+00:00\",\"dateModified\":\"2025-05-20T08:41:54+00:00\",\"mainEntityOfPage\":{\"@id\":\"https:\\\/\\\/www.dracmallorca.com\\\/blog\\\/es\\\/la-costa-sureste-de-mallorca-para-alquiler-turistico-vacacional\\\/\"},\"wordCount\":651,\"commentCount\":0,\"publisher\":{\"@id\":\"https:\\\/\\\/www.dracmallorca.com\\\/blog\\\/#organization\"},\"image\":{\"@id\":\"https:\\\/\\\/www.dracmallorca.com\\\/blog\\\/es\\\/la-costa-sureste-de-mallorca-para-alquiler-turistico-vacacional\\\/#primaryimage\"},\"thumbnailUrl\":\"https:\\\/\\\/www.dracmallorca.com\\\/blog\\\/wp-content\\\/uploads\\\/2021\\\/10\\\/mallorca_sureste01.jpg\",\"articleSection\":[\"Alquiler vacacional\"],\"inLanguage\":\"es\",\"potentialAction\":[{\"@type\":\"CommentAction\",\"name\":\"Comment\",\"target\":[\"https:\\\/\\\/www.dracmallorca.com\\\/blog\\\/es\\\/la-costa-sureste-de-mallorca-para-alquiler-turistico-vacacional\\\/#respond\"]}]},{\"@type\":\"WebPage\",\"@id\":\"https:\\\/\\\/www.dracmallorca.com\\\/blog\\\/es\\\/la-costa-sureste-de-mallorca-para-alquiler-turistico-vacacional\\\/\",\"url\":\"https:\\\/\\\/www.dracmallorca.com\\\/blog\\\/es\\\/la-costa-sureste-de-mallorca-para-alquiler-turistico-vacacional\\\/\",\"name\":\"La costa sureste de Mallorca para alquiler tur\u00edstico vacacional - Experiencias y actividades en Mallorca\",\"isPartOf\":{\"@id\":\"https:\\\/\\\/www.dracmallorca.com\\\/blog\\\/#website\"},\"primaryImageOfPage\":{\"@id\":\"https:\\\/\\\/www.dracmallorca.com\\\/blog\\\/es\\\/la-costa-sureste-de-mallorca-para-alquiler-turistico-vacacional\\\/#primaryimage\"},\"image\":{\"@id\":\"https:\\\/\\\/www.dracmallorca.com\\\/blog\\\/es\\\/la-costa-sureste-de-mallorca-para-alquiler-turistico-vacacional\\\/#primaryimage\"},\"thumbnailUrl\":\"https:\\\/\\\/www.dracmallorca.com\\\/blog\\\/wp-content\\\/uploads\\\/2021\\\/10\\\/mallorca_sureste01.jpg\",\"datePublished\":\"2021-10-15T09:56:23+00:00\",\"dateModified\":\"2025-05-20T08:41:54+00:00\",\"inLanguage\":\"es\",\"potentialAction\":[{\"@type\":\"ReadAction\",\"target\":[\"https:\\\/\\\/www.dracmallorca.com\\\/blog\\\/es\\\/la-costa-sureste-de-mallorca-para-alquiler-turistico-vacacional\\\/\"]}]},{\"@type\":\"ImageObject\",\"inLanguage\":\"es\",\"@id\":\"https:\\\/\\\/www.dracmallorca.com\\\/blog\\\/es\\\/la-costa-sureste-de-mallorca-para-alquiler-turistico-vacacional\\\/#primaryimage\",\"url\":\"https:\\\/\\\/www.dracmallorca.com\\\/blog\\\/wp-content\\\/uploads\\\/2021\\\/10\\\/mallorca_sureste01.jpg\",\"contentUrl\":\"https:\\\/\\\/www.dracmallorca.com\\\/blog\\\/wp-content\\\/uploads\\\/2021\\\/10\\\/mallorca_sureste01.jpg\"},{\"@type\":\"WebSite\",\"@id\":\"https:\\\/\\\/www.dracmallorca.com\\\/blog\\\/#website\",\"url\":\"https:\\\/\\\/www.dracmallorca.com\\\/blog\\\/\",\"name\":\"Experiencias y actividades en Mallorca\",\"description\":\"Drac Mallorca\",\"publisher\":{\"@id\":\"https:\\\/\\\/www.dracmallorca.com\\\/blog\\\/#organization\"},\"potentialAction\":[{\"@type\":\"SearchAction\",\"target\":{\"@type\":\"EntryPoint\",\"urlTemplate\":\"https:\\\/\\\/www.dracmallorca.com\\\/blog\\\/?s={search_term_string}\"},\"query-input\":{\"@type\":\"PropertyValueSpecification\",\"valueRequired\":true,\"valueName\":\"search_term_string\"}}],\"inLanguage\":\"es\"},{\"@type\":\"Organization\",\"@id\":\"https:\\\/\\\/www.dracmallorca.com\\\/blog\\\/#organization\",\"name\":\"Experiencias y actividades en Mallorca\",\"url\":\"https:\\\/\\\/www.dracmallorca.com\\\/blog\\\/\",\"logo\":{\"@type\":\"ImageObject\",\"inLanguage\":\"es\",\"@id\":\"https:\\\/\\\/www.dracmallorca.com\\\/blog\\\/#\\\/schema\\\/logo\\\/image\\\/\",\"url\":\"https:\\\/\\\/www.dracmallorca.com\\\/blog\\\/wp-content\\\/uploads\\\/2023\\\/11\\\/logo-8.png\",\"contentUrl\":\"https:\\\/\\\/www.dracmallorca.com\\\/blog\\\/wp-content\\\/uploads\\\/2023\\\/11\\\/logo-8.png\",\"width\":869,\"height\":248,\"caption\":\"Experiencias y actividades en Mallorca\"},\"image\":{\"@id\":\"https:\\\/\\\/www.dracmallorca.com\\\/blog\\\/#\\\/schema\\\/logo\\\/image\\\/\"}},{\"@type\":\"Person\",\"@id\":\"https:\\\/\\\/www.dracmallorca.com\\\/blog\\\/#\\\/schema\\\/person\\\/f28eed696a11608d6c190bfd0423d504\",\"name\":\"santanyi\",\"image\":{\"@type\":\"ImageObject\",\"inLanguage\":\"es\",\"@id\":\"https:\\\/\\\/secure.gravatar.com\\\/avatar\\\/0f975fb544b03fa2497d57c7b1069c0be59ac06466e9de613b607ea00b767b1f?s=96&d=mm&r=g\",\"url\":\"https:\\\/\\\/secure.gravatar.com\\\/avatar\\\/0f975fb544b03fa2497d57c7b1069c0be59ac06466e9de613b607ea00b767b1f?s=96&d=mm&r=g\",\"contentUrl\":\"https:\\\/\\\/secure.gravatar.com\\\/avatar\\\/0f975fb544b03fa2497d57c7b1069c0be59ac06466e9de613b607ea00b767b1f?s=96&d=mm&r=g\",\"caption\":\"santanyi\"},\"url\":\"https:\\\/\\\/www.dracmallorca.com\\\/blog\\\/es\\\/author\\\/santanyi\\\/\"}]}<\/script>\n<!-- \/ Yoast SEO plugin. -->","yoast_head_json":{"title":"La costa sureste de Mallorca para alquiler tur\u00edstico vacacional - Experiencias y actividades en Mallorca","robots":{"index":"index","follow":"follow","max-snippet":"max-snippet:-1","max-image-preview":"max-image-preview:large","max-video-preview":"max-video-preview:-1"},"canonical":"https:\/\/www.dracmallorca.com\/blog\/es\/la-costa-sureste-de-mallorca-para-alquiler-turistico-vacacional\/","og_locale":"es_ES","og_type":"article","og_title":"La costa sureste de Mallorca para alquiler tur\u00edstico vacacional - Experiencias y actividades en Mallorca","og_description":"\u00bfBuscando un lugar para descansar en vacaciones? Tenemos la soluci\u00f3n: el sureste de Mallorca con alquiler tur\u00edstico vacacional. Y es que la belleza de sus playas, sus pintorescos pueblos llenos de encanto, su gastronom\u00eda y la bondad de sus gentes nos hacen sentir como en el para\u00edso. \u00a1Descubr\u00e1moslo! Descanso y relax El sureste de Mallorca\u00a0es [&hellip;]","og_url":"https:\/\/www.dracmallorca.com\/blog\/es\/la-costa-sureste-de-mallorca-para-alquiler-turistico-vacacional\/","og_site_name":"Experiencias y actividades en Mallorca","article_published_time":"2021-10-15T09:56:23+00:00","article_modified_time":"2025-05-20T08:41:54+00:00","og_image":[{"url":"https:\/\/www.dracmallorca.com\/blog\/wp-content\/uploads\/2021\/10\/mallorca_sureste01.jpg","type":"","width":"","height":""}],"author":"santanyi","twitter_card":"summary_large_image","twitter_misc":{"Escrito por":"santanyi","Tiempo de lectura":"3 minutos"},"schema":{"@context":"https:\/\/schema.org","@graph":[{"@type":"Article","@id":"https:\/\/www.dracmallorca.com\/blog\/es\/la-costa-sureste-de-mallorca-para-alquiler-turistico-vacacional\/#article","isPartOf":{"@id":"https:\/\/www.dracmallorca.com\/blog\/es\/la-costa-sureste-de-mallorca-para-alquiler-turistico-vacacional\/"},"author":{"name":"santanyi","@id":"https:\/\/www.dracmallorca.com\/blog\/#\/schema\/person\/f28eed696a11608d6c190bfd0423d504"},"headline":"La costa sureste de Mallorca para alquiler tur\u00edstico vacacional","datePublished":"2021-10-15T09:56:23+00:00","dateModified":"2025-05-20T08:41:54+00:00","mainEntityOfPage":{"@id":"https:\/\/www.dracmallorca.com\/blog\/es\/la-costa-sureste-de-mallorca-para-alquiler-turistico-vacacional\/"},"wordCount":651,"commentCount":0,"publisher":{"@id":"https:\/\/www.dracmallorca.com\/blog\/#organization"},"image":{"@id":"https:\/\/www.dracmallorca.com\/blog\/es\/la-costa-sureste-de-mallorca-para-alquiler-turistico-vacacional\/#primaryimage"},"thumbnailUrl":"https:\/\/www.dracmallorca.com\/blog\/wp-content\/uploads\/2021\/10\/mallorca_sureste01.jpg","articleSection":["Alquiler vacacional"],"inLanguage":"es","potentialAction":[{"@type":"CommentAction","name":"Comment","target":["https:\/\/www.dracmallorca.com\/blog\/es\/la-costa-sureste-de-mallorca-para-alquiler-turistico-vacacional\/#respond"]}]},{"@type":"WebPage","@id":"https:\/\/www.dracmallorca.com\/blog\/es\/la-costa-sureste-de-mallorca-para-alquiler-turistico-vacacional\/","url":"https:\/\/www.dracmallorca.com\/blog\/es\/la-costa-sureste-de-mallorca-para-alquiler-turistico-vacacional\/","name":"La costa sureste de Mallorca para alquiler tur\u00edstico vacacional - Experiencias y actividades en Mallorca","isPartOf":{"@id":"https:\/\/www.dracmallorca.com\/blog\/#website"},"primaryImageOfPage":{"@id":"https:\/\/www.dracmallorca.com\/blog\/es\/la-costa-sureste-de-mallorca-para-alquiler-turistico-vacacional\/#primaryimage"},"image":{"@id":"https:\/\/www.dracmallorca.com\/blog\/es\/la-costa-sureste-de-mallorca-para-alquiler-turistico-vacacional\/#primaryimage"},"thumbnailUrl":"https:\/\/www.dracmallorca.com\/blog\/wp-content\/uploads\/2021\/10\/mallorca_sureste01.jpg","datePublished":"2021-10-15T09:56:23+00:00","dateModified":"2025-05-20T08:41:54+00:00","inLanguage":"es","potentialAction":[{"@type":"ReadAction","target":["https:\/\/www.dracmallorca.com\/blog\/es\/la-costa-sureste-de-mallorca-para-alquiler-turistico-vacacional\/"]}]},{"@type":"ImageObject","inLanguage":"es","@id":"https:\/\/www.dracmallorca.com\/blog\/es\/la-costa-sureste-de-mallorca-para-alquiler-turistico-vacacional\/#primaryimage","url":"https:\/\/www.dracmallorca.com\/blog\/wp-content\/uploads\/2021\/10\/mallorca_sureste01.jpg","contentUrl":"https:\/\/www.dracmallorca.com\/blog\/wp-content\/uploads\/2021\/10\/mallorca_sureste01.jpg"},{"@type":"WebSite","@id":"https:\/\/www.dracmallorca.com\/blog\/#website","url":"https:\/\/www.dracmallorca.com\/blog\/","name":"Experiencias y actividades en Mallorca","description":"Drac Mallorca","publisher":{"@id":"https:\/\/www.dracmallorca.com\/blog\/#organization"},"potentialAction":[{"@type":"SearchAction","target":{"@type":"EntryPoint","urlTemplate":"https:\/\/www.dracmallorca.com\/blog\/?s={search_term_string}"},"query-input":{"@type":"PropertyValueSpecification","valueRequired":true,"valueName":"search_term_string"}}],"inLanguage":"es"},{"@type":"Organization","@id":"https:\/\/www.dracmallorca.com\/blog\/#organization","name":"Experiencias y actividades en Mallorca","url":"https:\/\/www.dracmallorca.com\/blog\/","logo":{"@type":"ImageObject","inLanguage":"es","@id":"https:\/\/www.dracmallorca.com\/blog\/#\/schema\/logo\/image\/","url":"https:\/\/www.dracmallorca.com\/blog\/wp-content\/uploads\/2023\/11\/logo-8.png","contentUrl":"https:\/\/www.dracmallorca.com\/blog\/wp-content\/uploads\/2023\/11\/logo-8.png","width":869,"height":248,"caption":"Experiencias y actividades en Mallorca"},"image":{"@id":"https:\/\/www.dracmallorca.com\/blog\/#\/schema\/logo\/image\/"}},{"@type":"Person","@id":"https:\/\/www.dracmallorca.com\/blog\/#\/schema\/person\/f28eed696a11608d6c190bfd0423d504","name":"santanyi","image":{"@type":"ImageObject","inLanguage":"es","@id":"https:\/\/secure.gravatar.com\/avatar\/0f975fb544b03fa2497d57c7b1069c0be59ac06466e9de613b607ea00b767b1f?s=96&d=mm&r=g","url":"https:\/\/secure.gravatar.com\/avatar\/0f975fb544b03fa2497d57c7b1069c0be59ac06466e9de613b607ea00b767b1f?s=96&d=mm&r=g","contentUrl":"https:\/\/secure.gravatar.com\/avatar\/0f975fb544b03fa2497d57c7b1069c0be59ac06466e9de613b607ea00b767b1f?s=96&d=mm&r=g","caption":"santanyi"},"url":"https:\/\/www.dracmallorca.com\/blog\/es\/author\/santanyi\/"}]}},"_links":{"self":[{"href":"https:\/\/www.dracmallorca.com\/blog\/es\/wp-json\/wp\/v2\/posts\/656","targetHints":{"allow":["GET"]}}],"collection":[{"href":"https:\/\/www.dracmallorca.com\/blog\/es\/wp-json\/wp\/v2\/posts"}],"about":[{"href":"https:\/\/www.dracmallorca.com\/blog\/es\/wp-json\/wp\/v2\/types\/post"}],"author":[{"embeddable":true,"href":"https:\/\/www.dracmallorca.com\/blog\/es\/wp-json\/wp\/v2\/users\/2"}],"replies":[{"embeddable":true,"href":"https:\/\/www.dracmallorca.com\/blog\/es\/wp-json\/wp\/v2\/comments?post=656"}],"version-history":[{"count":3,"href":"https:\/\/www.dracmallorca.com\/blog\/es\/wp-json\/wp\/v2\/posts\/656\/revisions"}],"predecessor-version":[{"id":692,"href":"https:\/\/www.dracmallorca.com\/blog\/es\/wp-json\/wp\/v2\/posts\/656\/revisions\/692"}],"wp:attachment":[{"href":"https:\/\/www.dracmallorca.com\/blog\/es\/wp-json\/wp\/v2\/media?parent=656"}],"wp:term":[{"taxonomy":"category","embeddable":true,"href":"https:\/\/www.dracmallorca.com\/blog\/es\/wp-json\/wp\/v2\/categories?post=656"},{"taxonomy":"post_tag","embeddable":true,"href":"https:\/\/www.dracmallorca.com\/blog\/es\/wp-json\/wp\/v2\/tags?post=656"}],"curies":[{"name":"wp","href":"https:\/\/api.w.org\/{rel}","templated":true}]}}