{"id":434,"date":"2021-03-30T12:00:00","date_gmt":"2021-03-30T12:00:00","guid":{"rendered":"https:\/\/www.dracmallorca.com\/blog\/?p=434"},"modified":"2025-05-20T08:37:49","modified_gmt":"2025-05-20T08:37:49","slug":"cultura-arte-y-esculturas-de-santanyi-en-mallorca","status":"publish","type":"post","link":"https:\/\/www.dracmallorca.com\/blog\/es\/cultura-arte-y-esculturas-de-santanyi-en-mallorca\/","title":{"rendered":"Cultura, arte, y esculturas de Santanyi en Mallorca"},"content":{"rendered":"\n<p>Todos hemos o\u00eddo hablar de sobra de sus espectaculares playas, su oferta de ocio y su gastronom\u00eda. Pero\u00a0\u00bfalguna vez te has planteado descubrir la cultura y arte de Santanyi en Mallorca y sus esculturas? Es otra forma de conocer los encantos de esta localidad tur\u00edstica de la isla balear.<\/p>\n\n\n\n<p>Una de las obras m\u00e1s singulares que podemos encontrar en su territorio es <strong>Equilibrio Sur<\/strong>. Una creaci\u00f3n que forma parte de un proyecto europeo constituido por cinco monumentos, ubicados estrat\u00e9gicamente para trazar una cruz sobre el Viejo Continente al unir imaginariamente los puntos cardinales.<\/p>\n\n\n\n<p>De este modo, Equilibrio Centro&nbsp;est\u00e1 situado&nbsp;en el parque de esculturas Bensberg, cerca de Colonia (Alemania);&nbsp;Equilibrio Norte, en Trondheim&nbsp;(Noruega); Equilibrio Este se construy\u00f3&nbsp;en el sur de Wolgograd, en Staryi Serepta (Rusia); y Equilibrio Oeste, en Cork (Irlanda).<\/p>\n\n\n\n<p>El alem\u00e1n\u00a0<strong>Rolf Schaffner<\/strong> (1927-2008) es el autor de un\u00a0proyecto que no pudo terminar en vida, ya que la \u00faltima estaci\u00f3n se realiz\u00f3 en 2009. La primera de ellas es la que tenemos en Cala Santany\u00ed y fue levantada en 1995. Los <strong>Pensamientos en Piedra<\/strong> de este escultor forman meridianos de paz y demuestran que un equilibrio entre distintas culturas es posible.<\/p>\n\n\n\n<p>Schaffner pas\u00f3 casi cuatro d\u00e9cadas en Mallorca, donde dej\u00f3 la mayor parte de su arte. Entre otras creaciones conocidas suyas, est\u00e1n<strong> Los Caballos<\/strong> (1963), en la Finca Morla, o las alrededor de veinte\u00a0esculturas monumentales de piedra que se levantan en la zona de la\u00a0Possessi\u00f3 Son Dan\u00fas.<\/p>\n\n\n\n<figure class=\"wp-block-image size-large\"><img fetchpriority=\"high\" decoding=\"async\" width=\"800\" height=\"480\" src=\"https:\/\/www.dracmallorca.com\/blog\/wp-content\/uploads\/2021\/04\/santanyi.jpg\" alt=\"\" class=\"wp-image-435\" srcset=\"https:\/\/www.dracmallorca.com\/blog\/wp-content\/uploads\/2021\/04\/santanyi.jpg 800w, https:\/\/www.dracmallorca.com\/blog\/wp-content\/uploads\/2021\/04\/santanyi-768x461.jpg 768w\" sizes=\"(max-width: 800px) 100vw, 800px\" \/><\/figure>\n\n\n\n<h2 class=\"wp-block-heading\">El valioso legado de Jaume Mir<\/h2>\n\n\n\n<p>Si hacemos un recorrido por este municipio suroriental de Mallorca y sus alrededores, nos toparemos tambi\u00e9n con el valioso legado que dej\u00f3 el <strong>escultor cl\u00e1sico Jaume Mir<\/strong> (Felanitx, 1915-Palma de Mallorca, 2012). En Calonge (pedan\u00eda de Santany\u00ed), por ejemplo, puedes encontrar una escultura suya que conmemora un episodio hist\u00f3rico sucedido en el lugar el 16 de junio de 1715, durante la\u00a0Guerra de Sucesi\u00f3n.<\/p>\n\n\n\n<p>Recuerda a la treintena de valientes que perdieron la vida al resistirse al desembarco de las tropas invasoras de Felipe V, cuyo fin era instaurar la dinast\u00eda borb\u00f3nica.&nbsp;Antoni Mas Bracet, Joan Mayol, Antoni Jordi, Joan Nicolau, Jaume Alou y Gabriel Amengual son los nombres que conocemos&nbsp;de los vecinos que fallecieron en el transcurso de esta heroica intervenci\u00f3n.<\/p>\n\n\n\n<p>Mir est\u00e1 considerado el escultor m\u00e1s reputado de\u00a0Baleares y, probablemente, uno de los m\u00e1s destacados de Espa\u00f1a en los \u00faltimos tiempos. Asimismo,\u00a0merece la pena que te pares\u00a0a contemplar las seis esculturas de cinco metros del <strong>artista italiano Fabrizio Plessi<\/strong> que se encuentran en el Centro de Interpretaci\u00f3n de S&#8217;Abeurador, en Santany\u00ed.<\/p>\n\n\n\n<p>En conclusi\u00f3n, estos tres son los ejemplos m\u00e1s destacados para deleitarte con la cultura, el arte, y esculturas de Santany\u00ed\u00a0en Mallorca. Reclamos m\u00e1s que suficientes para que te\u00a0empieces a plantear pasar una temporada en esta maravillosa localidad.<\/p>\n","protected":false},"excerpt":{"rendered":"<p>Todos hemos o\u00eddo hablar de sobra de sus espectaculares playas, su oferta de ocio y su gastronom\u00eda. Pero\u00a0\u00bfalguna vez te has planteado descubrir la cultura y arte de Santanyi en Mallorca y sus esculturas? Es otra forma de conocer los encantos de esta localidad tur\u00edstica de la isla balear. Una de las obras m\u00e1s singulares [&hellip;]<\/p>\n","protected":false},"author":2,"featured_media":437,"comment_status":"open","ping_status":"closed","sticky":false,"template":"","format":"standard","meta":{"footnotes":""},"categories":[24],"tags":[],"class_list":["post-434","post","type-post","status-publish","format-standard","has-post-thumbnail","hentry","category-santanyi"],"yoast_head":"<!-- This site is optimized with the Yoast SEO plugin v27.4 - https:\/\/yoast.com\/product\/yoast-seo-wordpress\/ -->\n<title>Cultura, arte, y esculturas de Santanyi en Mallorca - Experiencias y actividades en Mallorca<\/title>\n<meta name=\"robots\" content=\"index, follow, max-snippet:-1, max-image-preview:large, max-video-preview:-1\" \/>\n<link rel=\"canonical\" href=\"https:\/\/www.dracmallorca.com\/blog\/es\/cultura-arte-y-esculturas-de-santanyi-en-mallorca\/\" \/>\n<meta property=\"og:locale\" content=\"es_ES\" \/>\n<meta property=\"og:type\" content=\"article\" \/>\n<meta property=\"og:title\" content=\"Cultura, arte, y esculturas de Santanyi en Mallorca - Experiencias y actividades en Mallorca\" \/>\n<meta property=\"og:description\" content=\"Todos hemos o\u00eddo hablar de sobra de sus espectaculares playas, su oferta de ocio y su gastronom\u00eda. Pero\u00a0\u00bfalguna vez te has planteado descubrir la cultura y arte de Santanyi en Mallorca y sus esculturas? Es otra forma de conocer los encantos de esta localidad tur\u00edstica de la isla balear. Una de las obras m\u00e1s singulares [&hellip;]\" \/>\n<meta property=\"og:url\" content=\"https:\/\/www.dracmallorca.com\/blog\/es\/cultura-arte-y-esculturas-de-santanyi-en-mallorca\/\" \/>\n<meta property=\"og:site_name\" content=\"Experiencias y actividades en Mallorca\" \/>\n<meta property=\"article:published_time\" content=\"2021-03-30T12:00:00+00:00\" \/>\n<meta property=\"article:modified_time\" content=\"2025-05-20T08:37:49+00:00\" \/>\n<meta property=\"og:image\" content=\"https:\/\/www.dracmallorca.com\/blog\/wp-content\/uploads\/2021\/04\/santanyi.jpg\" \/>\n\t<meta property=\"og:image:width\" content=\"800\" \/>\n\t<meta property=\"og:image:height\" content=\"480\" \/>\n\t<meta property=\"og:image:type\" content=\"image\/jpeg\" \/>\n<meta name=\"author\" content=\"santanyi\" \/>\n<meta name=\"twitter:card\" content=\"summary_large_image\" \/>\n<meta name=\"twitter:label1\" content=\"Escrito por\" \/>\n\t<meta name=\"twitter:data1\" content=\"santanyi\" \/>\n\t<meta name=\"twitter:label2\" content=\"Tiempo de lectura\" \/>\n\t<meta name=\"twitter:data2\" content=\"3 minutos\" \/>\n<script type=\"application\/ld+json\" class=\"yoast-schema-graph\">{\"@context\":\"https:\\\/\\\/schema.org\",\"@graph\":[{\"@type\":\"Article\",\"@id\":\"https:\\\/\\\/www.dracmallorca.com\\\/blog\\\/es\\\/cultura-arte-y-esculturas-de-santanyi-en-mallorca\\\/#article\",\"isPartOf\":{\"@id\":\"https:\\\/\\\/www.dracmallorca.com\\\/blog\\\/es\\\/cultura-arte-y-esculturas-de-santanyi-en-mallorca\\\/\"},\"author\":{\"name\":\"santanyi\",\"@id\":\"https:\\\/\\\/www.dracmallorca.com\\\/blog\\\/#\\\/schema\\\/person\\\/f28eed696a11608d6c190bfd0423d504\"},\"headline\":\"Cultura, arte, y esculturas de Santanyi en Mallorca\",\"datePublished\":\"2021-03-30T12:00:00+00:00\",\"dateModified\":\"2025-05-20T08:37:49+00:00\",\"mainEntityOfPage\":{\"@id\":\"https:\\\/\\\/www.dracmallorca.com\\\/blog\\\/es\\\/cultura-arte-y-esculturas-de-santanyi-en-mallorca\\\/\"},\"wordCount\":504,\"commentCount\":0,\"publisher\":{\"@id\":\"https:\\\/\\\/www.dracmallorca.com\\\/blog\\\/#organization\"},\"image\":{\"@id\":\"https:\\\/\\\/www.dracmallorca.com\\\/blog\\\/es\\\/cultura-arte-y-esculturas-de-santanyi-en-mallorca\\\/#primaryimage\"},\"thumbnailUrl\":\"https:\\\/\\\/www.dracmallorca.com\\\/blog\\\/wp-content\\\/uploads\\\/2021\\\/04\\\/santanyi.jpg\",\"articleSection\":[\"Santany\u00ed\"],\"inLanguage\":\"es\",\"potentialAction\":[{\"@type\":\"CommentAction\",\"name\":\"Comment\",\"target\":[\"https:\\\/\\\/www.dracmallorca.com\\\/blog\\\/es\\\/cultura-arte-y-esculturas-de-santanyi-en-mallorca\\\/#respond\"]}]},{\"@type\":\"WebPage\",\"@id\":\"https:\\\/\\\/www.dracmallorca.com\\\/blog\\\/es\\\/cultura-arte-y-esculturas-de-santanyi-en-mallorca\\\/\",\"url\":\"https:\\\/\\\/www.dracmallorca.com\\\/blog\\\/es\\\/cultura-arte-y-esculturas-de-santanyi-en-mallorca\\\/\",\"name\":\"Cultura, arte, y esculturas de Santanyi en Mallorca - Experiencias y actividades en Mallorca\",\"isPartOf\":{\"@id\":\"https:\\\/\\\/www.dracmallorca.com\\\/blog\\\/#website\"},\"primaryImageOfPage\":{\"@id\":\"https:\\\/\\\/www.dracmallorca.com\\\/blog\\\/es\\\/cultura-arte-y-esculturas-de-santanyi-en-mallorca\\\/#primaryimage\"},\"image\":{\"@id\":\"https:\\\/\\\/www.dracmallorca.com\\\/blog\\\/es\\\/cultura-arte-y-esculturas-de-santanyi-en-mallorca\\\/#primaryimage\"},\"thumbnailUrl\":\"https:\\\/\\\/www.dracmallorca.com\\\/blog\\\/wp-content\\\/uploads\\\/2021\\\/04\\\/santanyi.jpg\",\"datePublished\":\"2021-03-30T12:00:00+00:00\",\"dateModified\":\"2025-05-20T08:37:49+00:00\",\"inLanguage\":\"es\",\"potentialAction\":[{\"@type\":\"ReadAction\",\"target\":[\"https:\\\/\\\/www.dracmallorca.com\\\/blog\\\/es\\\/cultura-arte-y-esculturas-de-santanyi-en-mallorca\\\/\"]}]},{\"@type\":\"ImageObject\",\"inLanguage\":\"es\",\"@id\":\"https:\\\/\\\/www.dracmallorca.com\\\/blog\\\/es\\\/cultura-arte-y-esculturas-de-santanyi-en-mallorca\\\/#primaryimage\",\"url\":\"https:\\\/\\\/www.dracmallorca.com\\\/blog\\\/wp-content\\\/uploads\\\/2021\\\/04\\\/santanyi.jpg\",\"contentUrl\":\"https:\\\/\\\/www.dracmallorca.com\\\/blog\\\/wp-content\\\/uploads\\\/2021\\\/04\\\/santanyi.jpg\",\"width\":800,\"height\":480},{\"@type\":\"WebSite\",\"@id\":\"https:\\\/\\\/www.dracmallorca.com\\\/blog\\\/#website\",\"url\":\"https:\\\/\\\/www.dracmallorca.com\\\/blog\\\/\",\"name\":\"Experiencias y actividades en Mallorca\",\"description\":\"Drac Mallorca\",\"publisher\":{\"@id\":\"https:\\\/\\\/www.dracmallorca.com\\\/blog\\\/#organization\"},\"potentialAction\":[{\"@type\":\"SearchAction\",\"target\":{\"@type\":\"EntryPoint\",\"urlTemplate\":\"https:\\\/\\\/www.dracmallorca.com\\\/blog\\\/?s={search_term_string}\"},\"query-input\":{\"@type\":\"PropertyValueSpecification\",\"valueRequired\":true,\"valueName\":\"search_term_string\"}}],\"inLanguage\":\"es\"},{\"@type\":\"Organization\",\"@id\":\"https:\\\/\\\/www.dracmallorca.com\\\/blog\\\/#organization\",\"name\":\"Experiencias y actividades en Mallorca\",\"url\":\"https:\\\/\\\/www.dracmallorca.com\\\/blog\\\/\",\"logo\":{\"@type\":\"ImageObject\",\"inLanguage\":\"es\",\"@id\":\"https:\\\/\\\/www.dracmallorca.com\\\/blog\\\/#\\\/schema\\\/logo\\\/image\\\/\",\"url\":\"https:\\\/\\\/www.dracmallorca.com\\\/blog\\\/wp-content\\\/uploads\\\/2023\\\/11\\\/logo-8.png\",\"contentUrl\":\"https:\\\/\\\/www.dracmallorca.com\\\/blog\\\/wp-content\\\/uploads\\\/2023\\\/11\\\/logo-8.png\",\"width\":869,\"height\":248,\"caption\":\"Experiencias y actividades en Mallorca\"},\"image\":{\"@id\":\"https:\\\/\\\/www.dracmallorca.com\\\/blog\\\/#\\\/schema\\\/logo\\\/image\\\/\"}},{\"@type\":\"Person\",\"@id\":\"https:\\\/\\\/www.dracmallorca.com\\\/blog\\\/#\\\/schema\\\/person\\\/f28eed696a11608d6c190bfd0423d504\",\"name\":\"santanyi\",\"image\":{\"@type\":\"ImageObject\",\"inLanguage\":\"es\",\"@id\":\"https:\\\/\\\/secure.gravatar.com\\\/avatar\\\/0f975fb544b03fa2497d57c7b1069c0be59ac06466e9de613b607ea00b767b1f?s=96&d=mm&r=g\",\"url\":\"https:\\\/\\\/secure.gravatar.com\\\/avatar\\\/0f975fb544b03fa2497d57c7b1069c0be59ac06466e9de613b607ea00b767b1f?s=96&d=mm&r=g\",\"contentUrl\":\"https:\\\/\\\/secure.gravatar.com\\\/avatar\\\/0f975fb544b03fa2497d57c7b1069c0be59ac06466e9de613b607ea00b767b1f?s=96&d=mm&r=g\",\"caption\":\"santanyi\"},\"url\":\"https:\\\/\\\/www.dracmallorca.com\\\/blog\\\/es\\\/author\\\/santanyi\\\/\"}]}<\/script>\n<!-- \/ Yoast SEO plugin. -->","yoast_head_json":{"title":"Cultura, arte, y esculturas de Santanyi en Mallorca - Experiencias y actividades en Mallorca","robots":{"index":"index","follow":"follow","max-snippet":"max-snippet:-1","max-image-preview":"max-image-preview:large","max-video-preview":"max-video-preview:-1"},"canonical":"https:\/\/www.dracmallorca.com\/blog\/es\/cultura-arte-y-esculturas-de-santanyi-en-mallorca\/","og_locale":"es_ES","og_type":"article","og_title":"Cultura, arte, y esculturas de Santanyi en Mallorca - Experiencias y actividades en Mallorca","og_description":"Todos hemos o\u00eddo hablar de sobra de sus espectaculares playas, su oferta de ocio y su gastronom\u00eda. Pero\u00a0\u00bfalguna vez te has planteado descubrir la cultura y arte de Santanyi en Mallorca y sus esculturas? Es otra forma de conocer los encantos de esta localidad tur\u00edstica de la isla balear. Una de las obras m\u00e1s singulares [&hellip;]","og_url":"https:\/\/www.dracmallorca.com\/blog\/es\/cultura-arte-y-esculturas-de-santanyi-en-mallorca\/","og_site_name":"Experiencias y actividades en Mallorca","article_published_time":"2021-03-30T12:00:00+00:00","article_modified_time":"2025-05-20T08:37:49+00:00","og_image":[{"width":800,"height":480,"url":"https:\/\/www.dracmallorca.com\/blog\/wp-content\/uploads\/2021\/04\/santanyi.jpg","type":"image\/jpeg"}],"author":"santanyi","twitter_card":"summary_large_image","twitter_misc":{"Escrito por":"santanyi","Tiempo de lectura":"3 minutos"},"schema":{"@context":"https:\/\/schema.org","@graph":[{"@type":"Article","@id":"https:\/\/www.dracmallorca.com\/blog\/es\/cultura-arte-y-esculturas-de-santanyi-en-mallorca\/#article","isPartOf":{"@id":"https:\/\/www.dracmallorca.com\/blog\/es\/cultura-arte-y-esculturas-de-santanyi-en-mallorca\/"},"author":{"name":"santanyi","@id":"https:\/\/www.dracmallorca.com\/blog\/#\/schema\/person\/f28eed696a11608d6c190bfd0423d504"},"headline":"Cultura, arte, y esculturas de Santanyi en Mallorca","datePublished":"2021-03-30T12:00:00+00:00","dateModified":"2025-05-20T08:37:49+00:00","mainEntityOfPage":{"@id":"https:\/\/www.dracmallorca.com\/blog\/es\/cultura-arte-y-esculturas-de-santanyi-en-mallorca\/"},"wordCount":504,"commentCount":0,"publisher":{"@id":"https:\/\/www.dracmallorca.com\/blog\/#organization"},"image":{"@id":"https:\/\/www.dracmallorca.com\/blog\/es\/cultura-arte-y-esculturas-de-santanyi-en-mallorca\/#primaryimage"},"thumbnailUrl":"https:\/\/www.dracmallorca.com\/blog\/wp-content\/uploads\/2021\/04\/santanyi.jpg","articleSection":["Santany\u00ed"],"inLanguage":"es","potentialAction":[{"@type":"CommentAction","name":"Comment","target":["https:\/\/www.dracmallorca.com\/blog\/es\/cultura-arte-y-esculturas-de-santanyi-en-mallorca\/#respond"]}]},{"@type":"WebPage","@id":"https:\/\/www.dracmallorca.com\/blog\/es\/cultura-arte-y-esculturas-de-santanyi-en-mallorca\/","url":"https:\/\/www.dracmallorca.com\/blog\/es\/cultura-arte-y-esculturas-de-santanyi-en-mallorca\/","name":"Cultura, arte, y esculturas de Santanyi en Mallorca - Experiencias y actividades en Mallorca","isPartOf":{"@id":"https:\/\/www.dracmallorca.com\/blog\/#website"},"primaryImageOfPage":{"@id":"https:\/\/www.dracmallorca.com\/blog\/es\/cultura-arte-y-esculturas-de-santanyi-en-mallorca\/#primaryimage"},"image":{"@id":"https:\/\/www.dracmallorca.com\/blog\/es\/cultura-arte-y-esculturas-de-santanyi-en-mallorca\/#primaryimage"},"thumbnailUrl":"https:\/\/www.dracmallorca.com\/blog\/wp-content\/uploads\/2021\/04\/santanyi.jpg","datePublished":"2021-03-30T12:00:00+00:00","dateModified":"2025-05-20T08:37:49+00:00","inLanguage":"es","potentialAction":[{"@type":"ReadAction","target":["https:\/\/www.dracmallorca.com\/blog\/es\/cultura-arte-y-esculturas-de-santanyi-en-mallorca\/"]}]},{"@type":"ImageObject","inLanguage":"es","@id":"https:\/\/www.dracmallorca.com\/blog\/es\/cultura-arte-y-esculturas-de-santanyi-en-mallorca\/#primaryimage","url":"https:\/\/www.dracmallorca.com\/blog\/wp-content\/uploads\/2021\/04\/santanyi.jpg","contentUrl":"https:\/\/www.dracmallorca.com\/blog\/wp-content\/uploads\/2021\/04\/santanyi.jpg","width":800,"height":480},{"@type":"WebSite","@id":"https:\/\/www.dracmallorca.com\/blog\/#website","url":"https:\/\/www.dracmallorca.com\/blog\/","name":"Experiencias y actividades en Mallorca","description":"Drac Mallorca","publisher":{"@id":"https:\/\/www.dracmallorca.com\/blog\/#organization"},"potentialAction":[{"@type":"SearchAction","target":{"@type":"EntryPoint","urlTemplate":"https:\/\/www.dracmallorca.com\/blog\/?s={search_term_string}"},"query-input":{"@type":"PropertyValueSpecification","valueRequired":true,"valueName":"search_term_string"}}],"inLanguage":"es"},{"@type":"Organization","@id":"https:\/\/www.dracmallorca.com\/blog\/#organization","name":"Experiencias y actividades en Mallorca","url":"https:\/\/www.dracmallorca.com\/blog\/","logo":{"@type":"ImageObject","inLanguage":"es","@id":"https:\/\/www.dracmallorca.com\/blog\/#\/schema\/logo\/image\/","url":"https:\/\/www.dracmallorca.com\/blog\/wp-content\/uploads\/2023\/11\/logo-8.png","contentUrl":"https:\/\/www.dracmallorca.com\/blog\/wp-content\/uploads\/2023\/11\/logo-8.png","width":869,"height":248,"caption":"Experiencias y actividades en Mallorca"},"image":{"@id":"https:\/\/www.dracmallorca.com\/blog\/#\/schema\/logo\/image\/"}},{"@type":"Person","@id":"https:\/\/www.dracmallorca.com\/blog\/#\/schema\/person\/f28eed696a11608d6c190bfd0423d504","name":"santanyi","image":{"@type":"ImageObject","inLanguage":"es","@id":"https:\/\/secure.gravatar.com\/avatar\/0f975fb544b03fa2497d57c7b1069c0be59ac06466e9de613b607ea00b767b1f?s=96&d=mm&r=g","url":"https:\/\/secure.gravatar.com\/avatar\/0f975fb544b03fa2497d57c7b1069c0be59ac06466e9de613b607ea00b767b1f?s=96&d=mm&r=g","contentUrl":"https:\/\/secure.gravatar.com\/avatar\/0f975fb544b03fa2497d57c7b1069c0be59ac06466e9de613b607ea00b767b1f?s=96&d=mm&r=g","caption":"santanyi"},"url":"https:\/\/www.dracmallorca.com\/blog\/es\/author\/santanyi\/"}]}},"_links":{"self":[{"href":"https:\/\/www.dracmallorca.com\/blog\/es\/wp-json\/wp\/v2\/posts\/434","targetHints":{"allow":["GET"]}}],"collection":[{"href":"https:\/\/www.dracmallorca.com\/blog\/es\/wp-json\/wp\/v2\/posts"}],"about":[{"href":"https:\/\/www.dracmallorca.com\/blog\/es\/wp-json\/wp\/v2\/types\/post"}],"author":[{"embeddable":true,"href":"https:\/\/www.dracmallorca.com\/blog\/es\/wp-json\/wp\/v2\/users\/2"}],"replies":[{"embeddable":true,"href":"https:\/\/www.dracmallorca.com\/blog\/es\/wp-json\/wp\/v2\/comments?post=434"}],"version-history":[{"count":1,"href":"https:\/\/www.dracmallorca.com\/blog\/es\/wp-json\/wp\/v2\/posts\/434\/revisions"}],"predecessor-version":[{"id":438,"href":"https:\/\/www.dracmallorca.com\/blog\/es\/wp-json\/wp\/v2\/posts\/434\/revisions\/438"}],"wp:featuredmedia":[{"embeddable":true,"href":"https:\/\/www.dracmallorca.com\/blog\/es\/wp-json\/wp\/v2\/media\/437"}],"wp:attachment":[{"href":"https:\/\/www.dracmallorca.com\/blog\/es\/wp-json\/wp\/v2\/media?parent=434"}],"wp:term":[{"taxonomy":"category","embeddable":true,"href":"https:\/\/www.dracmallorca.com\/blog\/es\/wp-json\/wp\/v2\/categories?post=434"},{"taxonomy":"post_tag","embeddable":true,"href":"https:\/\/www.dracmallorca.com\/blog\/es\/wp-json\/wp\/v2\/tags?post=434"}],"curies":[{"name":"wp","href":"https:\/\/api.w.org\/{rel}","templated":true}]}}