{"id":4196,"date":"2026-01-26T08:58:13","date_gmt":"2026-01-26T08:58:13","guid":{"rendered":"https:\/\/www.dracmallorca.com\/blog\/?p=4196"},"modified":"2026-03-05T07:44:27","modified_gmt":"2026-03-05T07:44:27","slug":"calo-des-borgit","status":"publish","type":"post","link":"https:\/\/www.dracmallorca.com\/blog\/es\/calo-des-borgit\/","title":{"rendered":"Cala des Borgit: naturaleza en estado puro"},"content":{"rendered":"\t\t<div data-elementor-type=\"wp-post\" data-elementor-id=\"4196\" class=\"elementor elementor-4196\" data-elementor-post-type=\"post\">\n\t\t\t\t<div class=\"elementor-element elementor-element-45ca12a1 e-flex e-con-boxed e-con e-parent\" data-id=\"45ca12a1\" data-element_type=\"container\" data-e-type=\"container\">\n\t\t\t\t\t<div class=\"e-con-inner\">\n\t\t\t\t<div class=\"elementor-element elementor-element-76680c2b elementor-widget elementor-widget-text-editor\" data-id=\"76680c2b\" data-element_type=\"widget\" data-e-type=\"widget\" data-widget_type=\"text-editor.default\">\n\t\t\t\t<div class=\"elementor-widget-container\">\n\t\t\t\t\t\t\t\t\t<p><span style=\"font-weight: 400;\">\u00bfAlguna vez has fantaseado con pasar el d\u00eda en una cala de Mallorca? No te preocupes, nos pasa a todos. Si todav\u00eda no conoces la Cala des Borgit, es probable que, despu\u00e9s de leer este art\u00edculo, tengas a\u00fan m\u00e1s ganas de visitar esta maravillosa isla.<\/span><\/p><p><span style=\"font-weight: 400;\">Aqu\u00ed te vamos a contar sobre la Cala des Borgit, conocida localmente como Cal\u00f3 des Borgit, ubicada en el sureste de Mallorca, en el entorno del espectacular Parque Natural de Mondrag\u00f3n. Es un lugar para sentir la naturaleza y respirar hondo, con tranquilidad. \u00bfHas empezado ya la preparaci\u00f3n de tu viaje?<\/span><\/p>\t\t\t\t\t\t\t\t<\/div>\n\t\t\t\t<\/div>\n\t\t\t\t\t<\/div>\n\t\t\t\t<\/div>\n\t\t<div class=\"elementor-element elementor-element-381a1893 e-flex e-con-boxed e-con e-parent\" data-id=\"381a1893\" data-element_type=\"container\" data-e-type=\"container\">\n\t\t\t\t\t<div class=\"e-con-inner\">\n\t\t\t\t<div class=\"elementor-element elementor-element-5100c48d elementor-widget elementor-widget-table-of-contents\" data-id=\"5100c48d\" data-element_type=\"widget\" data-e-type=\"widget\" data-settings=\"{&quot;headings_by_tags&quot;:[&quot;h2&quot;],&quot;exclude_headings_by_selector&quot;:[],&quot;marker_view&quot;:&quot;bullets&quot;,&quot;icon&quot;:{&quot;value&quot;:&quot;&quot;,&quot;library&quot;:&quot;&quot;},&quot;no_headings_message&quot;:&quot;No headings were found on this page.&quot;,&quot;hierarchical_view&quot;:&quot;yes&quot;,&quot;min_height&quot;:{&quot;unit&quot;:&quot;px&quot;,&quot;size&quot;:&quot;&quot;,&quot;sizes&quot;:[]},&quot;min_height_tablet&quot;:{&quot;unit&quot;:&quot;px&quot;,&quot;size&quot;:&quot;&quot;,&quot;sizes&quot;:[]},&quot;min_height_mobile&quot;:{&quot;unit&quot;:&quot;px&quot;,&quot;size&quot;:&quot;&quot;,&quot;sizes&quot;:[]}}\" data-widget_type=\"table-of-contents.default\">\n\t\t\t\t<div class=\"elementor-widget-container\">\n\t\t\t\t\t\t\t\t\t<div class=\"elementor-toc__header\">\n\t\t\t\t\t\t<div class=\"elementor-toc__header-title\">\n\t\t\t\t\u00cdndice\t\t\t<\/div>\n\t\t\t\t\t\t\t\t<\/div>\n\t\t\t\t<div id=\"elementor-toc__5100c48d\" class=\"elementor-toc__body\">\n\t\t\t<div class=\"elementor-toc__spinner-container\">\n\t\t\t\t<svg class=\"elementor-toc__spinner eicon-animation-spin e-font-icon-svg e-eicon-loading\" aria-hidden=\"true\" viewBox=\"0 0 1000 1000\" xmlns=\"http:\/\/www.w3.org\/2000\/svg\"><path d=\"M500 975V858C696 858 858 696 858 500S696 142 500 142 142 304 142 500H25C25 237 238 25 500 25S975 237 975 500 763 975 500 975Z\"><\/path><\/svg>\t\t\t<\/div>\n\t\t<\/div>\n\t\t\t\t\t\t<\/div>\n\t\t\t\t<\/div>\n\t\t\t\t\t<\/div>\n\t\t\t\t<\/div>\n\t\t<div class=\"elementor-element elementor-element-f35caff e-flex e-con-boxed e-con e-parent\" data-id=\"f35caff\" data-element_type=\"container\" data-e-type=\"container\">\n\t\t\t\t\t<div class=\"e-con-inner\">\n\t\t\t\t<div class=\"elementor-element elementor-element-6463c0e4 elementor-widget elementor-widget-heading\" data-id=\"6463c0e4\" data-element_type=\"widget\" data-e-type=\"widget\" data-widget_type=\"heading.default\">\n\t\t\t\t<div class=\"elementor-widget-container\">\n\t\t\t\t\t<h2 class=\"elementor-heading-title elementor-size-default\">\u00bfC\u00f3mo llegar a Cal\u00f3 des Borgit?<\/h2>\t\t\t\t<\/div>\n\t\t\t\t<\/div>\n\t\t\t\t<div class=\"elementor-element elementor-element-79d2607d elementor-widget elementor-widget-text-editor\" data-id=\"79d2607d\" data-element_type=\"widget\" data-e-type=\"widget\" data-widget_type=\"text-editor.default\">\n\t\t\t\t<div class=\"elementor-widget-container\">\n\t\t\t\t\t\t\t\t\t<p><span style=\"font-weight: 400;\">Para llegar a la Cala des Borgit, en Mallorca, debes dirigirte al municipio de <\/span><a href=\"https:\/\/www.dracmallorca.com\/es\/vacaciones-en-santanyi-descubre-las-mejores-opciones-donde-alojarse\/\"><span style=\"font-weight: 400;\">Santany\u00ed<\/span><\/a><span style=\"font-weight: 400;\">, en la zona sur de la isla. Y eso es bueno porque aqu\u00ed hay varias calas que merecen una visita, como Cala Mondrag\u00f3 y S\u2019Amarador, algunas de las mejores de Mallorca. Tambi\u00e9n podr\u00e1s visitar Santany\u00ed, uno de los pueblos con m\u00e1s encanto. Si vienes en coche, desde Santany\u00ed tardar\u00e1s unos 15 minutos por la Ma-19. No hay aparcamiento cerca de Cal\u00f3 des Borgit, pero s\u00ed en Cala Mondrag\u00f3, y desde all\u00ed solo tendr\u00e1s que caminar unos 10 o 15 minutos a trav\u00e9s de un sendero de costa. Tambi\u00e9n puedes aparcar en zonas residenciales relativamente cercanas a la Cala des Borgit.<\/span><\/p><p><span style=\"font-weight: 400;\">Si prefieres desplazarte en transporte p\u00fablico, es posible llegar cerca de la Cala des Borgit en autob\u00fas y luego caminar unos minutos. Las l\u00edneas 515 y 521 son tus mejores opciones si eliges esta forma m\u00e1s sostenible de moverte.<\/span><\/p>\t\t\t\t\t\t\t\t<\/div>\n\t\t\t\t<\/div>\n\t\t\t\t<div class=\"elementor-element elementor-element-883e074 elementor-widget elementor-widget-google_maps\" data-id=\"883e074\" data-element_type=\"widget\" data-e-type=\"widget\" data-widget_type=\"google_maps.default\">\n\t\t\t\t<div class=\"elementor-widget-container\">\n\t\t\t\t\t\t\t<div class=\"elementor-custom-embed\">\n\t\t\t<iframe loading=\"lazy\"\n\t\t\t\t\tsrc=\"https:\/\/maps.google.com\/maps?q=calo%20des%20borgit&#038;t=m&#038;z=10&#038;output=embed&#038;iwloc=near\"\n\t\t\t\t\ttitle=\"calo des borgit\"\n\t\t\t\t\taria-label=\"calo des borgit\"\n\t\t\t><\/iframe>\n\t\t<\/div>\n\t\t\t\t\t\t<\/div>\n\t\t\t\t<\/div>\n\t\t\t\t\t<\/div>\n\t\t\t\t<\/div>\n\t\t<div class=\"elementor-element elementor-element-1cb0c6f e-flex e-con-boxed e-con e-parent\" data-id=\"1cb0c6f\" data-element_type=\"container\" data-e-type=\"container\">\n\t\t\t\t\t<div class=\"e-con-inner\">\n\t\t\t\t<div class=\"elementor-element elementor-element-f74c4df elementor-widget elementor-widget-heading\" data-id=\"f74c4df\" data-element_type=\"widget\" data-e-type=\"widget\" data-widget_type=\"heading.default\">\n\t\t\t\t<div class=\"elementor-widget-container\">\n\t\t\t\t\t<h2 class=\"elementor-heading-title elementor-size-default\">Caracter\u00edsticas de la cala<\/h2>\t\t\t\t<\/div>\n\t\t\t\t<\/div>\n\t\t\t\t<div class=\"elementor-element elementor-element-5a100a8 elementor-widget elementor-widget-text-editor\" data-id=\"5a100a8\" data-element_type=\"widget\" data-e-type=\"widget\" data-widget_type=\"text-editor.default\">\n\t\t\t\t<div class=\"elementor-widget-container\">\n\t\t\t\t\t\t\t\t\t<p><span style=\"font-weight: 400;\">La Cala des Borgit de Mallorca es una playa peque\u00f1ita (casi 20 metros de ancho y 50 metros de largo), muy natural, donde caben pocas personas y no hay ning\u00fan tipo de servicio. Esto significa que es un pedazo de para\u00edso, pero no ofrece la comodidad de otras <\/span><a href=\"https:\/\/www.dracmallorca.com\/blog\/es\/calas-sur-mallorca\/\"><span style=\"font-weight: 400;\">calas de Mallorca<\/span><\/a><span style=\"font-weight: 400;\"> y se llena muy r\u00e1pidamente. Sin embargo, si puedes llegar pronto y conseguir un lugar, podr\u00e1s disfrutar de un d\u00eda de playa m\u00e1gico.<\/span><\/p><p><span style=\"font-weight: 400;\">El agua es turquesa, transparente, t\u00edpica de las mejores calas de esta isla y digna de incluir en una postal. Aqu\u00ed podr\u00e1s hacer snorkel para ver el espectacular fondo marino o simplemente relajarte tomando el sol o nadando tranquilamente. Esta playa no cuenta con duchas ni chiringuitos, lo que ayuda a mantener su estado casi virgen y su ambiente de calma.<\/span><\/p>\t\t\t\t\t\t\t\t<\/div>\n\t\t\t\t<\/div>\n\t\t\t\t\t<\/div>\n\t\t\t\t<\/div>\n\t\t<div class=\"elementor-element elementor-element-1421199 e-flex e-con-boxed e-con e-parent\" data-id=\"1421199\" data-element_type=\"container\" data-e-type=\"container\">\n\t\t\t\t\t<div class=\"e-con-inner\">\n\t\t\t\t<div class=\"elementor-element elementor-element-ba6212d elementor-widget elementor-widget-heading\" data-id=\"ba6212d\" data-element_type=\"widget\" data-e-type=\"widget\" data-widget_type=\"heading.default\">\n\t\t\t\t<div class=\"elementor-widget-container\">\n\t\t\t\t\t<h2 class=\"elementor-heading-title elementor-size-default\">Snorkel y actividades<\/h2>\t\t\t\t<\/div>\n\t\t\t\t<\/div>\n\t\t\t\t<div class=\"elementor-element elementor-element-397f6ab elementor-widget elementor-widget-text-editor\" data-id=\"397f6ab\" data-element_type=\"widget\" data-e-type=\"widget\" data-widget_type=\"text-editor.default\">\n\t\t\t\t<div class=\"elementor-widget-container\">\n\t\t\t\t\t\t\t\t\t<p><span style=\"font-weight: 400;\">En la Cala des Borgit no hay muchas actividades disponibles, pero si llevas tu material podr\u00e1s hacer snorkel y te prometemos que la experiencia ser\u00e1 fant\u00e1stica. El Mediterr\u00e1neo aqu\u00ed suele ser tranquilo; el agua es cristalina y la temperatura es muy agradable; por eso no hay inconvenientes: podr\u00e1s apreciar con facilidad la belleza del fondo marino. Si no tienes material, puedes alquilarlo en lugares cercanos, como Cala d\u2019Or y Santany\u00ed. Otras cosas que puedes hacer en Cala des Borgit son fotografiar los paisajes y hacer senderismo por el litoral que conecta con otras playas de la zona y ofrece varias perspectivas fant\u00e1sticas.<\/span><\/p>\t\t\t\t\t\t\t\t<\/div>\n\t\t\t\t<\/div>\n\t\t\t\t<div class=\"elementor-element elementor-element-098d595 elementor-widget elementor-widget-image\" data-id=\"098d595\" data-element_type=\"widget\" data-e-type=\"widget\" data-widget_type=\"image.default\">\n\t\t\t\t<div class=\"elementor-widget-container\">\n\t\t\t\t\t\t\t\t\t\t\t\t\t\t\t<img fetchpriority=\"high\" decoding=\"async\" width=\"1360\" height=\"907\" src=\"https:\/\/www.dracmallorca.com\/blog\/wp-content\/uploads\/2026\/01\/actividades-calo-des-borgit.webp\" class=\"attachment-full size-full wp-image-4218\" alt=\"actividades-calo-des-borgit\" srcset=\"https:\/\/www.dracmallorca.com\/blog\/wp-content\/uploads\/2026\/01\/actividades-calo-des-borgit.webp 1360w, https:\/\/www.dracmallorca.com\/blog\/wp-content\/uploads\/2026\/01\/actividades-calo-des-borgit-300x200.webp 300w, https:\/\/www.dracmallorca.com\/blog\/wp-content\/uploads\/2026\/01\/actividades-calo-des-borgit-1024x683.webp 1024w, https:\/\/www.dracmallorca.com\/blog\/wp-content\/uploads\/2026\/01\/actividades-calo-des-borgit-768x512.webp 768w\" sizes=\"(max-width: 1360px) 100vw, 1360px\" \/>\t\t\t\t\t\t\t\t\t\t\t\t\t\t\t<\/div>\n\t\t\t\t<\/div>\n\t\t\t\t\t<\/div>\n\t\t\t\t<\/div>\n\t\t<div class=\"elementor-element elementor-element-5575b42 e-flex e-con-boxed e-con e-parent\" data-id=\"5575b42\" data-element_type=\"container\" data-e-type=\"container\">\n\t\t\t\t\t<div class=\"e-con-inner\">\n\t\t\t\t<div class=\"elementor-element elementor-element-404178a elementor-widget elementor-widget-heading\" data-id=\"404178a\" data-element_type=\"widget\" data-e-type=\"widget\" data-widget_type=\"heading.default\">\n\t\t\t\t<div class=\"elementor-widget-container\">\n\t\t\t\t\t<h2 class=\"elementor-heading-title elementor-size-default\">Otras playas cercanas <\/h2>\t\t\t\t<\/div>\n\t\t\t\t<\/div>\n\t\t\t\t\t<\/div>\n\t\t\t\t<\/div>\n\t\t<div class=\"elementor-element elementor-element-7ba322b e-flex e-con-boxed e-con e-parent\" data-id=\"7ba322b\" data-element_type=\"container\" data-e-type=\"container\">\n\t\t\t\t\t<div class=\"e-con-inner\">\n\t\t<div class=\"elementor-element elementor-element-b2500f1 e-con-full e-flex e-con e-child\" data-id=\"b2500f1\" data-element_type=\"container\" data-e-type=\"container\">\n\t\t\t\t<div class=\"elementor-element elementor-element-d5dc811 elementor-widget elementor-widget-text-editor\" data-id=\"d5dc811\" data-element_type=\"widget\" data-e-type=\"widget\" data-widget_type=\"text-editor.default\">\n\t\t\t\t<div class=\"elementor-widget-container\">\n\t\t\t\t\t\t\t\t\t<p><span style=\"font-weight: 400;\">Es muy buena idea explorar diferentes calas, que ofrecen distintos ambientes, paisajes y caracter\u00edsticas. La zona sureste de Mallorca es una base perfecta para explorar varias de sus calas m\u00e1s bonitas, as\u00ed como algunos de los <\/span><a href=\"https:\/\/www.dracmallorca.com\/blog\/es\/pueblos-bonitos-mallorca\/\"><span style=\"font-weight: 400;\">mejores pueblos que puedes visitar en la isla<\/span><\/a><span style=\"font-weight: 400;\">.<\/span><\/p>\t\t\t\t\t\t\t\t<\/div>\n\t\t\t\t<\/div>\n\t\t\t\t<div class=\"elementor-element elementor-element-58b5f0c8 elementor-widget elementor-widget-heading\" data-id=\"58b5f0c8\" data-element_type=\"widget\" data-e-type=\"widget\" data-widget_type=\"heading.default\">\n\t\t\t\t<div class=\"elementor-widget-container\">\n\t\t\t\t\t<h3 class=\"elementor-heading-title elementor-size-default\">Cala Mondrag\u00f3 y S\u2019Amarador<\/h3>\t\t\t\t<\/div>\n\t\t\t\t<\/div>\n\t\t\t\t<div class=\"elementor-element elementor-element-7f53c52c elementor-widget elementor-widget-text-editor\" data-id=\"7f53c52c\" data-element_type=\"widget\" data-e-type=\"widget\" data-widget_type=\"text-editor.default\">\n\t\t\t\t<div class=\"elementor-widget-container\">\n\t\t\t\t\t\t\t\t\t<p><span style=\"font-weight: 400;\">Una de las calas m\u00e1s famosas de Mallorca est\u00e1 a poca distancia de Cal\u00f3 des Borgit. Cala Mondrag\u00f3 cuenta, en realidad, con dos playas: Mondrag\u00f3 y S\u2019Amarador, y ambas son preciosas. De hecho, la <\/span><a href=\"https:\/\/www.dracmallorca.com\/blog\/es\/playa-amarador\/\"><span style=\"font-weight: 400;\">playa de S\u2019Amarador fue considerada una de las mejores de Europa<\/span><\/a><span style=\"font-weight: 400;\">. De f\u00e1cil acceso, con una belleza natural \u00fanica y servicios para mayor comodidad, son opciones muy populares en la isla.<\/span><\/p>\t\t\t\t\t\t\t\t<\/div>\n\t\t\t\t<\/div>\n\t\t\t\t<div class=\"elementor-element elementor-element-1dbb84c elementor-widget elementor-widget-heading\" data-id=\"1dbb84c\" data-element_type=\"widget\" data-e-type=\"widget\" data-widget_type=\"heading.default\">\n\t\t\t\t<div class=\"elementor-widget-container\">\n\t\t\t\t\t<h3 class=\"elementor-heading-title elementor-size-default\">Cal\u00f3 de sa Barca Trencada<\/h3>\t\t\t\t<\/div>\n\t\t\t\t<\/div>\n\t\t\t\t<div class=\"elementor-element elementor-element-5bda71d elementor-widget elementor-widget-text-editor\" data-id=\"5bda71d\" data-element_type=\"widget\" data-e-type=\"widget\" data-widget_type=\"text-editor.default\">\n\t\t\t\t<div class=\"elementor-widget-container\">\n\t\t\t\t\t\t\t\t\t<p><span style=\"font-weight: 400;\">A partir de un sendero litoral, es posible llegar a Calo de sa Barca Trencada, una peque\u00f1a cala de agua cristalina y de entorno casi virgen que merece una visita, aunque breve. Eso s\u00ed, hay que caminar un poco desde la Cala des Borgit, pero el paseo es espectacular.<\/span><\/p>\t\t\t\t\t\t\t\t<\/div>\n\t\t\t\t<\/div>\n\t\t\t\t<\/div>\n\t\t<div class=\"elementor-element elementor-element-e997fa4 e-con-full e-flex e-con e-child\" data-id=\"e997fa4\" data-element_type=\"container\" data-e-type=\"container\">\n\t\t\t\t<div class=\"elementor-element elementor-element-61b9ec7 elementor-widget elementor-widget-image\" data-id=\"61b9ec7\" data-element_type=\"widget\" data-e-type=\"widget\" data-widget_type=\"image.default\">\n\t\t\t\t<div class=\"elementor-widget-container\">\n\t\t\t\t\t\t\t\t\t\t\t\t\t\t\t<img decoding=\"async\" width=\"800\" height=\"800\" src=\"https:\/\/www.dracmallorca.com\/blog\/wp-content\/uploads\/2026\/01\/Calo-des-borgit.webp\" class=\"attachment-large size-large wp-image-4222\" alt=\"Calo-des-borgit\" srcset=\"https:\/\/www.dracmallorca.com\/blog\/wp-content\/uploads\/2026\/01\/Calo-des-borgit.webp 1020w, https:\/\/www.dracmallorca.com\/blog\/wp-content\/uploads\/2026\/01\/Calo-des-borgit-300x300.webp 300w, https:\/\/www.dracmallorca.com\/blog\/wp-content\/uploads\/2026\/01\/Calo-des-borgit-150x150.webp 150w, https:\/\/www.dracmallorca.com\/blog\/wp-content\/uploads\/2026\/01\/Calo-des-borgit-768x768.webp 768w\" sizes=\"(max-width: 800px) 100vw, 800px\" \/>\t\t\t\t\t\t\t\t\t\t\t\t\t\t\t<\/div>\n\t\t\t\t<\/div>\n\t\t\t\t<\/div>\n\t\t\t\t\t<\/div>\n\t\t\t\t<\/div>\n\t\t<div class=\"elementor-element elementor-element-a55ba4f e-flex e-con-boxed e-con e-parent\" data-id=\"a55ba4f\" data-element_type=\"container\" data-e-type=\"container\">\n\t\t\t\t\t<div class=\"e-con-inner\">\n\t\t\t\t<div class=\"elementor-element elementor-element-210c5a1 elementor-widget elementor-widget-heading\" data-id=\"210c5a1\" data-element_type=\"widget\" data-e-type=\"widget\" data-widget_type=\"heading.default\">\n\t\t\t\t<div class=\"elementor-widget-container\">\n\t\t\t\t\t<h2 class=\"elementor-heading-title elementor-size-default\">Consejos para la visita<\/h2>\t\t\t\t<\/div>\n\t\t\t\t<\/div>\n\t\t\t\t<div class=\"elementor-element elementor-element-15a52a5 elementor-widget elementor-widget-text-editor\" data-id=\"15a52a5\" data-element_type=\"widget\" data-e-type=\"widget\" data-widget_type=\"text-editor.default\">\n\t\t\t\t<div class=\"elementor-widget-container\">\n\t\t\t\t\t\t\t\t\t<p><span style=\"font-weight: 400;\">Para que tu visita a la Cala des Borgit y Mallorca sea todo lo que deseas, recuerda estos peque\u00f1os consejos:<\/span><\/p><ul><li style=\"font-weight: 400;\" aria-level=\"1\"><span style=\"font-weight: 400;\">No hay servicios disponibles en esta playa; por lo tanto, se recomienda llevar agua, snacks, protecci\u00f3n solar (crema, gorra y gafas de sol). Adem\u00e1s, como no se puede aparcar cerca de la cala, es buena idea llevar calzado c\u00f3modo para el terreno irregular.<\/span><\/li><li style=\"font-weight: 400;\" aria-level=\"1\"><span style=\"font-weight: 400;\">Debes llegar muy temprano por la ma\u00f1ana para conseguir aparcar lo m\u00e1s cerca posible y encontrar un lugar en esta peque\u00f1a cala.<\/span><\/li><li style=\"font-weight: 400;\" aria-level=\"1\"><span style=\"font-weight: 400;\">El mar es tranquilo, pero no deja de ser mar abierto; es decir, garantiza siempre tu seguridad y la de los tuyos, porque no hay socorrista.<\/span><\/li><li style=\"font-weight: 400;\" aria-level=\"1\"><span style=\"font-weight: 400;\">Cuida del entorno. No dejes basura; respeta la fauna y la flora del lugar y deja todo como lo has encontrado, o mejor a\u00fan, si es posible.<\/span><\/li><\/ul>\t\t\t\t\t\t\t\t<\/div>\n\t\t\t\t<\/div>\n\t\t\t\t\t<\/div>\n\t\t\t\t<\/div>\n\t\t<div class=\"elementor-element elementor-element-5884255 e-flex e-con-boxed e-con e-parent\" data-id=\"5884255\" data-element_type=\"container\" data-e-type=\"container\">\n\t\t\t\t\t<div class=\"e-con-inner\">\n\t\t\t\t<div class=\"elementor-element elementor-element-b8f5e13 elementor-widget elementor-widget-heading\" data-id=\"b8f5e13\" data-element_type=\"widget\" data-e-type=\"widget\" data-widget_type=\"heading.default\">\n\t\t\t\t<div class=\"elementor-widget-container\">\n\t\t\t\t\t<h2 class=\"elementor-heading-title elementor-size-default\">Disfruta de Cala des Borgit, una joya de Mallorca<\/h2>\t\t\t\t<\/div>\n\t\t\t\t<\/div>\n\t\t\t\t<div class=\"elementor-element elementor-element-235dfce elementor-widget elementor-widget-text-editor\" data-id=\"235dfce\" data-element_type=\"widget\" data-e-type=\"widget\" data-widget_type=\"text-editor.default\">\n\t\t\t\t<div class=\"elementor-widget-container\">\n\t\t\t\t\t\t\t\t\t<p><span style=\"font-weight: 400;\">Si est\u00e1s buscando calas peque\u00f1as y con mucho encanto, si no te importa la falta de un chiringuito y de otros servicios b\u00e1sicos, si quieres sentir que est\u00e1s en el para\u00edso, Cal\u00f3 des Borgit es para ti. Aqu\u00ed, el acceso no es el m\u00e1s f\u00e1cil, es necesario llegar pronto y saldr\u00e1s con arena en el cuerpo, pero la recompensa es enorme: momentos de relax en un entorno absolutamente maravilloso. Es naturaleza mediterr\u00e1nea en estado puro.<\/span><\/p><p><span style=\"font-weight: 400;\">Descubre los mejores alojamientos de Mallorca en <\/span><a href=\"https:\/\/www.dracmallorca.com\/\"><span style=\"font-weight: 400;\">Drac Mallorca<\/span><\/a><span style=\"font-weight: 400;\">, expertos en alquiler vacacional en ubicaciones de ensue\u00f1o, con todo el confort y lujo que te mereces. Puedes reservar online, al mejor precio y sin preocupaciones. As\u00ed solo te quedar\u00e1 disfrutar de Mallorca y sus joyas, como Cala des Borgit.<\/span><\/p>\t\t\t\t\t\t\t\t<\/div>\n\t\t\t\t<\/div>\n\t\t\t\t\t<\/div>\n\t\t\t\t<\/div>\n\t\t<div class=\"elementor-element elementor-element-3e833d36 e-flex e-con-boxed e-con e-parent\" data-id=\"3e833d36\" data-element_type=\"container\" data-e-type=\"container\">\n\t\t\t\t\t<div class=\"e-con-inner\">\n\t\t\t\t\t<\/div>\n\t\t\t\t<\/div>\n\t\t<div class=\"elementor-element elementor-element-7ddfe997 e-flex e-con-boxed e-con e-parent\" data-id=\"7ddfe997\" data-element_type=\"container\" data-e-type=\"container\">\n\t\t\t\t\t<div class=\"e-con-inner\">\n\t\t<div class=\"elementor-element elementor-element-5bc8f447 e-con-full e-flex e-con e-child\" data-id=\"5bc8f447\" data-element_type=\"container\" data-e-type=\"container\">\n\t\t\t\t<div class=\"elementor-element elementor-element-65f07033 elementor-cta--skin-cover elementor-cta--valign-bottom elementor-animated-content elementor-bg-transform elementor-bg-transform-zoom-in elementor-widget elementor-widget-call-to-action\" data-id=\"65f07033\" data-element_type=\"widget\" data-e-type=\"widget\" data-widget_type=\"call-to-action.default\">\n\t\t\t\t<div class=\"elementor-widget-container\">\n\t\t\t\t\t\t\t<div class=\"elementor-cta\">\n\t\t\t\t\t<div class=\"elementor-cta__bg-wrapper\">\n\t\t\t\t<div class=\"elementor-cta__bg elementor-bg\" style=\"background-image: url(https:\/\/www.dracmallorca.com\/blog\/wp-content\/uploads\/2023\/12\/cala-figueras-1920x630.jpg);\" role=\"img\" aria-label=\"cala figueras\"><\/div>\n\t\t\t\t<div class=\"elementor-cta__bg-overlay\"><\/div>\n\t\t\t<\/div>\n\t\t\t\t\t\t\t<div class=\"elementor-cta__content\">\n\t\t\t\t\n\t\t\t\t\n\t\t\t\t\n\t\t\t\t\t\t\t\t\t<div class=\"elementor-cta__button-wrapper elementor-cta__content-item elementor-content-item elementor-animated-item--grow\">\n\t\t\t\t\t<a class=\"elementor-cta__button elementor-button elementor-size-\">\n\t\t\t\t\t\tCala Figueras\t\t\t\t\t<\/a>\n\t\t\t\t\t<\/div>\n\t\t\t\t\t\t\t<\/div>\n\t\t\t\t\t\t<\/div>\n\t\t\t\t\t\t<\/div>\n\t\t\t\t<\/div>\n\t\t\t\t<\/div>\n\t\t<div class=\"elementor-element elementor-element-4148ccf7 e-con-full e-flex e-con e-child\" data-id=\"4148ccf7\" data-element_type=\"container\" data-e-type=\"container\">\n\t\t\t\t<div class=\"elementor-element elementor-element-1d69b198 elementor-cta--skin-cover elementor-cta--valign-bottom elementor-animated-content elementor-bg-transform elementor-bg-transform-zoom-in elementor-widget elementor-widget-call-to-action\" data-id=\"1d69b198\" data-element_type=\"widget\" data-e-type=\"widget\" data-widget_type=\"call-to-action.default\">\n\t\t\t\t<div class=\"elementor-widget-container\">\n\t\t\t\t\t\t\t<div class=\"elementor-cta\">\n\t\t\t\t\t<div class=\"elementor-cta__bg-wrapper\">\n\t\t\t\t<div class=\"elementor-cta__bg elementor-bg\" style=\"background-image: url(https:\/\/www.dracmallorca.com\/blog\/wp-content\/uploads\/2023\/12\/Cala-Santanyi-1920x630.jpg);\" role=\"img\" aria-label=\"Cala Santanyi\"><\/div>\n\t\t\t\t<div class=\"elementor-cta__bg-overlay\"><\/div>\n\t\t\t<\/div>\n\t\t\t\t\t\t\t<div class=\"elementor-cta__content\">\n\t\t\t\t\n\t\t\t\t\n\t\t\t\t\n\t\t\t\t\t\t\t\t\t<div class=\"elementor-cta__button-wrapper elementor-cta__content-item elementor-content-item elementor-animated-item--grow\">\n\t\t\t\t\t<a class=\"elementor-cta__button elementor-button elementor-size-\">\n\t\t\t\t\t\tCala Santanyi\t\t\t\t\t<\/a>\n\t\t\t\t\t<\/div>\n\t\t\t\t\t\t\t<\/div>\n\t\t\t\t\t\t<\/div>\n\t\t\t\t\t\t<\/div>\n\t\t\t\t<\/div>\n\t\t\t\t<\/div>\n\t\t<div class=\"elementor-element elementor-element-49fea12 e-con-full e-flex e-con e-child\" data-id=\"49fea12\" data-element_type=\"container\" data-e-type=\"container\">\n\t\t\t\t<div class=\"elementor-element elementor-element-4ec1c95a elementor-cta--skin-cover elementor-cta--valign-bottom elementor-animated-content elementor-bg-transform elementor-bg-transform-zoom-in elementor-widget elementor-widget-call-to-action\" data-id=\"4ec1c95a\" data-element_type=\"widget\" data-e-type=\"widget\" data-widget_type=\"call-to-action.default\">\n\t\t\t\t<div class=\"elementor-widget-container\">\n\t\t\t\t\t\t\t<div class=\"elementor-cta\">\n\t\t\t\t\t<div class=\"elementor-cta__bg-wrapper\">\n\t\t\t\t<div class=\"elementor-cta__bg elementor-bg\" style=\"background-image: url(https:\/\/www.dracmallorca.com\/blog\/wp-content\/uploads\/2023\/12\/Santanyi-1920x630.jpg);\" role=\"img\" aria-label=\"Santanyi\"><\/div>\n\t\t\t\t<div class=\"elementor-cta__bg-overlay\"><\/div>\n\t\t\t<\/div>\n\t\t\t\t\t\t\t<div class=\"elementor-cta__content\">\n\t\t\t\t\n\t\t\t\t\n\t\t\t\t\n\t\t\t\t\t\t\t\t\t<div class=\"elementor-cta__button-wrapper elementor-cta__content-item elementor-content-item elementor-animated-item--grow\">\n\t\t\t\t\t<a class=\"elementor-cta__button elementor-button elementor-size-\">\n\t\t\t\t\t\tSantanyi\t\t\t\t\t<\/a>\n\t\t\t\t\t<\/div>\n\t\t\t\t\t\t\t<\/div>\n\t\t\t\t\t\t<\/div>\n\t\t\t\t\t\t<\/div>\n\t\t\t\t<\/div>\n\t\t\t\t<\/div>\n\t\t\t\t\t<\/div>\n\t\t\t\t<\/div>\n\t\t\t\t<\/div>\n\t\t","protected":false},"excerpt":{"rendered":"<p>\u00bfAlguna vez has fantaseado con pasar el d\u00eda en una cala de Mallorca? No te preocupes, nos pasa a todos. Si todav\u00eda no conoces la Cala des Borgit, es probable que, despu\u00e9s de leer este art\u00edculo, tengas a\u00fan m\u00e1s ganas de visitar esta maravillosa isla. Aqu\u00ed te vamos a contar sobre la Cala des Borgit, [&hellip;]<\/p>\n","protected":false},"author":4,"featured_media":4226,"comment_status":"open","ping_status":"closed","sticky":false,"template":"","format":"standard","meta":{"footnotes":""},"categories":[58],"tags":[124],"class_list":["post-4196","post","type-post","status-publish","format-standard","has-post-thumbnail","hentry","category-playas-y-calas","tag-no-template"],"yoast_head":"<!-- This site is optimized with the Yoast SEO plugin v27.4 - https:\/\/yoast.com\/product\/yoast-seo-wordpress\/ -->\n<title>Cala des Borgit: naturaleza en estado puro - Experiencias y actividades en Mallorca<\/title>\n<meta name=\"description\" content=\"Explora Cala des Borgit y Cal\u00f3 des Borgit en Mallorca. Goza de las calas secretas de la isla. \u00a1Tu para\u00edso balear te espera!\" \/>\n<meta name=\"robots\" content=\"index, follow, max-snippet:-1, max-image-preview:large, max-video-preview:-1\" \/>\n<link rel=\"canonical\" href=\"https:\/\/www.dracmallorca.com\/blog\/es\/calo-des-borgit\/\" \/>\n<meta property=\"og:locale\" content=\"es_ES\" \/>\n<meta property=\"og:type\" content=\"article\" \/>\n<meta property=\"og:title\" content=\"Cala des Borgit: naturaleza en estado puro - Experiencias y actividades en Mallorca\" \/>\n<meta property=\"og:description\" content=\"Explora Cala des Borgit y Cal\u00f3 des Borgit en Mallorca. Goza de las calas secretas de la isla. \u00a1Tu para\u00edso balear te espera!\" \/>\n<meta property=\"og:url\" content=\"https:\/\/www.dracmallorca.com\/blog\/es\/calo-des-borgit\/\" \/>\n<meta property=\"og:site_name\" content=\"Experiencias y actividades en Mallorca\" \/>\n<meta property=\"article:published_time\" content=\"2026-01-26T08:58:13+00:00\" \/>\n<meta property=\"article:modified_time\" content=\"2026-03-05T07:44:27+00:00\" \/>\n<meta property=\"og:image\" content=\"https:\/\/www.dracmallorca.com\/blog\/wp-content\/uploads\/2026\/01\/calo-des-borgit-mallorca.webp\" \/>\n\t<meta property=\"og:image:width\" content=\"1360\" \/>\n\t<meta property=\"og:image:height\" content=\"1020\" \/>\n\t<meta property=\"og:image:type\" content=\"image\/webp\" \/>\n<meta name=\"author\" content=\"Rui\" \/>\n<meta name=\"twitter:card\" content=\"summary_large_image\" \/>\n<meta name=\"twitter:label1\" content=\"Escrito por\" \/>\n\t<meta name=\"twitter:data1\" content=\"Rui\" \/>\n\t<meta name=\"twitter:label2\" content=\"Tiempo de lectura\" \/>\n\t<meta name=\"twitter:data2\" content=\"5 minutos\" \/>\n<script type=\"application\/ld+json\" class=\"yoast-schema-graph\">{\"@context\":\"https:\\\/\\\/schema.org\",\"@graph\":[{\"@type\":\"Article\",\"@id\":\"https:\\\/\\\/www.dracmallorca.com\\\/blog\\\/es\\\/calo-des-borgit\\\/#article\",\"isPartOf\":{\"@id\":\"https:\\\/\\\/www.dracmallorca.com\\\/blog\\\/es\\\/calo-des-borgit\\\/\"},\"author\":{\"name\":\"Rui\",\"@id\":\"https:\\\/\\\/www.dracmallorca.com\\\/blog\\\/#\\\/schema\\\/person\\\/9de1ab77468d5df7c1d00753e6da758a\"},\"headline\":\"Cala des Borgit: naturaleza en estado puro\",\"datePublished\":\"2026-01-26T08:58:13+00:00\",\"dateModified\":\"2026-03-05T07:44:27+00:00\",\"mainEntityOfPage\":{\"@id\":\"https:\\\/\\\/www.dracmallorca.com\\\/blog\\\/es\\\/calo-des-borgit\\\/\"},\"wordCount\":1014,\"commentCount\":0,\"publisher\":{\"@id\":\"https:\\\/\\\/www.dracmallorca.com\\\/blog\\\/#organization\"},\"image\":{\"@id\":\"https:\\\/\\\/www.dracmallorca.com\\\/blog\\\/es\\\/calo-des-borgit\\\/#primaryimage\"},\"thumbnailUrl\":\"https:\\\/\\\/www.dracmallorca.com\\\/blog\\\/wp-content\\\/uploads\\\/2026\\\/01\\\/calo-des-borgit-mallorca.webp\",\"keywords\":[\"No template\"],\"articleSection\":[\"Playas y calas\"],\"inLanguage\":\"es\",\"potentialAction\":[{\"@type\":\"CommentAction\",\"name\":\"Comment\",\"target\":[\"https:\\\/\\\/www.dracmallorca.com\\\/blog\\\/es\\\/calo-des-borgit\\\/#respond\"]}]},{\"@type\":\"WebPage\",\"@id\":\"https:\\\/\\\/www.dracmallorca.com\\\/blog\\\/es\\\/calo-des-borgit\\\/\",\"url\":\"https:\\\/\\\/www.dracmallorca.com\\\/blog\\\/es\\\/calo-des-borgit\\\/\",\"name\":\"Cala des Borgit: naturaleza en estado puro - Experiencias y actividades en Mallorca\",\"isPartOf\":{\"@id\":\"https:\\\/\\\/www.dracmallorca.com\\\/blog\\\/#website\"},\"primaryImageOfPage\":{\"@id\":\"https:\\\/\\\/www.dracmallorca.com\\\/blog\\\/es\\\/calo-des-borgit\\\/#primaryimage\"},\"image\":{\"@id\":\"https:\\\/\\\/www.dracmallorca.com\\\/blog\\\/es\\\/calo-des-borgit\\\/#primaryimage\"},\"thumbnailUrl\":\"https:\\\/\\\/www.dracmallorca.com\\\/blog\\\/wp-content\\\/uploads\\\/2026\\\/01\\\/calo-des-borgit-mallorca.webp\",\"datePublished\":\"2026-01-26T08:58:13+00:00\",\"dateModified\":\"2026-03-05T07:44:27+00:00\",\"description\":\"Explora Cala des Borgit y Cal\u00f3 des Borgit en Mallorca. Goza de las calas secretas de la isla. \u00a1Tu para\u00edso balear te espera!\",\"inLanguage\":\"es\",\"potentialAction\":[{\"@type\":\"ReadAction\",\"target\":[\"https:\\\/\\\/www.dracmallorca.com\\\/blog\\\/es\\\/calo-des-borgit\\\/\"]}]},{\"@type\":\"ImageObject\",\"inLanguage\":\"es\",\"@id\":\"https:\\\/\\\/www.dracmallorca.com\\\/blog\\\/es\\\/calo-des-borgit\\\/#primaryimage\",\"url\":\"https:\\\/\\\/www.dracmallorca.com\\\/blog\\\/wp-content\\\/uploads\\\/2026\\\/01\\\/calo-des-borgit-mallorca.webp\",\"contentUrl\":\"https:\\\/\\\/www.dracmallorca.com\\\/blog\\\/wp-content\\\/uploads\\\/2026\\\/01\\\/calo-des-borgit-mallorca.webp\",\"width\":1360,\"height\":1020,\"caption\":\"calo des borgit mallorca\"},{\"@type\":\"WebSite\",\"@id\":\"https:\\\/\\\/www.dracmallorca.com\\\/blog\\\/#website\",\"url\":\"https:\\\/\\\/www.dracmallorca.com\\\/blog\\\/\",\"name\":\"Experiencias y actividades en Mallorca\",\"description\":\"Drac Mallorca\",\"publisher\":{\"@id\":\"https:\\\/\\\/www.dracmallorca.com\\\/blog\\\/#organization\"},\"potentialAction\":[{\"@type\":\"SearchAction\",\"target\":{\"@type\":\"EntryPoint\",\"urlTemplate\":\"https:\\\/\\\/www.dracmallorca.com\\\/blog\\\/?s={search_term_string}\"},\"query-input\":{\"@type\":\"PropertyValueSpecification\",\"valueRequired\":true,\"valueName\":\"search_term_string\"}}],\"inLanguage\":\"es\"},{\"@type\":\"Organization\",\"@id\":\"https:\\\/\\\/www.dracmallorca.com\\\/blog\\\/#organization\",\"name\":\"Experiencias y actividades en Mallorca\",\"url\":\"https:\\\/\\\/www.dracmallorca.com\\\/blog\\\/\",\"logo\":{\"@type\":\"ImageObject\",\"inLanguage\":\"es\",\"@id\":\"https:\\\/\\\/www.dracmallorca.com\\\/blog\\\/#\\\/schema\\\/logo\\\/image\\\/\",\"url\":\"https:\\\/\\\/www.dracmallorca.com\\\/blog\\\/wp-content\\\/uploads\\\/2023\\\/11\\\/logo-8.png\",\"contentUrl\":\"https:\\\/\\\/www.dracmallorca.com\\\/blog\\\/wp-content\\\/uploads\\\/2023\\\/11\\\/logo-8.png\",\"width\":869,\"height\":248,\"caption\":\"Experiencias y actividades en Mallorca\"},\"image\":{\"@id\":\"https:\\\/\\\/www.dracmallorca.com\\\/blog\\\/#\\\/schema\\\/logo\\\/image\\\/\"}},{\"@type\":\"Person\",\"@id\":\"https:\\\/\\\/www.dracmallorca.com\\\/blog\\\/#\\\/schema\\\/person\\\/9de1ab77468d5df7c1d00753e6da758a\",\"name\":\"Rui\",\"image\":{\"@type\":\"ImageObject\",\"inLanguage\":\"es\",\"@id\":\"https:\\\/\\\/secure.gravatar.com\\\/avatar\\\/a38ee8cdbacfab6e36a7213a319aecff60b0580665839c1ae56aa02edbe73002?s=96&d=mm&r=g\",\"url\":\"https:\\\/\\\/secure.gravatar.com\\\/avatar\\\/a38ee8cdbacfab6e36a7213a319aecff60b0580665839c1ae56aa02edbe73002?s=96&d=mm&r=g\",\"contentUrl\":\"https:\\\/\\\/secure.gravatar.com\\\/avatar\\\/a38ee8cdbacfab6e36a7213a319aecff60b0580665839c1ae56aa02edbe73002?s=96&d=mm&r=g\",\"caption\":\"Rui\"},\"url\":\"https:\\\/\\\/www.dracmallorca.com\\\/blog\\\/es\\\/author\\\/rui\\\/\"}]}<\/script>\n<!-- \/ Yoast SEO plugin. -->","yoast_head_json":{"title":"Cala des Borgit: naturaleza en estado puro - Experiencias y actividades en Mallorca","description":"Explora Cala des Borgit y Cal\u00f3 des Borgit en Mallorca. Goza de las calas secretas de la isla. \u00a1Tu para\u00edso balear te espera!","robots":{"index":"index","follow":"follow","max-snippet":"max-snippet:-1","max-image-preview":"max-image-preview:large","max-video-preview":"max-video-preview:-1"},"canonical":"https:\/\/www.dracmallorca.com\/blog\/es\/calo-des-borgit\/","og_locale":"es_ES","og_type":"article","og_title":"Cala des Borgit: naturaleza en estado puro - Experiencias y actividades en Mallorca","og_description":"Explora Cala des Borgit y Cal\u00f3 des Borgit en Mallorca. Goza de las calas secretas de la isla. \u00a1Tu para\u00edso balear te espera!","og_url":"https:\/\/www.dracmallorca.com\/blog\/es\/calo-des-borgit\/","og_site_name":"Experiencias y actividades en Mallorca","article_published_time":"2026-01-26T08:58:13+00:00","article_modified_time":"2026-03-05T07:44:27+00:00","og_image":[{"width":1360,"height":1020,"url":"https:\/\/www.dracmallorca.com\/blog\/wp-content\/uploads\/2026\/01\/calo-des-borgit-mallorca.webp","type":"image\/webp"}],"author":"Rui","twitter_card":"summary_large_image","twitter_misc":{"Escrito por":"Rui","Tiempo de lectura":"5 minutos"},"schema":{"@context":"https:\/\/schema.org","@graph":[{"@type":"Article","@id":"https:\/\/www.dracmallorca.com\/blog\/es\/calo-des-borgit\/#article","isPartOf":{"@id":"https:\/\/www.dracmallorca.com\/blog\/es\/calo-des-borgit\/"},"author":{"name":"Rui","@id":"https:\/\/www.dracmallorca.com\/blog\/#\/schema\/person\/9de1ab77468d5df7c1d00753e6da758a"},"headline":"Cala des Borgit: naturaleza en estado puro","datePublished":"2026-01-26T08:58:13+00:00","dateModified":"2026-03-05T07:44:27+00:00","mainEntityOfPage":{"@id":"https:\/\/www.dracmallorca.com\/blog\/es\/calo-des-borgit\/"},"wordCount":1014,"commentCount":0,"publisher":{"@id":"https:\/\/www.dracmallorca.com\/blog\/#organization"},"image":{"@id":"https:\/\/www.dracmallorca.com\/blog\/es\/calo-des-borgit\/#primaryimage"},"thumbnailUrl":"https:\/\/www.dracmallorca.com\/blog\/wp-content\/uploads\/2026\/01\/calo-des-borgit-mallorca.webp","keywords":["No template"],"articleSection":["Playas y calas"],"inLanguage":"es","potentialAction":[{"@type":"CommentAction","name":"Comment","target":["https:\/\/www.dracmallorca.com\/blog\/es\/calo-des-borgit\/#respond"]}]},{"@type":"WebPage","@id":"https:\/\/www.dracmallorca.com\/blog\/es\/calo-des-borgit\/","url":"https:\/\/www.dracmallorca.com\/blog\/es\/calo-des-borgit\/","name":"Cala des Borgit: naturaleza en estado puro - Experiencias y actividades en Mallorca","isPartOf":{"@id":"https:\/\/www.dracmallorca.com\/blog\/#website"},"primaryImageOfPage":{"@id":"https:\/\/www.dracmallorca.com\/blog\/es\/calo-des-borgit\/#primaryimage"},"image":{"@id":"https:\/\/www.dracmallorca.com\/blog\/es\/calo-des-borgit\/#primaryimage"},"thumbnailUrl":"https:\/\/www.dracmallorca.com\/blog\/wp-content\/uploads\/2026\/01\/calo-des-borgit-mallorca.webp","datePublished":"2026-01-26T08:58:13+00:00","dateModified":"2026-03-05T07:44:27+00:00","description":"Explora Cala des Borgit y Cal\u00f3 des Borgit en Mallorca. Goza de las calas secretas de la isla. \u00a1Tu para\u00edso balear te espera!","inLanguage":"es","potentialAction":[{"@type":"ReadAction","target":["https:\/\/www.dracmallorca.com\/blog\/es\/calo-des-borgit\/"]}]},{"@type":"ImageObject","inLanguage":"es","@id":"https:\/\/www.dracmallorca.com\/blog\/es\/calo-des-borgit\/#primaryimage","url":"https:\/\/www.dracmallorca.com\/blog\/wp-content\/uploads\/2026\/01\/calo-des-borgit-mallorca.webp","contentUrl":"https:\/\/www.dracmallorca.com\/blog\/wp-content\/uploads\/2026\/01\/calo-des-borgit-mallorca.webp","width":1360,"height":1020,"caption":"calo des borgit mallorca"},{"@type":"WebSite","@id":"https:\/\/www.dracmallorca.com\/blog\/#website","url":"https:\/\/www.dracmallorca.com\/blog\/","name":"Experiencias y actividades en Mallorca","description":"Drac Mallorca","publisher":{"@id":"https:\/\/www.dracmallorca.com\/blog\/#organization"},"potentialAction":[{"@type":"SearchAction","target":{"@type":"EntryPoint","urlTemplate":"https:\/\/www.dracmallorca.com\/blog\/?s={search_term_string}"},"query-input":{"@type":"PropertyValueSpecification","valueRequired":true,"valueName":"search_term_string"}}],"inLanguage":"es"},{"@type":"Organization","@id":"https:\/\/www.dracmallorca.com\/blog\/#organization","name":"Experiencias y actividades en Mallorca","url":"https:\/\/www.dracmallorca.com\/blog\/","logo":{"@type":"ImageObject","inLanguage":"es","@id":"https:\/\/www.dracmallorca.com\/blog\/#\/schema\/logo\/image\/","url":"https:\/\/www.dracmallorca.com\/blog\/wp-content\/uploads\/2023\/11\/logo-8.png","contentUrl":"https:\/\/www.dracmallorca.com\/blog\/wp-content\/uploads\/2023\/11\/logo-8.png","width":869,"height":248,"caption":"Experiencias y actividades en Mallorca"},"image":{"@id":"https:\/\/www.dracmallorca.com\/blog\/#\/schema\/logo\/image\/"}},{"@type":"Person","@id":"https:\/\/www.dracmallorca.com\/blog\/#\/schema\/person\/9de1ab77468d5df7c1d00753e6da758a","name":"Rui","image":{"@type":"ImageObject","inLanguage":"es","@id":"https:\/\/secure.gravatar.com\/avatar\/a38ee8cdbacfab6e36a7213a319aecff60b0580665839c1ae56aa02edbe73002?s=96&d=mm&r=g","url":"https:\/\/secure.gravatar.com\/avatar\/a38ee8cdbacfab6e36a7213a319aecff60b0580665839c1ae56aa02edbe73002?s=96&d=mm&r=g","contentUrl":"https:\/\/secure.gravatar.com\/avatar\/a38ee8cdbacfab6e36a7213a319aecff60b0580665839c1ae56aa02edbe73002?s=96&d=mm&r=g","caption":"Rui"},"url":"https:\/\/www.dracmallorca.com\/blog\/es\/author\/rui\/"}]}},"_links":{"self":[{"href":"https:\/\/www.dracmallorca.com\/blog\/es\/wp-json\/wp\/v2\/posts\/4196","targetHints":{"allow":["GET"]}}],"collection":[{"href":"https:\/\/www.dracmallorca.com\/blog\/es\/wp-json\/wp\/v2\/posts"}],"about":[{"href":"https:\/\/www.dracmallorca.com\/blog\/es\/wp-json\/wp\/v2\/types\/post"}],"author":[{"embeddable":true,"href":"https:\/\/www.dracmallorca.com\/blog\/es\/wp-json\/wp\/v2\/users\/4"}],"replies":[{"embeddable":true,"href":"https:\/\/www.dracmallorca.com\/blog\/es\/wp-json\/wp\/v2\/comments?post=4196"}],"version-history":[{"count":11,"href":"https:\/\/www.dracmallorca.com\/blog\/es\/wp-json\/wp\/v2\/posts\/4196\/revisions"}],"predecessor-version":[{"id":4268,"href":"https:\/\/www.dracmallorca.com\/blog\/es\/wp-json\/wp\/v2\/posts\/4196\/revisions\/4268"}],"wp:featuredmedia":[{"embeddable":true,"href":"https:\/\/www.dracmallorca.com\/blog\/es\/wp-json\/wp\/v2\/media\/4226"}],"wp:attachment":[{"href":"https:\/\/www.dracmallorca.com\/blog\/es\/wp-json\/wp\/v2\/media?parent=4196"}],"wp:term":[{"taxonomy":"category","embeddable":true,"href":"https:\/\/www.dracmallorca.com\/blog\/es\/wp-json\/wp\/v2\/categories?post=4196"},{"taxonomy":"post_tag","embeddable":true,"href":"https:\/\/www.dracmallorca.com\/blog\/es\/wp-json\/wp\/v2\/tags?post=4196"}],"curies":[{"name":"wp","href":"https:\/\/api.w.org\/{rel}","templated":true}]}}