{"id":3718,"date":"2025-09-24T09:08:56","date_gmt":"2025-09-24T09:08:56","guid":{"rendered":"https:\/\/www.dracmallorca.com\/blog\/?p=3718"},"modified":"2026-03-05T07:44:28","modified_gmt":"2026-03-05T07:44:28","slug":"salinas-es-trenc","status":"publish","type":"post","link":"https:\/\/www.dracmallorca.com\/blog\/es\/salinas-es-trenc\/","title":{"rendered":"Salinas d&#8217;Es Trenc: tradici\u00f3n y mucha belleza natural"},"content":{"rendered":"\t\t<div data-elementor-type=\"wp-post\" data-elementor-id=\"3718\" class=\"elementor elementor-3718\" data-elementor-post-type=\"post\">\n\t\t\t\t<div class=\"elementor-element elementor-element-5bd7cc72 e-flex e-con-boxed e-con e-parent\" data-id=\"5bd7cc72\" data-element_type=\"container\" data-e-type=\"container\">\n\t\t\t\t\t<div class=\"e-con-inner\">\n\t\t\t\t<div class=\"elementor-element elementor-element-292eee73 elementor-widget elementor-widget-text-editor\" data-id=\"292eee73\" data-element_type=\"widget\" data-e-type=\"widget\" data-widget_type=\"text-editor.default\">\n\t\t\t\t<div class=\"elementor-widget-container\">\n\t\t\t\t\t\t\t\t\t<p><span style=\"font-weight: 400;\">Si buscas un paisaje espectacular en la zona sur de Mallorca, tenemos una sugerencia para ti: las Salinas d\u2019Es Trenc combinan historia, tradici\u00f3n y naturaleza, creando un lugar \u00fanico y muy especial donde podr\u00e1s sentirte en un mundo diferente. Las aves que habitan estas salinas ofrecen un espect\u00e1culo entretenido, mientras los colores inesperados dan al paisaje un aura m\u00e1gica.\u00a0<\/span><\/p><p><span style=\"font-weight: 400;\">En este art\u00edculo te vamos a contar todo lo que quieres saber sobre las Salinas d\u2019Es Trenc, te vamos a decir como llegar a este precioso rinc\u00f3n de la isla y te vamos a dar algunos consejos y recomendaciones para aprovechar al m\u00e1ximo este lugar de gran importancia. \u00danete a nosotros y descubre un motivo m\u00e1s para visitar Mallorca.<\/span><\/p>\t\t\t\t\t\t\t\t<\/div>\n\t\t\t\t<\/div>\n\t\t\t\t\t<\/div>\n\t\t\t\t<\/div>\n\t\t<div class=\"elementor-element elementor-element-1ff8e21c e-flex e-con-boxed e-con e-parent\" data-id=\"1ff8e21c\" data-element_type=\"container\" data-e-type=\"container\">\n\t\t\t\t\t<div class=\"e-con-inner\">\n\t\t\t\t<div class=\"elementor-element elementor-element-10d851f0 elementor-widget elementor-widget-table-of-contents\" data-id=\"10d851f0\" data-element_type=\"widget\" data-e-type=\"widget\" data-settings=\"{&quot;headings_by_tags&quot;:[&quot;h2&quot;],&quot;exclude_headings_by_selector&quot;:[],&quot;marker_view&quot;:&quot;bullets&quot;,&quot;icon&quot;:{&quot;value&quot;:&quot;&quot;,&quot;library&quot;:&quot;&quot;},&quot;no_headings_message&quot;:&quot;No headings were found on this page.&quot;,&quot;hierarchical_view&quot;:&quot;yes&quot;,&quot;min_height&quot;:{&quot;unit&quot;:&quot;px&quot;,&quot;size&quot;:&quot;&quot;,&quot;sizes&quot;:[]},&quot;min_height_tablet&quot;:{&quot;unit&quot;:&quot;px&quot;,&quot;size&quot;:&quot;&quot;,&quot;sizes&quot;:[]},&quot;min_height_mobile&quot;:{&quot;unit&quot;:&quot;px&quot;,&quot;size&quot;:&quot;&quot;,&quot;sizes&quot;:[]}}\" data-widget_type=\"table-of-contents.default\">\n\t\t\t\t<div class=\"elementor-widget-container\">\n\t\t\t\t\t\t\t\t\t<div class=\"elementor-toc__header\">\n\t\t\t\t\t\t<div class=\"elementor-toc__header-title\">\n\t\t\t\t\u00cdndice\t\t\t<\/div>\n\t\t\t\t\t\t\t\t<\/div>\n\t\t\t\t<div id=\"elementor-toc__10d851f0\" class=\"elementor-toc__body\">\n\t\t\t<div class=\"elementor-toc__spinner-container\">\n\t\t\t\t<svg class=\"elementor-toc__spinner eicon-animation-spin e-font-icon-svg e-eicon-loading\" aria-hidden=\"true\" viewBox=\"0 0 1000 1000\" xmlns=\"http:\/\/www.w3.org\/2000\/svg\"><path d=\"M500 975V858C696 858 858 696 858 500S696 142 500 142 142 304 142 500H25C25 237 238 25 500 25S975 237 975 500 763 975 500 975Z\"><\/path><\/svg>\t\t\t<\/div>\n\t\t<\/div>\n\t\t\t\t\t\t<\/div>\n\t\t\t\t<\/div>\n\t\t\t\t\t<\/div>\n\t\t\t\t<\/div>\n\t\t<div class=\"elementor-element elementor-element-ab085bf e-flex e-con-boxed e-con e-parent\" data-id=\"ab085bf\" data-element_type=\"container\" data-e-type=\"container\">\n\t\t\t\t\t<div class=\"e-con-inner\">\n\t\t\t\t<div class=\"elementor-element elementor-element-1e19f1c0 elementor-widget elementor-widget-heading\" data-id=\"1e19f1c0\" data-element_type=\"widget\" data-e-type=\"widget\" data-widget_type=\"heading.default\">\n\t\t\t\t<div class=\"elementor-widget-container\">\n\t\t\t\t\t<h2 class=\"elementor-heading-title elementor-size-default\">Qu\u00e9 son y d\u00f3nde est\u00e1n las Salinas d\u2019Es Trenc<\/h2>\t\t\t\t<\/div>\n\t\t\t\t<\/div>\n\t\t\t\t<div class=\"elementor-element elementor-element-1ed8ab69 elementor-widget elementor-widget-text-editor\" data-id=\"1ed8ab69\" data-element_type=\"widget\" data-e-type=\"widget\" data-widget_type=\"text-editor.default\">\n\t\t\t\t<div class=\"elementor-widget-container\">\n\t\t\t\t\t\t\t\t\t<p><span style=\"font-weight: 400;\">Las Salinas d\u2019Es Trenc son parte de un sistema milenario que incluye balsas de evaporaci\u00f3n para la formaci\u00f3n de sal, que funcionan a trav\u00e9s de la utilizaci\u00f3n de agua de mar, viento y sol, es decir, de la forma m\u00e1s tradicional posible. Se trata de estanques naturales muy antiguos que podemos encontrar en la zona sur de Mallorca, m\u00e1s concretamente en el Parque Natural Mar\u00edtimo-Terrestre Es Trenc-Salobrar de Campos, en el municipio de Campos.<\/span><\/p><p><span style=\"font-weight: 400;\">Existen teor\u00edas que ubican el origen de estas salinas en la \u00e9poca de los fenicios y romanos, aunque en los a\u00f1os 50 se hayan realizado obras de modernizaci\u00f3n para aumentar el rendimiento y las condiciones de producci\u00f3n, gracias a la fundaci\u00f3n Salinas de Levante. Hoy en d\u00eda, muchos turistas visitan este lugar para obtener fotograf\u00edas incre\u00edbles y para sentir la tranquilidad que proporciona.<\/span><\/p>\t\t\t\t\t\t\t\t<\/div>\n\t\t\t\t<\/div>\n\t\t\t\t\t<\/div>\n\t\t\t\t<\/div>\n\t\t<div class=\"elementor-element elementor-element-1f1b3ed e-flex e-con-boxed e-con e-parent\" data-id=\"1f1b3ed\" data-element_type=\"container\" data-e-type=\"container\">\n\t\t\t\t\t<div class=\"e-con-inner\">\n\t\t<div class=\"elementor-element elementor-element-617fef2 e-con-full e-flex e-con e-child\" data-id=\"617fef2\" data-element_type=\"container\" data-e-type=\"container\">\n\t\t\t\t<div class=\"elementor-element elementor-element-fde64d8 elementor-widget elementor-widget-heading\" data-id=\"fde64d8\" data-element_type=\"widget\" data-e-type=\"widget\" data-widget_type=\"heading.default\">\n\t\t\t\t<div class=\"elementor-widget-container\">\n\t\t\t\t\t<h2 class=\"elementor-heading-title elementor-size-default\">C\u00f3mo llegar a las Salinas d'Es Trenc\n<\/h2>\t\t\t\t<\/div>\n\t\t\t\t<\/div>\n\t\t\t\t<div class=\"elementor-element elementor-element-a782a3b elementor-widget elementor-widget-text-editor\" data-id=\"a782a3b\" data-element_type=\"widget\" data-e-type=\"widget\" data-widget_type=\"text-editor.default\">\n\t\t\t\t<div class=\"elementor-widget-container\">\n\t\t\t\t\t\t\t\t\t<p><span style=\"font-weight: 400;\">Si empezamos nuestro trayecto en la capital, Palma, tendremos por delante un viaje de unos 45 minutos en coche. Debes tomar la MA-19 en direcci\u00f3n a Campos y empezar\u00e1s a ver indicaciones a partir de Ses Covetes, as\u00ed que no hay p\u00e9rdida. Hay m\u00e1s buenas noticias: existe aparcamiento en la zona de las salinas, aunque puede llenarse en los meses de verano, ya que es uno de los puntos m\u00e1s interesantes y originales de Mallorca. Tambi\u00e9n tienes la opci\u00f3n de viajar hasta las Salinas d\u2019Es Trenc en transporte p\u00fablico, especialmente durante los meses de verano, pero tendr\u00e1s que ir hasta una de las <\/span><a href=\"https:\/\/www.dracmallorca.com\/blog\/es\/calas-sur-mallorca\/\"><span style=\"font-weight: 400;\">playas cercanas<\/span><\/a><span style=\"font-weight: 400;\"> y luego caminar o desplazarte en bici o taxi.<\/span><\/p>\t\t\t\t\t\t\t\t<\/div>\n\t\t\t\t<\/div>\n\t\t\t\t<\/div>\n\t\t<div class=\"elementor-element elementor-element-f2bf2b1 e-con-full e-flex e-con e-child\" data-id=\"f2bf2b1\" data-element_type=\"container\" data-e-type=\"container\">\n\t\t\t\t<div class=\"elementor-element elementor-element-6c5b385 elementor-widget elementor-widget-google_maps\" data-id=\"6c5b385\" data-element_type=\"widget\" data-e-type=\"widget\" data-widget_type=\"google_maps.default\">\n\t\t\t\t<div class=\"elementor-widget-container\">\n\t\t\t\t\t\t\t<div class=\"elementor-custom-embed\">\n\t\t\t<iframe loading=\"lazy\"\n\t\t\t\t\tsrc=\"https:\/\/maps.google.com\/maps?q=salinas%20es%20trenc&#038;t=m&#038;z=12&#038;output=embed&#038;iwloc=near\"\n\t\t\t\t\ttitle=\"salinas es trenc\"\n\t\t\t\t\taria-label=\"salinas es trenc\"\n\t\t\t><\/iframe>\n\t\t<\/div>\n\t\t\t\t\t\t<\/div>\n\t\t\t\t<\/div>\n\t\t\t\t<\/div>\n\t\t\t\t\t<\/div>\n\t\t\t\t<\/div>\n\t\t<div class=\"elementor-element elementor-element-05b4671 e-flex e-con-boxed e-con e-parent\" data-id=\"05b4671\" data-element_type=\"container\" data-e-type=\"container\">\n\t\t\t\t\t<div class=\"e-con-inner\">\n\t\t\t\t<div class=\"elementor-element elementor-element-0ce10ea elementor-widget elementor-widget-heading\" data-id=\"0ce10ea\" data-element_type=\"widget\" data-e-type=\"widget\" data-widget_type=\"heading.default\">\n\t\t\t\t<div class=\"elementor-widget-container\">\n\t\t\t\t\t<h2 class=\"elementor-heading-title elementor-size-default\">Qu\u00e9 ver y hacer durante la visita<\/h2>\t\t\t\t<\/div>\n\t\t\t\t<\/div>\n\t\t\t\t<div class=\"elementor-element elementor-element-7443787 elementor-widget elementor-widget-text-editor\" data-id=\"7443787\" data-element_type=\"widget\" data-e-type=\"widget\" data-widget_type=\"text-editor.default\">\n\t\t\t\t<div class=\"elementor-widget-container\">\n\t\t\t\t\t\t\t\t\t<p><span style=\"font-weight: 400;\">Lo mejor que puedes hacer en las Salinas d\u2019Es Trenc es apreciar su belleza, sus colores, sus l\u00e1minas de agua blancas y rosadas, en definitiva, el magn\u00edfico paisaje de esta reserva natural. Se puede visitar la f\u00e1brica y aprender m\u00e1s sobre todo el proceso, incluyendo la evaporaci\u00f3n del agua y la cristalizaci\u00f3n de la sal. Las diferentes balsas sirven diferentes prop\u00f3sitos en este proceso fascinante. Otro atractivo especial de la regi\u00f3n es su fauna, compuesta por garzas, flamencos y muchas otras aves que consideran las salinas un h\u00e1bitat perfecto.<\/span><\/p><p><span style=\"font-weight: 400;\">Es posible realizar visitas guiadas para aprender todo lo que hay que saber y para acceder a zonas restringidas, y tambi\u00e9n se pueden hacer catas de la flor de sal, con su sabor delicado y \u00f9nico. Antes o despu\u00e9s de tu visita a las Salinas d\u2019Es Trenc, quiz\u00e1s te apetece visitar la playa de Es Trenc, un lugar precioso y perfecto para descansar y disfrutar, o probar la <\/span><a href=\"https:\/\/www.dracmallorca.com\/blog\/es\/comida-mallorca\/\"><span style=\"font-weight: 400;\">gastronom\u00eda de Mallorca<\/span><\/a><span style=\"font-weight: 400;\"> en Santany\u00ed, uno de los pueblos m\u00e1s bonitos de la isla, que est\u00e1 localizado a unos 15 minutos en coche de las salinas.<\/span><\/p>\t\t\t\t\t\t\t\t<\/div>\n\t\t\t\t<\/div>\n\t\t\t\t\t<\/div>\n\t\t\t\t<\/div>\n\t\t<div class=\"elementor-element elementor-element-13ec74ae e-flex e-con-boxed e-con e-parent\" data-id=\"13ec74ae\" data-element_type=\"container\" data-e-type=\"container\">\n\t\t\t\t\t<div class=\"e-con-inner\">\n\t\t\t\t<div class=\"elementor-element elementor-element-48c273e3 elementor-widget elementor-widget-heading\" data-id=\"48c273e3\" data-element_type=\"widget\" data-e-type=\"widget\" data-widget_type=\"heading.default\">\n\t\t\t\t<div class=\"elementor-widget-container\">\n\t\t\t\t\t<h3 class=\"elementor-heading-title elementor-size-default\">Importancia ecol\u00f3gica y cultural<\/h3>\t\t\t\t<\/div>\n\t\t\t\t<\/div>\n\t\t\t\t<div class=\"elementor-element elementor-element-3b91ee41 elementor-widget elementor-widget-text-editor\" data-id=\"3b91ee41\" data-element_type=\"widget\" data-e-type=\"widget\" data-widget_type=\"text-editor.default\">\n\t\t\t\t<div class=\"elementor-widget-container\">\n\t\t\t\t\t\t\t\t\t<p><span style=\"font-weight: 400;\">Este lugar tiene mucha importancia para la isla, combinando historia, tradici\u00f3n y cultura. Adem\u00e1s, es reserva natural, y por eso debe ser preservada por su inter\u00e9s paisaj\u00edstico y rural. El parque natural donde se encuentra tiene m\u00e1s de 3700 hect\u00e1reas de dunas, humedales, praderas, bosques y salinas. La Flor de Sal d\u2019Es Trenc, producto que solo se puede obtener aqu\u00ed, es uno de los mejores condimentos que puedes usar en la cocina, siendo artesanal, ecol\u00f3gico y certificado. Se recolecta de forma manual y ayuda a mantener la sostenibilidad de la isla. Por \u00faltimo, mantener vivas las Salinas d\u2019Es Trenc es ayudar a mantener vivo el viejo oficio de salinero, una figura muy querida para la regi\u00f3n.<\/span><\/p>\t\t\t\t\t\t\t\t<\/div>\n\t\t\t\t<\/div>\n\t\t\t\t<div class=\"elementor-element elementor-element-ec9f2c5 elementor-widget elementor-widget-image\" data-id=\"ec9f2c5\" data-element_type=\"widget\" data-e-type=\"widget\" data-widget_type=\"image.default\">\n\t\t\t\t<div class=\"elementor-widget-container\">\n\t\t\t\t\t\t\t\t\t\t\t\t\t\t\t<img fetchpriority=\"high\" decoding=\"async\" width=\"1311\" height=\"655\" src=\"https:\/\/www.dracmallorca.com\/blog\/wp-content\/uploads\/2025\/09\/Salinas-dEs-Trenc-Mallorca.jpg\" class=\"attachment-full size-full wp-image-3747\" alt=\"\" srcset=\"https:\/\/www.dracmallorca.com\/blog\/wp-content\/uploads\/2025\/09\/Salinas-dEs-Trenc-Mallorca.jpg 1311w, https:\/\/www.dracmallorca.com\/blog\/wp-content\/uploads\/2025\/09\/Salinas-dEs-Trenc-Mallorca-300x150.jpg 300w, https:\/\/www.dracmallorca.com\/blog\/wp-content\/uploads\/2025\/09\/Salinas-dEs-Trenc-Mallorca-1024x512.jpg 1024w, https:\/\/www.dracmallorca.com\/blog\/wp-content\/uploads\/2025\/09\/Salinas-dEs-Trenc-Mallorca-768x384.jpg 768w\" sizes=\"(max-width: 1311px) 100vw, 1311px\" \/>\t\t\t\t\t\t\t\t\t\t\t\t\t\t\t<\/div>\n\t\t\t\t<\/div>\n\t\t\t\t\t<\/div>\n\t\t\t\t<\/div>\n\t\t<div class=\"elementor-element elementor-element-5fa8ad0 e-flex e-con-boxed e-con e-parent\" data-id=\"5fa8ad0\" data-element_type=\"container\" data-e-type=\"container\">\n\t\t\t\t\t<div class=\"e-con-inner\">\n\t\t\t\t<div class=\"elementor-element elementor-element-d3d860d elementor-widget elementor-widget-heading\" data-id=\"d3d860d\" data-element_type=\"widget\" data-e-type=\"widget\" data-widget_type=\"heading.default\">\n\t\t\t\t<div class=\"elementor-widget-container\">\n\t\t\t\t\t<h3 class=\"elementor-heading-title elementor-size-default\">Recomendaciones pr\u00e1cticas<\/h3>\t\t\t\t<\/div>\n\t\t\t\t<\/div>\n\t\t\t\t<div class=\"elementor-element elementor-element-f3a113f elementor-widget elementor-widget-text-editor\" data-id=\"f3a113f\" data-element_type=\"widget\" data-e-type=\"widget\" data-widget_type=\"text-editor.default\">\n\t\t\t\t<div class=\"elementor-widget-container\">\n\t\t\t\t\t\t\t\t\t<p><span style=\"font-weight: 400;\">Ahora queremos darte algunos consejos y recomendaciones para que disfrutes de la mejor manera de las Salinas d\u2019Es Trenc:<\/span><\/p><ul><li style=\"font-weight: 400;\" aria-level=\"1\"><span style=\"font-weight: 400;\">Reserva tu visita con antelaci\u00f3n, especialmente si vas a visitar Mallorca en los meses de verano;<\/span><\/li><li style=\"font-weight: 400;\" aria-level=\"1\"><span style=\"font-weight: 400;\">Lleva ropa y calzado c\u00f3modos, para que puedas explorar todo el entorno de las salinas;<\/span><\/li><li style=\"font-weight: 400;\" aria-level=\"1\"><span style=\"font-weight: 400;\">Usa protector solar, gafas de sol y gorra, para evitar quemaduras solares;<\/span><\/li><li style=\"font-weight: 400;\" aria-level=\"1\"><span style=\"font-weight: 400;\">Reserva tu alojamiento varios meses antes de tu viaje, para que puedas elegir entre m\u00e1s opciones y para garantizar precios m\u00e1s bajos;<\/span><\/li><li style=\"font-weight: 400;\" aria-level=\"1\"><span style=\"font-weight: 400;\">No debes manipular ni retirar sal de las salinas. Se trata de un producto importante y es parte de un ecosistema que debemos respetar.\u00a0<\/span><\/li><li style=\"font-weight: 400;\" aria-level=\"1\"><span style=\"font-weight: 400;\">\u00a1No molestes la fauna que vive en las salinas y no dejes basura despu\u00e9s de tu visita!<\/span><\/li><\/ul>\t\t\t\t\t\t\t\t<\/div>\n\t\t\t\t<\/div>\n\t\t\t\t\t<\/div>\n\t\t\t\t<\/div>\n\t\t<div class=\"elementor-element elementor-element-c60ce5e e-flex e-con-boxed e-con e-parent\" data-id=\"c60ce5e\" data-element_type=\"container\" data-e-type=\"container\">\n\t\t\t\t\t<div class=\"e-con-inner\">\n\t\t\t\t<div class=\"elementor-element elementor-element-6e201e8 elementor-widget elementor-widget-heading\" data-id=\"6e201e8\" data-element_type=\"widget\" data-e-type=\"widget\" data-widget_type=\"heading.default\">\n\t\t\t\t<div class=\"elementor-widget-container\">\n\t\t\t\t\t<h2 class=\"elementor-heading-title elementor-size-default\">Un paisaje \u00fanico para visitar en tu viaje a Mallorca<\/h2>\t\t\t\t<\/div>\n\t\t\t\t<\/div>\n\t\t\t\t<div class=\"elementor-element elementor-element-89ffe7a elementor-widget elementor-widget-text-editor\" data-id=\"89ffe7a\" data-element_type=\"widget\" data-e-type=\"widget\" data-widget_type=\"text-editor.default\">\n\t\t\t\t<div class=\"elementor-widget-container\">\n\t\t\t\t\t\t\t\t\t<p><span style=\"font-weight: 400;\">Si quieres un plan diferente para tu pr\u00f3ximo viaje a Mallorca, las Salinas d\u2019Es Trenc son una fant\u00e1stica opci\u00f3n. Ya sabemos que las playas y calas de Mallorca son espectaculares; la gastronom\u00eda con ingredientes locales es una delicia; la Tramuntana y sus <\/span><a href=\"https:\/\/www.dracmallorca.com\/blog\/es\/pueblos-bonitos-mallorca\/\"><span style=\"font-weight: 400;\">pueblos con encanto<\/span><\/a><span style=\"font-weight: 400;\"> son imperdibles; pero esto es otra cosa\u2026 Esto es un paisaje distinto, \u00fanico, que no suele venir en las listas de mejores lugares para visitar en Mallorca.<\/span><\/p><p><span style=\"font-weight: 400;\">Para un viaje perfecto, vas a necesitar un alojamiento ideal para ti y para los tuyos. Un lugar para descansar entre tantos planes, un refugio de intimidad y confort. En <\/span><a href=\"https:\/\/www.dracmallorca.com\/\"><span style=\"font-weight: 400;\">Drac Mallorca<\/span><\/a><span style=\"font-weight: 400;\"> somos expertos en alquiler vacacional, con m\u00e1s de 15 a\u00f1os de experiencia. Descubre nuestros alojamientos en ubicaciones id\u00edlicas, con las caracter\u00edsticas favoritas de los viajeros. Ven a vivir Mallorca de otra forma.<\/span><\/p>\t\t\t\t\t\t\t\t<\/div>\n\t\t\t\t<\/div>\n\t\t\t\t\t<\/div>\n\t\t\t\t<\/div>\n\t\t\t\t<\/div>\n\t\t","protected":false},"excerpt":{"rendered":"<p>Si buscas un paisaje espectacular en la zona sur de Mallorca, tenemos una sugerencia para ti: las Salinas d\u2019Es Trenc combinan historia, tradici\u00f3n y naturaleza, creando un lugar \u00fanico y muy especial donde podr\u00e1s sentirte en un mundo diferente. Las aves que habitan estas salinas ofrecen un espect\u00e1culo entretenido, mientras los colores inesperados dan al [&hellip;]<\/p>\n","protected":false},"author":4,"featured_media":3743,"comment_status":"open","ping_status":"closed","sticky":false,"template":"","format":"standard","meta":{"footnotes":""},"categories":[3],"tags":[124],"class_list":["post-3718","post","type-post","status-publish","format-standard","has-post-thumbnail","hentry","category-grupo-drac","tag-no-template"],"yoast_head":"<!-- This site is optimized with the Yoast SEO plugin v27.4 - https:\/\/yoast.com\/product\/yoast-seo-wordpress\/ -->\n<title>Salinas d&#039;Es Trenc: tradici\u00f3n y mucha belleza natural - Experiencias y actividades en Mallorca<\/title>\n<meta name=\"description\" content=\"Descubre las Salinas d\u2019Es Trenc y d\u00e9jate maravillar por su entorno natural \u00fanico.\" \/>\n<meta name=\"robots\" content=\"index, follow, max-snippet:-1, max-image-preview:large, max-video-preview:-1\" \/>\n<link rel=\"canonical\" href=\"https:\/\/www.dracmallorca.com\/blog\/es\/salinas-es-trenc\/\" \/>\n<meta property=\"og:locale\" content=\"es_ES\" \/>\n<meta property=\"og:type\" content=\"article\" \/>\n<meta property=\"og:title\" content=\"Salinas d&#039;Es Trenc: tradici\u00f3n y mucha belleza natural - Experiencias y actividades en Mallorca\" \/>\n<meta property=\"og:description\" content=\"Descubre las Salinas d\u2019Es Trenc y d\u00e9jate maravillar por su entorno natural \u00fanico.\" \/>\n<meta property=\"og:url\" content=\"https:\/\/www.dracmallorca.com\/blog\/es\/salinas-es-trenc\/\" \/>\n<meta property=\"og:site_name\" content=\"Experiencias y actividades en Mallorca\" \/>\n<meta property=\"article:published_time\" content=\"2025-09-24T09:08:56+00:00\" \/>\n<meta property=\"article:modified_time\" content=\"2026-03-05T07:44:28+00:00\" \/>\n<meta property=\"og:image\" content=\"https:\/\/www.dracmallorca.com\/blog\/wp-content\/uploads\/2025\/09\/Salinas-dEs-Trenc.jpg\" \/>\n\t<meta property=\"og:image:width\" content=\"2000\" \/>\n\t<meta property=\"og:image:height\" content=\"666\" \/>\n\t<meta property=\"og:image:type\" content=\"image\/jpeg\" \/>\n<meta name=\"author\" content=\"Rui\" \/>\n<meta name=\"twitter:card\" content=\"summary_large_image\" \/>\n<meta name=\"twitter:label1\" content=\"Escrito por\" \/>\n\t<meta name=\"twitter:data1\" content=\"Rui\" \/>\n\t<meta name=\"twitter:label2\" content=\"Tiempo de lectura\" \/>\n\t<meta name=\"twitter:data2\" content=\"5 minutos\" \/>\n<script type=\"application\/ld+json\" class=\"yoast-schema-graph\">{\"@context\":\"https:\\\/\\\/schema.org\",\"@graph\":[{\"@type\":\"Article\",\"@id\":\"https:\\\/\\\/www.dracmallorca.com\\\/blog\\\/es\\\/salinas-es-trenc\\\/#article\",\"isPartOf\":{\"@id\":\"https:\\\/\\\/www.dracmallorca.com\\\/blog\\\/es\\\/salinas-es-trenc\\\/\"},\"author\":{\"name\":\"Rui\",\"@id\":\"https:\\\/\\\/www.dracmallorca.com\\\/blog\\\/#\\\/schema\\\/person\\\/9de1ab77468d5df7c1d00753e6da758a\"},\"headline\":\"Salinas d&#8217;Es Trenc: tradici\u00f3n y mucha belleza natural\",\"datePublished\":\"2025-09-24T09:08:56+00:00\",\"dateModified\":\"2026-03-05T07:44:28+00:00\",\"mainEntityOfPage\":{\"@id\":\"https:\\\/\\\/www.dracmallorca.com\\\/blog\\\/es\\\/salinas-es-trenc\\\/\"},\"wordCount\":1058,\"commentCount\":0,\"publisher\":{\"@id\":\"https:\\\/\\\/www.dracmallorca.com\\\/blog\\\/#organization\"},\"image\":{\"@id\":\"https:\\\/\\\/www.dracmallorca.com\\\/blog\\\/es\\\/salinas-es-trenc\\\/#primaryimage\"},\"thumbnailUrl\":\"https:\\\/\\\/www.dracmallorca.com\\\/blog\\\/wp-content\\\/uploads\\\/2025\\\/09\\\/Salinas-dEs-Trenc.jpg\",\"keywords\":[\"No template\"],\"articleSection\":[\"Grupo Drac Santany\u00ed\"],\"inLanguage\":\"es\",\"potentialAction\":[{\"@type\":\"CommentAction\",\"name\":\"Comment\",\"target\":[\"https:\\\/\\\/www.dracmallorca.com\\\/blog\\\/es\\\/salinas-es-trenc\\\/#respond\"]}]},{\"@type\":\"WebPage\",\"@id\":\"https:\\\/\\\/www.dracmallorca.com\\\/blog\\\/es\\\/salinas-es-trenc\\\/\",\"url\":\"https:\\\/\\\/www.dracmallorca.com\\\/blog\\\/es\\\/salinas-es-trenc\\\/\",\"name\":\"Salinas d'Es Trenc: tradici\u00f3n y mucha belleza natural - Experiencias y actividades en Mallorca\",\"isPartOf\":{\"@id\":\"https:\\\/\\\/www.dracmallorca.com\\\/blog\\\/#website\"},\"primaryImageOfPage\":{\"@id\":\"https:\\\/\\\/www.dracmallorca.com\\\/blog\\\/es\\\/salinas-es-trenc\\\/#primaryimage\"},\"image\":{\"@id\":\"https:\\\/\\\/www.dracmallorca.com\\\/blog\\\/es\\\/salinas-es-trenc\\\/#primaryimage\"},\"thumbnailUrl\":\"https:\\\/\\\/www.dracmallorca.com\\\/blog\\\/wp-content\\\/uploads\\\/2025\\\/09\\\/Salinas-dEs-Trenc.jpg\",\"datePublished\":\"2025-09-24T09:08:56+00:00\",\"dateModified\":\"2026-03-05T07:44:28+00:00\",\"description\":\"Descubre las Salinas d\u2019Es Trenc y d\u00e9jate maravillar por su entorno natural \u00fanico.\",\"inLanguage\":\"es\",\"potentialAction\":[{\"@type\":\"ReadAction\",\"target\":[\"https:\\\/\\\/www.dracmallorca.com\\\/blog\\\/es\\\/salinas-es-trenc\\\/\"]}]},{\"@type\":\"ImageObject\",\"inLanguage\":\"es\",\"@id\":\"https:\\\/\\\/www.dracmallorca.com\\\/blog\\\/es\\\/salinas-es-trenc\\\/#primaryimage\",\"url\":\"https:\\\/\\\/www.dracmallorca.com\\\/blog\\\/wp-content\\\/uploads\\\/2025\\\/09\\\/Salinas-dEs-Trenc.jpg\",\"contentUrl\":\"https:\\\/\\\/www.dracmallorca.com\\\/blog\\\/wp-content\\\/uploads\\\/2025\\\/09\\\/Salinas-dEs-Trenc.jpg\",\"width\":2000,\"height\":666,\"caption\":\"Amazing drone aerial landscape of the beautiful salt flats at Colonia de Sant Jordi, Ses Salines, Mallorca, Spain\"},{\"@type\":\"WebSite\",\"@id\":\"https:\\\/\\\/www.dracmallorca.com\\\/blog\\\/#website\",\"url\":\"https:\\\/\\\/www.dracmallorca.com\\\/blog\\\/\",\"name\":\"Experiencias y actividades en Mallorca\",\"description\":\"Drac Mallorca\",\"publisher\":{\"@id\":\"https:\\\/\\\/www.dracmallorca.com\\\/blog\\\/#organization\"},\"potentialAction\":[{\"@type\":\"SearchAction\",\"target\":{\"@type\":\"EntryPoint\",\"urlTemplate\":\"https:\\\/\\\/www.dracmallorca.com\\\/blog\\\/?s={search_term_string}\"},\"query-input\":{\"@type\":\"PropertyValueSpecification\",\"valueRequired\":true,\"valueName\":\"search_term_string\"}}],\"inLanguage\":\"es\"},{\"@type\":\"Organization\",\"@id\":\"https:\\\/\\\/www.dracmallorca.com\\\/blog\\\/#organization\",\"name\":\"Experiencias y actividades en Mallorca\",\"url\":\"https:\\\/\\\/www.dracmallorca.com\\\/blog\\\/\",\"logo\":{\"@type\":\"ImageObject\",\"inLanguage\":\"es\",\"@id\":\"https:\\\/\\\/www.dracmallorca.com\\\/blog\\\/#\\\/schema\\\/logo\\\/image\\\/\",\"url\":\"https:\\\/\\\/www.dracmallorca.com\\\/blog\\\/wp-content\\\/uploads\\\/2023\\\/11\\\/logo-8.png\",\"contentUrl\":\"https:\\\/\\\/www.dracmallorca.com\\\/blog\\\/wp-content\\\/uploads\\\/2023\\\/11\\\/logo-8.png\",\"width\":869,\"height\":248,\"caption\":\"Experiencias y actividades en Mallorca\"},\"image\":{\"@id\":\"https:\\\/\\\/www.dracmallorca.com\\\/blog\\\/#\\\/schema\\\/logo\\\/image\\\/\"}},{\"@type\":\"Person\",\"@id\":\"https:\\\/\\\/www.dracmallorca.com\\\/blog\\\/#\\\/schema\\\/person\\\/9de1ab77468d5df7c1d00753e6da758a\",\"name\":\"Rui\",\"image\":{\"@type\":\"ImageObject\",\"inLanguage\":\"es\",\"@id\":\"https:\\\/\\\/secure.gravatar.com\\\/avatar\\\/a38ee8cdbacfab6e36a7213a319aecff60b0580665839c1ae56aa02edbe73002?s=96&d=mm&r=g\",\"url\":\"https:\\\/\\\/secure.gravatar.com\\\/avatar\\\/a38ee8cdbacfab6e36a7213a319aecff60b0580665839c1ae56aa02edbe73002?s=96&d=mm&r=g\",\"contentUrl\":\"https:\\\/\\\/secure.gravatar.com\\\/avatar\\\/a38ee8cdbacfab6e36a7213a319aecff60b0580665839c1ae56aa02edbe73002?s=96&d=mm&r=g\",\"caption\":\"Rui\"},\"url\":\"https:\\\/\\\/www.dracmallorca.com\\\/blog\\\/es\\\/author\\\/rui\\\/\"}]}<\/script>\n<!-- \/ Yoast SEO plugin. -->","yoast_head_json":{"title":"Salinas d'Es Trenc: tradici\u00f3n y mucha belleza natural - Experiencias y actividades en Mallorca","description":"Descubre las Salinas d\u2019Es Trenc y d\u00e9jate maravillar por su entorno natural \u00fanico.","robots":{"index":"index","follow":"follow","max-snippet":"max-snippet:-1","max-image-preview":"max-image-preview:large","max-video-preview":"max-video-preview:-1"},"canonical":"https:\/\/www.dracmallorca.com\/blog\/es\/salinas-es-trenc\/","og_locale":"es_ES","og_type":"article","og_title":"Salinas d'Es Trenc: tradici\u00f3n y mucha belleza natural - Experiencias y actividades en Mallorca","og_description":"Descubre las Salinas d\u2019Es Trenc y d\u00e9jate maravillar por su entorno natural \u00fanico.","og_url":"https:\/\/www.dracmallorca.com\/blog\/es\/salinas-es-trenc\/","og_site_name":"Experiencias y actividades en Mallorca","article_published_time":"2025-09-24T09:08:56+00:00","article_modified_time":"2026-03-05T07:44:28+00:00","og_image":[{"width":2000,"height":666,"url":"https:\/\/www.dracmallorca.com\/blog\/wp-content\/uploads\/2025\/09\/Salinas-dEs-Trenc.jpg","type":"image\/jpeg"}],"author":"Rui","twitter_card":"summary_large_image","twitter_misc":{"Escrito por":"Rui","Tiempo de lectura":"5 minutos"},"schema":{"@context":"https:\/\/schema.org","@graph":[{"@type":"Article","@id":"https:\/\/www.dracmallorca.com\/blog\/es\/salinas-es-trenc\/#article","isPartOf":{"@id":"https:\/\/www.dracmallorca.com\/blog\/es\/salinas-es-trenc\/"},"author":{"name":"Rui","@id":"https:\/\/www.dracmallorca.com\/blog\/#\/schema\/person\/9de1ab77468d5df7c1d00753e6da758a"},"headline":"Salinas d&#8217;Es Trenc: tradici\u00f3n y mucha belleza natural","datePublished":"2025-09-24T09:08:56+00:00","dateModified":"2026-03-05T07:44:28+00:00","mainEntityOfPage":{"@id":"https:\/\/www.dracmallorca.com\/blog\/es\/salinas-es-trenc\/"},"wordCount":1058,"commentCount":0,"publisher":{"@id":"https:\/\/www.dracmallorca.com\/blog\/#organization"},"image":{"@id":"https:\/\/www.dracmallorca.com\/blog\/es\/salinas-es-trenc\/#primaryimage"},"thumbnailUrl":"https:\/\/www.dracmallorca.com\/blog\/wp-content\/uploads\/2025\/09\/Salinas-dEs-Trenc.jpg","keywords":["No template"],"articleSection":["Grupo Drac Santany\u00ed"],"inLanguage":"es","potentialAction":[{"@type":"CommentAction","name":"Comment","target":["https:\/\/www.dracmallorca.com\/blog\/es\/salinas-es-trenc\/#respond"]}]},{"@type":"WebPage","@id":"https:\/\/www.dracmallorca.com\/blog\/es\/salinas-es-trenc\/","url":"https:\/\/www.dracmallorca.com\/blog\/es\/salinas-es-trenc\/","name":"Salinas d'Es Trenc: tradici\u00f3n y mucha belleza natural - Experiencias y actividades en Mallorca","isPartOf":{"@id":"https:\/\/www.dracmallorca.com\/blog\/#website"},"primaryImageOfPage":{"@id":"https:\/\/www.dracmallorca.com\/blog\/es\/salinas-es-trenc\/#primaryimage"},"image":{"@id":"https:\/\/www.dracmallorca.com\/blog\/es\/salinas-es-trenc\/#primaryimage"},"thumbnailUrl":"https:\/\/www.dracmallorca.com\/blog\/wp-content\/uploads\/2025\/09\/Salinas-dEs-Trenc.jpg","datePublished":"2025-09-24T09:08:56+00:00","dateModified":"2026-03-05T07:44:28+00:00","description":"Descubre las Salinas d\u2019Es Trenc y d\u00e9jate maravillar por su entorno natural \u00fanico.","inLanguage":"es","potentialAction":[{"@type":"ReadAction","target":["https:\/\/www.dracmallorca.com\/blog\/es\/salinas-es-trenc\/"]}]},{"@type":"ImageObject","inLanguage":"es","@id":"https:\/\/www.dracmallorca.com\/blog\/es\/salinas-es-trenc\/#primaryimage","url":"https:\/\/www.dracmallorca.com\/blog\/wp-content\/uploads\/2025\/09\/Salinas-dEs-Trenc.jpg","contentUrl":"https:\/\/www.dracmallorca.com\/blog\/wp-content\/uploads\/2025\/09\/Salinas-dEs-Trenc.jpg","width":2000,"height":666,"caption":"Amazing drone aerial landscape of the beautiful salt flats at Colonia de Sant Jordi, Ses Salines, Mallorca, Spain"},{"@type":"WebSite","@id":"https:\/\/www.dracmallorca.com\/blog\/#website","url":"https:\/\/www.dracmallorca.com\/blog\/","name":"Experiencias y actividades en Mallorca","description":"Drac Mallorca","publisher":{"@id":"https:\/\/www.dracmallorca.com\/blog\/#organization"},"potentialAction":[{"@type":"SearchAction","target":{"@type":"EntryPoint","urlTemplate":"https:\/\/www.dracmallorca.com\/blog\/?s={search_term_string}"},"query-input":{"@type":"PropertyValueSpecification","valueRequired":true,"valueName":"search_term_string"}}],"inLanguage":"es"},{"@type":"Organization","@id":"https:\/\/www.dracmallorca.com\/blog\/#organization","name":"Experiencias y actividades en Mallorca","url":"https:\/\/www.dracmallorca.com\/blog\/","logo":{"@type":"ImageObject","inLanguage":"es","@id":"https:\/\/www.dracmallorca.com\/blog\/#\/schema\/logo\/image\/","url":"https:\/\/www.dracmallorca.com\/blog\/wp-content\/uploads\/2023\/11\/logo-8.png","contentUrl":"https:\/\/www.dracmallorca.com\/blog\/wp-content\/uploads\/2023\/11\/logo-8.png","width":869,"height":248,"caption":"Experiencias y actividades en Mallorca"},"image":{"@id":"https:\/\/www.dracmallorca.com\/blog\/#\/schema\/logo\/image\/"}},{"@type":"Person","@id":"https:\/\/www.dracmallorca.com\/blog\/#\/schema\/person\/9de1ab77468d5df7c1d00753e6da758a","name":"Rui","image":{"@type":"ImageObject","inLanguage":"es","@id":"https:\/\/secure.gravatar.com\/avatar\/a38ee8cdbacfab6e36a7213a319aecff60b0580665839c1ae56aa02edbe73002?s=96&d=mm&r=g","url":"https:\/\/secure.gravatar.com\/avatar\/a38ee8cdbacfab6e36a7213a319aecff60b0580665839c1ae56aa02edbe73002?s=96&d=mm&r=g","contentUrl":"https:\/\/secure.gravatar.com\/avatar\/a38ee8cdbacfab6e36a7213a319aecff60b0580665839c1ae56aa02edbe73002?s=96&d=mm&r=g","caption":"Rui"},"url":"https:\/\/www.dracmallorca.com\/blog\/es\/author\/rui\/"}]}},"_links":{"self":[{"href":"https:\/\/www.dracmallorca.com\/blog\/es\/wp-json\/wp\/v2\/posts\/3718","targetHints":{"allow":["GET"]}}],"collection":[{"href":"https:\/\/www.dracmallorca.com\/blog\/es\/wp-json\/wp\/v2\/posts"}],"about":[{"href":"https:\/\/www.dracmallorca.com\/blog\/es\/wp-json\/wp\/v2\/types\/post"}],"author":[{"embeddable":true,"href":"https:\/\/www.dracmallorca.com\/blog\/es\/wp-json\/wp\/v2\/users\/4"}],"replies":[{"embeddable":true,"href":"https:\/\/www.dracmallorca.com\/blog\/es\/wp-json\/wp\/v2\/comments?post=3718"}],"version-history":[{"count":7,"href":"https:\/\/www.dracmallorca.com\/blog\/es\/wp-json\/wp\/v2\/posts\/3718\/revisions"}],"predecessor-version":[{"id":3753,"href":"https:\/\/www.dracmallorca.com\/blog\/es\/wp-json\/wp\/v2\/posts\/3718\/revisions\/3753"}],"wp:featuredmedia":[{"embeddable":true,"href":"https:\/\/www.dracmallorca.com\/blog\/es\/wp-json\/wp\/v2\/media\/3743"}],"wp:attachment":[{"href":"https:\/\/www.dracmallorca.com\/blog\/es\/wp-json\/wp\/v2\/media?parent=3718"}],"wp:term":[{"taxonomy":"category","embeddable":true,"href":"https:\/\/www.dracmallorca.com\/blog\/es\/wp-json\/wp\/v2\/categories?post=3718"},{"taxonomy":"post_tag","embeddable":true,"href":"https:\/\/www.dracmallorca.com\/blog\/es\/wp-json\/wp\/v2\/tags?post=3718"}],"curies":[{"name":"wp","href":"https:\/\/api.w.org\/{rel}","templated":true}]}}