{"id":3349,"date":"2025-06-23T07:15:06","date_gmt":"2025-06-23T07:15:06","guid":{"rendered":"https:\/\/www.dracmallorca.com\/blog\/?p=3349"},"modified":"2026-03-05T07:44:29","modified_gmt":"2026-03-05T07:44:29","slug":"cala-egos","status":"publish","type":"post","link":"https:\/\/www.dracmallorca.com\/blog\/es\/cala-egos\/","title":{"rendered":"Una cala muy especial en Mallorca: Cala Egos"},"content":{"rendered":"\t\t<div data-elementor-type=\"wp-post\" data-elementor-id=\"3349\" class=\"elementor elementor-3349\" data-elementor-post-type=\"post\">\n\t\t\t\t<div class=\"elementor-element elementor-element-7fb041d8 e-flex e-con-boxed e-con e-parent\" data-id=\"7fb041d8\" data-element_type=\"container\" data-e-type=\"container\">\n\t\t\t\t\t<div class=\"e-con-inner\">\n\t\t\t\t<div class=\"elementor-element elementor-element-3354b229 elementor-widget elementor-widget-text-editor\" data-id=\"3354b229\" data-element_type=\"widget\" data-e-type=\"widget\" data-widget_type=\"text-editor.default\">\n\t\t\t\t<div class=\"elementor-widget-container\">\n\t\t\t\t\t\t\t\t\t<p><span style=\"font-weight: 400;\">\u00bfQuieres descubrir una cala oculta, tranquila, con aguas cristalinas y envuelta en acantilados con vegetaci\u00f3n? Pues est\u00e1s de suerte: te presentamos Cala Egos, en Mallorca. Un lugar m\u00e1gico, que tambi\u00e9n se conoce como \u201cCal\u00f3 de ses Egos\u201d, y que est\u00e1 ubicado en Santany\u00ed (uno de los pueblos m\u00e1s bonitos de Mallorca). Es una peque\u00f1a playa con 70 metros de longitud, de f\u00e1cil acceso y\u00a0 muy cerca de tiendas y restaurantes. Es la opci\u00f3n perfecta si lo que buscas es un poco de paz para tomar el sol y darte un ba\u00f1o en el Mediterr\u00e1neo. Descubre en este art\u00edculo las actividades, consejos y motivos para visitar Cala Egos en Mallorca.<\/span><\/p>\t\t\t\t\t\t\t\t<\/div>\n\t\t\t\t<\/div>\n\t\t\t\t\t<\/div>\n\t\t\t\t<\/div>\n\t\t<div class=\"elementor-element elementor-element-e287035 e-flex e-con-boxed e-con e-parent\" data-id=\"e287035\" data-element_type=\"container\" data-e-type=\"container\">\n\t\t\t\t\t<div class=\"e-con-inner\">\n\t\t\t\t<div class=\"elementor-element elementor-element-3037ebd0 elementor-widget elementor-widget-table-of-contents\" data-id=\"3037ebd0\" data-element_type=\"widget\" data-e-type=\"widget\" data-settings=\"{&quot;headings_by_tags&quot;:[&quot;h2&quot;,&quot;h3&quot;],&quot;exclude_headings_by_selector&quot;:[],&quot;marker_view&quot;:&quot;bullets&quot;,&quot;icon&quot;:{&quot;value&quot;:&quot;&quot;,&quot;library&quot;:&quot;&quot;},&quot;no_headings_message&quot;:&quot;No headings were found on this page.&quot;,&quot;hierarchical_view&quot;:&quot;yes&quot;,&quot;min_height&quot;:{&quot;unit&quot;:&quot;px&quot;,&quot;size&quot;:&quot;&quot;,&quot;sizes&quot;:[]},&quot;min_height_tablet&quot;:{&quot;unit&quot;:&quot;px&quot;,&quot;size&quot;:&quot;&quot;,&quot;sizes&quot;:[]},&quot;min_height_mobile&quot;:{&quot;unit&quot;:&quot;px&quot;,&quot;size&quot;:&quot;&quot;,&quot;sizes&quot;:[]}}\" data-widget_type=\"table-of-contents.default\">\n\t\t\t\t<div class=\"elementor-widget-container\">\n\t\t\t\t\t\t\t\t\t<div class=\"elementor-toc__header\">\n\t\t\t\t\t\t<div class=\"elementor-toc__header-title\">\n\t\t\t\t\u00cdndice\t\t\t<\/div>\n\t\t\t\t\t\t\t\t<\/div>\n\t\t\t\t<div id=\"elementor-toc__3037ebd0\" class=\"elementor-toc__body\">\n\t\t\t<div class=\"elementor-toc__spinner-container\">\n\t\t\t\t<svg class=\"elementor-toc__spinner eicon-animation-spin e-font-icon-svg e-eicon-loading\" aria-hidden=\"true\" viewBox=\"0 0 1000 1000\" xmlns=\"http:\/\/www.w3.org\/2000\/svg\"><path d=\"M500 975V858C696 858 858 696 858 500S696 142 500 142 142 304 142 500H25C25 237 238 25 500 25S975 237 975 500 763 975 500 975Z\"><\/path><\/svg>\t\t\t<\/div>\n\t\t<\/div>\n\t\t\t\t\t\t<\/div>\n\t\t\t\t<\/div>\n\t\t\t\t\t<\/div>\n\t\t\t\t<\/div>\n\t\t<div class=\"elementor-element elementor-element-b5bce1e e-flex e-con-boxed e-con e-parent\" data-id=\"b5bce1e\" data-element_type=\"container\" data-e-type=\"container\">\n\t\t\t\t\t<div class=\"e-con-inner\">\n\t\t\t\t<div class=\"elementor-element elementor-element-5c7e4e10 elementor-widget elementor-widget-heading\" data-id=\"5c7e4e10\" data-element_type=\"widget\" data-e-type=\"widget\" data-widget_type=\"heading.default\">\n\t\t\t\t<div class=\"elementor-widget-container\">\n\t\t\t\t\t<h2 class=\"elementor-heading-title elementor-size-default\">Las mejores actividades en Cala Egos<\/h2>\t\t\t\t<\/div>\n\t\t\t\t<\/div>\n\t\t\t\t<div class=\"elementor-element elementor-element-21e50f76 elementor-widget elementor-widget-text-editor\" data-id=\"21e50f76\" data-element_type=\"widget\" data-e-type=\"widget\" data-widget_type=\"text-editor.default\">\n\t\t\t\t<div class=\"elementor-widget-container\">\n\t\t\t\t\t\t\t\t\t<p><span style=\"font-weight: 400;\">Esta playa ofrece lo que mucha gente busca en Mallorca: un espacio tranquilo para aprovechar lo mejor de la isla. Esto es lo que podr\u00e1s hacer en Cala Egos:<\/span><\/p><ul><li><b>Explorar el mar<\/b><span style=\"font-weight: 400;\">: puedes nadar en sus aguas tranquilas o hacer snorkel para observar el precioso fondo marino con buenas condiciones de visibilidad, ya que apenas hay olas o corrientes.<br \/><\/span><\/li><li><b>Pasear en kayak o paddle surf<\/b><span style=\"font-weight: 400;\">: al\u00e9jate un poco de la arena y explora la zona desde otra perspectiva; encontrar\u00e1s varias calas a poca distancia que tambi\u00e9n merecen una visita, como Cala Mondrag\u00f3, Porto Petro o Cala Esmeralda. Es importante referir que estas calas est\u00e1n ubicadas en la localidad de Cala d\u2019Or, una de las m\u00e1s bonitas de la isla.<br \/><br \/><\/span><\/li><li><b>Excursiones en barco<\/b><span style=\"font-weight: 400;\">: una de las actividades m\u00e1s espectaculares que puedes hacer en Mallorca es alquilar un barco o contratar una excursi\u00f3n que te lleve a descubrir calas inaccesibles por otra v\u00eda, a darte un ba\u00f1o, hacer snorkel o bucear lejos de la costa, y a disfrutar de la vida viendo una de las mejores puestas de sol del mundo.<br \/><br \/><\/span><\/li><li><b>Paseos por la isla<\/b><span style=\"font-weight: 400;\">: desde Cala Egos puedes tomar varios senderos que te permiten pasear por las partes m\u00e1s naturales de Mallorca, entre pinos y acantilados, creando as\u00ed una conexi\u00f3n muy sana con esta joya del Mediterr\u00e1neo.<br \/><br \/><\/span><\/li><li><b>Visitar Santany\u00ed<\/b><span style=\"font-weight: 400;\">: este es uno de los <\/span><a href=\"https:\/\/www.dracmallorca.com\/blog\/es\/pueblos-bonitos-mallorca\/\"><span style=\"font-weight: 400;\">pueblos m\u00e1s bonitos de Mallorca<\/span><\/a><span style=\"font-weight: 400;\">, y est\u00e1 ubicado a unos 20 minutos en coche de Cala Egos. Es una buena opci\u00f3n para probar la gastronom\u00eda de la isla en uno de sus buenos restaurantes y sentir el estilo de vida mallorqu\u00edn.<\/span><\/li><\/ul>\t\t\t\t\t\t\t\t<\/div>\n\t\t\t\t<\/div>\n\t\t\t\t<div class=\"elementor-element elementor-element-e378996 elementor-widget elementor-widget-image\" data-id=\"e378996\" data-element_type=\"widget\" data-e-type=\"widget\" data-widget_type=\"image.default\">\n\t\t\t\t<div class=\"elementor-widget-container\">\n\t\t\t\t\t\t\t\t\t\t\t\t\t\t\t<img fetchpriority=\"high\" decoding=\"async\" width=\"1254\" height=\"627\" src=\"https:\/\/www.dracmallorca.com\/blog\/wp-content\/uploads\/2025\/06\/Cala-Egos-mallorca.jpg\" class=\"attachment-full size-full wp-image-3358\" alt=\"\" srcset=\"https:\/\/www.dracmallorca.com\/blog\/wp-content\/uploads\/2025\/06\/Cala-Egos-mallorca.jpg 1254w, https:\/\/www.dracmallorca.com\/blog\/wp-content\/uploads\/2025\/06\/Cala-Egos-mallorca-300x150.jpg 300w, https:\/\/www.dracmallorca.com\/blog\/wp-content\/uploads\/2025\/06\/Cala-Egos-mallorca-1024x512.jpg 1024w, https:\/\/www.dracmallorca.com\/blog\/wp-content\/uploads\/2025\/06\/Cala-Egos-mallorca-768x384.jpg 768w\" sizes=\"(max-width: 1254px) 100vw, 1254px\" \/>\t\t\t\t\t\t\t\t\t\t\t\t\t\t\t<\/div>\n\t\t\t\t<\/div>\n\t\t\t\t\t<\/div>\n\t\t\t\t<\/div>\n\t\t<div class=\"elementor-element elementor-element-43c8b08 e-flex e-con-boxed e-con e-parent\" data-id=\"43c8b08\" data-element_type=\"container\" data-e-type=\"container\">\n\t\t\t\t\t<div class=\"e-con-inner\">\n\t\t\t\t<div class=\"elementor-element elementor-element-bf91946 elementor-widget elementor-widget-heading\" data-id=\"bf91946\" data-element_type=\"widget\" data-e-type=\"widget\" data-widget_type=\"heading.default\">\n\t\t\t\t<div class=\"elementor-widget-container\">\n\t\t\t\t\t<h3 class=\"elementor-heading-title elementor-size-default\">La piscina natural de Cala Egos<\/h3>\t\t\t\t<\/div>\n\t\t\t\t<\/div>\n\t\t\t\t<div class=\"elementor-element elementor-element-ba48a92 elementor-widget elementor-widget-text-editor\" data-id=\"ba48a92\" data-element_type=\"widget\" data-e-type=\"widget\" data-widget_type=\"text-editor.default\">\n\t\t\t\t<div class=\"elementor-widget-container\">\n\t\t\t\t\t\t\t\t\t<p><span style=\"font-weight: 400;\">Una de las particularidades de Cala Egos en Mallorca es su piscina natural, creada entre las rocas de forma org\u00e1nica y que cuenta con un sistema de bombeo para renovar el agua salada. Es un lugar divertido y perfectamente seguro que permite disfrutar de una manera diferente. Para llegar a esta piscina debes coger el sendero ubicado en la rotonda n\u00famero 18, tomando el camino de la derecha en direcci\u00f3n al mar, y ah\u00ed la encontrar\u00e1s. Suele tener un ambiente tranquilo y podr\u00e1s aprovechar las vistas al mar para sacar fotos espectaculares.<\/span><\/p><p><span style=\"font-weight: 400;\">La piscina natural de Cala Egos no es de dif\u00edcil acceso, pero es necesario tener cuidado para no resbalar en las piedras (de hecho, es recomendable llevar calzado adecuado). Debes tener en cuenta, adem\u00e1s, que la piscina se vac\u00eda y llena varias veces por semana.<\/span><\/p>\t\t\t\t\t\t\t\t<\/div>\n\t\t\t\t<\/div>\n\t\t\t\t<div class=\"elementor-element elementor-element-f523154 elementor-widget elementor-widget-image\" data-id=\"f523154\" data-element_type=\"widget\" data-e-type=\"widget\" data-widget_type=\"image.default\">\n\t\t\t\t<div class=\"elementor-widget-container\">\n\t\t\t\t\t\t\t\t\t\t\t\t\t\t\t<img decoding=\"async\" width=\"1183\" height=\"591\" src=\"https:\/\/www.dracmallorca.com\/blog\/wp-content\/uploads\/2025\/06\/Cala-Egos-santanyi.jpg\" class=\"attachment-full size-full wp-image-3362\" alt=\"\" srcset=\"https:\/\/www.dracmallorca.com\/blog\/wp-content\/uploads\/2025\/06\/Cala-Egos-santanyi.jpg 1183w, https:\/\/www.dracmallorca.com\/blog\/wp-content\/uploads\/2025\/06\/Cala-Egos-santanyi-300x150.jpg 300w, https:\/\/www.dracmallorca.com\/blog\/wp-content\/uploads\/2025\/06\/Cala-Egos-santanyi-1024x512.jpg 1024w, https:\/\/www.dracmallorca.com\/blog\/wp-content\/uploads\/2025\/06\/Cala-Egos-santanyi-768x384.jpg 768w\" sizes=\"(max-width: 1183px) 100vw, 1183px\" \/>\t\t\t\t\t\t\t\t\t\t\t\t\t\t\t<\/div>\n\t\t\t\t<\/div>\n\t\t\t\t\t<\/div>\n\t\t\t\t<\/div>\n\t\t<div class=\"elementor-element elementor-element-63c6fd6 e-flex e-con-boxed e-con e-parent\" data-id=\"63c6fd6\" data-element_type=\"container\" data-e-type=\"container\">\n\t\t\t\t\t<div class=\"e-con-inner\">\n\t\t\t\t<div class=\"elementor-element elementor-element-4990062 elementor-widget elementor-widget-heading\" data-id=\"4990062\" data-element_type=\"widget\" data-e-type=\"widget\" data-widget_type=\"heading.default\">\n\t\t\t\t<div class=\"elementor-widget-container\">\n\t\t\t\t\t<h2 class=\"elementor-heading-title elementor-size-default\">Consejos para visitar Cala Egos<\/h2>\t\t\t\t<\/div>\n\t\t\t\t<\/div>\n\t\t\t\t<div class=\"elementor-element elementor-element-0e2d33d elementor-widget elementor-widget-text-editor\" data-id=\"0e2d33d\" data-element_type=\"widget\" data-e-type=\"widget\" data-widget_type=\"text-editor.default\">\n\t\t\t\t<div class=\"elementor-widget-container\">\n\t\t\t\t\t\t\t\t\t<p><span style=\"font-weight: 400;\">Para que puedas aprovechar de la mejor forma tu visita a Cala Egos en Mallorca, te dejamos algunos consejos importantes:<\/span><\/p><ul><li><span style=\"font-weight: 400;\"><span style=\"font-weight: 400;\">La temporada alta son los meses de verano, como en el resto de la isla. Eso significa que entre junio y septiembre ver\u00e1s mucha gente en esta cala, y es recomendable llegar muy pronto por la ma\u00f1ana para encontrar un lugar tranquilo. Lo mismo es v\u00e1lido para su piscina natural: durante las primeras horas de la ma\u00f1ana o al final de la tarde tendr\u00e1s m\u00e1s probabilidades de encontrar tu espacio.<\/span><\/span><p>\u00a0<\/p><\/li><li><span style=\"font-weight: 400;\"><span style=\"font-weight: 400;\"><span style=\"font-weight: 400;\">La forma m\u00e1s f\u00e1cil de llegar a Cala Egos es en coche. Existe un parking en las inmediaciones y puedes aparcar en la calle a poca distancia, pero es dif\u00edcil encontrar aparcamiento si no llegas pronto. Tambi\u00e9n puedes llegar en autob\u00fas desde Santany\u00ed o cualquier zona de Cala d\u2019Or, cuya l\u00ednea tiene una parada muy cerca de Cala Egos.<\/span><\/span><\/span><p>\u00a0<\/p><\/li><li><span style=\"font-weight: 400;\">Reserva tu alojamiento con antelaci\u00f3n, ya que Mallorca es una isla con una gran demanda tur\u00edstica y las opciones suelen agotarse r\u00e1pidamente. Reservar con antelaci\u00f3n es la mejor forma de encontrar <\/span><a href=\"https:\/\/www.dracmallorca.com\/blog\/es\/los-mejores-alojamientos-con-piscina-privada-en-el-sur-de-mallorca\/\"><span style=\"font-weight: 400;\">un alojamiento a tu medida<\/span><\/a><span style=\"font-weight: 400;\"><span style=\"font-weight: 400;\"> y aprovechar los precios m\u00e1s bajos.<\/span><\/span><p>\u00a0<\/p><\/li><li><span style=\"font-weight: 400;\"><span style=\"font-weight: 400;\">No te olvides de protegerte: lleva protector solar, mucha agua, una gorra y gafas de sol, para que puedas aprovechar sin preocupaciones. Tambi\u00e9n es buena idea llevar escarpines o calzado de agua, para evitar resbalones, especialmente en la piscina natural de Cala Egos.<\/span><\/span><p>\u00a0<\/p><\/li><li><span style=\"font-weight: 400;\">Si quieres hacer snorkel o cualquier otra actividad, recuerda que debes llevar tu material, ya que en esta cala no existe ning\u00fan tipo de servicio de alquiler. Por otro lado, lleva tambi\u00e9n bolsas para recoger tu basura y dejar la cala limpia.<br \/><\/span><span style=\"font-weight: 400;\"><br \/><\/span><\/li><li><span style=\"font-weight: 400;\">Visita las calas en los alrededores de Cala Egos o dedica alg\u00fan tiempo a explorar Santany\u00ed o a <\/span><a href=\"https:\/\/www.dracmallorca.com\/blog\/es\/donde-comer-en-santany\/\"><span style=\"font-weight: 400;\">probar la gastronom\u00eda de la isla<\/span><\/a><span style=\"font-weight: 400;\">. Esta zona ofrece varias opciones, \u00a1aprov\u00e9chalas!<\/span><\/li><\/ul>\t\t\t\t\t\t\t\t<\/div>\n\t\t\t\t<\/div>\n\t\t\t\t\t<\/div>\n\t\t\t\t<\/div>\n\t\t<div class=\"elementor-element elementor-element-85e2b98 e-flex e-con-boxed e-con e-parent\" data-id=\"85e2b98\" data-element_type=\"container\" data-e-type=\"container\">\n\t\t\t\t\t<div class=\"e-con-inner\">\n\t\t\t\t<div class=\"elementor-element elementor-element-50a24cf elementor-widget elementor-widget-google_maps\" data-id=\"50a24cf\" data-element_type=\"widget\" data-e-type=\"widget\" data-widget_type=\"google_maps.default\">\n\t\t\t\t<div class=\"elementor-widget-container\">\n\t\t\t\t\t\t\t<div class=\"elementor-custom-embed\">\n\t\t\t<iframe loading=\"lazy\"\n\t\t\t\t\tsrc=\"https:\/\/maps.google.com\/maps?q=Cala%20Egos%20&#038;t=m&#038;z=12&#038;output=embed&#038;iwloc=near\"\n\t\t\t\t\ttitle=\"Cala Egos \"\n\t\t\t\t\taria-label=\"Cala Egos \"\n\t\t\t><\/iframe>\n\t\t<\/div>\n\t\t\t\t\t\t<\/div>\n\t\t\t\t<\/div>\n\t\t\t\t\t<\/div>\n\t\t\t\t<\/div>\n\t\t<div class=\"elementor-element elementor-element-c51035c e-flex e-con-boxed e-con e-parent\" data-id=\"c51035c\" data-element_type=\"container\" data-e-type=\"container\">\n\t\t\t\t\t<div class=\"e-con-inner\">\n\t\t\t\t<div class=\"elementor-element elementor-element-16f0f7e elementor-widget elementor-widget-heading\" data-id=\"16f0f7e\" data-element_type=\"widget\" data-e-type=\"widget\" data-widget_type=\"heading.default\">\n\t\t\t\t<div class=\"elementor-widget-container\">\n\t\t\t\t\t<h2 class=\"elementor-heading-title elementor-size-default\">Cala Egos en Mallorca: peque\u00f1o para\u00edso<\/h2>\t\t\t\t<\/div>\n\t\t\t\t<\/div>\n\t\t\t\t<div class=\"elementor-element elementor-element-5bd82a1 elementor-widget elementor-widget-text-editor\" data-id=\"5bd82a1\" data-element_type=\"widget\" data-e-type=\"widget\" data-widget_type=\"text-editor.default\">\n\t\t\t\t<div class=\"elementor-widget-container\">\n\t\t\t\t\t\t\t\t\t<p><span style=\"font-weight: 400;\">Ahora que ya conoces una de las calas m\u00e1s secretas de Mallorca, re\u00fane a tu familia, llama a tus amigos o invita a tu pareja y ven a disfrutar de esta isla m\u00e1gica. Aqu\u00ed encontrar\u00e1s todo lo que necesitas para unas <\/span><a href=\"https:\/\/www.dracmallorca.com\/blog\/es\/vacaciones-en-mallorca-descubre-las-mejores-zonas\/\"><span style=\"font-weight: 400;\">vacaciones de ensue\u00f1o<\/span><\/a><span style=\"font-weight: 400;\">: amplias playas, peque\u00f1as calas, una gastronom\u00eda riqu\u00edsima y pueblos de monta\u00f1a con encanto; podr\u00e1s realizar paseos en barco o practicar deportes acu\u00e1ticos, visitar museos o viajar en trenes hist\u00f3ricos. T\u00fa eliges.<\/span><\/p><p><span style=\"font-weight: 400;\">Si todav\u00eda no has reservado tu alojamiento, te sugerimos echar un vistazo a <\/span><a href=\"https:\/\/www.dracmallorca.com\/\"><span style=\"font-weight: 400;\">Drac Mallorca<\/span><\/a><span style=\"font-weight: 400;\">, expertos en alquiler vacacional en el sur de Mallorca. Busca tu pr\u00f3ximo hogar de vacaciones entre una gran selecci\u00f3n de casas, fincas y apartamentos, con caracter\u00edsticas perfectas para todos los gustos: piscina, barbacoa, pet-friendly, terraza, frente al mar o hacia el interior\u2026 Una vez m\u00e1s, t\u00fa eliges. Y solo tendr\u00e1s que disfrutar de momentos inolvidables en Mallorca.<\/span><\/p>\t\t\t\t\t\t\t\t<\/div>\n\t\t\t\t<\/div>\n\t\t\t\t\t<\/div>\n\t\t\t\t<\/div>\n\t\t<div class=\"elementor-element elementor-element-645bbab e-flex e-con-boxed e-con e-parent\" data-id=\"645bbab\" data-element_type=\"container\" data-e-type=\"container\">\n\t\t\t\t\t<div class=\"e-con-inner\">\n\t\t\t\t\t<\/div>\n\t\t\t\t<\/div>\n\t\t<div class=\"elementor-element elementor-element-54a30daa e-flex e-con-boxed e-con e-parent\" data-id=\"54a30daa\" data-element_type=\"container\" data-e-type=\"container\">\n\t\t\t\t\t<div class=\"e-con-inner\">\n\t\t<div class=\"elementor-element elementor-element-7cc84caf e-con-full e-flex e-con e-child\" data-id=\"7cc84caf\" data-element_type=\"container\" data-e-type=\"container\">\n\t\t\t\t<div class=\"elementor-element elementor-element-35cc11ea elementor-cta--skin-cover elementor-cta--valign-bottom elementor-animated-content elementor-bg-transform elementor-bg-transform-zoom-in elementor-widget elementor-widget-call-to-action\" data-id=\"35cc11ea\" data-element_type=\"widget\" data-e-type=\"widget\" data-widget_type=\"call-to-action.default\">\n\t\t\t\t<div class=\"elementor-widget-container\">\n\t\t\t\t\t\t\t<div class=\"elementor-cta\">\n\t\t\t\t\t<div class=\"elementor-cta__bg-wrapper\">\n\t\t\t\t<div class=\"elementor-cta__bg elementor-bg\" style=\"background-image: url(https:\/\/www.dracmallorca.com\/blog\/wp-content\/uploads\/2024\/02\/mirador-es-pontas-mallorca-1920x630.jpg);\" role=\"img\" aria-label=\"mirador-es-pontas-mallorca\"><\/div>\n\t\t\t\t<div class=\"elementor-cta__bg-overlay\"><\/div>\n\t\t\t<\/div>\n\t\t\t\t\t\t\t<div class=\"elementor-cta__content\">\n\t\t\t\t\n\t\t\t\t\n\t\t\t\t\n\t\t\t\t\t\t\t\t\t<div class=\"elementor-cta__button-wrapper elementor-cta__content-item elementor-content-item elementor-animated-item--grow\">\n\t\t\t\t\t<a class=\"elementor-cta__button elementor-button elementor-size-\" href=\"https:\/\/www.dracmallorca.com\/alquiler-vacacional-sudeste-mallorca\/\">\n\t\t\t\t\t\tSur de Mallorca\t\t\t\t\t<\/a>\n\t\t\t\t\t<\/div>\n\t\t\t\t\t\t\t<\/div>\n\t\t\t\t\t\t<\/div>\n\t\t\t\t\t\t<\/div>\n\t\t\t\t<\/div>\n\t\t\t\t<\/div>\n\t\t<div class=\"elementor-element elementor-element-82b1f93 e-con-full e-flex e-con e-child\" data-id=\"82b1f93\" data-element_type=\"container\" data-e-type=\"container\">\n\t\t\t\t<div class=\"elementor-element elementor-element-3eddb547 elementor-cta--skin-cover elementor-cta--valign-bottom elementor-animated-content elementor-bg-transform elementor-bg-transform-zoom-in elementor-widget elementor-widget-call-to-action\" data-id=\"3eddb547\" data-element_type=\"widget\" data-e-type=\"widget\" data-widget_type=\"call-to-action.default\">\n\t\t\t\t<div class=\"elementor-widget-container\">\n\t\t\t\t\t\t\t<div class=\"elementor-cta\">\n\t\t\t\t\t<div class=\"elementor-cta__bg-wrapper\">\n\t\t\t\t<div class=\"elementor-cta__bg elementor-bg\" style=\"background-image: url(https:\/\/www.dracmallorca.com\/blog\/wp-content\/uploads\/2023\/12\/Cala-Santanyi-1920x630.jpg);\" role=\"img\" aria-label=\"Cala Santanyi\"><\/div>\n\t\t\t\t<div class=\"elementor-cta__bg-overlay\"><\/div>\n\t\t\t<\/div>\n\t\t\t\t\t\t\t<div class=\"elementor-cta__content\">\n\t\t\t\t\n\t\t\t\t\n\t\t\t\t\n\t\t\t\t\t\t\t\t\t<div class=\"elementor-cta__button-wrapper elementor-cta__content-item elementor-content-item elementor-animated-item--grow\">\n\t\t\t\t\t<a class=\"elementor-cta__button elementor-button elementor-size-\" href=\"https:\/\/www.dracmallorca.com\/alquiler-vacacional-cala-santanyi-mallorca\">\n\t\t\t\t\t\tCala Santanyi\t\t\t\t\t<\/a>\n\t\t\t\t\t<\/div>\n\t\t\t\t\t\t\t<\/div>\n\t\t\t\t\t\t<\/div>\n\t\t\t\t\t\t<\/div>\n\t\t\t\t<\/div>\n\t\t\t\t<\/div>\n\t\t<div class=\"elementor-element elementor-element-4e74f3c1 e-con-full e-flex e-con e-child\" data-id=\"4e74f3c1\" data-element_type=\"container\" data-e-type=\"container\">\n\t\t\t\t<div class=\"elementor-element elementor-element-358d8c81 elementor-cta--skin-cover elementor-cta--valign-bottom elementor-animated-content elementor-bg-transform elementor-bg-transform-zoom-in elementor-widget elementor-widget-call-to-action\" data-id=\"358d8c81\" data-element_type=\"widget\" data-e-type=\"widget\" data-widget_type=\"call-to-action.default\">\n\t\t\t\t<div class=\"elementor-widget-container\">\n\t\t\t\t\t\t\t<div class=\"elementor-cta\">\n\t\t\t\t\t<div class=\"elementor-cta__bg-wrapper\">\n\t\t\t\t<div class=\"elementor-cta__bg elementor-bg\" style=\"background-image: url(https:\/\/www.dracmallorca.com\/blog\/wp-content\/uploads\/2023\/12\/Santanyi-1920x630.jpg);\" role=\"img\" aria-label=\"Santanyi\"><\/div>\n\t\t\t\t<div class=\"elementor-cta__bg-overlay\"><\/div>\n\t\t\t<\/div>\n\t\t\t\t\t\t\t<div class=\"elementor-cta__content\">\n\t\t\t\t\n\t\t\t\t\n\t\t\t\t\n\t\t\t\t\t\t\t\t\t<div class=\"elementor-cta__button-wrapper elementor-cta__content-item elementor-content-item elementor-animated-item--grow\">\n\t\t\t\t\t<a class=\"elementor-cta__button elementor-button elementor-size-\" href=\"https:\/\/www.dracmallorca.com\/alojamiento-en-santanyi\/\">\n\t\t\t\t\t\tSantanyi\t\t\t\t\t<\/a>\n\t\t\t\t\t<\/div>\n\t\t\t\t\t\t\t<\/div>\n\t\t\t\t\t\t<\/div>\n\t\t\t\t\t\t<\/div>\n\t\t\t\t<\/div>\n\t\t\t\t<\/div>\n\t\t<div class=\"elementor-element elementor-element-7e86f13d e-con-full e-flex e-con e-child\" data-id=\"7e86f13d\" data-element_type=\"container\" data-e-type=\"container\">\n\t\t\t\t<div class=\"elementor-element elementor-element-32db1714 elementor-cta--skin-cover elementor-cta--valign-bottom elementor-animated-content elementor-bg-transform elementor-bg-transform-zoom-in elementor-widget elementor-widget-call-to-action\" data-id=\"32db1714\" data-element_type=\"widget\" data-e-type=\"widget\" data-widget_type=\"call-to-action.default\">\n\t\t\t\t<div class=\"elementor-widget-container\">\n\t\t\t\t\t\t\t<div class=\"elementor-cta\">\n\t\t\t\t\t<div class=\"elementor-cta__bg-wrapper\">\n\t\t\t\t<div class=\"elementor-cta__bg elementor-bg\" style=\"background-image: url(https:\/\/www.dracmallorca.com\/blog\/wp-content\/uploads\/2024\/05\/Can-Talaia-1920x630.jpg);\" role=\"img\" aria-label=\"Can Talaia\"><\/div>\n\t\t\t\t<div class=\"elementor-cta__bg-overlay\"><\/div>\n\t\t\t<\/div>\n\t\t\t\t\t\t\t<div class=\"elementor-cta__content\">\n\t\t\t\t\n\t\t\t\t\n\t\t\t\t\n\t\t\t\t\t\t\t\t\t<div class=\"elementor-cta__button-wrapper elementor-cta__content-item elementor-content-item elementor-animated-item--grow\">\n\t\t\t\t\t<a class=\"elementor-cta__button elementor-button elementor-size-\" href=\"https:\/\/www.dracmallorca.com\/alquiler-vacacional-cala-figuera\/\">\n\t\t\t\t\t\tCala Figueras\t\t\t\t\t<\/a>\n\t\t\t\t\t<\/div>\n\t\t\t\t\t\t\t<\/div>\n\t\t\t\t\t\t<\/div>\n\t\t\t\t\t\t<\/div>\n\t\t\t\t<\/div>\n\t\t\t\t<\/div>\n\t\t\t\t\t<\/div>\n\t\t\t\t<\/div>\n\t\t\t\t<\/div>\n\t\t","protected":false},"excerpt":{"rendered":"<p>\u00bfQuieres descubrir una cala oculta, tranquila, con aguas cristalinas y envuelta en acantilados con vegetaci\u00f3n? Pues est\u00e1s de suerte: te presentamos Cala Egos, en Mallorca. Un lugar m\u00e1gico, que tambi\u00e9n se conoce como \u201cCal\u00f3 de ses Egos\u201d, y que est\u00e1 ubicado en Santany\u00ed (uno de los pueblos m\u00e1s bonitos de Mallorca). Es una peque\u00f1a playa [&hellip;]<\/p>\n","protected":false},"author":4,"featured_media":3363,"comment_status":"open","ping_status":"closed","sticky":false,"template":"","format":"standard","meta":{"footnotes":""},"categories":[3],"tags":[124],"class_list":["post-3349","post","type-post","status-publish","format-standard","has-post-thumbnail","hentry","category-grupo-drac","tag-no-template"],"yoast_head":"<!-- This site is optimized with the Yoast SEO plugin v27.4 - https:\/\/yoast.com\/product\/yoast-seo-wordpress\/ -->\n<title>Una cala muy especial en Mallorca: Cala Egos - Experiencias y actividades en Mallorca<\/title>\n<meta name=\"description\" content=\"Descubre Cala Egos, un tesoro escondida en Mallorca con aguas cristalinas y calma. Ven a visitar esta maravillosa cala del sur de la isla.\" \/>\n<meta name=\"robots\" content=\"index, follow, max-snippet:-1, max-image-preview:large, max-video-preview:-1\" \/>\n<link rel=\"canonical\" href=\"https:\/\/www.dracmallorca.com\/blog\/es\/cala-egos\/\" \/>\n<meta property=\"og:locale\" content=\"es_ES\" \/>\n<meta property=\"og:type\" content=\"article\" \/>\n<meta property=\"og:title\" content=\"Una cala muy especial en Mallorca: Cala Egos - Experiencias y actividades en Mallorca\" \/>\n<meta property=\"og:description\" content=\"Descubre Cala Egos, un tesoro escondida en Mallorca con aguas cristalinas y calma. Ven a visitar esta maravillosa cala del sur de la isla.\" \/>\n<meta property=\"og:url\" content=\"https:\/\/www.dracmallorca.com\/blog\/es\/cala-egos\/\" \/>\n<meta property=\"og:site_name\" content=\"Experiencias y actividades en Mallorca\" \/>\n<meta property=\"article:published_time\" content=\"2025-06-23T07:15:06+00:00\" \/>\n<meta property=\"article:modified_time\" content=\"2026-03-05T07:44:29+00:00\" \/>\n<meta property=\"og:image\" content=\"https:\/\/www.dracmallorca.com\/blog\/wp-content\/uploads\/2025\/06\/Cala-Egos.jpg\" \/>\n\t<meta property=\"og:image:width\" content=\"1920\" \/>\n\t<meta property=\"og:image:height\" content=\"640\" \/>\n\t<meta property=\"og:image:type\" content=\"image\/jpeg\" \/>\n<meta name=\"author\" content=\"Rui\" \/>\n<meta name=\"twitter:card\" content=\"summary_large_image\" \/>\n<meta name=\"twitter:label1\" content=\"Escrito por\" \/>\n\t<meta name=\"twitter:data1\" content=\"Rui\" \/>\n\t<meta name=\"twitter:label2\" content=\"Tiempo de lectura\" \/>\n\t<meta name=\"twitter:data2\" content=\"5 minutos\" \/>\n<script type=\"application\/ld+json\" class=\"yoast-schema-graph\">{\"@context\":\"https:\\\/\\\/schema.org\",\"@graph\":[{\"@type\":\"Article\",\"@id\":\"https:\\\/\\\/www.dracmallorca.com\\\/blog\\\/es\\\/cala-egos\\\/#article\",\"isPartOf\":{\"@id\":\"https:\\\/\\\/www.dracmallorca.com\\\/blog\\\/es\\\/cala-egos\\\/\"},\"author\":{\"name\":\"Rui\",\"@id\":\"https:\\\/\\\/www.dracmallorca.com\\\/blog\\\/#\\\/schema\\\/person\\\/9de1ab77468d5df7c1d00753e6da758a\"},\"headline\":\"Una cala muy especial en Mallorca: Cala Egos\",\"datePublished\":\"2025-06-23T07:15:06+00:00\",\"dateModified\":\"2026-03-05T07:44:29+00:00\",\"mainEntityOfPage\":{\"@id\":\"https:\\\/\\\/www.dracmallorca.com\\\/blog\\\/es\\\/cala-egos\\\/\"},\"wordCount\":1081,\"commentCount\":0,\"publisher\":{\"@id\":\"https:\\\/\\\/www.dracmallorca.com\\\/blog\\\/#organization\"},\"image\":{\"@id\":\"https:\\\/\\\/www.dracmallorca.com\\\/blog\\\/es\\\/cala-egos\\\/#primaryimage\"},\"thumbnailUrl\":\"https:\\\/\\\/www.dracmallorca.com\\\/blog\\\/wp-content\\\/uploads\\\/2025\\\/06\\\/Cala-Egos.jpg\",\"keywords\":[\"No template\"],\"articleSection\":[\"Grupo Drac Santany\u00ed\"],\"inLanguage\":\"es\",\"potentialAction\":[{\"@type\":\"CommentAction\",\"name\":\"Comment\",\"target\":[\"https:\\\/\\\/www.dracmallorca.com\\\/blog\\\/es\\\/cala-egos\\\/#respond\"]}]},{\"@type\":\"WebPage\",\"@id\":\"https:\\\/\\\/www.dracmallorca.com\\\/blog\\\/es\\\/cala-egos\\\/\",\"url\":\"https:\\\/\\\/www.dracmallorca.com\\\/blog\\\/es\\\/cala-egos\\\/\",\"name\":\"Una cala muy especial en Mallorca: Cala Egos - Experiencias y actividades en Mallorca\",\"isPartOf\":{\"@id\":\"https:\\\/\\\/www.dracmallorca.com\\\/blog\\\/#website\"},\"primaryImageOfPage\":{\"@id\":\"https:\\\/\\\/www.dracmallorca.com\\\/blog\\\/es\\\/cala-egos\\\/#primaryimage\"},\"image\":{\"@id\":\"https:\\\/\\\/www.dracmallorca.com\\\/blog\\\/es\\\/cala-egos\\\/#primaryimage\"},\"thumbnailUrl\":\"https:\\\/\\\/www.dracmallorca.com\\\/blog\\\/wp-content\\\/uploads\\\/2025\\\/06\\\/Cala-Egos.jpg\",\"datePublished\":\"2025-06-23T07:15:06+00:00\",\"dateModified\":\"2026-03-05T07:44:29+00:00\",\"description\":\"Descubre Cala Egos, un tesoro escondida en Mallorca con aguas cristalinas y calma. Ven a visitar esta maravillosa cala del sur de la isla.\",\"inLanguage\":\"es\",\"potentialAction\":[{\"@type\":\"ReadAction\",\"target\":[\"https:\\\/\\\/www.dracmallorca.com\\\/blog\\\/es\\\/cala-egos\\\/\"]}]},{\"@type\":\"ImageObject\",\"inLanguage\":\"es\",\"@id\":\"https:\\\/\\\/www.dracmallorca.com\\\/blog\\\/es\\\/cala-egos\\\/#primaryimage\",\"url\":\"https:\\\/\\\/www.dracmallorca.com\\\/blog\\\/wp-content\\\/uploads\\\/2025\\\/06\\\/Cala-Egos.jpg\",\"contentUrl\":\"https:\\\/\\\/www.dracmallorca.com\\\/blog\\\/wp-content\\\/uploads\\\/2025\\\/06\\\/Cala-Egos.jpg\",\"width\":1920,\"height\":640},{\"@type\":\"WebSite\",\"@id\":\"https:\\\/\\\/www.dracmallorca.com\\\/blog\\\/#website\",\"url\":\"https:\\\/\\\/www.dracmallorca.com\\\/blog\\\/\",\"name\":\"Experiencias y actividades en Mallorca\",\"description\":\"Drac Mallorca\",\"publisher\":{\"@id\":\"https:\\\/\\\/www.dracmallorca.com\\\/blog\\\/#organization\"},\"potentialAction\":[{\"@type\":\"SearchAction\",\"target\":{\"@type\":\"EntryPoint\",\"urlTemplate\":\"https:\\\/\\\/www.dracmallorca.com\\\/blog\\\/?s={search_term_string}\"},\"query-input\":{\"@type\":\"PropertyValueSpecification\",\"valueRequired\":true,\"valueName\":\"search_term_string\"}}],\"inLanguage\":\"es\"},{\"@type\":\"Organization\",\"@id\":\"https:\\\/\\\/www.dracmallorca.com\\\/blog\\\/#organization\",\"name\":\"Experiencias y actividades en Mallorca\",\"url\":\"https:\\\/\\\/www.dracmallorca.com\\\/blog\\\/\",\"logo\":{\"@type\":\"ImageObject\",\"inLanguage\":\"es\",\"@id\":\"https:\\\/\\\/www.dracmallorca.com\\\/blog\\\/#\\\/schema\\\/logo\\\/image\\\/\",\"url\":\"https:\\\/\\\/www.dracmallorca.com\\\/blog\\\/wp-content\\\/uploads\\\/2023\\\/11\\\/logo-8.png\",\"contentUrl\":\"https:\\\/\\\/www.dracmallorca.com\\\/blog\\\/wp-content\\\/uploads\\\/2023\\\/11\\\/logo-8.png\",\"width\":869,\"height\":248,\"caption\":\"Experiencias y actividades en Mallorca\"},\"image\":{\"@id\":\"https:\\\/\\\/www.dracmallorca.com\\\/blog\\\/#\\\/schema\\\/logo\\\/image\\\/\"}},{\"@type\":\"Person\",\"@id\":\"https:\\\/\\\/www.dracmallorca.com\\\/blog\\\/#\\\/schema\\\/person\\\/9de1ab77468d5df7c1d00753e6da758a\",\"name\":\"Rui\",\"image\":{\"@type\":\"ImageObject\",\"inLanguage\":\"es\",\"@id\":\"https:\\\/\\\/secure.gravatar.com\\\/avatar\\\/a38ee8cdbacfab6e36a7213a319aecff60b0580665839c1ae56aa02edbe73002?s=96&d=mm&r=g\",\"url\":\"https:\\\/\\\/secure.gravatar.com\\\/avatar\\\/a38ee8cdbacfab6e36a7213a319aecff60b0580665839c1ae56aa02edbe73002?s=96&d=mm&r=g\",\"contentUrl\":\"https:\\\/\\\/secure.gravatar.com\\\/avatar\\\/a38ee8cdbacfab6e36a7213a319aecff60b0580665839c1ae56aa02edbe73002?s=96&d=mm&r=g\",\"caption\":\"Rui\"},\"url\":\"https:\\\/\\\/www.dracmallorca.com\\\/blog\\\/es\\\/author\\\/rui\\\/\"}]}<\/script>\n<!-- \/ Yoast SEO plugin. -->","yoast_head_json":{"title":"Una cala muy especial en Mallorca: Cala Egos - Experiencias y actividades en Mallorca","description":"Descubre Cala Egos, un tesoro escondida en Mallorca con aguas cristalinas y calma. Ven a visitar esta maravillosa cala del sur de la isla.","robots":{"index":"index","follow":"follow","max-snippet":"max-snippet:-1","max-image-preview":"max-image-preview:large","max-video-preview":"max-video-preview:-1"},"canonical":"https:\/\/www.dracmallorca.com\/blog\/es\/cala-egos\/","og_locale":"es_ES","og_type":"article","og_title":"Una cala muy especial en Mallorca: Cala Egos - Experiencias y actividades en Mallorca","og_description":"Descubre Cala Egos, un tesoro escondida en Mallorca con aguas cristalinas y calma. Ven a visitar esta maravillosa cala del sur de la isla.","og_url":"https:\/\/www.dracmallorca.com\/blog\/es\/cala-egos\/","og_site_name":"Experiencias y actividades en Mallorca","article_published_time":"2025-06-23T07:15:06+00:00","article_modified_time":"2026-03-05T07:44:29+00:00","og_image":[{"width":1920,"height":640,"url":"https:\/\/www.dracmallorca.com\/blog\/wp-content\/uploads\/2025\/06\/Cala-Egos.jpg","type":"image\/jpeg"}],"author":"Rui","twitter_card":"summary_large_image","twitter_misc":{"Escrito por":"Rui","Tiempo de lectura":"5 minutos"},"schema":{"@context":"https:\/\/schema.org","@graph":[{"@type":"Article","@id":"https:\/\/www.dracmallorca.com\/blog\/es\/cala-egos\/#article","isPartOf":{"@id":"https:\/\/www.dracmallorca.com\/blog\/es\/cala-egos\/"},"author":{"name":"Rui","@id":"https:\/\/www.dracmallorca.com\/blog\/#\/schema\/person\/9de1ab77468d5df7c1d00753e6da758a"},"headline":"Una cala muy especial en Mallorca: Cala Egos","datePublished":"2025-06-23T07:15:06+00:00","dateModified":"2026-03-05T07:44:29+00:00","mainEntityOfPage":{"@id":"https:\/\/www.dracmallorca.com\/blog\/es\/cala-egos\/"},"wordCount":1081,"commentCount":0,"publisher":{"@id":"https:\/\/www.dracmallorca.com\/blog\/#organization"},"image":{"@id":"https:\/\/www.dracmallorca.com\/blog\/es\/cala-egos\/#primaryimage"},"thumbnailUrl":"https:\/\/www.dracmallorca.com\/blog\/wp-content\/uploads\/2025\/06\/Cala-Egos.jpg","keywords":["No template"],"articleSection":["Grupo Drac Santany\u00ed"],"inLanguage":"es","potentialAction":[{"@type":"CommentAction","name":"Comment","target":["https:\/\/www.dracmallorca.com\/blog\/es\/cala-egos\/#respond"]}]},{"@type":"WebPage","@id":"https:\/\/www.dracmallorca.com\/blog\/es\/cala-egos\/","url":"https:\/\/www.dracmallorca.com\/blog\/es\/cala-egos\/","name":"Una cala muy especial en Mallorca: Cala Egos - Experiencias y actividades en Mallorca","isPartOf":{"@id":"https:\/\/www.dracmallorca.com\/blog\/#website"},"primaryImageOfPage":{"@id":"https:\/\/www.dracmallorca.com\/blog\/es\/cala-egos\/#primaryimage"},"image":{"@id":"https:\/\/www.dracmallorca.com\/blog\/es\/cala-egos\/#primaryimage"},"thumbnailUrl":"https:\/\/www.dracmallorca.com\/blog\/wp-content\/uploads\/2025\/06\/Cala-Egos.jpg","datePublished":"2025-06-23T07:15:06+00:00","dateModified":"2026-03-05T07:44:29+00:00","description":"Descubre Cala Egos, un tesoro escondida en Mallorca con aguas cristalinas y calma. Ven a visitar esta maravillosa cala del sur de la isla.","inLanguage":"es","potentialAction":[{"@type":"ReadAction","target":["https:\/\/www.dracmallorca.com\/blog\/es\/cala-egos\/"]}]},{"@type":"ImageObject","inLanguage":"es","@id":"https:\/\/www.dracmallorca.com\/blog\/es\/cala-egos\/#primaryimage","url":"https:\/\/www.dracmallorca.com\/blog\/wp-content\/uploads\/2025\/06\/Cala-Egos.jpg","contentUrl":"https:\/\/www.dracmallorca.com\/blog\/wp-content\/uploads\/2025\/06\/Cala-Egos.jpg","width":1920,"height":640},{"@type":"WebSite","@id":"https:\/\/www.dracmallorca.com\/blog\/#website","url":"https:\/\/www.dracmallorca.com\/blog\/","name":"Experiencias y actividades en Mallorca","description":"Drac Mallorca","publisher":{"@id":"https:\/\/www.dracmallorca.com\/blog\/#organization"},"potentialAction":[{"@type":"SearchAction","target":{"@type":"EntryPoint","urlTemplate":"https:\/\/www.dracmallorca.com\/blog\/?s={search_term_string}"},"query-input":{"@type":"PropertyValueSpecification","valueRequired":true,"valueName":"search_term_string"}}],"inLanguage":"es"},{"@type":"Organization","@id":"https:\/\/www.dracmallorca.com\/blog\/#organization","name":"Experiencias y actividades en Mallorca","url":"https:\/\/www.dracmallorca.com\/blog\/","logo":{"@type":"ImageObject","inLanguage":"es","@id":"https:\/\/www.dracmallorca.com\/blog\/#\/schema\/logo\/image\/","url":"https:\/\/www.dracmallorca.com\/blog\/wp-content\/uploads\/2023\/11\/logo-8.png","contentUrl":"https:\/\/www.dracmallorca.com\/blog\/wp-content\/uploads\/2023\/11\/logo-8.png","width":869,"height":248,"caption":"Experiencias y actividades en Mallorca"},"image":{"@id":"https:\/\/www.dracmallorca.com\/blog\/#\/schema\/logo\/image\/"}},{"@type":"Person","@id":"https:\/\/www.dracmallorca.com\/blog\/#\/schema\/person\/9de1ab77468d5df7c1d00753e6da758a","name":"Rui","image":{"@type":"ImageObject","inLanguage":"es","@id":"https:\/\/secure.gravatar.com\/avatar\/a38ee8cdbacfab6e36a7213a319aecff60b0580665839c1ae56aa02edbe73002?s=96&d=mm&r=g","url":"https:\/\/secure.gravatar.com\/avatar\/a38ee8cdbacfab6e36a7213a319aecff60b0580665839c1ae56aa02edbe73002?s=96&d=mm&r=g","contentUrl":"https:\/\/secure.gravatar.com\/avatar\/a38ee8cdbacfab6e36a7213a319aecff60b0580665839c1ae56aa02edbe73002?s=96&d=mm&r=g","caption":"Rui"},"url":"https:\/\/www.dracmallorca.com\/blog\/es\/author\/rui\/"}]}},"_links":{"self":[{"href":"https:\/\/www.dracmallorca.com\/blog\/es\/wp-json\/wp\/v2\/posts\/3349","targetHints":{"allow":["GET"]}}],"collection":[{"href":"https:\/\/www.dracmallorca.com\/blog\/es\/wp-json\/wp\/v2\/posts"}],"about":[{"href":"https:\/\/www.dracmallorca.com\/blog\/es\/wp-json\/wp\/v2\/types\/post"}],"author":[{"embeddable":true,"href":"https:\/\/www.dracmallorca.com\/blog\/es\/wp-json\/wp\/v2\/users\/4"}],"replies":[{"embeddable":true,"href":"https:\/\/www.dracmallorca.com\/blog\/es\/wp-json\/wp\/v2\/comments?post=3349"}],"version-history":[{"count":12,"href":"https:\/\/www.dracmallorca.com\/blog\/es\/wp-json\/wp\/v2\/posts\/3349\/revisions"}],"predecessor-version":[{"id":4482,"href":"https:\/\/www.dracmallorca.com\/blog\/es\/wp-json\/wp\/v2\/posts\/3349\/revisions\/4482"}],"wp:featuredmedia":[{"embeddable":true,"href":"https:\/\/www.dracmallorca.com\/blog\/es\/wp-json\/wp\/v2\/media\/3363"}],"wp:attachment":[{"href":"https:\/\/www.dracmallorca.com\/blog\/es\/wp-json\/wp\/v2\/media?parent=3349"}],"wp:term":[{"taxonomy":"category","embeddable":true,"href":"https:\/\/www.dracmallorca.com\/blog\/es\/wp-json\/wp\/v2\/categories?post=3349"},{"taxonomy":"post_tag","embeddable":true,"href":"https:\/\/www.dracmallorca.com\/blog\/es\/wp-json\/wp\/v2\/tags?post=3349"}],"curies":[{"name":"wp","href":"https:\/\/api.w.org\/{rel}","templated":true}]}}