{"id":1271,"date":"2024-01-11T08:24:39","date_gmt":"2024-01-11T08:24:39","guid":{"rendered":"https:\/\/www.dracmallorca.com\/blog\/?p=1271"},"modified":"2026-03-05T07:46:15","modified_gmt":"2026-03-05T07:46:15","slug":"cala-santanyi","status":"publish","type":"post","link":"https:\/\/www.dracmallorca.com\/blog\/es\/cala-santanyi\/","title":{"rendered":"Cala Santany\u00ed &#8211; El Para\u00edso en Mallorca"},"content":{"rendered":"\t\t<div data-elementor-type=\"wp-post\" data-elementor-id=\"1271\" class=\"elementor elementor-1271\" data-elementor-post-type=\"post\">\n\t\t\t\t<div class=\"elementor-element elementor-element-7a48c93d e-flex e-con-boxed e-con e-parent\" data-id=\"7a48c93d\" data-element_type=\"container\" data-e-type=\"container\">\n\t\t\t\t\t<div class=\"e-con-inner\">\n\t\t\t\t<div class=\"elementor-element elementor-element-867519d elementor-widget elementor-widget-text-editor\" data-id=\"867519d\" data-element_type=\"widget\" data-e-type=\"widget\" data-widget_type=\"text-editor.default\">\n\t\t\t\t<div class=\"elementor-widget-container\">\n\t\t\t\t\t\t\t\t\t<p><span style=\"font-weight: 400;\">En Mallorca, las calas, como <\/span><b>la Cala Santany\u00ed,\u00a0<\/b><span style=\"font-weight: 400;\">son los puntos m\u00e1s buscados de la isla, por sus paisajes id\u00edlicos, aguas transparentes y arena blanca. La Cala Santany\u00ed, desde luego, es una de las calas m\u00e1s bonitas de toda la isla y merece, sin duda, una visita en tu pr\u00f3ximo viaje. Adem\u00e1s, al contrario de otras calas, tiene un acceso f\u00e1cil y aparcamiento cercano, lo que hace de esta cala la opci\u00f3n perfecta para momentos inolvidables. Te contamos mucho m\u00e1s sobre esta peque\u00f1a playa y su entorno a continuaci\u00f3n.<\/span><\/p>\t\t\t\t\t\t\t\t<\/div>\n\t\t\t\t<\/div>\n\t\t\t\t\t<\/div>\n\t\t\t\t<\/div>\n\t\t<div class=\"elementor-element elementor-element-1ea35e6 e-flex e-con-boxed e-con e-parent\" data-id=\"1ea35e6\" data-element_type=\"container\" data-e-type=\"container\">\n\t\t\t\t\t<div class=\"e-con-inner\">\n\t\t\t\t<div class=\"elementor-element elementor-element-41ba305 elementor-align-center elementor-widget elementor-widget-button\" data-id=\"41ba305\" data-element_type=\"widget\" data-e-type=\"widget\" data-widget_type=\"button.default\">\n\t\t\t\t<div class=\"elementor-widget-container\">\n\t\t\t\t\t\t\t\t\t<div class=\"elementor-button-wrapper\">\n\t\t\t\t\t<a class=\"elementor-button elementor-button-link elementor-size-sm\" href=\"#alojamientos\">\n\t\t\t\t\t\t<span class=\"elementor-button-content-wrapper\">\n\t\t\t\t\t\t\t\t\t<span class=\"elementor-button-text\">Alojamientos en Cala Santany\u00ed<\/span>\n\t\t\t\t\t<\/span>\n\t\t\t\t\t<\/a>\n\t\t\t\t<\/div>\n\t\t\t\t\t\t\t\t<\/div>\n\t\t\t\t<\/div>\n\t\t\t\t\t<\/div>\n\t\t\t\t<\/div>\n\t\t<div class=\"elementor-element elementor-element-2ce2fed1 e-flex e-con-boxed e-con e-parent\" data-id=\"2ce2fed1\" data-element_type=\"container\" data-e-type=\"container\">\n\t\t\t\t\t<div class=\"e-con-inner\">\n\t\t\t\t<div class=\"elementor-element elementor-element-285d6022 elementor-widget elementor-widget-table-of-contents\" data-id=\"285d6022\" data-element_type=\"widget\" data-e-type=\"widget\" data-settings=\"{&quot;headings_by_tags&quot;:[&quot;h2&quot;],&quot;exclude_headings_by_selector&quot;:[],&quot;marker_view&quot;:&quot;bullets&quot;,&quot;icon&quot;:{&quot;value&quot;:&quot;&quot;,&quot;library&quot;:&quot;&quot;},&quot;no_headings_message&quot;:&quot;No headings were found on this page.&quot;,&quot;hierarchical_view&quot;:&quot;yes&quot;,&quot;min_height&quot;:{&quot;unit&quot;:&quot;px&quot;,&quot;size&quot;:&quot;&quot;,&quot;sizes&quot;:[]},&quot;min_height_tablet&quot;:{&quot;unit&quot;:&quot;px&quot;,&quot;size&quot;:&quot;&quot;,&quot;sizes&quot;:[]},&quot;min_height_mobile&quot;:{&quot;unit&quot;:&quot;px&quot;,&quot;size&quot;:&quot;&quot;,&quot;sizes&quot;:[]}}\" data-widget_type=\"table-of-contents.default\">\n\t\t\t\t<div class=\"elementor-widget-container\">\n\t\t\t\t\t\t\t\t\t<div class=\"elementor-toc__header\">\n\t\t\t\t\t\t<div class=\"elementor-toc__header-title\">\n\t\t\t\t\u00cdndice\t\t\t<\/div>\n\t\t\t\t\t\t\t\t<\/div>\n\t\t\t\t<div id=\"elementor-toc__285d6022\" class=\"elementor-toc__body\">\n\t\t\t<div class=\"elementor-toc__spinner-container\">\n\t\t\t\t<svg class=\"elementor-toc__spinner eicon-animation-spin e-font-icon-svg e-eicon-loading\" aria-hidden=\"true\" viewBox=\"0 0 1000 1000\" xmlns=\"http:\/\/www.w3.org\/2000\/svg\"><path d=\"M500 975V858C696 858 858 696 858 500S696 142 500 142 142 304 142 500H25C25 237 238 25 500 25S975 237 975 500 763 975 500 975Z\"><\/path><\/svg>\t\t\t<\/div>\n\t\t<\/div>\n\t\t\t\t\t\t<\/div>\n\t\t\t\t<\/div>\n\t\t\t\t\t<\/div>\n\t\t\t\t<\/div>\n\t\t<div class=\"elementor-element elementor-element-1803a91 e-flex e-con-boxed e-con e-parent\" data-id=\"1803a91\" data-element_type=\"container\" data-e-type=\"container\">\n\t\t\t\t\t<div class=\"e-con-inner\">\n\t\t\t\t<div class=\"elementor-element elementor-element-3a6626a1 elementor-widget elementor-widget-heading\" data-id=\"3a6626a1\" data-element_type=\"widget\" data-e-type=\"widget\" data-widget_type=\"heading.default\">\n\t\t\t\t<div class=\"elementor-widget-container\">\n\t\t\t\t\t<h2 class=\"elementor-heading-title elementor-size-default\">Descubriendo la belleza de Cala Santany\u00ed<\/h2>\t\t\t\t<\/div>\n\t\t\t\t<\/div>\n\t\t\t\t<div class=\"elementor-element elementor-element-111b0b34 elementor-widget elementor-widget-text-editor\" data-id=\"111b0b34\" data-element_type=\"widget\" data-e-type=\"widget\" data-widget_type=\"text-editor.default\">\n\t\t\t\t<div class=\"elementor-widget-container\">\n\t\t\t\t\t\t\t\t\t<p><span style=\"font-weight: 400;\">Si no has visto fotos de la Cala Santany\u00ed, te recomendamos que lo hagas. No tenemos dudas de que te quedar\u00e1s con muchas ganas de incluir este punto en tu ruta por la isla de Mallorca. Esta playa tiene una longitud de 80 metros y mide unos 80 metros de ancho, y su forma permite disfrutar de aguas tranquilas, ya que est\u00e1 resguardado del oleaje. Esto la hace perfecta para hacer snorkel o submarinismo, dos de las actividades favoritas de los miles de familias que visitan la isla cada a\u00f1o.\u00a0<\/span><\/p>\t\t\t\t\t\t\t\t<\/div>\n\t\t\t\t<\/div>\n\t\t\t\t\t<\/div>\n\t\t\t\t<\/div>\n\t\t<div class=\"elementor-element elementor-element-1763339 e-flex e-con-boxed e-con e-parent\" data-id=\"1763339\" data-element_type=\"container\" data-e-type=\"container\">\n\t\t\t\t\t<div class=\"e-con-inner\">\n\t\t<div class=\"elementor-element elementor-element-a69b73b e-con-full e-flex e-con e-child\" data-id=\"a69b73b\" data-element_type=\"container\" data-e-type=\"container\">\n\t\t\t\t<div class=\"elementor-element elementor-element-836564c elementor-widget elementor-widget-text-editor\" data-id=\"836564c\" data-element_type=\"widget\" data-e-type=\"widget\" data-widget_type=\"text-editor.default\">\n\t\t\t\t<div class=\"elementor-widget-container\">\n\t\t\t\t\t\t\t\t\t<p><span style=\"background-color: transparent;\">Te contamos c\u00f3mo llegar: desde Palma tardar\u00e1s unos 40 minutos en coche por la autopista Ma-19, pero si prefieres evitar la autopista y hacer un recorrido m\u00e1s rural, puedes coger la carretera Ma-15, cuyo trayecto entre Palma y Cala Santany\u00ed tarda poco menos de 1 hora. Si no has venido a Mallorca en coche, puedes usar el transporte p\u00fablico: hay una l\u00ednea de autob\u00fas que conecta la capital a Santany\u00ed y el recorrido dura 1 hora\u00a0 y 25 minutos.\u00a0<\/span><\/p><p><span style=\"background-color: transparent;\">Esta peque\u00f1a pero preciosa cala est\u00e1 ubicada a 10 minutos del pueblo de Santany\u00ed.<\/span><\/p>\t\t\t\t\t\t\t\t<\/div>\n\t\t\t\t<\/div>\n\t\t\t\t<\/div>\n\t\t<div class=\"elementor-element elementor-element-f676128 e-con-full e-flex e-con e-child\" data-id=\"f676128\" data-element_type=\"container\" data-e-type=\"container\">\n\t\t\t\t<div class=\"elementor-element elementor-element-074ccd1 elementor-widget elementor-widget-google_maps\" data-id=\"074ccd1\" data-element_type=\"widget\" data-e-type=\"widget\" data-widget_type=\"google_maps.default\">\n\t\t\t\t<div class=\"elementor-widget-container\">\n\t\t\t\t\t\t\t<div class=\"elementor-custom-embed\">\n\t\t\t<iframe loading=\"lazy\"\n\t\t\t\t\tsrc=\"https:\/\/maps.google.com\/maps?q=cala%20santinyi&#038;t=m&#038;z=8&#038;output=embed&#038;iwloc=near\"\n\t\t\t\t\ttitle=\"cala santinyi\"\n\t\t\t\t\taria-label=\"cala santinyi\"\n\t\t\t><\/iframe>\n\t\t<\/div>\n\t\t\t\t\t\t<\/div>\n\t\t\t\t<\/div>\n\t\t\t\t<\/div>\n\t\t\t\t\t<\/div>\n\t\t\t\t<\/div>\n\t\t<div class=\"elementor-element elementor-element-a561498 e-flex e-con-boxed e-con e-parent\" data-id=\"a561498\" data-element_type=\"container\" data-e-type=\"container\">\n\t\t\t\t\t<div class=\"e-con-inner\">\n\t\t\t\t<div class=\"elementor-element elementor-element-c258db4 elementor-widget elementor-widget-heading\" data-id=\"c258db4\" data-element_type=\"widget\" data-e-type=\"widget\" data-widget_type=\"heading.default\">\n\t\t\t\t<div class=\"elementor-widget-container\">\n\t\t\t\t\t<h2 class=\"elementor-heading-title elementor-size-default\">Playa de ensue\u00f1o donde relajarte<\/h2>\t\t\t\t<\/div>\n\t\t\t\t<\/div>\n\t\t\t\t<div class=\"elementor-element elementor-element-e170ae2 elementor-widget elementor-widget-text-editor\" data-id=\"e170ae2\" data-element_type=\"widget\" data-e-type=\"widget\" data-widget_type=\"text-editor.default\">\n\t\t\t\t<div class=\"elementor-widget-container\">\n\t\t\t\t\t\t\t\t\t<p><span style=\"font-weight: 400;\">La playa en la <\/span><b>Cala Santany\u00ed<\/b><span style=\"font-weight: 400;\"> es exactamente lo que esperas de una cala en Mallorca: una playa peque\u00f1a, con arena blanca y fina, aguas turquesas y cristalinas, y la sensaci\u00f3n de estar en el para\u00edso. En el caso de esta cala mallorquina, adem\u00e1s, hay mucha vegetaci\u00f3n alrededor, que proporciona sombra y un paisaje todav\u00eda m\u00e1s agradable. Como hemos dicho antes, el acceso es bastante m\u00e1s f\u00e1cil en comparaci\u00f3n con otras calas de la isla, lo que hace de este lugar un destino ideal para familias. Por \u00faltimo, destacar que es una playa de bandera azul, muy limpia y perfectamente segura.<\/span><\/p><p><span style=\"font-weight: 400;\">Si prefieres un plan m\u00e1s tranquilo, con menos gente y lleno de naturaleza, te recomendamos una excursi\u00f3n en barco a la isla y Parque Natural de la Cabrera. Podr\u00e1s ba\u00f1arte en la Cueva Azul, hacer snorkel y apreciar la fauna y la flora de este rinc\u00f3n virgen del Mediterr\u00e1neo. Esta es una apuesta segura para pasar el d\u00eda en un entorno privilegiado, antes de volver a la animaci\u00f3n de Mallorca.<\/span><\/p>\t\t\t\t\t\t\t\t<\/div>\n\t\t\t\t<\/div>\n\t\t\t\t\t<\/div>\n\t\t\t\t<\/div>\n\t\t<div class=\"elementor-element elementor-element-2ecfa01b e-flex e-con-boxed e-con e-parent\" data-id=\"2ecfa01b\" data-element_type=\"container\" data-e-type=\"container\">\n\t\t\t\t\t<div class=\"e-con-inner\">\n\t\t\t\t<div class=\"elementor-element elementor-element-36d4d70 elementor-widget elementor-widget-image\" data-id=\"36d4d70\" data-element_type=\"widget\" data-e-type=\"widget\" data-widget_type=\"image.default\">\n\t\t\t\t<div class=\"elementor-widget-container\">\n\t\t\t\t\t\t\t\t\t\t\t\t\t\t\t<img fetchpriority=\"high\" decoding=\"async\" width=\"2206\" height=\"735\" src=\"https:\/\/www.dracmallorca.com\/blog\/wp-content\/uploads\/2024\/01\/Cala-Santanyi-mallorca.jpg\" class=\"attachment-full size-full wp-image-1287\" alt=\"\" srcset=\"https:\/\/www.dracmallorca.com\/blog\/wp-content\/uploads\/2024\/01\/Cala-Santanyi-mallorca.jpg 2206w, https:\/\/www.dracmallorca.com\/blog\/wp-content\/uploads\/2024\/01\/Cala-Santanyi-mallorca-768x256.jpg 768w, https:\/\/www.dracmallorca.com\/blog\/wp-content\/uploads\/2024\/01\/Cala-Santanyi-mallorca-1536x512.jpg 1536w, https:\/\/www.dracmallorca.com\/blog\/wp-content\/uploads\/2024\/01\/Cala-Santanyi-mallorca-2048x682.jpg 2048w\" sizes=\"(max-width: 2206px) 100vw, 2206px\" \/>\t\t\t\t\t\t\t\t\t\t\t\t\t\t\t<\/div>\n\t\t\t\t<\/div>\n\t\t\t\t\t<\/div>\n\t\t\t\t<\/div>\n\t\t<div class=\"elementor-element elementor-element-b8bd821 e-flex e-con-boxed e-con e-parent\" data-id=\"b8bd821\" data-element_type=\"container\" data-e-type=\"container\">\n\t\t\t\t\t<div class=\"e-con-inner\">\n\t\t\t\t<div class=\"elementor-element elementor-element-b98d1c1 elementor-widget elementor-widget-heading\" data-id=\"b98d1c1\" data-element_type=\"widget\" data-e-type=\"widget\" data-widget_type=\"heading.default\">\n\t\t\t\t<div class=\"elementor-widget-container\">\n\t\t\t\t\t<h2 class=\"elementor-heading-title elementor-size-default\">Explorando los rincones secretos de Cala Santany\u00ed<\/h2>\t\t\t\t<\/div>\n\t\t\t\t<\/div>\n\t\t\t\t<div class=\"elementor-element elementor-element-63c40b5 elementor-widget elementor-widget-text-editor\" data-id=\"63c40b5\" data-element_type=\"widget\" data-e-type=\"widget\" data-widget_type=\"text-editor.default\">\n\t\t\t\t<div class=\"elementor-widget-container\">\n\t\t\t\t\t\t\t\t\t<p><span style=\"font-weight: 400\">No hay dudas de que la playa es lo mejor que la Cala Santany\u00ed tiene para ofrecer, pero no queremos dejar de mencionar otros puntos de inter\u00e9s para cualquier viajero:<\/span><\/p>\t\t\t\t\t\t\t\t<\/div>\n\t\t\t\t<\/div>\n\t\t\t\t\t<\/div>\n\t\t\t\t<\/div>\n\t\t<div class=\"elementor-element elementor-element-5e1a548 e-flex e-con-boxed e-con e-parent\" data-id=\"5e1a548\" data-element_type=\"container\" data-e-type=\"container\">\n\t\t\t\t\t<div class=\"e-con-inner\">\n\t\t<div class=\"elementor-element elementor-element-fa9848f e-con-full e-flex e-con e-child\" data-id=\"fa9848f\" data-element_type=\"container\" data-e-type=\"container\">\n\t\t\t\t<div class=\"elementor-element elementor-element-79ec0a5c elementor-widget elementor-widget-heading\" data-id=\"79ec0a5c\" data-element_type=\"widget\" data-e-type=\"widget\" data-widget_type=\"heading.default\">\n\t\t\t\t<div class=\"elementor-widget-container\">\n\t\t\t\t\t<h3 class=\"elementor-heading-title elementor-size-default\">Mirador de Es Pont\u00e0s<\/h3>\t\t\t\t<\/div>\n\t\t\t\t<\/div>\n\t\t\t\t<div class=\"elementor-element elementor-element-732312f2 elementor-widget elementor-widget-text-editor\" data-id=\"732312f2\" data-element_type=\"widget\" data-e-type=\"widget\" data-widget_type=\"text-editor.default\">\n\t\t\t\t<div class=\"elementor-widget-container\">\n\t\t\t\t\t\t\t\t\t<p><span style=\"font-weight: 400\">Desde este mirador, a pocos minutos de la playa de la Cala Santany\u00ed, podemos observar la roca \u201cEs Pont\u00e0s\u201d, una formaci\u00f3n rocosa en el mar y en forma de puente. Adem\u00e1s, podemos disfrutar de unas vistas fant\u00e1sticas de toda la zona.<\/span><\/p>\t\t\t\t\t\t\t\t<\/div>\n\t\t\t\t<\/div>\n\t\t\t\t<\/div>\n\t\t<div class=\"elementor-element elementor-element-a441ae0 e-con-full e-flex e-con e-child\" data-id=\"a441ae0\" data-element_type=\"container\" data-e-type=\"container\">\n\t\t\t\t<div class=\"elementor-element elementor-element-9a17ec8 elementor-widget elementor-widget-heading\" data-id=\"9a17ec8\" data-element_type=\"widget\" data-e-type=\"widget\" data-widget_type=\"heading.default\">\n\t\t\t\t<div class=\"elementor-widget-container\">\n\t\t\t\t\t<h3 class=\"elementor-heading-title elementor-size-default\">Sa Torre Nova<\/h3>\t\t\t\t<\/div>\n\t\t\t\t<\/div>\n\t\t\t\t<div class=\"elementor-element elementor-element-dbb1b73 elementor-widget elementor-widget-text-editor\" data-id=\"dbb1b73\" data-element_type=\"widget\" data-e-type=\"widget\" data-widget_type=\"text-editor.default\">\n\t\t\t\t<div class=\"elementor-widget-container\">\n\t\t\t\t\t\t\t\t\t<p><span style=\"font-weight: 400\">Se trata de una antigua torre de defensa que se ha rehabilitado recientemente y que se puede visitar. Desde aqu\u00ed tambi\u00e9n podemos disfrutar de vistas magn\u00edficas al mar.<\/span><\/p>\t\t\t\t\t\t\t\t<\/div>\n\t\t\t\t<\/div>\n\t\t\t\t<\/div>\n\t\t\t\t\t<\/div>\n\t\t\t\t<\/div>\n\t\t<div class=\"elementor-element elementor-element-befe56a e-flex e-con-boxed e-con e-parent\" data-id=\"befe56a\" data-element_type=\"container\" data-e-type=\"container\">\n\t\t\t\t\t<div class=\"e-con-inner\">\n\t\t\t\t<div class=\"elementor-element elementor-element-db47893 elementor-widget elementor-widget-heading\" data-id=\"db47893\" data-element_type=\"widget\" data-e-type=\"widget\" data-widget_type=\"heading.default\">\n\t\t\t\t<div class=\"elementor-widget-container\">\n\t\t\t\t\t<h3 class=\"elementor-heading-title elementor-size-default\">Parking Cala Santany\u00ed<\/h3>\t\t\t\t<\/div>\n\t\t\t\t<\/div>\n\t\t\t\t<div class=\"elementor-element elementor-element-27c15fe elementor-widget elementor-widget-text-editor\" data-id=\"27c15fe\" data-element_type=\"widget\" data-e-type=\"widget\" data-widget_type=\"text-editor.default\">\n\t\t\t\t<div class=\"elementor-widget-container\">\n\t\t\t\t\t\t\t\t\t<p><span style=\"font-weight: 400;\">Quiz\u00e1s te est\u00e9s preguntando por qu\u00e9 hemos incluido un parking en una lista de rincones especiales de Cala Santany\u00ed. Y es que el tema del aparcamiento es tan importante en<\/span><span style=\"font-weight: 400;\">\u00a0Mallorca que no pod\u00edamos dejar de mencionarlo. El hecho de tener aparcamiento tan cerca es uno de los atractivos principales de este paraiso, ya que normalmente no es posible llegar con el coche hasta la mayor\u00eda de las calas de la isla. <\/span><\/p>\t\t\t\t\t\t\t\t<\/div>\n\t\t\t\t<\/div>\n\t\t\t\t\t<\/div>\n\t\t\t\t<\/div>\n\t\t<div class=\"elementor-element elementor-element-21da5db e-flex e-con-boxed e-con e-parent\" data-id=\"21da5db\" data-element_type=\"container\" data-e-type=\"container\">\n\t\t\t\t\t<div class=\"e-con-inner\">\n\t\t\t\t<div class=\"elementor-element elementor-element-803e6ef elementor-widget elementor-widget-text-editor\" data-id=\"803e6ef\" data-element_type=\"widget\" data-e-type=\"widget\" data-widget_type=\"text-editor.default\">\n\t\t\t\t<div class=\"elementor-widget-container\">\n\t\t\t\t\t\t\t\t\t<p><span style=\"background-color: transparent;\">Para los que pueden visitar esta cala en barco, os gustar\u00e1 saber que es posible anclar el barco durante el d\u00eda, ya que el fondo es de arena y suficientemente profundo. \u00a1Esta es una forma incre\u00edble de vivir el <\/span><i style=\"background-color: transparent;\">lifestyle<\/i><span style=\"background-color: transparent;\"> de Mallorca! Adem\u00e1s, con un barco podr\u00e1s tener una vista despejada y exclusiva de la puesta del sol.<\/span><\/p>\t\t\t\t\t\t\t\t<\/div>\n\t\t\t\t<\/div>\n\t\t\t\t\t<\/div>\n\t\t\t\t<\/div>\n\t\t<div class=\"elementor-element elementor-element-bd9a891 e-flex e-con-boxed e-con e-parent\" data-id=\"bd9a891\" data-element_type=\"container\" data-e-type=\"container\">\n\t\t\t\t\t<div class=\"e-con-inner\">\n\t\t\t\t<div class=\"elementor-element elementor-element-0cf0a75 elementor-widget elementor-widget-heading\" data-id=\"0cf0a75\" data-element_type=\"widget\" data-e-type=\"widget\" data-widget_type=\"heading.default\">\n\t\t\t\t<div class=\"elementor-widget-container\">\n\t\t\t\t\t<h2 class=\"elementor-heading-title elementor-size-default\">Alojamientos vacacionales en Cala Santany\u00ed <\/h2>\t\t\t\t<\/div>\n\t\t\t\t<\/div>\n\t\t\t\t\t<\/div>\n\t\t\t\t<\/div>\n\t\t<div class=\"elementor-element elementor-element-f8ca9aa e-flex e-con-boxed e-con e-parent\" data-id=\"f8ca9aa\" data-element_type=\"container\" data-e-type=\"container\">\n\t\t\t\t\t<div class=\"e-con-inner\">\n\t\t\t\t<div class=\"elementor-element elementor-element-0caa6a5 elementor-widget elementor-widget-grid\" data-id=\"0caa6a5\" data-element_type=\"widget\" data-e-type=\"widget\" id=\"alojamientos\" data-widget_type=\"grid.default\">\n\t\t\t\t<div class=\"elementor-widget-container\">\n\t\t\t\t\t\t\t<div class=\"its--row alojamientos-recomendados\">\n\n\t\t\t<div class=\"alojamientos-recomendados-container\">\n\n\t\t\t\t\t\n\t\t\t\t\t<a href=\"https:\/\/www.dracmallorca.com\/alquiler\/apartahotel-cala-santanyi-a-drac-1-308351.html\" rel=\"nofollow\" style=\"width: 23%;\">\n\t\t\t\t\t\t<div class=\"apartamento-box\">\n\t\t\t\t\t\t\t<div class=\"imagen_recomendados\">\n\t\t\t\t\t\t\t\t<img decoding=\"async\" src=\"https:\/\/crs.avantio.com\/fotos\/2\/157848893219f7507dfb1bf81d589791cf33c84ca6\/big16575375781bc753ef4c125cb8bd50bf9f0e98c61f.jpg\" alt=\"Drac 1 by dracmallorca\">\n\t\t\t\t\t\t\t<\/div>\n\t\t\t\t\t\t\t<div class=\"info\">\n\t\t\t\t\t\t\t\t<div class=\"ubicacion\">\n\t\t\t\t\t\t\t\t\t<i class=\"fa-solid fa-location-dot icono-mapa\"><\/i><span class=\"ubicacion-texto\">Cala Santanyi - Mallorca<\/span>\n\t\t\t\t\t\t\t\t<\/div>\n\t\t\t\t\t\t\t\t<H4 class=\"titulo-alojamiento\">\n\t\t\t\t\t\t\t\t\tDrac 1 by dracmallorca\t\t\t\t\t\t\t\t<\/H4>\n\t\t\t\t\t\t\t\t<p class=\"precio-alojamiento\">Desde <span class=\"precio\">116.28\u20ac<\/span> por noche<\/p>\n\t\t\t\t\t\t\t<\/div>\n\t\t\t\t\t\t<\/div>\n\t\t\t\t\t<\/a> \n\t\t\t\t\t\t\n\t\t\t\t\t<a href=\"https:\/\/www.dracmallorca.com\/alquiler\/apartahotel-cala-santanyi-a-drac-2-308477.html\" rel=\"nofollow\" style=\"width: 23%;\">\n\t\t\t\t\t\t<div class=\"apartamento-box\">\n\t\t\t\t\t\t\t<div class=\"imagen_recomendados\">\n\t\t\t\t\t\t\t\t<img decoding=\"async\" src=\"https:\/\/crs.avantio.com\/fotos\/2\/15785843936416bd0ff2f77debe7e15c3769f0f280\/big165753767413ff2f2ae54d6fc3ee2cfa399d0bca05.jpg\" alt=\"Drac 2 by dracmallorca\">\n\t\t\t\t\t\t\t<\/div>\n\t\t\t\t\t\t\t<div class=\"info\">\n\t\t\t\t\t\t\t\t<div class=\"ubicacion\">\n\t\t\t\t\t\t\t\t\t<i class=\"fa-solid fa-location-dot icono-mapa\"><\/i><span class=\"ubicacion-texto\">Cala Santanyi - Mallorca<\/span>\n\t\t\t\t\t\t\t\t<\/div>\n\t\t\t\t\t\t\t\t<H4 class=\"titulo-alojamiento\">\n\t\t\t\t\t\t\t\t\tDrac 2 by dracmallorca\t\t\t\t\t\t\t\t<\/H4>\n\t\t\t\t\t\t\t\t<p class=\"precio-alojamiento\">Desde <span class=\"precio\">126.54\u20ac<\/span> por noche<\/p>\n\t\t\t\t\t\t\t<\/div>\n\t\t\t\t\t\t<\/div>\n\t\t\t\t\t<\/a> \n\t\t\t\t\t\t\n\t\t\t\t\t<a href=\"https:\/\/www.dracmallorca.com\/alquiler\/apartahotel-cala-santanyi-a-drac-3-308520.html\" rel=\"nofollow\" style=\"width: 23%;\">\n\t\t\t\t\t\t<div class=\"apartamento-box\">\n\t\t\t\t\t\t\t<div class=\"imagen_recomendados\">\n\t\t\t\t\t\t\t\t<img decoding=\"async\" src=\"https:\/\/crs.avantio.com\/fotos\/2\/157865733393a86a602695a4cb9b4e6ac0f8fb235a\/big17471359792de8ed68273e04ecd16bc90f96988977.jpg\" alt=\"Drac 3 by dracmallorca\">\n\t\t\t\t\t\t\t<\/div>\n\t\t\t\t\t\t\t<div class=\"info\">\n\t\t\t\t\t\t\t\t<div class=\"ubicacion\">\n\t\t\t\t\t\t\t\t\t<i class=\"fa-solid fa-location-dot icono-mapa\"><\/i><span class=\"ubicacion-texto\">Cala Santanyi - Mallorca<\/span>\n\t\t\t\t\t\t\t\t<\/div>\n\t\t\t\t\t\t\t\t<H4 class=\"titulo-alojamiento\">\n\t\t\t\t\t\t\t\t\tDrac 3 by dracmallorca\t\t\t\t\t\t\t\t<\/H4>\n\t\t\t\t\t\t\t\t<p class=\"precio-alojamiento\">Desde <span class=\"precio\">116.28\u20ac<\/span> por noche<\/p>\n\t\t\t\t\t\t\t<\/div>\n\t\t\t\t\t\t<\/div>\n\t\t\t\t\t<\/a> \n\t\t\t\t\t\t\n\t\t\t\t\t<a href=\"https:\/\/www.dracmallorca.com\/alquiler\/casa-cala-santanyi-d-sa-marina-308544.html\" rel=\"nofollow\" style=\"width: 23%;\">\n\t\t\t\t\t\t<div class=\"apartamento-box\">\n\t\t\t\t\t\t\t<div class=\"imagen_recomendados\">\n\t\t\t\t\t\t\t\t<img decoding=\"async\" src=\"https:\/\/crs.avantio.com\/fotos\/2\/1578663388357509ad80d8dbffd52d56849b49104d\/big159377072942bc7ff17b75724505c88f084abe0370.jpg\" alt=\"Sa Marina by dracmallorca\">\n\t\t\t\t\t\t\t<\/div>\n\t\t\t\t\t\t\t<div class=\"info\">\n\t\t\t\t\t\t\t\t<div class=\"ubicacion\">\n\t\t\t\t\t\t\t\t\t<i class=\"fa-solid fa-location-dot icono-mapa\"><\/i><span class=\"ubicacion-texto\">Cala Santanyi - Mallorca<\/span>\n\t\t\t\t\t\t\t\t<\/div>\n\t\t\t\t\t\t\t\t<H4 class=\"titulo-alojamiento\">\n\t\t\t\t\t\t\t\t\tSa Marina by dracmallorca\t\t\t\t\t\t\t\t<\/H4>\n\t\t\t\t\t\t\t\t<p class=\"precio-alojamiento\">Desde <span class=\"precio\">152.70\u20ac<\/span> por noche<\/p>\n\t\t\t\t\t\t\t<\/div>\n\t\t\t\t\t\t<\/div>\n\t\t\t\t\t<\/a> \n\t\t\t\t\t\t\n\t\t\t\t\t<a href=\"https:\/\/www.dracmallorca.com\/alquiler\/apartahotel-cala-santanyi-a-drac-4-308832.html\" rel=\"nofollow\" style=\"width: 23%;\">\n\t\t\t\t\t\t<div class=\"apartamento-box\">\n\t\t\t\t\t\t\t<div class=\"imagen_recomendados\">\n\t\t\t\t\t\t\t\t<img decoding=\"async\" src=\"https:\/\/crs.avantio.com\/fotos\/2\/157900503217441db4de982e5e3387cf3f3eadcd11\/big1657537821fdb366e841942a7214ad9fb16068513e.jpg\" alt=\"Drac 4 by dracmallorca\">\n\t\t\t\t\t\t\t<\/div>\n\t\t\t\t\t\t\t<div class=\"info\">\n\t\t\t\t\t\t\t\t<div class=\"ubicacion\">\n\t\t\t\t\t\t\t\t\t<i class=\"fa-solid fa-location-dot icono-mapa\"><\/i><span class=\"ubicacion-texto\">Cala Santanyi - Mallorca<\/span>\n\t\t\t\t\t\t\t\t<\/div>\n\t\t\t\t\t\t\t\t<H4 class=\"titulo-alojamiento\">\n\t\t\t\t\t\t\t\t\tDrac 4 by dracmallorca\t\t\t\t\t\t\t\t<\/H4>\n\t\t\t\t\t\t\t\t<p class=\"precio-alojamiento\">Desde <span class=\"precio\">126.54\u20ac<\/span> por noche<\/p>\n\t\t\t\t\t\t\t<\/div>\n\t\t\t\t\t\t<\/div>\n\t\t\t\t\t<\/a> \n\t\t\t\t\t\t\n\t\t\t\t\t<a href=\"https:\/\/www.dracmallorca.com\/alquiler\/apartahotel-cala-santanyi-a-drac-5-308841.html\" rel=\"nofollow\" style=\"width: 23%;\">\n\t\t\t\t\t\t<div class=\"apartamento-box\">\n\t\t\t\t\t\t\t<div class=\"imagen_recomendados\">\n\t\t\t\t\t\t\t\t<img decoding=\"async\" src=\"https:\/\/crs.avantio.com\/fotos\/2\/157900784566dd8f855d200473895df69229600bb9\/big16575373807090a2654443e5300a3bf79485c4c0f2.jpg\" alt=\"Drac 5 by dracmallorca\">\n\t\t\t\t\t\t\t<\/div>\n\t\t\t\t\t\t\t<div class=\"info\">\n\t\t\t\t\t\t\t\t<div class=\"ubicacion\">\n\t\t\t\t\t\t\t\t\t<i class=\"fa-solid fa-location-dot icono-mapa\"><\/i><span class=\"ubicacion-texto\">Cala Santanyi - Mallorca<\/span>\n\t\t\t\t\t\t\t\t<\/div>\n\t\t\t\t\t\t\t\t<H4 class=\"titulo-alojamiento\">\n\t\t\t\t\t\t\t\t\tDrac 5 by dracmallorca\t\t\t\t\t\t\t\t<\/H4>\n\t\t\t\t\t\t\t\t<p class=\"precio-alojamiento\">Desde <span class=\"precio\">126.54\u20ac<\/span> por noche<\/p>\n\t\t\t\t\t\t\t<\/div>\n\t\t\t\t\t\t<\/div>\n\t\t\t\t\t<\/a> \n\t\t\t\t\t\t\n\t\t\t\t\t<a href=\"https:\/\/www.dracmallorca.com\/alquiler\/casa-cala-santanyi-e-cal-tio-miquel-308900.html\" rel=\"nofollow\" style=\"width: 23%;\">\n\t\t\t\t\t\t<div class=\"apartamento-box\">\n\t\t\t\t\t\t\t<div class=\"imagen_recomendados\">\n\t\t\t\t\t\t\t\t<img decoding=\"async\" src=\"https:\/\/crs.avantio.com\/fotos\/2\/15790998045bcf62376c60ff856882fd8382d57aa5\/big17159436918e9e110d6af3c1117c5451c6f75cb834.jpg\" alt=\"Cal Tio Miquel by dracmallorca\">\n\t\t\t\t\t\t\t<\/div>\n\t\t\t\t\t\t\t<div class=\"info\">\n\t\t\t\t\t\t\t\t<div class=\"ubicacion\">\n\t\t\t\t\t\t\t\t\t<i class=\"fa-solid fa-location-dot icono-mapa\"><\/i><span class=\"ubicacion-texto\">Cala Santanyi - Mallorca<\/span>\n\t\t\t\t\t\t\t\t<\/div>\n\t\t\t\t\t\t\t\t<H4 class=\"titulo-alojamiento\">\n\t\t\t\t\t\t\t\t\tCal Tio Miquel by dracmallorca\t\t\t\t\t\t\t\t<\/H4>\n\t\t\t\t\t\t\t\t<p class=\"precio-alojamiento\">Desde <span class=\"precio\">176.70\u20ac<\/span> por noche<\/p>\n\t\t\t\t\t\t\t<\/div>\n\t\t\t\t\t\t<\/div>\n\t\t\t\t\t<\/a> \n\t\t\t\t\t\t\n\t\t\t\t\t<a href=\"https:\/\/www.dracmallorca.com\/alquiler\/casa-cala-santanyi-c-casa-maria-elena-309025.html\" rel=\"nofollow\" style=\"width: 23%;\">\n\t\t\t\t\t\t<div class=\"apartamento-box\">\n\t\t\t\t\t\t\t<div class=\"imagen_recomendados\">\n\t\t\t\t\t\t\t\t<img decoding=\"async\" src=\"https:\/\/crs.avantio.com\/fotos\/2\/15791749403508afbfadd109fd021325e777cdc43e\/big16513100227797acb6024821ab19b31ccb39ac4117.jpg\" alt=\"Casa Maria Elena by dracmallorca\">\n\t\t\t\t\t\t\t<\/div>\n\t\t\t\t\t\t\t<div class=\"info\">\n\t\t\t\t\t\t\t\t<div class=\"ubicacion\">\n\t\t\t\t\t\t\t\t\t<i class=\"fa-solid fa-location-dot icono-mapa\"><\/i><span class=\"ubicacion-texto\">Cala Santanyi - Mallorca<\/span>\n\t\t\t\t\t\t\t\t<\/div>\n\t\t\t\t\t\t\t\t<H4 class=\"titulo-alojamiento\">\n\t\t\t\t\t\t\t\t\tCasa Maria Elena by dracmallorca\t\t\t\t\t\t\t\t<\/H4>\n\t\t\t\t\t\t\t\t<p class=\"precio-alojamiento\">Desde <span class=\"precio\">142.50\u20ac<\/span> por noche<\/p>\n\t\t\t\t\t\t\t<\/div>\n\t\t\t\t\t\t<\/div>\n\t\t\t\t\t<\/a> \n\t\t\t\t\t\t\t\t<\/div>\n\t\t\t<\/div>\n\t\t\t\t\t\t<\/div>\n\t\t\t\t<\/div>\n\t\t\t\t\t<\/div>\n\t\t\t\t<\/div>\n\t\t<div class=\"elementor-element elementor-element-3b8c5eb e-flex e-con-boxed e-con e-parent\" data-id=\"3b8c5eb\" data-element_type=\"container\" data-e-type=\"container\">\n\t\t\t\t\t<div class=\"e-con-inner\">\n\t\t\t\t<div class=\"elementor-element elementor-element-10cc4ee elementor-align-center elementor-widget elementor-widget-button\" data-id=\"10cc4ee\" data-element_type=\"widget\" data-e-type=\"widget\" data-widget_type=\"button.default\">\n\t\t\t\t<div class=\"elementor-widget-container\">\n\t\t\t\t\t\t\t\t\t<div class=\"elementor-button-wrapper\">\n\t\t\t\t\t<a class=\"elementor-button elementor-button-link elementor-size-sm\" href=\"https:\/\/www.dracmallorca.com\/alquiler-vacacional-cala-santanyi-mallorca\/\">\n\t\t\t\t\t\t<span class=\"elementor-button-content-wrapper\">\n\t\t\t\t\t\t\t\t\t<span class=\"elementor-button-text\">Alojamientos en Cala Santany\u00ed<\/span>\n\t\t\t\t\t<\/span>\n\t\t\t\t\t<\/a>\n\t\t\t\t<\/div>\n\t\t\t\t\t\t\t\t<\/div>\n\t\t\t\t<\/div>\n\t\t\t\t\t<\/div>\n\t\t\t\t<\/div>\n\t\t<div class=\"elementor-element elementor-element-185e048 e-flex e-con-boxed e-con e-parent\" data-id=\"185e048\" data-element_type=\"container\" data-e-type=\"container\">\n\t\t\t\t\t<div class=\"e-con-inner\">\n\t\t\t\t<div class=\"elementor-element elementor-element-f8fa287 elementor-widget elementor-widget-image\" data-id=\"f8fa287\" data-element_type=\"widget\" data-e-type=\"widget\" data-widget_type=\"image.default\">\n\t\t\t\t<div class=\"elementor-widget-container\">\n\t\t\t\t\t\t\t\t\t\t\t\t\t\t\t<img decoding=\"async\" width=\"1183\" height=\"665\" src=\"https:\/\/www.dracmallorca.com\/blog\/wp-content\/uploads\/2024\/01\/mirador-es-pontas.jpg\" class=\"attachment-full size-full wp-image-1291\" alt=\"mirador-es-pontas\" srcset=\"https:\/\/www.dracmallorca.com\/blog\/wp-content\/uploads\/2024\/01\/mirador-es-pontas.jpg 1183w, https:\/\/www.dracmallorca.com\/blog\/wp-content\/uploads\/2024\/01\/mirador-es-pontas-768x432.jpg 768w\" sizes=\"(max-width: 1183px) 100vw, 1183px\" \/>\t\t\t\t\t\t\t\t\t\t\t\t\t\t\t<\/div>\n\t\t\t\t<\/div>\n\t\t\t\t\t<\/div>\n\t\t\t\t<\/div>\n\t\t<div class=\"elementor-element elementor-element-f738a5f e-flex e-con-boxed e-con e-parent\" data-id=\"f738a5f\" data-element_type=\"container\" data-e-type=\"container\">\n\t\t\t\t\t<div class=\"e-con-inner\">\n\t\t\t\t<div class=\"elementor-element elementor-element-7be831c elementor-widget elementor-widget-heading\" data-id=\"7be831c\" data-element_type=\"widget\" data-e-type=\"widget\" data-widget_type=\"heading.default\">\n\t\t\t\t<div class=\"elementor-widget-container\">\n\t\t\t\t\t<h2 class=\"elementor-heading-title elementor-size-default\">Gastronom\u00eda local: sabores que debes probar cerca de Cala Santany\u00ed<\/h2>\t\t\t\t<\/div>\n\t\t\t\t<\/div>\n\t\t\t\t<div class=\"elementor-element elementor-element-899f7b9 elementor-widget elementor-widget-text-editor\" data-id=\"899f7b9\" data-element_type=\"widget\" data-e-type=\"widget\" data-widget_type=\"text-editor.default\">\n\t\t\t\t<div class=\"elementor-widget-container\">\n\t\t\t\t\t\t\t\t\t<p><span style=\"font-weight: 400\">Si visitas Mallorca, no puedes dejar de probar la gastronom\u00eda local, y en Cala Santany\u00ed encontrar\u00e1s algunos restaurantes muy interesantes. No te puedes perder algunos de los platos cl\u00e1sicos de la cocina mallorqu\u00edn, como el arr\u00f3s brut, el tumbet, las cocas o el pica-pica, entre muchos otros. Como no podr\u00eda dejar de ser, tambi\u00e9n encontrar\u00e1s varios restaurantes donde podr\u00e1s degustar unas tapas o marisco a la parrilla.<\/span><\/p><p><span style=\"font-weight: 400\">En los bares que puedes encontrar en la Cala de Santany\u00ed podr\u00e1s disfrutar de una cerveza fr\u00eda o de un c\u00f3ctel al atardecer, cuando muchos visitantes de Mallorca se juntan para vivir ese momento tan especial en las islas. Si prefieres visitar algo en los alrededores, merece la pena dedicar alg\u00fan tiempo a Santany\u00ed, un pueblo aut\u00e9ntico con muchos restaurantes, mercados y un pasado ligado a la pirater\u00eda. Hoy en d\u00eda, el arte est\u00e1 presente en muchos puntos del pueblo, que atrae a muchos artistas internacionales.<\/span><\/p>\t\t\t\t\t\t\t\t<\/div>\n\t\t\t\t<\/div>\n\t\t\t\t\t<\/div>\n\t\t\t\t<\/div>\n\t\t<div class=\"elementor-element elementor-element-47591d6 e-flex e-con-boxed e-con e-parent\" data-id=\"47591d6\" data-element_type=\"container\" data-e-type=\"container\">\n\t\t\t\t\t<div class=\"e-con-inner\">\n\t\t\t\t<div class=\"elementor-element elementor-element-ba7ad81 elementor-widget elementor-widget-heading\" data-id=\"ba7ad81\" data-element_type=\"widget\" data-e-type=\"widget\" data-widget_type=\"heading.default\">\n\t\t\t\t<div class=\"elementor-widget-container\">\n\t\t\t\t\t<h2 class=\"elementor-heading-title elementor-size-default\">Descubre Cala Santany\u00ed y Mallorca<\/h2>\t\t\t\t<\/div>\n\t\t\t\t<\/div>\n\t\t\t\t<div class=\"elementor-element elementor-element-baf691a elementor-widget elementor-widget-text-editor\" data-id=\"baf691a\" data-element_type=\"widget\" data-e-type=\"widget\" data-widget_type=\"text-editor.default\">\n\t\t\t\t<div class=\"elementor-widget-container\">\n\t\t\t\t\t\t\t\t\t<p><span style=\"font-weight: 400;\">La Cala Santany\u00ed est\u00e1 en todas las listas de locales que visitar en Mallorca, y con buenos motivos: una playa paradisiaca, de f\u00e1cil acceso y con todas las comodidades: parking, restaurantes, conexi\u00f3n con transporte p\u00fablico, actividades acu\u00e1ticas disponibles, duchas, socorrista, hamacas y sombrillas. Todo lo que necesitas para un d\u00eda genial en familia o con amigos.<\/span><\/p><p><span style=\"font-weight: 400;\">Si quieres <\/span><b>alojarte cerca de Cala Santany\u00ed<\/b><span style=\"font-weight: 400;\">, en <\/span><a href=\"https:\/\/www.dracmallorca.com\/\"><span style=\"font-weight: 400;\">Drac Mallorca<\/span><\/a><span style=\"font-weight: 400;\">\u00a0podr\u00e1s encontrar varias opciones de alojamientos fant\u00e1sticos: apartamentos y casas, con o sin piscina, muy cerca de esta zona. Desde aqu\u00ed podr\u00e1s visitar toda la isla, as\u00ed que es un punto perfecto para descansar en tus vacaciones en Mallorca.<\/span><\/p>\t\t\t\t\t\t\t\t<\/div>\n\t\t\t\t<\/div>\n\t\t\t\t\t<\/div>\n\t\t\t\t<\/div>\n\t\t<div class=\"elementor-element elementor-element-36085914 e-flex e-con-boxed e-con e-parent\" data-id=\"36085914\" data-element_type=\"container\" data-e-type=\"container\">\n\t\t\t\t\t<div class=\"e-con-inner\">\n\t\t<div class=\"elementor-element elementor-element-5504547c e-con-full e-flex e-con e-child\" data-id=\"5504547c\" data-element_type=\"container\" data-e-type=\"container\">\n\t\t\t\t<div class=\"elementor-element elementor-element-6a8be97b elementor-cta--skin-cover elementor-cta--valign-bottom elementor-animated-content elementor-bg-transform elementor-bg-transform-zoom-in elementor-widget elementor-widget-call-to-action\" data-id=\"6a8be97b\" data-element_type=\"widget\" data-e-type=\"widget\" data-widget_type=\"call-to-action.default\">\n\t\t\t\t<div class=\"elementor-widget-container\">\n\t\t\t\t\t\t\t<div class=\"elementor-cta\">\n\t\t\t\t\t<div class=\"elementor-cta__bg-wrapper\">\n\t\t\t\t<div class=\"elementor-cta__bg elementor-bg\" style=\"background-image: url(https:\/\/www.dracmallorca.com\/blog\/wp-content\/uploads\/2023\/12\/cala-figueras-1920x630.jpg);\" role=\"img\" aria-label=\"cala figueras\"><\/div>\n\t\t\t\t<div class=\"elementor-cta__bg-overlay\"><\/div>\n\t\t\t<\/div>\n\t\t\t\t\t\t\t<div class=\"elementor-cta__content\">\n\t\t\t\t\n\t\t\t\t\n\t\t\t\t\n\t\t\t\t\t\t\t\t\t<div class=\"elementor-cta__button-wrapper elementor-cta__content-item elementor-content-item elementor-animated-item--grow\">\n\t\t\t\t\t<a class=\"elementor-cta__button elementor-button elementor-size-\">\n\t\t\t\t\t\tCala Figueras\t\t\t\t\t<\/a>\n\t\t\t\t\t<\/div>\n\t\t\t\t\t\t\t<\/div>\n\t\t\t\t\t\t<\/div>\n\t\t\t\t\t\t<\/div>\n\t\t\t\t<\/div>\n\t\t\t\t<\/div>\n\t\t<div class=\"elementor-element elementor-element-4c4d42d5 e-con-full e-flex e-con e-child\" data-id=\"4c4d42d5\" data-element_type=\"container\" data-e-type=\"container\">\n\t\t\t\t<div class=\"elementor-element elementor-element-7254196d elementor-cta--skin-cover elementor-cta--valign-bottom elementor-animated-content elementor-bg-transform elementor-bg-transform-zoom-in elementor-widget elementor-widget-call-to-action\" data-id=\"7254196d\" data-element_type=\"widget\" data-e-type=\"widget\" data-widget_type=\"call-to-action.default\">\n\t\t\t\t<div class=\"elementor-widget-container\">\n\t\t\t\t\t\t\t<div class=\"elementor-cta\">\n\t\t\t\t\t<div class=\"elementor-cta__bg-wrapper\">\n\t\t\t\t<div class=\"elementor-cta__bg elementor-bg\" style=\"background-image: url(https:\/\/www.dracmallorca.com\/blog\/wp-content\/uploads\/2023\/12\/Cala-Santanyi-1920x630.jpg);\" role=\"img\" aria-label=\"Cala Santanyi\"><\/div>\n\t\t\t\t<div class=\"elementor-cta__bg-overlay\"><\/div>\n\t\t\t<\/div>\n\t\t\t\t\t\t\t<div class=\"elementor-cta__content\">\n\t\t\t\t\n\t\t\t\t\n\t\t\t\t\n\t\t\t\t\t\t\t\t\t<div class=\"elementor-cta__button-wrapper elementor-cta__content-item elementor-content-item elementor-animated-item--grow\">\n\t\t\t\t\t<a class=\"elementor-cta__button elementor-button elementor-size-\">\n\t\t\t\t\t\tCala Santanyi\t\t\t\t\t<\/a>\n\t\t\t\t\t<\/div>\n\t\t\t\t\t\t\t<\/div>\n\t\t\t\t\t\t<\/div>\n\t\t\t\t\t\t<\/div>\n\t\t\t\t<\/div>\n\t\t\t\t<\/div>\n\t\t<div class=\"elementor-element elementor-element-3cd6b9ee e-con-full e-flex e-con e-child\" data-id=\"3cd6b9ee\" data-element_type=\"container\" data-e-type=\"container\">\n\t\t\t\t<div class=\"elementor-element elementor-element-2694ebe0 elementor-cta--skin-cover elementor-cta--valign-bottom elementor-animated-content elementor-bg-transform elementor-bg-transform-zoom-in elementor-widget elementor-widget-call-to-action\" data-id=\"2694ebe0\" data-element_type=\"widget\" data-e-type=\"widget\" data-widget_type=\"call-to-action.default\">\n\t\t\t\t<div class=\"elementor-widget-container\">\n\t\t\t\t\t\t\t<div class=\"elementor-cta\">\n\t\t\t\t\t<div class=\"elementor-cta__bg-wrapper\">\n\t\t\t\t<div class=\"elementor-cta__bg elementor-bg\" style=\"background-image: url(https:\/\/www.dracmallorca.com\/blog\/wp-content\/uploads\/2023\/12\/Santanyi-1920x630.jpg);\" role=\"img\" aria-label=\"Santanyi\"><\/div>\n\t\t\t\t<div class=\"elementor-cta__bg-overlay\"><\/div>\n\t\t\t<\/div>\n\t\t\t\t\t\t\t<div class=\"elementor-cta__content\">\n\t\t\t\t\n\t\t\t\t\n\t\t\t\t\n\t\t\t\t\t\t\t\t\t<div class=\"elementor-cta__button-wrapper elementor-cta__content-item elementor-content-item elementor-animated-item--grow\">\n\t\t\t\t\t<a class=\"elementor-cta__button elementor-button elementor-size-\">\n\t\t\t\t\t\tSantanyi\t\t\t\t\t<\/a>\n\t\t\t\t\t<\/div>\n\t\t\t\t\t\t\t<\/div>\n\t\t\t\t\t\t<\/div>\n\t\t\t\t\t\t<\/div>\n\t\t\t\t<\/div>\n\t\t\t\t<\/div>\n\t\t\t\t\t<\/div>\n\t\t\t\t<\/div>\n\t\t\t\t<\/div>\n\t\t","protected":false},"excerpt":{"rendered":"<p>En Mallorca, las calas, como la Cala Santany\u00ed,\u00a0son los puntos m\u00e1s buscados de la isla, por sus paisajes id\u00edlicos, aguas transparentes y arena blanca. La Cala Santany\u00ed, desde luego, es una de las calas m\u00e1s bonitas de toda la isla y merece, sin duda, una visita en tu pr\u00f3ximo viaje. Adem\u00e1s, al contrario de otras [&hellip;]<\/p>\n","protected":false},"author":4,"featured_media":1286,"comment_status":"open","ping_status":"closed","sticky":false,"template":"","format":"standard","meta":{"footnotes":""},"categories":[58],"tags":[124],"class_list":["post-1271","post","type-post","status-publish","format-standard","has-post-thumbnail","hentry","category-playas-y-calas","tag-no-template"],"yoast_head":"<!-- This site is optimized with the Yoast SEO plugin v27.4 - https:\/\/yoast.com\/product\/yoast-seo-wordpress\/ -->\n<title>Cala Santany\u00ed - El Para\u00edso en Mallorca - Experiencias y actividades en Mallorca<\/title>\n<meta name=\"description\" content=\"Descubre el encanto de una de las calas m\u00e1s impresionantes de Mallorca. La cala Santany\u00ed te dejar\u00e1 boquiabierto con sus aguas transparentes.\" \/>\n<meta name=\"robots\" content=\"index, follow, max-snippet:-1, max-image-preview:large, max-video-preview:-1\" \/>\n<link rel=\"canonical\" href=\"https:\/\/www.dracmallorca.com\/blog\/es\/cala-santanyi\/\" \/>\n<meta property=\"og:locale\" content=\"es_ES\" \/>\n<meta property=\"og:type\" content=\"article\" \/>\n<meta property=\"og:title\" content=\"Cala Santany\u00ed - El Para\u00edso en Mallorca - Experiencias y actividades en Mallorca\" \/>\n<meta property=\"og:description\" content=\"Descubre el encanto de una de las calas m\u00e1s impresionantes de Mallorca. La cala Santany\u00ed te dejar\u00e1 boquiabierto con sus aguas transparentes.\" \/>\n<meta property=\"og:url\" content=\"https:\/\/www.dracmallorca.com\/blog\/es\/cala-santanyi\/\" \/>\n<meta property=\"og:site_name\" content=\"Experiencias y actividades en Mallorca\" \/>\n<meta property=\"article:published_time\" content=\"2024-01-11T08:24:39+00:00\" \/>\n<meta property=\"article:modified_time\" content=\"2026-03-05T07:46:15+00:00\" \/>\n<meta property=\"og:image\" content=\"https:\/\/www.dracmallorca.com\/blog\/wp-content\/uploads\/2024\/01\/calas-mallorca-santanyi.jpg\" \/>\n\t<meta property=\"og:image:width\" content=\"1254\" \/>\n\t<meta property=\"og:image:height\" content=\"418\" \/>\n\t<meta property=\"og:image:type\" content=\"image\/jpeg\" \/>\n<meta name=\"author\" content=\"Rui\" \/>\n<meta name=\"twitter:card\" content=\"summary_large_image\" \/>\n<meta name=\"twitter:label1\" content=\"Escrito por\" \/>\n\t<meta name=\"twitter:data1\" content=\"Rui\" \/>\n\t<meta name=\"twitter:label2\" content=\"Tiempo de lectura\" \/>\n\t<meta name=\"twitter:data2\" content=\"8 minutos\" \/>\n<script type=\"application\/ld+json\" class=\"yoast-schema-graph\">{\"@context\":\"https:\\\/\\\/schema.org\",\"@graph\":[{\"@type\":\"Article\",\"@id\":\"https:\\\/\\\/www.dracmallorca.com\\\/blog\\\/es\\\/cala-santanyi\\\/#article\",\"isPartOf\":{\"@id\":\"https:\\\/\\\/www.dracmallorca.com\\\/blog\\\/es\\\/cala-santanyi\\\/\"},\"author\":{\"name\":\"Rui\",\"@id\":\"https:\\\/\\\/www.dracmallorca.com\\\/blog\\\/#\\\/schema\\\/person\\\/9de1ab77468d5df7c1d00753e6da758a\"},\"headline\":\"Cala Santany\u00ed &#8211; El Para\u00edso en Mallorca\",\"datePublished\":\"2024-01-11T08:24:39+00:00\",\"dateModified\":\"2026-03-05T07:46:15+00:00\",\"mainEntityOfPage\":{\"@id\":\"https:\\\/\\\/www.dracmallorca.com\\\/blog\\\/es\\\/cala-santanyi\\\/\"},\"wordCount\":1165,\"commentCount\":0,\"publisher\":{\"@id\":\"https:\\\/\\\/www.dracmallorca.com\\\/blog\\\/#organization\"},\"image\":{\"@id\":\"https:\\\/\\\/www.dracmallorca.com\\\/blog\\\/es\\\/cala-santanyi\\\/#primaryimage\"},\"thumbnailUrl\":\"https:\\\/\\\/www.dracmallorca.com\\\/blog\\\/wp-content\\\/uploads\\\/2024\\\/01\\\/calas-mallorca-santanyi.jpg\",\"keywords\":[\"No template\"],\"articleSection\":[\"Playas y calas\"],\"inLanguage\":\"es\",\"potentialAction\":[{\"@type\":\"CommentAction\",\"name\":\"Comment\",\"target\":[\"https:\\\/\\\/www.dracmallorca.com\\\/blog\\\/es\\\/cala-santanyi\\\/#respond\"]}]},{\"@type\":\"WebPage\",\"@id\":\"https:\\\/\\\/www.dracmallorca.com\\\/blog\\\/es\\\/cala-santanyi\\\/\",\"url\":\"https:\\\/\\\/www.dracmallorca.com\\\/blog\\\/es\\\/cala-santanyi\\\/\",\"name\":\"Cala Santany\u00ed - El Para\u00edso en Mallorca - Experiencias y actividades en Mallorca\",\"isPartOf\":{\"@id\":\"https:\\\/\\\/www.dracmallorca.com\\\/blog\\\/#website\"},\"primaryImageOfPage\":{\"@id\":\"https:\\\/\\\/www.dracmallorca.com\\\/blog\\\/es\\\/cala-santanyi\\\/#primaryimage\"},\"image\":{\"@id\":\"https:\\\/\\\/www.dracmallorca.com\\\/blog\\\/es\\\/cala-santanyi\\\/#primaryimage\"},\"thumbnailUrl\":\"https:\\\/\\\/www.dracmallorca.com\\\/blog\\\/wp-content\\\/uploads\\\/2024\\\/01\\\/calas-mallorca-santanyi.jpg\",\"datePublished\":\"2024-01-11T08:24:39+00:00\",\"dateModified\":\"2026-03-05T07:46:15+00:00\",\"description\":\"Descubre el encanto de una de las calas m\u00e1s impresionantes de Mallorca. La cala Santany\u00ed te dejar\u00e1 boquiabierto con sus aguas transparentes.\",\"inLanguage\":\"es\",\"potentialAction\":[{\"@type\":\"ReadAction\",\"target\":[\"https:\\\/\\\/www.dracmallorca.com\\\/blog\\\/es\\\/cala-santanyi\\\/\"]}]},{\"@type\":\"ImageObject\",\"inLanguage\":\"es\",\"@id\":\"https:\\\/\\\/www.dracmallorca.com\\\/blog\\\/es\\\/cala-santanyi\\\/#primaryimage\",\"url\":\"https:\\\/\\\/www.dracmallorca.com\\\/blog\\\/wp-content\\\/uploads\\\/2024\\\/01\\\/calas-mallorca-santanyi.jpg\",\"contentUrl\":\"https:\\\/\\\/www.dracmallorca.com\\\/blog\\\/wp-content\\\/uploads\\\/2024\\\/01\\\/calas-mallorca-santanyi.jpg\",\"width\":1254,\"height\":418,\"caption\":\"calas-mallorca-santanyi\"},{\"@type\":\"WebSite\",\"@id\":\"https:\\\/\\\/www.dracmallorca.com\\\/blog\\\/#website\",\"url\":\"https:\\\/\\\/www.dracmallorca.com\\\/blog\\\/\",\"name\":\"Experiencias y actividades en Mallorca\",\"description\":\"Drac Mallorca\",\"publisher\":{\"@id\":\"https:\\\/\\\/www.dracmallorca.com\\\/blog\\\/#organization\"},\"potentialAction\":[{\"@type\":\"SearchAction\",\"target\":{\"@type\":\"EntryPoint\",\"urlTemplate\":\"https:\\\/\\\/www.dracmallorca.com\\\/blog\\\/?s={search_term_string}\"},\"query-input\":{\"@type\":\"PropertyValueSpecification\",\"valueRequired\":true,\"valueName\":\"search_term_string\"}}],\"inLanguage\":\"es\"},{\"@type\":\"Organization\",\"@id\":\"https:\\\/\\\/www.dracmallorca.com\\\/blog\\\/#organization\",\"name\":\"Experiencias y actividades en Mallorca\",\"url\":\"https:\\\/\\\/www.dracmallorca.com\\\/blog\\\/\",\"logo\":{\"@type\":\"ImageObject\",\"inLanguage\":\"es\",\"@id\":\"https:\\\/\\\/www.dracmallorca.com\\\/blog\\\/#\\\/schema\\\/logo\\\/image\\\/\",\"url\":\"https:\\\/\\\/www.dracmallorca.com\\\/blog\\\/wp-content\\\/uploads\\\/2023\\\/11\\\/logo-8.png\",\"contentUrl\":\"https:\\\/\\\/www.dracmallorca.com\\\/blog\\\/wp-content\\\/uploads\\\/2023\\\/11\\\/logo-8.png\",\"width\":869,\"height\":248,\"caption\":\"Experiencias y actividades en Mallorca\"},\"image\":{\"@id\":\"https:\\\/\\\/www.dracmallorca.com\\\/blog\\\/#\\\/schema\\\/logo\\\/image\\\/\"}},{\"@type\":\"Person\",\"@id\":\"https:\\\/\\\/www.dracmallorca.com\\\/blog\\\/#\\\/schema\\\/person\\\/9de1ab77468d5df7c1d00753e6da758a\",\"name\":\"Rui\",\"image\":{\"@type\":\"ImageObject\",\"inLanguage\":\"es\",\"@id\":\"https:\\\/\\\/secure.gravatar.com\\\/avatar\\\/a38ee8cdbacfab6e36a7213a319aecff60b0580665839c1ae56aa02edbe73002?s=96&d=mm&r=g\",\"url\":\"https:\\\/\\\/secure.gravatar.com\\\/avatar\\\/a38ee8cdbacfab6e36a7213a319aecff60b0580665839c1ae56aa02edbe73002?s=96&d=mm&r=g\",\"contentUrl\":\"https:\\\/\\\/secure.gravatar.com\\\/avatar\\\/a38ee8cdbacfab6e36a7213a319aecff60b0580665839c1ae56aa02edbe73002?s=96&d=mm&r=g\",\"caption\":\"Rui\"},\"url\":\"https:\\\/\\\/www.dracmallorca.com\\\/blog\\\/es\\\/author\\\/rui\\\/\"}]}<\/script>\n<!-- \/ Yoast SEO plugin. -->","yoast_head_json":{"title":"Cala Santany\u00ed - El Para\u00edso en Mallorca - Experiencias y actividades en Mallorca","description":"Descubre el encanto de una de las calas m\u00e1s impresionantes de Mallorca. La cala Santany\u00ed te dejar\u00e1 boquiabierto con sus aguas transparentes.","robots":{"index":"index","follow":"follow","max-snippet":"max-snippet:-1","max-image-preview":"max-image-preview:large","max-video-preview":"max-video-preview:-1"},"canonical":"https:\/\/www.dracmallorca.com\/blog\/es\/cala-santanyi\/","og_locale":"es_ES","og_type":"article","og_title":"Cala Santany\u00ed - El Para\u00edso en Mallorca - Experiencias y actividades en Mallorca","og_description":"Descubre el encanto de una de las calas m\u00e1s impresionantes de Mallorca. La cala Santany\u00ed te dejar\u00e1 boquiabierto con sus aguas transparentes.","og_url":"https:\/\/www.dracmallorca.com\/blog\/es\/cala-santanyi\/","og_site_name":"Experiencias y actividades en Mallorca","article_published_time":"2024-01-11T08:24:39+00:00","article_modified_time":"2026-03-05T07:46:15+00:00","og_image":[{"width":1254,"height":418,"url":"https:\/\/www.dracmallorca.com\/blog\/wp-content\/uploads\/2024\/01\/calas-mallorca-santanyi.jpg","type":"image\/jpeg"}],"author":"Rui","twitter_card":"summary_large_image","twitter_misc":{"Escrito por":"Rui","Tiempo de lectura":"8 minutos"},"schema":{"@context":"https:\/\/schema.org","@graph":[{"@type":"Article","@id":"https:\/\/www.dracmallorca.com\/blog\/es\/cala-santanyi\/#article","isPartOf":{"@id":"https:\/\/www.dracmallorca.com\/blog\/es\/cala-santanyi\/"},"author":{"name":"Rui","@id":"https:\/\/www.dracmallorca.com\/blog\/#\/schema\/person\/9de1ab77468d5df7c1d00753e6da758a"},"headline":"Cala Santany\u00ed &#8211; El Para\u00edso en Mallorca","datePublished":"2024-01-11T08:24:39+00:00","dateModified":"2026-03-05T07:46:15+00:00","mainEntityOfPage":{"@id":"https:\/\/www.dracmallorca.com\/blog\/es\/cala-santanyi\/"},"wordCount":1165,"commentCount":0,"publisher":{"@id":"https:\/\/www.dracmallorca.com\/blog\/#organization"},"image":{"@id":"https:\/\/www.dracmallorca.com\/blog\/es\/cala-santanyi\/#primaryimage"},"thumbnailUrl":"https:\/\/www.dracmallorca.com\/blog\/wp-content\/uploads\/2024\/01\/calas-mallorca-santanyi.jpg","keywords":["No template"],"articleSection":["Playas y calas"],"inLanguage":"es","potentialAction":[{"@type":"CommentAction","name":"Comment","target":["https:\/\/www.dracmallorca.com\/blog\/es\/cala-santanyi\/#respond"]}]},{"@type":"WebPage","@id":"https:\/\/www.dracmallorca.com\/blog\/es\/cala-santanyi\/","url":"https:\/\/www.dracmallorca.com\/blog\/es\/cala-santanyi\/","name":"Cala Santany\u00ed - El Para\u00edso en Mallorca - Experiencias y actividades en Mallorca","isPartOf":{"@id":"https:\/\/www.dracmallorca.com\/blog\/#website"},"primaryImageOfPage":{"@id":"https:\/\/www.dracmallorca.com\/blog\/es\/cala-santanyi\/#primaryimage"},"image":{"@id":"https:\/\/www.dracmallorca.com\/blog\/es\/cala-santanyi\/#primaryimage"},"thumbnailUrl":"https:\/\/www.dracmallorca.com\/blog\/wp-content\/uploads\/2024\/01\/calas-mallorca-santanyi.jpg","datePublished":"2024-01-11T08:24:39+00:00","dateModified":"2026-03-05T07:46:15+00:00","description":"Descubre el encanto de una de las calas m\u00e1s impresionantes de Mallorca. La cala Santany\u00ed te dejar\u00e1 boquiabierto con sus aguas transparentes.","inLanguage":"es","potentialAction":[{"@type":"ReadAction","target":["https:\/\/www.dracmallorca.com\/blog\/es\/cala-santanyi\/"]}]},{"@type":"ImageObject","inLanguage":"es","@id":"https:\/\/www.dracmallorca.com\/blog\/es\/cala-santanyi\/#primaryimage","url":"https:\/\/www.dracmallorca.com\/blog\/wp-content\/uploads\/2024\/01\/calas-mallorca-santanyi.jpg","contentUrl":"https:\/\/www.dracmallorca.com\/blog\/wp-content\/uploads\/2024\/01\/calas-mallorca-santanyi.jpg","width":1254,"height":418,"caption":"calas-mallorca-santanyi"},{"@type":"WebSite","@id":"https:\/\/www.dracmallorca.com\/blog\/#website","url":"https:\/\/www.dracmallorca.com\/blog\/","name":"Experiencias y actividades en Mallorca","description":"Drac Mallorca","publisher":{"@id":"https:\/\/www.dracmallorca.com\/blog\/#organization"},"potentialAction":[{"@type":"SearchAction","target":{"@type":"EntryPoint","urlTemplate":"https:\/\/www.dracmallorca.com\/blog\/?s={search_term_string}"},"query-input":{"@type":"PropertyValueSpecification","valueRequired":true,"valueName":"search_term_string"}}],"inLanguage":"es"},{"@type":"Organization","@id":"https:\/\/www.dracmallorca.com\/blog\/#organization","name":"Experiencias y actividades en Mallorca","url":"https:\/\/www.dracmallorca.com\/blog\/","logo":{"@type":"ImageObject","inLanguage":"es","@id":"https:\/\/www.dracmallorca.com\/blog\/#\/schema\/logo\/image\/","url":"https:\/\/www.dracmallorca.com\/blog\/wp-content\/uploads\/2023\/11\/logo-8.png","contentUrl":"https:\/\/www.dracmallorca.com\/blog\/wp-content\/uploads\/2023\/11\/logo-8.png","width":869,"height":248,"caption":"Experiencias y actividades en Mallorca"},"image":{"@id":"https:\/\/www.dracmallorca.com\/blog\/#\/schema\/logo\/image\/"}},{"@type":"Person","@id":"https:\/\/www.dracmallorca.com\/blog\/#\/schema\/person\/9de1ab77468d5df7c1d00753e6da758a","name":"Rui","image":{"@type":"ImageObject","inLanguage":"es","@id":"https:\/\/secure.gravatar.com\/avatar\/a38ee8cdbacfab6e36a7213a319aecff60b0580665839c1ae56aa02edbe73002?s=96&d=mm&r=g","url":"https:\/\/secure.gravatar.com\/avatar\/a38ee8cdbacfab6e36a7213a319aecff60b0580665839c1ae56aa02edbe73002?s=96&d=mm&r=g","contentUrl":"https:\/\/secure.gravatar.com\/avatar\/a38ee8cdbacfab6e36a7213a319aecff60b0580665839c1ae56aa02edbe73002?s=96&d=mm&r=g","caption":"Rui"},"url":"https:\/\/www.dracmallorca.com\/blog\/es\/author\/rui\/"}]}},"_links":{"self":[{"href":"https:\/\/www.dracmallorca.com\/blog\/es\/wp-json\/wp\/v2\/posts\/1271","targetHints":{"allow":["GET"]}}],"collection":[{"href":"https:\/\/www.dracmallorca.com\/blog\/es\/wp-json\/wp\/v2\/posts"}],"about":[{"href":"https:\/\/www.dracmallorca.com\/blog\/es\/wp-json\/wp\/v2\/types\/post"}],"author":[{"embeddable":true,"href":"https:\/\/www.dracmallorca.com\/blog\/es\/wp-json\/wp\/v2\/users\/4"}],"replies":[{"embeddable":true,"href":"https:\/\/www.dracmallorca.com\/blog\/es\/wp-json\/wp\/v2\/comments?post=1271"}],"version-history":[{"count":20,"href":"https:\/\/www.dracmallorca.com\/blog\/es\/wp-json\/wp\/v2\/posts\/1271\/revisions"}],"predecessor-version":[{"id":3191,"href":"https:\/\/www.dracmallorca.com\/blog\/es\/wp-json\/wp\/v2\/posts\/1271\/revisions\/3191"}],"wp:featuredmedia":[{"embeddable":true,"href":"https:\/\/www.dracmallorca.com\/blog\/es\/wp-json\/wp\/v2\/media\/1286"}],"wp:attachment":[{"href":"https:\/\/www.dracmallorca.com\/blog\/es\/wp-json\/wp\/v2\/media?parent=1271"}],"wp:term":[{"taxonomy":"category","embeddable":true,"href":"https:\/\/www.dracmallorca.com\/blog\/es\/wp-json\/wp\/v2\/categories?post=1271"},{"taxonomy":"post_tag","embeddable":true,"href":"https:\/\/www.dracmallorca.com\/blog\/es\/wp-json\/wp\/v2\/tags?post=1271"}],"curies":[{"name":"wp","href":"https:\/\/api.w.org\/{rel}","templated":true}]}}