{"id":890,"date":"2022-09-20T11:19:09","date_gmt":"2022-09-20T11:19:09","guid":{"rendered":"https:\/\/www.dracmallorca.com\/blog\/?p=890"},"modified":"2024-01-19T10:06:55","modified_gmt":"2024-01-19T10:06:55","slug":"finca-bassa-seca-perfekt-fuer-radsportfans","status":"publish","type":"post","link":"https:\/\/www.dracmallorca.com\/blog\/de\/finca-bassa-seca-perfekt-fuer-radsportfans\/","title":{"rendered":"Finca Bassa Seca: perfekt f\u00fcr Radsportfans"},"content":{"rendered":"\n<figure class=\"wp-block-image size-large is-resized\"><img fetchpriority=\"high\" decoding=\"async\" src=\"https:\/\/www.dracmallorca.com\/blog\/wp-content\/uploads\/2022\/09\/cf-nou-fondos-claros-3-1500x630.png\" alt=\"\" class=\"wp-image-891\" width=\"426\" height=\"178\" srcset=\"https:\/\/www.dracmallorca.com\/blog\/wp-content\/uploads\/2022\/09\/cf-nou-fondos-claros-3-1500x630.png 1500w, https:\/\/www.dracmallorca.com\/blog\/wp-content\/uploads\/2022\/09\/cf-nou-fondos-claros-3-768x323.png 768w, https:\/\/www.dracmallorca.com\/blog\/wp-content\/uploads\/2022\/09\/cf-nou-fondos-claros-3-1536x646.png 1536w, https:\/\/www.dracmallorca.com\/blog\/wp-content\/uploads\/2022\/09\/cf-nou-fondos-claros-3-2048x862.png 2048w\" sizes=\"(max-width: 426px) 100vw, 426px\" \/><\/figure>\n\n\n\n<p>Unsere geliebte Finca BASSA SECA in Santany\u00ed f\u00fcr bis zu 10 Personen arbeitet mit CYLCLING FRIENDLY &#8211; Cycling Holiday Planner zusammen, um unseren Kunden Einrichtungen zu bieten, die darauf vorbereitet sind, Radsportbegeisterte zu empfangen, damit sie einen wunderbaren Aufenthalt auf Mallorca verbringen k\u00f6nnen.<\/p>\n\n\n\n<p>Wenn dies Ihr Sport ist, ist dies Ihre Finca.<\/p>\n\n\n\n<p><a href=\"https:\/\/www.santanyi.net\/de\/vermietung\/landhaus-santanyi-bassa-seca-308510.html\">https:\/\/www.santanyi.net\/de\/vermietung\/landhaus-santanyi-bassa-seca-308510.html<\/a><\/p>\n\n\n\n<figure class=\"wp-block-image size-large\"><img decoding=\"async\" width=\"563\" height=\"557\" src=\"https:\/\/www.dracmallorca.com\/blog\/wp-content\/uploads\/2022\/09\/Captura-de-pantalla-2022-09-20-124754-3.png\" alt=\"\" class=\"wp-image-895\" srcset=\"https:\/\/www.dracmallorca.com\/blog\/wp-content\/uploads\/2022\/09\/Captura-de-pantalla-2022-09-20-124754-3.png 563w, https:\/\/www.dracmallorca.com\/blog\/wp-content\/uploads\/2022\/09\/Captura-de-pantalla-2022-09-20-124754-3-64x64.png 64w\" sizes=\"(max-width: 563px) 100vw, 563px\" \/><\/figure>\n","protected":false},"excerpt":{"rendered":"<p>Unsere geliebte Finca BASSA SECA in Santany\u00ed f\u00fcr bis zu 10 Personen arbeitet mit CYLCLING FRIENDLY &#8211; Cycling Holiday Planner zusammen, um unseren Kunden Einrichtungen zu bieten, die darauf vorbereitet sind, Radsportbegeisterte zu empfangen, damit sie einen wunderbaren Aufenthalt auf Mallorca verbringen k\u00f6nnen. Wenn dies Ihr Sport ist, ist dies Ihre Finca. https:\/\/www.santanyi.net\/de\/vermietung\/landhaus-santanyi-bassa-seca-308510.html<\/p>\n","protected":false},"author":2,"featured_media":1315,"comment_status":"open","ping_status":"closed","sticky":false,"template":"","format":"standard","meta":{"footnotes":""},"categories":[2],"tags":[],"class_list":["post-890","post","type-post","status-publish","format-standard","has-post-thumbnail","hentry","category-grupo-drac-santanyi"],"yoast_head":"<!-- This site is optimized with the Yoast SEO plugin v27.4 - https:\/\/yoast.com\/product\/yoast-seo-wordpress\/ -->\n<title>Finca Bassa Seca: perfekt f\u00fcr Radsportfans - Experiencias y actividades en Mallorca<\/title>\n<meta name=\"robots\" content=\"index, follow, max-snippet:-1, max-image-preview:large, max-video-preview:-1\" \/>\n<link rel=\"canonical\" href=\"https:\/\/www.dracmallorca.com\/blog\/de\/finca-bassa-seca-perfekt-fuer-radsportfans\/\" \/>\n<meta property=\"og:locale\" content=\"de_DE\" \/>\n<meta property=\"og:type\" content=\"article\" \/>\n<meta property=\"og:title\" content=\"Finca Bassa Seca: perfekt f\u00fcr Radsportfans - Experiencias y actividades en Mallorca\" \/>\n<meta property=\"og:description\" content=\"Unsere geliebte Finca BASSA SECA in Santany\u00ed f\u00fcr bis zu 10 Personen arbeitet mit CYLCLING FRIENDLY &#8211; Cycling Holiday Planner zusammen, um unseren Kunden Einrichtungen zu bieten, die darauf vorbereitet sind, Radsportbegeisterte zu empfangen, damit sie einen wunderbaren Aufenthalt auf Mallorca verbringen k\u00f6nnen. Wenn dies Ihr Sport ist, ist dies Ihre Finca. https:\/\/www.santanyi.net\/de\/vermietung\/landhaus-santanyi-bassa-seca-308510.html\" \/>\n<meta property=\"og:url\" content=\"https:\/\/www.dracmallorca.com\/blog\/de\/finca-bassa-seca-perfekt-fuer-radsportfans\/\" \/>\n<meta property=\"og:site_name\" content=\"Experiencias y actividades en Mallorca\" \/>\n<meta property=\"article:published_time\" content=\"2022-09-20T11:19:09+00:00\" \/>\n<meta property=\"article:modified_time\" content=\"2024-01-19T10:06:55+00:00\" \/>\n<meta property=\"og:image\" content=\"https:\/\/www.dracmallorca.com\/blog\/wp-content\/uploads\/2022\/09\/finca-bassa-seca-santanyi-mallorca.jpg\" \/>\n\t<meta property=\"og:image:width\" content=\"1920\" \/>\n\t<meta property=\"og:image:height\" content=\"650\" \/>\n\t<meta property=\"og:image:type\" content=\"image\/jpeg\" \/>\n<meta name=\"author\" content=\"santanyi\" \/>\n<meta name=\"twitter:card\" content=\"summary_large_image\" \/>\n<meta name=\"twitter:label1\" content=\"Verfasst von\" \/>\n\t<meta name=\"twitter:data1\" content=\"santanyi\" \/>\n\t<meta name=\"twitter:label2\" content=\"Gesch\u00e4tzte Lesezeit\" \/>\n\t<meta name=\"twitter:data2\" content=\"1\u00a0Minute\" \/>\n<script type=\"application\/ld+json\" class=\"yoast-schema-graph\">{\"@context\":\"https:\\\/\\\/schema.org\",\"@graph\":[{\"@type\":\"Article\",\"@id\":\"https:\\\/\\\/www.dracmallorca.com\\\/blog\\\/de\\\/finca-bassa-seca-perfekt-fuer-radsportfans\\\/#article\",\"isPartOf\":{\"@id\":\"https:\\\/\\\/www.dracmallorca.com\\\/blog\\\/de\\\/finca-bassa-seca-perfekt-fuer-radsportfans\\\/\"},\"author\":{\"name\":\"santanyi\",\"@id\":\"https:\\\/\\\/www.dracmallorca.com\\\/blog\\\/#\\\/schema\\\/person\\\/f28eed696a11608d6c190bfd0423d504\"},\"headline\":\"Finca Bassa Seca: perfekt f\u00fcr Radsportfans\",\"datePublished\":\"2022-09-20T11:19:09+00:00\",\"dateModified\":\"2024-01-19T10:06:55+00:00\",\"mainEntityOfPage\":{\"@id\":\"https:\\\/\\\/www.dracmallorca.com\\\/blog\\\/de\\\/finca-bassa-seca-perfekt-fuer-radsportfans\\\/\"},\"wordCount\":68,\"commentCount\":0,\"publisher\":{\"@id\":\"https:\\\/\\\/www.dracmallorca.com\\\/blog\\\/#organization\"},\"image\":{\"@id\":\"https:\\\/\\\/www.dracmallorca.com\\\/blog\\\/de\\\/finca-bassa-seca-perfekt-fuer-radsportfans\\\/#primaryimage\"},\"thumbnailUrl\":\"https:\\\/\\\/www.dracmallorca.com\\\/blog\\\/wp-content\\\/uploads\\\/2022\\\/09\\\/finca-bassa-seca-santanyi-mallorca.jpg\",\"articleSection\":[\"Grupo Drac Santany\u00ed\"],\"inLanguage\":\"de\",\"potentialAction\":[{\"@type\":\"CommentAction\",\"name\":\"Comment\",\"target\":[\"https:\\\/\\\/www.dracmallorca.com\\\/blog\\\/de\\\/finca-bassa-seca-perfekt-fuer-radsportfans\\\/#respond\"]}]},{\"@type\":\"WebPage\",\"@id\":\"https:\\\/\\\/www.dracmallorca.com\\\/blog\\\/de\\\/finca-bassa-seca-perfekt-fuer-radsportfans\\\/\",\"url\":\"https:\\\/\\\/www.dracmallorca.com\\\/blog\\\/de\\\/finca-bassa-seca-perfekt-fuer-radsportfans\\\/\",\"name\":\"Finca Bassa Seca: perfekt f\u00fcr Radsportfans - Experiencias y actividades en Mallorca\",\"isPartOf\":{\"@id\":\"https:\\\/\\\/www.dracmallorca.com\\\/blog\\\/#website\"},\"primaryImageOfPage\":{\"@id\":\"https:\\\/\\\/www.dracmallorca.com\\\/blog\\\/de\\\/finca-bassa-seca-perfekt-fuer-radsportfans\\\/#primaryimage\"},\"image\":{\"@id\":\"https:\\\/\\\/www.dracmallorca.com\\\/blog\\\/de\\\/finca-bassa-seca-perfekt-fuer-radsportfans\\\/#primaryimage\"},\"thumbnailUrl\":\"https:\\\/\\\/www.dracmallorca.com\\\/blog\\\/wp-content\\\/uploads\\\/2022\\\/09\\\/finca-bassa-seca-santanyi-mallorca.jpg\",\"datePublished\":\"2022-09-20T11:19:09+00:00\",\"dateModified\":\"2024-01-19T10:06:55+00:00\",\"inLanguage\":\"de\",\"potentialAction\":[{\"@type\":\"ReadAction\",\"target\":[\"https:\\\/\\\/www.dracmallorca.com\\\/blog\\\/de\\\/finca-bassa-seca-perfekt-fuer-radsportfans\\\/\"]}]},{\"@type\":\"ImageObject\",\"inLanguage\":\"de\",\"@id\":\"https:\\\/\\\/www.dracmallorca.com\\\/blog\\\/de\\\/finca-bassa-seca-perfekt-fuer-radsportfans\\\/#primaryimage\",\"url\":\"https:\\\/\\\/www.dracmallorca.com\\\/blog\\\/wp-content\\\/uploads\\\/2022\\\/09\\\/finca-bassa-seca-santanyi-mallorca.jpg\",\"contentUrl\":\"https:\\\/\\\/www.dracmallorca.com\\\/blog\\\/wp-content\\\/uploads\\\/2022\\\/09\\\/finca-bassa-seca-santanyi-mallorca.jpg\",\"width\":1920,\"height\":650,\"caption\":\"finca bassa seca en Santanyi Mallorca\"},{\"@type\":\"WebSite\",\"@id\":\"https:\\\/\\\/www.dracmallorca.com\\\/blog\\\/#website\",\"url\":\"https:\\\/\\\/www.dracmallorca.com\\\/blog\\\/\",\"name\":\"Experiencias y actividades en Mallorca\",\"description\":\"Drac Mallorca\",\"publisher\":{\"@id\":\"https:\\\/\\\/www.dracmallorca.com\\\/blog\\\/#organization\"},\"potentialAction\":[{\"@type\":\"SearchAction\",\"target\":{\"@type\":\"EntryPoint\",\"urlTemplate\":\"https:\\\/\\\/www.dracmallorca.com\\\/blog\\\/?s={search_term_string}\"},\"query-input\":{\"@type\":\"PropertyValueSpecification\",\"valueRequired\":true,\"valueName\":\"search_term_string\"}}],\"inLanguage\":\"de\"},{\"@type\":\"Organization\",\"@id\":\"https:\\\/\\\/www.dracmallorca.com\\\/blog\\\/#organization\",\"name\":\"Experiencias y actividades en Mallorca\",\"url\":\"https:\\\/\\\/www.dracmallorca.com\\\/blog\\\/\",\"logo\":{\"@type\":\"ImageObject\",\"inLanguage\":\"de\",\"@id\":\"https:\\\/\\\/www.dracmallorca.com\\\/blog\\\/#\\\/schema\\\/logo\\\/image\\\/\",\"url\":\"https:\\\/\\\/www.dracmallorca.com\\\/blog\\\/wp-content\\\/uploads\\\/2023\\\/11\\\/logo-8.png\",\"contentUrl\":\"https:\\\/\\\/www.dracmallorca.com\\\/blog\\\/wp-content\\\/uploads\\\/2023\\\/11\\\/logo-8.png\",\"width\":869,\"height\":248,\"caption\":\"Experiencias y actividades en Mallorca\"},\"image\":{\"@id\":\"https:\\\/\\\/www.dracmallorca.com\\\/blog\\\/#\\\/schema\\\/logo\\\/image\\\/\"}},{\"@type\":\"Person\",\"@id\":\"https:\\\/\\\/www.dracmallorca.com\\\/blog\\\/#\\\/schema\\\/person\\\/f28eed696a11608d6c190bfd0423d504\",\"name\":\"santanyi\",\"image\":{\"@type\":\"ImageObject\",\"inLanguage\":\"de\",\"@id\":\"https:\\\/\\\/secure.gravatar.com\\\/avatar\\\/0f975fb544b03fa2497d57c7b1069c0be59ac06466e9de613b607ea00b767b1f?s=96&d=mm&r=g\",\"url\":\"https:\\\/\\\/secure.gravatar.com\\\/avatar\\\/0f975fb544b03fa2497d57c7b1069c0be59ac06466e9de613b607ea00b767b1f?s=96&d=mm&r=g\",\"contentUrl\":\"https:\\\/\\\/secure.gravatar.com\\\/avatar\\\/0f975fb544b03fa2497d57c7b1069c0be59ac06466e9de613b607ea00b767b1f?s=96&d=mm&r=g\",\"caption\":\"santanyi\"},\"url\":\"https:\\\/\\\/www.dracmallorca.com\\\/blog\\\/de\\\/author\\\/santanyi\\\/\"}]}<\/script>\n<!-- \/ Yoast SEO plugin. -->","yoast_head_json":{"title":"Finca Bassa Seca: perfekt f\u00fcr Radsportfans - Experiencias y actividades en Mallorca","robots":{"index":"index","follow":"follow","max-snippet":"max-snippet:-1","max-image-preview":"max-image-preview:large","max-video-preview":"max-video-preview:-1"},"canonical":"https:\/\/www.dracmallorca.com\/blog\/de\/finca-bassa-seca-perfekt-fuer-radsportfans\/","og_locale":"de_DE","og_type":"article","og_title":"Finca Bassa Seca: perfekt f\u00fcr Radsportfans - Experiencias y actividades en Mallorca","og_description":"Unsere geliebte Finca BASSA SECA in Santany\u00ed f\u00fcr bis zu 10 Personen arbeitet mit CYLCLING FRIENDLY &#8211; Cycling Holiday Planner zusammen, um unseren Kunden Einrichtungen zu bieten, die darauf vorbereitet sind, Radsportbegeisterte zu empfangen, damit sie einen wunderbaren Aufenthalt auf Mallorca verbringen k\u00f6nnen. Wenn dies Ihr Sport ist, ist dies Ihre Finca. https:\/\/www.santanyi.net\/de\/vermietung\/landhaus-santanyi-bassa-seca-308510.html","og_url":"https:\/\/www.dracmallorca.com\/blog\/de\/finca-bassa-seca-perfekt-fuer-radsportfans\/","og_site_name":"Experiencias y actividades en Mallorca","article_published_time":"2022-09-20T11:19:09+00:00","article_modified_time":"2024-01-19T10:06:55+00:00","og_image":[{"width":1920,"height":650,"url":"https:\/\/www.dracmallorca.com\/blog\/wp-content\/uploads\/2022\/09\/finca-bassa-seca-santanyi-mallorca.jpg","type":"image\/jpeg"}],"author":"santanyi","twitter_card":"summary_large_image","twitter_misc":{"Verfasst von":"santanyi","Gesch\u00e4tzte Lesezeit":"1\u00a0Minute"},"schema":{"@context":"https:\/\/schema.org","@graph":[{"@type":"Article","@id":"https:\/\/www.dracmallorca.com\/blog\/de\/finca-bassa-seca-perfekt-fuer-radsportfans\/#article","isPartOf":{"@id":"https:\/\/www.dracmallorca.com\/blog\/de\/finca-bassa-seca-perfekt-fuer-radsportfans\/"},"author":{"name":"santanyi","@id":"https:\/\/www.dracmallorca.com\/blog\/#\/schema\/person\/f28eed696a11608d6c190bfd0423d504"},"headline":"Finca Bassa Seca: perfekt f\u00fcr Radsportfans","datePublished":"2022-09-20T11:19:09+00:00","dateModified":"2024-01-19T10:06:55+00:00","mainEntityOfPage":{"@id":"https:\/\/www.dracmallorca.com\/blog\/de\/finca-bassa-seca-perfekt-fuer-radsportfans\/"},"wordCount":68,"commentCount":0,"publisher":{"@id":"https:\/\/www.dracmallorca.com\/blog\/#organization"},"image":{"@id":"https:\/\/www.dracmallorca.com\/blog\/de\/finca-bassa-seca-perfekt-fuer-radsportfans\/#primaryimage"},"thumbnailUrl":"https:\/\/www.dracmallorca.com\/blog\/wp-content\/uploads\/2022\/09\/finca-bassa-seca-santanyi-mallorca.jpg","articleSection":["Grupo Drac Santany\u00ed"],"inLanguage":"de","potentialAction":[{"@type":"CommentAction","name":"Comment","target":["https:\/\/www.dracmallorca.com\/blog\/de\/finca-bassa-seca-perfekt-fuer-radsportfans\/#respond"]}]},{"@type":"WebPage","@id":"https:\/\/www.dracmallorca.com\/blog\/de\/finca-bassa-seca-perfekt-fuer-radsportfans\/","url":"https:\/\/www.dracmallorca.com\/blog\/de\/finca-bassa-seca-perfekt-fuer-radsportfans\/","name":"Finca Bassa Seca: perfekt f\u00fcr Radsportfans - Experiencias y actividades en Mallorca","isPartOf":{"@id":"https:\/\/www.dracmallorca.com\/blog\/#website"},"primaryImageOfPage":{"@id":"https:\/\/www.dracmallorca.com\/blog\/de\/finca-bassa-seca-perfekt-fuer-radsportfans\/#primaryimage"},"image":{"@id":"https:\/\/www.dracmallorca.com\/blog\/de\/finca-bassa-seca-perfekt-fuer-radsportfans\/#primaryimage"},"thumbnailUrl":"https:\/\/www.dracmallorca.com\/blog\/wp-content\/uploads\/2022\/09\/finca-bassa-seca-santanyi-mallorca.jpg","datePublished":"2022-09-20T11:19:09+00:00","dateModified":"2024-01-19T10:06:55+00:00","inLanguage":"de","potentialAction":[{"@type":"ReadAction","target":["https:\/\/www.dracmallorca.com\/blog\/de\/finca-bassa-seca-perfekt-fuer-radsportfans\/"]}]},{"@type":"ImageObject","inLanguage":"de","@id":"https:\/\/www.dracmallorca.com\/blog\/de\/finca-bassa-seca-perfekt-fuer-radsportfans\/#primaryimage","url":"https:\/\/www.dracmallorca.com\/blog\/wp-content\/uploads\/2022\/09\/finca-bassa-seca-santanyi-mallorca.jpg","contentUrl":"https:\/\/www.dracmallorca.com\/blog\/wp-content\/uploads\/2022\/09\/finca-bassa-seca-santanyi-mallorca.jpg","width":1920,"height":650,"caption":"finca bassa seca en Santanyi Mallorca"},{"@type":"WebSite","@id":"https:\/\/www.dracmallorca.com\/blog\/#website","url":"https:\/\/www.dracmallorca.com\/blog\/","name":"Experiencias y actividades en Mallorca","description":"Drac Mallorca","publisher":{"@id":"https:\/\/www.dracmallorca.com\/blog\/#organization"},"potentialAction":[{"@type":"SearchAction","target":{"@type":"EntryPoint","urlTemplate":"https:\/\/www.dracmallorca.com\/blog\/?s={search_term_string}"},"query-input":{"@type":"PropertyValueSpecification","valueRequired":true,"valueName":"search_term_string"}}],"inLanguage":"de"},{"@type":"Organization","@id":"https:\/\/www.dracmallorca.com\/blog\/#organization","name":"Experiencias y actividades en Mallorca","url":"https:\/\/www.dracmallorca.com\/blog\/","logo":{"@type":"ImageObject","inLanguage":"de","@id":"https:\/\/www.dracmallorca.com\/blog\/#\/schema\/logo\/image\/","url":"https:\/\/www.dracmallorca.com\/blog\/wp-content\/uploads\/2023\/11\/logo-8.png","contentUrl":"https:\/\/www.dracmallorca.com\/blog\/wp-content\/uploads\/2023\/11\/logo-8.png","width":869,"height":248,"caption":"Experiencias y actividades en Mallorca"},"image":{"@id":"https:\/\/www.dracmallorca.com\/blog\/#\/schema\/logo\/image\/"}},{"@type":"Person","@id":"https:\/\/www.dracmallorca.com\/blog\/#\/schema\/person\/f28eed696a11608d6c190bfd0423d504","name":"santanyi","image":{"@type":"ImageObject","inLanguage":"de","@id":"https:\/\/secure.gravatar.com\/avatar\/0f975fb544b03fa2497d57c7b1069c0be59ac06466e9de613b607ea00b767b1f?s=96&d=mm&r=g","url":"https:\/\/secure.gravatar.com\/avatar\/0f975fb544b03fa2497d57c7b1069c0be59ac06466e9de613b607ea00b767b1f?s=96&d=mm&r=g","contentUrl":"https:\/\/secure.gravatar.com\/avatar\/0f975fb544b03fa2497d57c7b1069c0be59ac06466e9de613b607ea00b767b1f?s=96&d=mm&r=g","caption":"santanyi"},"url":"https:\/\/www.dracmallorca.com\/blog\/de\/author\/santanyi\/"}]}},"_links":{"self":[{"href":"https:\/\/www.dracmallorca.com\/blog\/de\/wp-json\/wp\/v2\/posts\/890","targetHints":{"allow":["GET"]}}],"collection":[{"href":"https:\/\/www.dracmallorca.com\/blog\/de\/wp-json\/wp\/v2\/posts"}],"about":[{"href":"https:\/\/www.dracmallorca.com\/blog\/de\/wp-json\/wp\/v2\/types\/post"}],"author":[{"embeddable":true,"href":"https:\/\/www.dracmallorca.com\/blog\/de\/wp-json\/wp\/v2\/users\/2"}],"replies":[{"embeddable":true,"href":"https:\/\/www.dracmallorca.com\/blog\/de\/wp-json\/wp\/v2\/comments?post=890"}],"version-history":[{"count":1,"href":"https:\/\/www.dracmallorca.com\/blog\/de\/wp-json\/wp\/v2\/posts\/890\/revisions"}],"predecessor-version":[{"id":899,"href":"https:\/\/www.dracmallorca.com\/blog\/de\/wp-json\/wp\/v2\/posts\/890\/revisions\/899"}],"wp:featuredmedia":[{"embeddable":true,"href":"https:\/\/www.dracmallorca.com\/blog\/de\/wp-json\/wp\/v2\/media\/1315"}],"wp:attachment":[{"href":"https:\/\/www.dracmallorca.com\/blog\/de\/wp-json\/wp\/v2\/media?parent=890"}],"wp:term":[{"taxonomy":"category","embeddable":true,"href":"https:\/\/www.dracmallorca.com\/blog\/de\/wp-json\/wp\/v2\/categories?post=890"},{"taxonomy":"post_tag","embeddable":true,"href":"https:\/\/www.dracmallorca.com\/blog\/de\/wp-json\/wp\/v2\/tags?post=890"}],"curies":[{"name":"wp","href":"https:\/\/api.w.org\/{rel}","templated":true}]}}