{"id":710,"date":"2022-01-26T14:12:30","date_gmt":"2022-01-26T14:12:30","guid":{"rendered":"https:\/\/www.dracmallorca.com\/blog\/?p=710"},"modified":"2022-01-26T14:12:31","modified_gmt":"2022-01-26T14:12:31","slug":"ferienaufenthalt-oder-langzeitmiete-in-santanyi","status":"publish","type":"post","link":"https:\/\/www.dracmallorca.com\/blog\/de\/ferienaufenthalt-oder-langzeitmiete-in-santanyi\/","title":{"rendered":"Ferienaufenthalt oder Langzeitmiete in Santany\u00ed"},"content":{"rendered":"\n<p>Ein <strong>Urlaub oder Langzeitmiete<\/strong> <strong>in Santanyi<\/strong> ist aus mehreren Gr\u00fcnden eine gute Wahl. Hier die wichtigsten, die dieses Reiseziel zum perfekten Ort f\u00fcr einen unvergesslichen Urlaub oder einen l\u00e4ngeren Aufenthalt machen.<\/p>\n\n\n\n<h3 class=\"wp-block-heading\"><strong>Langzeitmiete<\/strong><\/h3>\n\n\n\n<p>Der Ort befindet sich im S\u00fcdosten der Insel Mallorca. Seine Lage erm\u00f6glicht es Ihnen, 48 Kilometer K\u00fcste voller <strong>Buchten und paradiesischer Str\u00e4nde<\/strong> zu genie\u00dfen. Seine Geschichte ist gepr\u00e4gt davon, als befestigte Stadt Piratenangriffe zu verhindern. In der heutigen Zeit ist es ein R\u00fcckzugsort f\u00fcr K\u00fcnstler aller Art. Diese einzigartige lebendige Atmosph\u00e4re schafft eine interessante Balance mit der historischen Umgebung. Daher ist es eine kluge Entscheidung, auch <strong>f\u00fcr l\u00e4nger in dieser Stadt zu leben<\/strong>.<\/p>\n\n\n\n<h3 class=\"wp-block-heading\"><strong>Ein Raum f\u00fcr Homeoffice<\/strong><\/h3>\n\n\n\n<p>Die meisten Mietobjekte bieten eine Hochgeschwindigkeits-Internetverbindung. So ist es m\u00f6glich, jeden Tag in einem Raum mit Tageslicht vorzubereiten und die Ruhezeit f\u00fcr einen Drink in den ausgezeichneten Restaurants der Stadt zu nutzen. Entspannung und Ruhe sind garantiert, da es sich um eine ruhige Stadt handelt. Es besteht immer die M\u00f6glichkeit, in eine nahe gelegene Bucht zu fliehen, um den Kopf frei zu bekommen.<\/p>\n\n\n\n<figure class=\"wp-block-image size-large\"><img fetchpriority=\"high\" decoding=\"async\" width=\"800\" height=\"480\" src=\"https:\/\/www.dracmallorca.com\/blog\/wp-content\/uploads\/2022\/01\/foto-Laptop.jpg\" alt=\"\" class=\"wp-image-711\" srcset=\"https:\/\/www.dracmallorca.com\/blog\/wp-content\/uploads\/2022\/01\/foto-Laptop.jpg 800w, https:\/\/www.dracmallorca.com\/blog\/wp-content\/uploads\/2022\/01\/foto-Laptop-768x461.jpg 768w\" sizes=\"(max-width: 800px) 100vw, 800px\" \/><figcaption>Homeoffice auf die angenehme Art<\/figcaption><\/figure>\n\n\n\n<p>Im alten Dorfkern ist es fast unm\u00f6glich, eine von Menschen \u00fcberf\u00fcllte Stra\u00dfe oder ein Gesch\u00e4ft zu sehen, in dem Sie warten m\u00fcssen, nur um es zu betreten. Das bedeutet, dass <strong>Santany\u00ed eine sichere Stadt f\u00fcr die ganze Familie<\/strong> ist. Sie verf\u00fcgt \u00fcber ein Gesundheitszentrum und medizinische Versorgung. Und die Meeresbrise sorgt f\u00fcr die st\u00e4ndige Erneuerung der Luft. Die nat\u00fcrliche Umgebung der Stadt tr\u00e4gt dazu bei, die Natur aufgrund ihrer N\u00e4he problemlos zu genie\u00dfen.<\/p>\n\n\n\n<h3 class=\"wp-block-heading\"><strong>Weitere Vorteile des Lebens in Santany\u00ed<\/strong><\/h3>\n\n\n\n<p>Es herrscht ein\u00a0<strong>mediterranes Klima<\/strong> mit hei\u00dfen, trockenen Sommern und k\u00fchlen, feuchten Wintern. Also m\u00f6chten Sie sich in ein Zuhause zur\u00fcckziehen, das alles bietet, was Sie brauchen, um sowohl der Sommerhitze als auch den niedrigen Temperaturen und der Feuchtigkeit zu trotzen.<\/p>\n\n\n\n<p>Der Flughafen Mallorca ist lediglich 40 Autominuten entfernt. Santany\u00ed selbst verf\u00fcgt \u00fcber alle Arten von <strong>Infrastruktur und Gesch\u00e4ften<\/strong>. Alles, was Sie brauchen, ist immer zur Hand.<\/p>\n\n\n\n<p>Sich von der Hektik zu l\u00f6sen und ein paar Monate zu nutzen, um verlorene Kr\u00e4fte wiederzugewinnen, ist eine Alternative, die sorgf\u00e4ltig gepr\u00fcft werden sollte.<\/p>\n\n\n\n<figure class=\"wp-block-image size-large\"><img decoding=\"async\" width=\"800\" height=\"480\" src=\"https:\/\/www.dracmallorca.com\/blog\/wp-content\/uploads\/2022\/01\/foto-Schuhe-auf-Klippe.jpg\" alt=\"\" class=\"wp-image-715\" srcset=\"https:\/\/www.dracmallorca.com\/blog\/wp-content\/uploads\/2022\/01\/foto-Schuhe-auf-Klippe.jpg 800w, https:\/\/www.dracmallorca.com\/blog\/wp-content\/uploads\/2022\/01\/foto-Schuhe-auf-Klippe-768x461.jpg 768w\" sizes=\"(max-width: 800px) 100vw, 800px\" \/><figcaption>Abseits der Hektik<\/figcaption><\/figure>\n\n\n\n<p>Das <strong>Leben in Santany\u00ed<\/strong> eignet sich sowohl f\u00fcr Paare als auch f\u00fcr Familien, die eine neue Etappe beginnen oder im Urlaub nicht immer das Gleiche machen m\u00f6chten. Die Entscheidung f\u00fcr eine <strong>Ferienwohnung oder einen l\u00e4ngeren Aufenthalt<\/strong> in Santanyi f\u00fchrt zur Entdeckung eines einzigartigen Raums voller \u00dcberraschungen und Attraktionen und wird Ihren Besuch zu einem einzigartigen Moment machen. Ein Tapetenwechsel f\u00fcr ein paar Wochen wird sich lohnen. Sie werden sich bestm\u00f6glich \u00a0erholen.<\/p>\n","protected":false},"excerpt":{"rendered":"<p>Ein Urlaub oder Langzeitmiete in Santanyi ist aus mehreren Gr\u00fcnden eine gute Wahl. Hier die wichtigsten, die dieses Reiseziel zum perfekten Ort f\u00fcr einen unvergesslichen Urlaub oder einen l\u00e4ngeren Aufenthalt machen. Langzeitmiete Der Ort befindet sich im S\u00fcdosten der Insel Mallorca. Seine Lage erm\u00f6glicht es Ihnen, 48 Kilometer K\u00fcste voller Buchten und paradiesischer Str\u00e4nde zu [&hellip;]<\/p>\n","protected":false},"author":2,"featured_media":0,"comment_status":"open","ping_status":"closed","sticky":false,"template":"","format":"standard","meta":{"footnotes":""},"categories":[2],"tags":[],"class_list":["post-710","post","type-post","status-publish","format-standard","hentry","category-grupo-drac-santanyi"],"yoast_head":"<!-- This site is optimized with the Yoast SEO plugin v27.4 - https:\/\/yoast.com\/product\/yoast-seo-wordpress\/ -->\n<title>Ferienaufenthalt oder Langzeitmiete in Santany\u00ed - Experiencias y actividades en Mallorca<\/title>\n<meta name=\"robots\" content=\"index, follow, max-snippet:-1, max-image-preview:large, max-video-preview:-1\" \/>\n<link rel=\"canonical\" href=\"https:\/\/www.dracmallorca.com\/blog\/de\/ferienaufenthalt-oder-langzeitmiete-in-santanyi\/\" \/>\n<meta property=\"og:locale\" content=\"de_DE\" \/>\n<meta property=\"og:type\" content=\"article\" \/>\n<meta property=\"og:title\" content=\"Ferienaufenthalt oder Langzeitmiete in Santany\u00ed - Experiencias y actividades en Mallorca\" \/>\n<meta property=\"og:description\" content=\"Ein Urlaub oder Langzeitmiete in Santanyi ist aus mehreren Gr\u00fcnden eine gute Wahl. Hier die wichtigsten, die dieses Reiseziel zum perfekten Ort f\u00fcr einen unvergesslichen Urlaub oder einen l\u00e4ngeren Aufenthalt machen. Langzeitmiete Der Ort befindet sich im S\u00fcdosten der Insel Mallorca. Seine Lage erm\u00f6glicht es Ihnen, 48 Kilometer K\u00fcste voller Buchten und paradiesischer Str\u00e4nde zu [&hellip;]\" \/>\n<meta property=\"og:url\" content=\"https:\/\/www.dracmallorca.com\/blog\/de\/ferienaufenthalt-oder-langzeitmiete-in-santanyi\/\" \/>\n<meta property=\"og:site_name\" content=\"Experiencias y actividades en Mallorca\" \/>\n<meta property=\"article:published_time\" content=\"2022-01-26T14:12:30+00:00\" \/>\n<meta property=\"article:modified_time\" content=\"2022-01-26T14:12:31+00:00\" \/>\n<meta property=\"og:image\" content=\"https:\/\/www.dracmallorca.com\/blog\/wp-content\/uploads\/2022\/01\/foto-Laptop.jpg\" \/>\n<meta name=\"author\" content=\"santanyi\" \/>\n<meta name=\"twitter:card\" content=\"summary_large_image\" \/>\n<meta name=\"twitter:label1\" content=\"Verfasst von\" \/>\n\t<meta name=\"twitter:data1\" content=\"santanyi\" \/>\n\t<meta name=\"twitter:label2\" content=\"Gesch\u00e4tzte Lesezeit\" \/>\n\t<meta name=\"twitter:data2\" content=\"3\u00a0Minuten\" \/>\n<script type=\"application\/ld+json\" class=\"yoast-schema-graph\">{\"@context\":\"https:\\\/\\\/schema.org\",\"@graph\":[{\"@type\":\"Article\",\"@id\":\"https:\\\/\\\/www.dracmallorca.com\\\/blog\\\/de\\\/ferienaufenthalt-oder-langzeitmiete-in-santanyi\\\/#article\",\"isPartOf\":{\"@id\":\"https:\\\/\\\/www.dracmallorca.com\\\/blog\\\/de\\\/ferienaufenthalt-oder-langzeitmiete-in-santanyi\\\/\"},\"author\":{\"name\":\"santanyi\",\"@id\":\"https:\\\/\\\/www.dracmallorca.com\\\/blog\\\/#\\\/schema\\\/person\\\/f28eed696a11608d6c190bfd0423d504\"},\"headline\":\"Ferienaufenthalt oder Langzeitmiete in Santany\u00ed\",\"datePublished\":\"2022-01-26T14:12:30+00:00\",\"dateModified\":\"2022-01-26T14:12:31+00:00\",\"mainEntityOfPage\":{\"@id\":\"https:\\\/\\\/www.dracmallorca.com\\\/blog\\\/de\\\/ferienaufenthalt-oder-langzeitmiete-in-santanyi\\\/\"},\"wordCount\":474,\"commentCount\":0,\"publisher\":{\"@id\":\"https:\\\/\\\/www.dracmallorca.com\\\/blog\\\/#organization\"},\"image\":{\"@id\":\"https:\\\/\\\/www.dracmallorca.com\\\/blog\\\/de\\\/ferienaufenthalt-oder-langzeitmiete-in-santanyi\\\/#primaryimage\"},\"thumbnailUrl\":\"https:\\\/\\\/www.dracmallorca.com\\\/blog\\\/wp-content\\\/uploads\\\/2022\\\/01\\\/foto-Laptop.jpg\",\"articleSection\":[\"Grupo Drac Santany\u00ed\"],\"inLanguage\":\"de\",\"potentialAction\":[{\"@type\":\"CommentAction\",\"name\":\"Comment\",\"target\":[\"https:\\\/\\\/www.dracmallorca.com\\\/blog\\\/de\\\/ferienaufenthalt-oder-langzeitmiete-in-santanyi\\\/#respond\"]}]},{\"@type\":\"WebPage\",\"@id\":\"https:\\\/\\\/www.dracmallorca.com\\\/blog\\\/de\\\/ferienaufenthalt-oder-langzeitmiete-in-santanyi\\\/\",\"url\":\"https:\\\/\\\/www.dracmallorca.com\\\/blog\\\/de\\\/ferienaufenthalt-oder-langzeitmiete-in-santanyi\\\/\",\"name\":\"Ferienaufenthalt oder Langzeitmiete in Santany\u00ed - Experiencias y actividades en Mallorca\",\"isPartOf\":{\"@id\":\"https:\\\/\\\/www.dracmallorca.com\\\/blog\\\/#website\"},\"primaryImageOfPage\":{\"@id\":\"https:\\\/\\\/www.dracmallorca.com\\\/blog\\\/de\\\/ferienaufenthalt-oder-langzeitmiete-in-santanyi\\\/#primaryimage\"},\"image\":{\"@id\":\"https:\\\/\\\/www.dracmallorca.com\\\/blog\\\/de\\\/ferienaufenthalt-oder-langzeitmiete-in-santanyi\\\/#primaryimage\"},\"thumbnailUrl\":\"https:\\\/\\\/www.dracmallorca.com\\\/blog\\\/wp-content\\\/uploads\\\/2022\\\/01\\\/foto-Laptop.jpg\",\"datePublished\":\"2022-01-26T14:12:30+00:00\",\"dateModified\":\"2022-01-26T14:12:31+00:00\",\"inLanguage\":\"de\",\"potentialAction\":[{\"@type\":\"ReadAction\",\"target\":[\"https:\\\/\\\/www.dracmallorca.com\\\/blog\\\/de\\\/ferienaufenthalt-oder-langzeitmiete-in-santanyi\\\/\"]}]},{\"@type\":\"ImageObject\",\"inLanguage\":\"de\",\"@id\":\"https:\\\/\\\/www.dracmallorca.com\\\/blog\\\/de\\\/ferienaufenthalt-oder-langzeitmiete-in-santanyi\\\/#primaryimage\",\"url\":\"https:\\\/\\\/www.dracmallorca.com\\\/blog\\\/wp-content\\\/uploads\\\/2022\\\/01\\\/foto-Laptop.jpg\",\"contentUrl\":\"https:\\\/\\\/www.dracmallorca.com\\\/blog\\\/wp-content\\\/uploads\\\/2022\\\/01\\\/foto-Laptop.jpg\"},{\"@type\":\"WebSite\",\"@id\":\"https:\\\/\\\/www.dracmallorca.com\\\/blog\\\/#website\",\"url\":\"https:\\\/\\\/www.dracmallorca.com\\\/blog\\\/\",\"name\":\"Experiencias y actividades en Mallorca\",\"description\":\"Drac Mallorca\",\"publisher\":{\"@id\":\"https:\\\/\\\/www.dracmallorca.com\\\/blog\\\/#organization\"},\"potentialAction\":[{\"@type\":\"SearchAction\",\"target\":{\"@type\":\"EntryPoint\",\"urlTemplate\":\"https:\\\/\\\/www.dracmallorca.com\\\/blog\\\/?s={search_term_string}\"},\"query-input\":{\"@type\":\"PropertyValueSpecification\",\"valueRequired\":true,\"valueName\":\"search_term_string\"}}],\"inLanguage\":\"de\"},{\"@type\":\"Organization\",\"@id\":\"https:\\\/\\\/www.dracmallorca.com\\\/blog\\\/#organization\",\"name\":\"Experiencias y actividades en Mallorca\",\"url\":\"https:\\\/\\\/www.dracmallorca.com\\\/blog\\\/\",\"logo\":{\"@type\":\"ImageObject\",\"inLanguage\":\"de\",\"@id\":\"https:\\\/\\\/www.dracmallorca.com\\\/blog\\\/#\\\/schema\\\/logo\\\/image\\\/\",\"url\":\"https:\\\/\\\/www.dracmallorca.com\\\/blog\\\/wp-content\\\/uploads\\\/2023\\\/11\\\/logo-8.png\",\"contentUrl\":\"https:\\\/\\\/www.dracmallorca.com\\\/blog\\\/wp-content\\\/uploads\\\/2023\\\/11\\\/logo-8.png\",\"width\":869,\"height\":248,\"caption\":\"Experiencias y actividades en Mallorca\"},\"image\":{\"@id\":\"https:\\\/\\\/www.dracmallorca.com\\\/blog\\\/#\\\/schema\\\/logo\\\/image\\\/\"}},{\"@type\":\"Person\",\"@id\":\"https:\\\/\\\/www.dracmallorca.com\\\/blog\\\/#\\\/schema\\\/person\\\/f28eed696a11608d6c190bfd0423d504\",\"name\":\"santanyi\",\"image\":{\"@type\":\"ImageObject\",\"inLanguage\":\"de\",\"@id\":\"https:\\\/\\\/secure.gravatar.com\\\/avatar\\\/0f975fb544b03fa2497d57c7b1069c0be59ac06466e9de613b607ea00b767b1f?s=96&d=mm&r=g\",\"url\":\"https:\\\/\\\/secure.gravatar.com\\\/avatar\\\/0f975fb544b03fa2497d57c7b1069c0be59ac06466e9de613b607ea00b767b1f?s=96&d=mm&r=g\",\"contentUrl\":\"https:\\\/\\\/secure.gravatar.com\\\/avatar\\\/0f975fb544b03fa2497d57c7b1069c0be59ac06466e9de613b607ea00b767b1f?s=96&d=mm&r=g\",\"caption\":\"santanyi\"},\"url\":\"https:\\\/\\\/www.dracmallorca.com\\\/blog\\\/de\\\/author\\\/santanyi\\\/\"}]}<\/script>\n<!-- \/ Yoast SEO plugin. -->","yoast_head_json":{"title":"Ferienaufenthalt oder Langzeitmiete in Santany\u00ed - Experiencias y actividades en Mallorca","robots":{"index":"index","follow":"follow","max-snippet":"max-snippet:-1","max-image-preview":"max-image-preview:large","max-video-preview":"max-video-preview:-1"},"canonical":"https:\/\/www.dracmallorca.com\/blog\/de\/ferienaufenthalt-oder-langzeitmiete-in-santanyi\/","og_locale":"de_DE","og_type":"article","og_title":"Ferienaufenthalt oder Langzeitmiete in Santany\u00ed - Experiencias y actividades en Mallorca","og_description":"Ein Urlaub oder Langzeitmiete in Santanyi ist aus mehreren Gr\u00fcnden eine gute Wahl. Hier die wichtigsten, die dieses Reiseziel zum perfekten Ort f\u00fcr einen unvergesslichen Urlaub oder einen l\u00e4ngeren Aufenthalt machen. Langzeitmiete Der Ort befindet sich im S\u00fcdosten der Insel Mallorca. Seine Lage erm\u00f6glicht es Ihnen, 48 Kilometer K\u00fcste voller Buchten und paradiesischer Str\u00e4nde zu [&hellip;]","og_url":"https:\/\/www.dracmallorca.com\/blog\/de\/ferienaufenthalt-oder-langzeitmiete-in-santanyi\/","og_site_name":"Experiencias y actividades en Mallorca","article_published_time":"2022-01-26T14:12:30+00:00","article_modified_time":"2022-01-26T14:12:31+00:00","og_image":[{"url":"https:\/\/www.dracmallorca.com\/blog\/wp-content\/uploads\/2022\/01\/foto-Laptop.jpg","type":"","width":"","height":""}],"author":"santanyi","twitter_card":"summary_large_image","twitter_misc":{"Verfasst von":"santanyi","Gesch\u00e4tzte Lesezeit":"3\u00a0Minuten"},"schema":{"@context":"https:\/\/schema.org","@graph":[{"@type":"Article","@id":"https:\/\/www.dracmallorca.com\/blog\/de\/ferienaufenthalt-oder-langzeitmiete-in-santanyi\/#article","isPartOf":{"@id":"https:\/\/www.dracmallorca.com\/blog\/de\/ferienaufenthalt-oder-langzeitmiete-in-santanyi\/"},"author":{"name":"santanyi","@id":"https:\/\/www.dracmallorca.com\/blog\/#\/schema\/person\/f28eed696a11608d6c190bfd0423d504"},"headline":"Ferienaufenthalt oder Langzeitmiete in Santany\u00ed","datePublished":"2022-01-26T14:12:30+00:00","dateModified":"2022-01-26T14:12:31+00:00","mainEntityOfPage":{"@id":"https:\/\/www.dracmallorca.com\/blog\/de\/ferienaufenthalt-oder-langzeitmiete-in-santanyi\/"},"wordCount":474,"commentCount":0,"publisher":{"@id":"https:\/\/www.dracmallorca.com\/blog\/#organization"},"image":{"@id":"https:\/\/www.dracmallorca.com\/blog\/de\/ferienaufenthalt-oder-langzeitmiete-in-santanyi\/#primaryimage"},"thumbnailUrl":"https:\/\/www.dracmallorca.com\/blog\/wp-content\/uploads\/2022\/01\/foto-Laptop.jpg","articleSection":["Grupo Drac Santany\u00ed"],"inLanguage":"de","potentialAction":[{"@type":"CommentAction","name":"Comment","target":["https:\/\/www.dracmallorca.com\/blog\/de\/ferienaufenthalt-oder-langzeitmiete-in-santanyi\/#respond"]}]},{"@type":"WebPage","@id":"https:\/\/www.dracmallorca.com\/blog\/de\/ferienaufenthalt-oder-langzeitmiete-in-santanyi\/","url":"https:\/\/www.dracmallorca.com\/blog\/de\/ferienaufenthalt-oder-langzeitmiete-in-santanyi\/","name":"Ferienaufenthalt oder Langzeitmiete in Santany\u00ed - Experiencias y actividades en Mallorca","isPartOf":{"@id":"https:\/\/www.dracmallorca.com\/blog\/#website"},"primaryImageOfPage":{"@id":"https:\/\/www.dracmallorca.com\/blog\/de\/ferienaufenthalt-oder-langzeitmiete-in-santanyi\/#primaryimage"},"image":{"@id":"https:\/\/www.dracmallorca.com\/blog\/de\/ferienaufenthalt-oder-langzeitmiete-in-santanyi\/#primaryimage"},"thumbnailUrl":"https:\/\/www.dracmallorca.com\/blog\/wp-content\/uploads\/2022\/01\/foto-Laptop.jpg","datePublished":"2022-01-26T14:12:30+00:00","dateModified":"2022-01-26T14:12:31+00:00","inLanguage":"de","potentialAction":[{"@type":"ReadAction","target":["https:\/\/www.dracmallorca.com\/blog\/de\/ferienaufenthalt-oder-langzeitmiete-in-santanyi\/"]}]},{"@type":"ImageObject","inLanguage":"de","@id":"https:\/\/www.dracmallorca.com\/blog\/de\/ferienaufenthalt-oder-langzeitmiete-in-santanyi\/#primaryimage","url":"https:\/\/www.dracmallorca.com\/blog\/wp-content\/uploads\/2022\/01\/foto-Laptop.jpg","contentUrl":"https:\/\/www.dracmallorca.com\/blog\/wp-content\/uploads\/2022\/01\/foto-Laptop.jpg"},{"@type":"WebSite","@id":"https:\/\/www.dracmallorca.com\/blog\/#website","url":"https:\/\/www.dracmallorca.com\/blog\/","name":"Experiencias y actividades en Mallorca","description":"Drac Mallorca","publisher":{"@id":"https:\/\/www.dracmallorca.com\/blog\/#organization"},"potentialAction":[{"@type":"SearchAction","target":{"@type":"EntryPoint","urlTemplate":"https:\/\/www.dracmallorca.com\/blog\/?s={search_term_string}"},"query-input":{"@type":"PropertyValueSpecification","valueRequired":true,"valueName":"search_term_string"}}],"inLanguage":"de"},{"@type":"Organization","@id":"https:\/\/www.dracmallorca.com\/blog\/#organization","name":"Experiencias y actividades en Mallorca","url":"https:\/\/www.dracmallorca.com\/blog\/","logo":{"@type":"ImageObject","inLanguage":"de","@id":"https:\/\/www.dracmallorca.com\/blog\/#\/schema\/logo\/image\/","url":"https:\/\/www.dracmallorca.com\/blog\/wp-content\/uploads\/2023\/11\/logo-8.png","contentUrl":"https:\/\/www.dracmallorca.com\/blog\/wp-content\/uploads\/2023\/11\/logo-8.png","width":869,"height":248,"caption":"Experiencias y actividades en Mallorca"},"image":{"@id":"https:\/\/www.dracmallorca.com\/blog\/#\/schema\/logo\/image\/"}},{"@type":"Person","@id":"https:\/\/www.dracmallorca.com\/blog\/#\/schema\/person\/f28eed696a11608d6c190bfd0423d504","name":"santanyi","image":{"@type":"ImageObject","inLanguage":"de","@id":"https:\/\/secure.gravatar.com\/avatar\/0f975fb544b03fa2497d57c7b1069c0be59ac06466e9de613b607ea00b767b1f?s=96&d=mm&r=g","url":"https:\/\/secure.gravatar.com\/avatar\/0f975fb544b03fa2497d57c7b1069c0be59ac06466e9de613b607ea00b767b1f?s=96&d=mm&r=g","contentUrl":"https:\/\/secure.gravatar.com\/avatar\/0f975fb544b03fa2497d57c7b1069c0be59ac06466e9de613b607ea00b767b1f?s=96&d=mm&r=g","caption":"santanyi"},"url":"https:\/\/www.dracmallorca.com\/blog\/de\/author\/santanyi\/"}]}},"_links":{"self":[{"href":"https:\/\/www.dracmallorca.com\/blog\/de\/wp-json\/wp\/v2\/posts\/710","targetHints":{"allow":["GET"]}}],"collection":[{"href":"https:\/\/www.dracmallorca.com\/blog\/de\/wp-json\/wp\/v2\/posts"}],"about":[{"href":"https:\/\/www.dracmallorca.com\/blog\/de\/wp-json\/wp\/v2\/types\/post"}],"author":[{"embeddable":true,"href":"https:\/\/www.dracmallorca.com\/blog\/de\/wp-json\/wp\/v2\/users\/2"}],"replies":[{"embeddable":true,"href":"https:\/\/www.dracmallorca.com\/blog\/de\/wp-json\/wp\/v2\/comments?post=710"}],"version-history":[{"count":1,"href":"https:\/\/www.dracmallorca.com\/blog\/de\/wp-json\/wp\/v2\/posts\/710\/revisions"}],"predecessor-version":[{"id":719,"href":"https:\/\/www.dracmallorca.com\/blog\/de\/wp-json\/wp\/v2\/posts\/710\/revisions\/719"}],"wp:attachment":[{"href":"https:\/\/www.dracmallorca.com\/blog\/de\/wp-json\/wp\/v2\/media?parent=710"}],"wp:term":[{"taxonomy":"category","embeddable":true,"href":"https:\/\/www.dracmallorca.com\/blog\/de\/wp-json\/wp\/v2\/categories?post=710"},{"taxonomy":"post_tag","embeddable":true,"href":"https:\/\/www.dracmallorca.com\/blog\/de\/wp-json\/wp\/v2\/tags?post=710"}],"curies":[{"name":"wp","href":"https:\/\/api.w.org\/{rel}","templated":true}]}}