{"id":670,"date":"2021-11-25T12:57:23","date_gmt":"2021-11-25T12:57:23","guid":{"rendered":"https:\/\/www.dracmallorca.com\/blog\/?p=670"},"modified":"2021-11-25T12:57:24","modified_gmt":"2021-11-25T12:57:24","slug":"ferienunterkunft-mieten-an-der-suedostkueste-mallorcas","status":"publish","type":"post","link":"https:\/\/www.dracmallorca.com\/blog\/de\/ferienunterkunft-mieten-an-der-suedostkueste-mallorcas\/","title":{"rendered":"Ferienunterkunft mieten an der S\u00fcdostk\u00fcste Mallorcas"},"content":{"rendered":"\n<figure class=\"wp-block-image size-large\"><img fetchpriority=\"high\" decoding=\"async\" width=\"800\" height=\"480\" src=\"https:\/\/www.dracmallorca.com\/blog\/wp-content\/uploads\/2021\/11\/Sureste-foto-1.jpg\" alt=\"\" class=\"wp-image-671\" srcset=\"https:\/\/www.dracmallorca.com\/blog\/wp-content\/uploads\/2021\/11\/Sureste-foto-1.jpg 800w, https:\/\/www.dracmallorca.com\/blog\/wp-content\/uploads\/2021\/11\/Sureste-foto-1-768x461.jpg 768w\" sizes=\"(max-width: 800px) 100vw, 800px\" \/><\/figure>\n\n\n\n<p>Suchen Sie einen Ort zum Ausruhen im Urlaub? Wir haben die L\u00f6sung: <strong>der S\u00fcdosten Mallorcas mit zahlreichen Ferienunterk\u00fcnften<\/strong>. Die Sch\u00f6nheit seiner Str\u00e4nde, seine malerischen D\u00f6rfer voller Charme, seine Gastronomie und die Freundlichkeit seiner Menschen geben uns das Gef\u00fchl, im Paradies zu sein. Gehen wir auf Entdeckungsreise!<\/p>\n\n\n\n<h2 class=\"wp-block-heading\"><strong>Ruhe und Erholung<\/strong><\/h2>\n\n\n\n<p><strong>Der S\u00fcdosten Mallorcas<\/strong> ist ein wahres Paradies f\u00fcr alle, die Ruhe und Erholung suchen. Seine sch\u00f6nen Str\u00e4nde mit kristallklarem Wasser und wei\u00dfem Sand wie <strong>Portocristo<\/strong>, seine Buchten wie <strong>Cala Rom\u00e1ntica<\/strong> und <strong>Cala d\u2019Or<\/strong> und seine malerischen K\u00fcstenorte zum Entspannen kontrastieren mit der Attraktivit\u00e4t und dem Spa\u00df seiner vielf\u00e4ltigen touristischen Zentren. Dar\u00fcber hinaus sind seine Bars und Restaurants ein gro\u00dfer Anziehungspunkt f\u00fcr Liebhaber von gutem Essen und gutem Trinken. In ihnen k\u00f6nnen wir die typische Gastronomie der Insel wie Sobrasada, Ensaimada oder Kr\u00e4uterlik\u00f6r probieren.<\/p>\n\n\n\n<h2 class=\"wp-block-heading\"><strong>K\u00fcstenorte<\/strong><\/h2>\n\n\n\n<p>Unter seinen K\u00fcstenst\u00e4dten sticht <strong>Portopetro<\/strong> hervor, wo wir noch heute die Fischerh\u00e4user sehen k\u00f6nnen, die wie in alten Zeiten erhalten sind. Und im Landesinneren empfehlen wir <strong>Felanitx<\/strong> oder <strong>Santany\u00ed<\/strong>, in denen die engen und sch\u00f6nen Gassen hervorstechen, die zum Verweilen einladen.<\/p>\n\n\n\n<h2 class=\"wp-block-heading\"><strong>Einkaufen<\/strong><\/h2>\n\n\n\n<p>Und wenn wir nach Einkaufsm\u00f6glichkeiten suchen, werden uns die lokalen Gesch\u00e4fte, viele in den H\u00e4usern selbst, voller Kunsthandwerk und Kunstwerke von K\u00fcnstlern aus der ganzen Welt begeistern.<\/p>\n\n\n\n<p>Dar\u00fcber hinaus gibt es im S\u00fcdosten Mallorcas endlose Sehensw\u00fcrdikeiten zu genie\u00dfen:<\/p>\n\n\n\n<h2 class=\"wp-block-heading\">Ses <strong>Salines d\u2019Es Trenc<\/strong><\/h2>\n\n\n\n<p>Die <strong>Ses Salines d\u2019<a href=\"https:\/\/www.mallorcaexperten.de\/es-trenc\/\">Es Trenc<\/a><\/strong>\u00a0sind die gr\u00f6\u00dften Salinen auf Mallorca und befinden sich in der N\u00e4he des Ortes\u00a0<a href=\"https:\/\/www.mallorcaexperten.de\/colonia-de-sant-jordi\/\">Colonia de Sant Jordi<\/a>. Wer mit eigenen Augen sehen m\u00f6chte, wie aus Meerwasser Salz gewonnen wird, sollte sich die Salinen unbedingt anschauen. In dem zugeh\u00f6rigen Shop kann im Anschluss an die Besichtigung der Salinen gleich eine Packung \u201c<strong>Flor de Sal<\/strong>\u201d, auch heute ein wichtiger Bestandteil der <strong>balearischen Gastronomie<\/strong>, gekauft werden, um auch zu Hause noch ein St\u00fcck Mallorca genie\u00dfen zu k\u00f6nnen.<\/p>\n\n\n\n<h2 class=\"wp-block-heading\"><strong>Majorica Perlenfabrik Manacor<\/strong><\/h2>\n\n\n\n<p>Manacor gilt als Hochburg der Perlenverabeitung und <strong>Perlenherstellung<\/strong>. Die Stadt ist im Osten von Mallorca gelegen. Der Begriff Mallorquinische Perlen steht weltweit f\u00fcr besondere Schmuckst\u00fccke. Seit 1902 werden in Manacor Muschelperlen per Hand aus dem Kern einer Austernmuschel gefertigt. Auch heute noch wird in den Werkst\u00e4tten edler Perlenschmuck hergestellt. Seit Anfang des 19. Jahrhunderts allerdings werden in den Fabrikationsst\u00e4tten der gr\u00f6\u00dften Baleareninsel vorwiegend <strong>Imitationsperlen<\/strong>, die sogenannten <strong>Majorica Perlen<\/strong>, zu kunstvollen Schmuckst\u00fccken verabreitet.\u00a0\u00a0 Mallorquinische Imitationsperlen, umgangssprachlich auch Mallorca-Perlen, sind nach einem bestimmten Verfahren hergestellte <strong>k\u00fcnstliche Perlen<\/strong>, die die Gestalt nat\u00fcrlicher Perlen imitieren.<\/p>\n\n\n\n<figure class=\"wp-block-image size-large\"><img decoding=\"async\" width=\"800\" height=\"480\" src=\"https:\/\/www.dracmallorca.com\/blog\/wp-content\/uploads\/2021\/11\/Sureste-foto-2.jpg\" alt=\"\" class=\"wp-image-675\" srcset=\"https:\/\/www.dracmallorca.com\/blog\/wp-content\/uploads\/2021\/11\/Sureste-foto-2.jpg 800w, https:\/\/www.dracmallorca.com\/blog\/wp-content\/uploads\/2021\/11\/Sureste-foto-2-768x461.jpg 768w\" sizes=\"(max-width: 800px) 100vw, 800px\" \/><\/figure>\n\n\n\n<h2 class=\"wp-block-heading\"><strong>Sonne, Strand und Meer<\/strong><\/h2>\n\n\n\n<p>Der <strong>S\u00fcdosten von Mallorca<\/strong> ist wunderbar. Sonne, Strand, Kunst, Kunsthandwerk und Sch\u00f6nheit \u00fcberall, die die anspruchsvollsten Touristen begeistert. Ein perfekter Ort, um sich in seinen Stra\u00dfen zu verlieren, seine \u00e4ltesten Denkm\u00e4ler und Geb\u00e4ude zu entdecken, seine k\u00f6stliche K\u00fcche zu genie\u00dfen und seine wundersch\u00f6nen Sonnenunterg\u00e4nge zu genie\u00dfen.<\/p>\n\n\n\n<p>Um sich von all dem Stress und der Stadt zu erholen, ist der <strong>S\u00fcdosten Mallorcas<\/strong> f\u00fcr den Urlaub die beste Option. Um die Ferien zu leben oder zu genie\u00dfen wie nie zuvor!<\/p>\n","protected":false},"excerpt":{"rendered":"<p>Suchen Sie einen Ort zum Ausruhen im Urlaub? Wir haben die L\u00f6sung: der S\u00fcdosten Mallorcas mit zahlreichen Ferienunterk\u00fcnften. Die Sch\u00f6nheit seiner Str\u00e4nde, seine malerischen D\u00f6rfer voller Charme, seine Gastronomie und die Freundlichkeit seiner Menschen geben uns das Gef\u00fchl, im Paradies zu sein. Gehen wir auf Entdeckungsreise! Ruhe und Erholung Der S\u00fcdosten Mallorcas ist ein wahres [&hellip;]<\/p>\n","protected":false},"author":2,"featured_media":0,"comment_status":"open","ping_status":"closed","sticky":false,"template":"","format":"standard","meta":{"footnotes":""},"categories":[2],"tags":[],"class_list":["post-670","post","type-post","status-publish","format-standard","hentry","category-grupo-drac-santanyi"],"yoast_head":"<!-- This site is optimized with the Yoast SEO plugin v27.4 - https:\/\/yoast.com\/product\/yoast-seo-wordpress\/ -->\n<title>Ferienunterkunft mieten an der S\u00fcdostk\u00fcste Mallorcas - Experiencias y actividades en Mallorca<\/title>\n<meta name=\"robots\" content=\"index, follow, max-snippet:-1, max-image-preview:large, max-video-preview:-1\" \/>\n<link rel=\"canonical\" href=\"https:\/\/www.dracmallorca.com\/blog\/de\/ferienunterkunft-mieten-an-der-suedostkueste-mallorcas\/\" \/>\n<meta property=\"og:locale\" content=\"de_DE\" \/>\n<meta property=\"og:type\" content=\"article\" \/>\n<meta property=\"og:title\" content=\"Ferienunterkunft mieten an der S\u00fcdostk\u00fcste Mallorcas - Experiencias y actividades en Mallorca\" \/>\n<meta property=\"og:description\" content=\"Suchen Sie einen Ort zum Ausruhen im Urlaub? Wir haben die L\u00f6sung: der S\u00fcdosten Mallorcas mit zahlreichen Ferienunterk\u00fcnften. Die Sch\u00f6nheit seiner Str\u00e4nde, seine malerischen D\u00f6rfer voller Charme, seine Gastronomie und die Freundlichkeit seiner Menschen geben uns das Gef\u00fchl, im Paradies zu sein. Gehen wir auf Entdeckungsreise! Ruhe und Erholung Der S\u00fcdosten Mallorcas ist ein wahres [&hellip;]\" \/>\n<meta property=\"og:url\" content=\"https:\/\/www.dracmallorca.com\/blog\/de\/ferienunterkunft-mieten-an-der-suedostkueste-mallorcas\/\" \/>\n<meta property=\"og:site_name\" content=\"Experiencias y actividades en Mallorca\" \/>\n<meta property=\"article:published_time\" content=\"2021-11-25T12:57:23+00:00\" \/>\n<meta property=\"article:modified_time\" content=\"2021-11-25T12:57:24+00:00\" \/>\n<meta property=\"og:image\" content=\"https:\/\/www.dracmallorca.com\/blog\/wp-content\/uploads\/2021\/11\/Sureste-foto-1.jpg\" \/>\n<meta name=\"author\" content=\"santanyi\" \/>\n<meta name=\"twitter:card\" content=\"summary_large_image\" \/>\n<meta name=\"twitter:label1\" content=\"Verfasst von\" \/>\n\t<meta name=\"twitter:data1\" content=\"santanyi\" \/>\n\t<meta name=\"twitter:label2\" content=\"Gesch\u00e4tzte Lesezeit\" \/>\n\t<meta name=\"twitter:data2\" content=\"3\u00a0Minuten\" \/>\n<script type=\"application\/ld+json\" class=\"yoast-schema-graph\">{\"@context\":\"https:\\\/\\\/schema.org\",\"@graph\":[{\"@type\":\"Article\",\"@id\":\"https:\\\/\\\/www.dracmallorca.com\\\/blog\\\/de\\\/ferienunterkunft-mieten-an-der-suedostkueste-mallorcas\\\/#article\",\"isPartOf\":{\"@id\":\"https:\\\/\\\/www.dracmallorca.com\\\/blog\\\/de\\\/ferienunterkunft-mieten-an-der-suedostkueste-mallorcas\\\/\"},\"author\":{\"name\":\"santanyi\",\"@id\":\"https:\\\/\\\/www.dracmallorca.com\\\/blog\\\/#\\\/schema\\\/person\\\/f28eed696a11608d6c190bfd0423d504\"},\"headline\":\"Ferienunterkunft mieten an der S\u00fcdostk\u00fcste Mallorcas\",\"datePublished\":\"2021-11-25T12:57:23+00:00\",\"dateModified\":\"2021-11-25T12:57:24+00:00\",\"mainEntityOfPage\":{\"@id\":\"https:\\\/\\\/www.dracmallorca.com\\\/blog\\\/de\\\/ferienunterkunft-mieten-an-der-suedostkueste-mallorcas\\\/\"},\"wordCount\":547,\"commentCount\":0,\"publisher\":{\"@id\":\"https:\\\/\\\/www.dracmallorca.com\\\/blog\\\/#organization\"},\"image\":{\"@id\":\"https:\\\/\\\/www.dracmallorca.com\\\/blog\\\/de\\\/ferienunterkunft-mieten-an-der-suedostkueste-mallorcas\\\/#primaryimage\"},\"thumbnailUrl\":\"https:\\\/\\\/www.dracmallorca.com\\\/blog\\\/wp-content\\\/uploads\\\/2021\\\/11\\\/Sureste-foto-1.jpg\",\"articleSection\":[\"Grupo Drac Santany\u00ed\"],\"inLanguage\":\"de\",\"potentialAction\":[{\"@type\":\"CommentAction\",\"name\":\"Comment\",\"target\":[\"https:\\\/\\\/www.dracmallorca.com\\\/blog\\\/de\\\/ferienunterkunft-mieten-an-der-suedostkueste-mallorcas\\\/#respond\"]}]},{\"@type\":\"WebPage\",\"@id\":\"https:\\\/\\\/www.dracmallorca.com\\\/blog\\\/de\\\/ferienunterkunft-mieten-an-der-suedostkueste-mallorcas\\\/\",\"url\":\"https:\\\/\\\/www.dracmallorca.com\\\/blog\\\/de\\\/ferienunterkunft-mieten-an-der-suedostkueste-mallorcas\\\/\",\"name\":\"Ferienunterkunft mieten an der S\u00fcdostk\u00fcste Mallorcas - Experiencias y actividades en Mallorca\",\"isPartOf\":{\"@id\":\"https:\\\/\\\/www.dracmallorca.com\\\/blog\\\/#website\"},\"primaryImageOfPage\":{\"@id\":\"https:\\\/\\\/www.dracmallorca.com\\\/blog\\\/de\\\/ferienunterkunft-mieten-an-der-suedostkueste-mallorcas\\\/#primaryimage\"},\"image\":{\"@id\":\"https:\\\/\\\/www.dracmallorca.com\\\/blog\\\/de\\\/ferienunterkunft-mieten-an-der-suedostkueste-mallorcas\\\/#primaryimage\"},\"thumbnailUrl\":\"https:\\\/\\\/www.dracmallorca.com\\\/blog\\\/wp-content\\\/uploads\\\/2021\\\/11\\\/Sureste-foto-1.jpg\",\"datePublished\":\"2021-11-25T12:57:23+00:00\",\"dateModified\":\"2021-11-25T12:57:24+00:00\",\"inLanguage\":\"de\",\"potentialAction\":[{\"@type\":\"ReadAction\",\"target\":[\"https:\\\/\\\/www.dracmallorca.com\\\/blog\\\/de\\\/ferienunterkunft-mieten-an-der-suedostkueste-mallorcas\\\/\"]}]},{\"@type\":\"ImageObject\",\"inLanguage\":\"de\",\"@id\":\"https:\\\/\\\/www.dracmallorca.com\\\/blog\\\/de\\\/ferienunterkunft-mieten-an-der-suedostkueste-mallorcas\\\/#primaryimage\",\"url\":\"https:\\\/\\\/www.dracmallorca.com\\\/blog\\\/wp-content\\\/uploads\\\/2021\\\/11\\\/Sureste-foto-1.jpg\",\"contentUrl\":\"https:\\\/\\\/www.dracmallorca.com\\\/blog\\\/wp-content\\\/uploads\\\/2021\\\/11\\\/Sureste-foto-1.jpg\"},{\"@type\":\"WebSite\",\"@id\":\"https:\\\/\\\/www.dracmallorca.com\\\/blog\\\/#website\",\"url\":\"https:\\\/\\\/www.dracmallorca.com\\\/blog\\\/\",\"name\":\"Experiencias y actividades en Mallorca\",\"description\":\"Drac Mallorca\",\"publisher\":{\"@id\":\"https:\\\/\\\/www.dracmallorca.com\\\/blog\\\/#organization\"},\"potentialAction\":[{\"@type\":\"SearchAction\",\"target\":{\"@type\":\"EntryPoint\",\"urlTemplate\":\"https:\\\/\\\/www.dracmallorca.com\\\/blog\\\/?s={search_term_string}\"},\"query-input\":{\"@type\":\"PropertyValueSpecification\",\"valueRequired\":true,\"valueName\":\"search_term_string\"}}],\"inLanguage\":\"de\"},{\"@type\":\"Organization\",\"@id\":\"https:\\\/\\\/www.dracmallorca.com\\\/blog\\\/#organization\",\"name\":\"Experiencias y actividades en Mallorca\",\"url\":\"https:\\\/\\\/www.dracmallorca.com\\\/blog\\\/\",\"logo\":{\"@type\":\"ImageObject\",\"inLanguage\":\"de\",\"@id\":\"https:\\\/\\\/www.dracmallorca.com\\\/blog\\\/#\\\/schema\\\/logo\\\/image\\\/\",\"url\":\"https:\\\/\\\/www.dracmallorca.com\\\/blog\\\/wp-content\\\/uploads\\\/2023\\\/11\\\/logo-8.png\",\"contentUrl\":\"https:\\\/\\\/www.dracmallorca.com\\\/blog\\\/wp-content\\\/uploads\\\/2023\\\/11\\\/logo-8.png\",\"width\":869,\"height\":248,\"caption\":\"Experiencias y actividades en Mallorca\"},\"image\":{\"@id\":\"https:\\\/\\\/www.dracmallorca.com\\\/blog\\\/#\\\/schema\\\/logo\\\/image\\\/\"}},{\"@type\":\"Person\",\"@id\":\"https:\\\/\\\/www.dracmallorca.com\\\/blog\\\/#\\\/schema\\\/person\\\/f28eed696a11608d6c190bfd0423d504\",\"name\":\"santanyi\",\"image\":{\"@type\":\"ImageObject\",\"inLanguage\":\"de\",\"@id\":\"https:\\\/\\\/secure.gravatar.com\\\/avatar\\\/0f975fb544b03fa2497d57c7b1069c0be59ac06466e9de613b607ea00b767b1f?s=96&d=mm&r=g\",\"url\":\"https:\\\/\\\/secure.gravatar.com\\\/avatar\\\/0f975fb544b03fa2497d57c7b1069c0be59ac06466e9de613b607ea00b767b1f?s=96&d=mm&r=g\",\"contentUrl\":\"https:\\\/\\\/secure.gravatar.com\\\/avatar\\\/0f975fb544b03fa2497d57c7b1069c0be59ac06466e9de613b607ea00b767b1f?s=96&d=mm&r=g\",\"caption\":\"santanyi\"},\"url\":\"https:\\\/\\\/www.dracmallorca.com\\\/blog\\\/de\\\/author\\\/santanyi\\\/\"}]}<\/script>\n<!-- \/ Yoast SEO plugin. -->","yoast_head_json":{"title":"Ferienunterkunft mieten an der S\u00fcdostk\u00fcste Mallorcas - Experiencias y actividades en Mallorca","robots":{"index":"index","follow":"follow","max-snippet":"max-snippet:-1","max-image-preview":"max-image-preview:large","max-video-preview":"max-video-preview:-1"},"canonical":"https:\/\/www.dracmallorca.com\/blog\/de\/ferienunterkunft-mieten-an-der-suedostkueste-mallorcas\/","og_locale":"de_DE","og_type":"article","og_title":"Ferienunterkunft mieten an der S\u00fcdostk\u00fcste Mallorcas - Experiencias y actividades en Mallorca","og_description":"Suchen Sie einen Ort zum Ausruhen im Urlaub? Wir haben die L\u00f6sung: der S\u00fcdosten Mallorcas mit zahlreichen Ferienunterk\u00fcnften. Die Sch\u00f6nheit seiner Str\u00e4nde, seine malerischen D\u00f6rfer voller Charme, seine Gastronomie und die Freundlichkeit seiner Menschen geben uns das Gef\u00fchl, im Paradies zu sein. Gehen wir auf Entdeckungsreise! Ruhe und Erholung Der S\u00fcdosten Mallorcas ist ein wahres [&hellip;]","og_url":"https:\/\/www.dracmallorca.com\/blog\/de\/ferienunterkunft-mieten-an-der-suedostkueste-mallorcas\/","og_site_name":"Experiencias y actividades en Mallorca","article_published_time":"2021-11-25T12:57:23+00:00","article_modified_time":"2021-11-25T12:57:24+00:00","og_image":[{"url":"https:\/\/www.dracmallorca.com\/blog\/wp-content\/uploads\/2021\/11\/Sureste-foto-1.jpg","type":"","width":"","height":""}],"author":"santanyi","twitter_card":"summary_large_image","twitter_misc":{"Verfasst von":"santanyi","Gesch\u00e4tzte Lesezeit":"3\u00a0Minuten"},"schema":{"@context":"https:\/\/schema.org","@graph":[{"@type":"Article","@id":"https:\/\/www.dracmallorca.com\/blog\/de\/ferienunterkunft-mieten-an-der-suedostkueste-mallorcas\/#article","isPartOf":{"@id":"https:\/\/www.dracmallorca.com\/blog\/de\/ferienunterkunft-mieten-an-der-suedostkueste-mallorcas\/"},"author":{"name":"santanyi","@id":"https:\/\/www.dracmallorca.com\/blog\/#\/schema\/person\/f28eed696a11608d6c190bfd0423d504"},"headline":"Ferienunterkunft mieten an der S\u00fcdostk\u00fcste Mallorcas","datePublished":"2021-11-25T12:57:23+00:00","dateModified":"2021-11-25T12:57:24+00:00","mainEntityOfPage":{"@id":"https:\/\/www.dracmallorca.com\/blog\/de\/ferienunterkunft-mieten-an-der-suedostkueste-mallorcas\/"},"wordCount":547,"commentCount":0,"publisher":{"@id":"https:\/\/www.dracmallorca.com\/blog\/#organization"},"image":{"@id":"https:\/\/www.dracmallorca.com\/blog\/de\/ferienunterkunft-mieten-an-der-suedostkueste-mallorcas\/#primaryimage"},"thumbnailUrl":"https:\/\/www.dracmallorca.com\/blog\/wp-content\/uploads\/2021\/11\/Sureste-foto-1.jpg","articleSection":["Grupo Drac Santany\u00ed"],"inLanguage":"de","potentialAction":[{"@type":"CommentAction","name":"Comment","target":["https:\/\/www.dracmallorca.com\/blog\/de\/ferienunterkunft-mieten-an-der-suedostkueste-mallorcas\/#respond"]}]},{"@type":"WebPage","@id":"https:\/\/www.dracmallorca.com\/blog\/de\/ferienunterkunft-mieten-an-der-suedostkueste-mallorcas\/","url":"https:\/\/www.dracmallorca.com\/blog\/de\/ferienunterkunft-mieten-an-der-suedostkueste-mallorcas\/","name":"Ferienunterkunft mieten an der S\u00fcdostk\u00fcste Mallorcas - Experiencias y actividades en Mallorca","isPartOf":{"@id":"https:\/\/www.dracmallorca.com\/blog\/#website"},"primaryImageOfPage":{"@id":"https:\/\/www.dracmallorca.com\/blog\/de\/ferienunterkunft-mieten-an-der-suedostkueste-mallorcas\/#primaryimage"},"image":{"@id":"https:\/\/www.dracmallorca.com\/blog\/de\/ferienunterkunft-mieten-an-der-suedostkueste-mallorcas\/#primaryimage"},"thumbnailUrl":"https:\/\/www.dracmallorca.com\/blog\/wp-content\/uploads\/2021\/11\/Sureste-foto-1.jpg","datePublished":"2021-11-25T12:57:23+00:00","dateModified":"2021-11-25T12:57:24+00:00","inLanguage":"de","potentialAction":[{"@type":"ReadAction","target":["https:\/\/www.dracmallorca.com\/blog\/de\/ferienunterkunft-mieten-an-der-suedostkueste-mallorcas\/"]}]},{"@type":"ImageObject","inLanguage":"de","@id":"https:\/\/www.dracmallorca.com\/blog\/de\/ferienunterkunft-mieten-an-der-suedostkueste-mallorcas\/#primaryimage","url":"https:\/\/www.dracmallorca.com\/blog\/wp-content\/uploads\/2021\/11\/Sureste-foto-1.jpg","contentUrl":"https:\/\/www.dracmallorca.com\/blog\/wp-content\/uploads\/2021\/11\/Sureste-foto-1.jpg"},{"@type":"WebSite","@id":"https:\/\/www.dracmallorca.com\/blog\/#website","url":"https:\/\/www.dracmallorca.com\/blog\/","name":"Experiencias y actividades en Mallorca","description":"Drac Mallorca","publisher":{"@id":"https:\/\/www.dracmallorca.com\/blog\/#organization"},"potentialAction":[{"@type":"SearchAction","target":{"@type":"EntryPoint","urlTemplate":"https:\/\/www.dracmallorca.com\/blog\/?s={search_term_string}"},"query-input":{"@type":"PropertyValueSpecification","valueRequired":true,"valueName":"search_term_string"}}],"inLanguage":"de"},{"@type":"Organization","@id":"https:\/\/www.dracmallorca.com\/blog\/#organization","name":"Experiencias y actividades en Mallorca","url":"https:\/\/www.dracmallorca.com\/blog\/","logo":{"@type":"ImageObject","inLanguage":"de","@id":"https:\/\/www.dracmallorca.com\/blog\/#\/schema\/logo\/image\/","url":"https:\/\/www.dracmallorca.com\/blog\/wp-content\/uploads\/2023\/11\/logo-8.png","contentUrl":"https:\/\/www.dracmallorca.com\/blog\/wp-content\/uploads\/2023\/11\/logo-8.png","width":869,"height":248,"caption":"Experiencias y actividades en Mallorca"},"image":{"@id":"https:\/\/www.dracmallorca.com\/blog\/#\/schema\/logo\/image\/"}},{"@type":"Person","@id":"https:\/\/www.dracmallorca.com\/blog\/#\/schema\/person\/f28eed696a11608d6c190bfd0423d504","name":"santanyi","image":{"@type":"ImageObject","inLanguage":"de","@id":"https:\/\/secure.gravatar.com\/avatar\/0f975fb544b03fa2497d57c7b1069c0be59ac06466e9de613b607ea00b767b1f?s=96&d=mm&r=g","url":"https:\/\/secure.gravatar.com\/avatar\/0f975fb544b03fa2497d57c7b1069c0be59ac06466e9de613b607ea00b767b1f?s=96&d=mm&r=g","contentUrl":"https:\/\/secure.gravatar.com\/avatar\/0f975fb544b03fa2497d57c7b1069c0be59ac06466e9de613b607ea00b767b1f?s=96&d=mm&r=g","caption":"santanyi"},"url":"https:\/\/www.dracmallorca.com\/blog\/de\/author\/santanyi\/"}]}},"_links":{"self":[{"href":"https:\/\/www.dracmallorca.com\/blog\/de\/wp-json\/wp\/v2\/posts\/670","targetHints":{"allow":["GET"]}}],"collection":[{"href":"https:\/\/www.dracmallorca.com\/blog\/de\/wp-json\/wp\/v2\/posts"}],"about":[{"href":"https:\/\/www.dracmallorca.com\/blog\/de\/wp-json\/wp\/v2\/types\/post"}],"author":[{"embeddable":true,"href":"https:\/\/www.dracmallorca.com\/blog\/de\/wp-json\/wp\/v2\/users\/2"}],"replies":[{"embeddable":true,"href":"https:\/\/www.dracmallorca.com\/blog\/de\/wp-json\/wp\/v2\/comments?post=670"}],"version-history":[{"count":1,"href":"https:\/\/www.dracmallorca.com\/blog\/de\/wp-json\/wp\/v2\/posts\/670\/revisions"}],"predecessor-version":[{"id":679,"href":"https:\/\/www.dracmallorca.com\/blog\/de\/wp-json\/wp\/v2\/posts\/670\/revisions\/679"}],"wp:attachment":[{"href":"https:\/\/www.dracmallorca.com\/blog\/de\/wp-json\/wp\/v2\/media?parent=670"}],"wp:term":[{"taxonomy":"category","embeddable":true,"href":"https:\/\/www.dracmallorca.com\/blog\/de\/wp-json\/wp\/v2\/categories?post=670"},{"taxonomy":"post_tag","embeddable":true,"href":"https:\/\/www.dracmallorca.com\/blog\/de\/wp-json\/wp\/v2\/tags?post=670"}],"curies":[{"name":"wp","href":"https:\/\/api.w.org\/{rel}","templated":true}]}}