{"id":642,"date":"2021-09-20T14:18:43","date_gmt":"2021-09-20T14:18:43","guid":{"rendered":"https:\/\/www.dracmallorca.com\/blog\/?p=642"},"modified":"2021-09-20T14:18:43","modified_gmt":"2021-09-20T14:18:43","slug":"santanyi-und-die-qualitaet-seiner-straende","status":"publish","type":"post","link":"https:\/\/www.dracmallorca.com\/blog\/de\/santanyi-und-die-qualitaet-seiner-straende\/","title":{"rendered":"Santanyi und die Qualit\u00e4t seiner Str\u00e4nde"},"content":{"rendered":"\n<p>Die Str\u00e4nde von <strong>Santanyi<\/strong> sind f\u00fcr die Qualit\u00e4t ihres Wassers mit der <strong>Blauen Flagge<\/strong> ausgezeichnet. Hier den Sommer zu verbringen oder in dieser Gemeinde <strong>Mallorcas <\/strong>zu leben ist eine einzigartige Gelegenheit! In diesem Artikel werden die wichtigsten Buchten erkl\u00e4rt, die Sie besuchen k\u00f6nnen.<\/p>\n\n\n\n<h1 class=\"wp-block-heading\">Cala d&#8217;Or, Cala Figuera<\/h1>\n\n\n\n<p>Zurerst richten wir die Aufmerksamkeit auf <strong>Cala d\u2019Or<\/strong>. Es ist ein touristischer Komplex, der jedes Jahr zahlreiche Besucher anzieht und sich <strong>im S\u00fcdosten von Mallorca<\/strong> befindet. Das Auff\u00e4lligste an dieser Bucht ist, dass sie sehr abwechslungsreich ist und Sie sowohl Freizeit oder Erholung als auch Sport im Meer genie\u00dfen k\u00f6nnen. Dieser Ort ist auch bei Familien beliebt. Sie k\u00f6nnen auch Halt in <strong>Cala Figuera<\/strong> machen, welches sich ganz in der N\u00e4he von Cala d&#8217;Or befindet.<\/p>\n\n\n\n<h1 class=\"wp-block-heading\">Cal\u00f3 des Moro, Cala Llombards, s&#8217;Amarador<\/h1>\n\n\n\n<p>Eine weitere empfehlenswerte Bucht ist <strong>Cal\u00f3 des Moro<\/strong>, bis vor kurzem einer der unber\u00fchrtesten Str\u00e4nde der Gegend. Mittlerweile jedoch so beliebt, dass Sie mit Wartezeiten f\u00fcr den Zugang rechnen m\u00fcssen. Seine Hauptattraktion liegt darin, dass sein <strong>Wasser kristallklar<\/strong> ist und den Str\u00e4nden der Karibik in nichts nachsteht. Auch die Landschaft ist spektakul\u00e4r und bietet <strong>unschlagbare Aussichten<\/strong>. Der Sand ist sauber und fein, zus\u00e4tzlich zu den gro\u00dfen Felsen.<\/p>\n\n\n\n<figure class=\"wp-block-image size-large\"><img fetchpriority=\"high\" decoding=\"async\" width=\"800\" height=\"480\" src=\"https:\/\/www.dracmallorca.com\/blog\/wp-content\/uploads\/2021\/09\/cala-des-moro-majorca.jpg\" alt=\"\" class=\"wp-image-643\" srcset=\"https:\/\/www.dracmallorca.com\/blog\/wp-content\/uploads\/2021\/09\/cala-des-moro-majorca.jpg 800w, https:\/\/www.dracmallorca.com\/blog\/wp-content\/uploads\/2021\/09\/cala-des-moro-majorca-768x461.jpg 768w\" sizes=\"(max-width: 800px) 100vw, 800px\" \/><figcaption>Cal\u00f3 des Moro<\/figcaption><\/figure>\n\n\n\n<p>Ein kleiner aber gem\u00fctlicher Strand ist <strong>Cala Llombards<\/strong>. Er ist nur 55 Meter lang, man muss also fr\u00fch aufstehen, um einen Platz zu finden, bevor der Zugang geschlossen wird. Das Erscheinungsbild der Natur belebt diese von <strong>Pinien und Str\u00e4uchern<\/strong> umgebene Ecke.<\/p>\n\n\n\n<p>Der Strand von <strong>s\u2019Amarador<\/strong> ist mit dem Auto leicht zu erreichen, da er \u00fcber <strong>Parkpl\u00e4tze in der N\u00e4he<\/strong> verf\u00fcgt, so dass Sie die Sauberkeit des Meeres und seines Sandes genie\u00dfen k\u00f6nnen. Das Wasser ist kristallklar und die <strong>Wasserfauna<\/strong> ist ein Paradies f\u00fcr <strong>Liebhaber des Meeres und des Tauchens und Schnorchelns<\/strong>.<\/p>\n\n\n\n<p>Es ist immer ein guter Plan, nach <strong>Santanyi<\/strong> zu kommen und die Sch\u00f6nheit seiner Ecken und Winkel zu sehen. Es sind unz\u00e4hlige M\u00f6glichkeiten vorhanden, die den verschiedenen Bed\u00fcrfnissen gerecht werden, ebenso was Aufenthaltsdauer und Zugangsm\u00f6glichkeiten betrifft, ob mit dem Auto oder den \u00f6ffentlichen Verkehrsmitteln.<\/p>\n\n\n\n<p>Der Sommer ist ideal f\u00fcr Strandliebhaber ebenso wie f\u00fcr verschiedene <strong>Wassersportarten<\/strong>. Es besteht auch die M\u00f6glichkeit, Naturschutzparks zu erkunden, Bars und Restaurants zu besuchen und Sport zu treiben, auch Golf geh\u00f6rt dazu.<\/p>\n\n\n\n<p><\/p>\n","protected":false},"excerpt":{"rendered":"<p>Die Str\u00e4nde von Santanyi sind f\u00fcr die Qualit\u00e4t ihres Wassers mit der Blauen Flagge ausgezeichnet. Hier den Sommer zu verbringen oder in dieser Gemeinde Mallorcas zu leben ist eine einzigartige Gelegenheit! In diesem Artikel werden die wichtigsten Buchten erkl\u00e4rt, die Sie besuchen k\u00f6nnen. Cala d&#8217;Or, Cala Figuera Zurerst richten wir die Aufmerksamkeit auf Cala d\u2019Or. [&hellip;]<\/p>\n","protected":false},"author":2,"featured_media":0,"comment_status":"open","ping_status":"closed","sticky":false,"template":"","format":"standard","meta":{"footnotes":""},"categories":[2],"tags":[],"class_list":["post-642","post","type-post","status-publish","format-standard","hentry","category-grupo-drac-santanyi"],"yoast_head":"<!-- This site is optimized with the Yoast SEO plugin v27.4 - https:\/\/yoast.com\/product\/yoast-seo-wordpress\/ -->\n<title>Santanyi und die Qualit\u00e4t seiner Str\u00e4nde - Experiencias y actividades en Mallorca<\/title>\n<meta name=\"robots\" content=\"index, follow, max-snippet:-1, max-image-preview:large, max-video-preview:-1\" \/>\n<link rel=\"canonical\" href=\"https:\/\/www.dracmallorca.com\/blog\/de\/santanyi-und-die-qualitaet-seiner-straende\/\" \/>\n<meta property=\"og:locale\" content=\"de_DE\" \/>\n<meta property=\"og:type\" content=\"article\" \/>\n<meta property=\"og:title\" content=\"Santanyi und die Qualit\u00e4t seiner Str\u00e4nde - Experiencias y actividades en Mallorca\" \/>\n<meta property=\"og:description\" content=\"Die Str\u00e4nde von Santanyi sind f\u00fcr die Qualit\u00e4t ihres Wassers mit der Blauen Flagge ausgezeichnet. Hier den Sommer zu verbringen oder in dieser Gemeinde Mallorcas zu leben ist eine einzigartige Gelegenheit! In diesem Artikel werden die wichtigsten Buchten erkl\u00e4rt, die Sie besuchen k\u00f6nnen. Cala d&#8217;Or, Cala Figuera Zurerst richten wir die Aufmerksamkeit auf Cala d\u2019Or. [&hellip;]\" \/>\n<meta property=\"og:url\" content=\"https:\/\/www.dracmallorca.com\/blog\/de\/santanyi-und-die-qualitaet-seiner-straende\/\" \/>\n<meta property=\"og:site_name\" content=\"Experiencias y actividades en Mallorca\" \/>\n<meta property=\"article:published_time\" content=\"2021-09-20T14:18:43+00:00\" \/>\n<meta property=\"og:image\" content=\"https:\/\/www.dracmallorca.com\/blog\/wp-content\/uploads\/2021\/09\/cala-des-moro-majorca.jpg\" \/>\n<meta name=\"author\" content=\"santanyi\" \/>\n<meta name=\"twitter:card\" content=\"summary_large_image\" \/>\n<meta name=\"twitter:label1\" content=\"Verfasst von\" \/>\n\t<meta name=\"twitter:data1\" content=\"santanyi\" \/>\n\t<meta name=\"twitter:label2\" content=\"Gesch\u00e4tzte Lesezeit\" \/>\n\t<meta name=\"twitter:data2\" content=\"2\u00a0Minuten\" \/>\n<script type=\"application\/ld+json\" class=\"yoast-schema-graph\">{\"@context\":\"https:\\\/\\\/schema.org\",\"@graph\":[{\"@type\":\"Article\",\"@id\":\"https:\\\/\\\/www.dracmallorca.com\\\/blog\\\/de\\\/santanyi-und-die-qualitaet-seiner-straende\\\/#article\",\"isPartOf\":{\"@id\":\"https:\\\/\\\/www.dracmallorca.com\\\/blog\\\/de\\\/santanyi-und-die-qualitaet-seiner-straende\\\/\"},\"author\":{\"name\":\"santanyi\",\"@id\":\"https:\\\/\\\/www.dracmallorca.com\\\/blog\\\/#\\\/schema\\\/person\\\/f28eed696a11608d6c190bfd0423d504\"},\"headline\":\"Santanyi und die Qualit\u00e4t seiner Str\u00e4nde\",\"datePublished\":\"2021-09-20T14:18:43+00:00\",\"mainEntityOfPage\":{\"@id\":\"https:\\\/\\\/www.dracmallorca.com\\\/blog\\\/de\\\/santanyi-und-die-qualitaet-seiner-straende\\\/\"},\"wordCount\":414,\"commentCount\":0,\"publisher\":{\"@id\":\"https:\\\/\\\/www.dracmallorca.com\\\/blog\\\/#organization\"},\"image\":{\"@id\":\"https:\\\/\\\/www.dracmallorca.com\\\/blog\\\/de\\\/santanyi-und-die-qualitaet-seiner-straende\\\/#primaryimage\"},\"thumbnailUrl\":\"https:\\\/\\\/www.dracmallorca.com\\\/blog\\\/wp-content\\\/uploads\\\/2021\\\/09\\\/cala-des-moro-majorca.jpg\",\"articleSection\":[\"Grupo Drac Santany\u00ed\"],\"inLanguage\":\"de\",\"potentialAction\":[{\"@type\":\"CommentAction\",\"name\":\"Comment\",\"target\":[\"https:\\\/\\\/www.dracmallorca.com\\\/blog\\\/de\\\/santanyi-und-die-qualitaet-seiner-straende\\\/#respond\"]}]},{\"@type\":\"WebPage\",\"@id\":\"https:\\\/\\\/www.dracmallorca.com\\\/blog\\\/de\\\/santanyi-und-die-qualitaet-seiner-straende\\\/\",\"url\":\"https:\\\/\\\/www.dracmallorca.com\\\/blog\\\/de\\\/santanyi-und-die-qualitaet-seiner-straende\\\/\",\"name\":\"Santanyi und die Qualit\u00e4t seiner Str\u00e4nde - Experiencias y actividades en Mallorca\",\"isPartOf\":{\"@id\":\"https:\\\/\\\/www.dracmallorca.com\\\/blog\\\/#website\"},\"primaryImageOfPage\":{\"@id\":\"https:\\\/\\\/www.dracmallorca.com\\\/blog\\\/de\\\/santanyi-und-die-qualitaet-seiner-straende\\\/#primaryimage\"},\"image\":{\"@id\":\"https:\\\/\\\/www.dracmallorca.com\\\/blog\\\/de\\\/santanyi-und-die-qualitaet-seiner-straende\\\/#primaryimage\"},\"thumbnailUrl\":\"https:\\\/\\\/www.dracmallorca.com\\\/blog\\\/wp-content\\\/uploads\\\/2021\\\/09\\\/cala-des-moro-majorca.jpg\",\"datePublished\":\"2021-09-20T14:18:43+00:00\",\"inLanguage\":\"de\",\"potentialAction\":[{\"@type\":\"ReadAction\",\"target\":[\"https:\\\/\\\/www.dracmallorca.com\\\/blog\\\/de\\\/santanyi-und-die-qualitaet-seiner-straende\\\/\"]}]},{\"@type\":\"ImageObject\",\"inLanguage\":\"de\",\"@id\":\"https:\\\/\\\/www.dracmallorca.com\\\/blog\\\/de\\\/santanyi-und-die-qualitaet-seiner-straende\\\/#primaryimage\",\"url\":\"https:\\\/\\\/www.dracmallorca.com\\\/blog\\\/wp-content\\\/uploads\\\/2021\\\/09\\\/cala-des-moro-majorca.jpg\",\"contentUrl\":\"https:\\\/\\\/www.dracmallorca.com\\\/blog\\\/wp-content\\\/uploads\\\/2021\\\/09\\\/cala-des-moro-majorca.jpg\"},{\"@type\":\"WebSite\",\"@id\":\"https:\\\/\\\/www.dracmallorca.com\\\/blog\\\/#website\",\"url\":\"https:\\\/\\\/www.dracmallorca.com\\\/blog\\\/\",\"name\":\"Experiencias y actividades en Mallorca\",\"description\":\"Drac Mallorca\",\"publisher\":{\"@id\":\"https:\\\/\\\/www.dracmallorca.com\\\/blog\\\/#organization\"},\"potentialAction\":[{\"@type\":\"SearchAction\",\"target\":{\"@type\":\"EntryPoint\",\"urlTemplate\":\"https:\\\/\\\/www.dracmallorca.com\\\/blog\\\/?s={search_term_string}\"},\"query-input\":{\"@type\":\"PropertyValueSpecification\",\"valueRequired\":true,\"valueName\":\"search_term_string\"}}],\"inLanguage\":\"de\"},{\"@type\":\"Organization\",\"@id\":\"https:\\\/\\\/www.dracmallorca.com\\\/blog\\\/#organization\",\"name\":\"Experiencias y actividades en Mallorca\",\"url\":\"https:\\\/\\\/www.dracmallorca.com\\\/blog\\\/\",\"logo\":{\"@type\":\"ImageObject\",\"inLanguage\":\"de\",\"@id\":\"https:\\\/\\\/www.dracmallorca.com\\\/blog\\\/#\\\/schema\\\/logo\\\/image\\\/\",\"url\":\"https:\\\/\\\/www.dracmallorca.com\\\/blog\\\/wp-content\\\/uploads\\\/2023\\\/11\\\/logo-8.png\",\"contentUrl\":\"https:\\\/\\\/www.dracmallorca.com\\\/blog\\\/wp-content\\\/uploads\\\/2023\\\/11\\\/logo-8.png\",\"width\":869,\"height\":248,\"caption\":\"Experiencias y actividades en Mallorca\"},\"image\":{\"@id\":\"https:\\\/\\\/www.dracmallorca.com\\\/blog\\\/#\\\/schema\\\/logo\\\/image\\\/\"}},{\"@type\":\"Person\",\"@id\":\"https:\\\/\\\/www.dracmallorca.com\\\/blog\\\/#\\\/schema\\\/person\\\/f28eed696a11608d6c190bfd0423d504\",\"name\":\"santanyi\",\"image\":{\"@type\":\"ImageObject\",\"inLanguage\":\"de\",\"@id\":\"https:\\\/\\\/secure.gravatar.com\\\/avatar\\\/0f975fb544b03fa2497d57c7b1069c0be59ac06466e9de613b607ea00b767b1f?s=96&d=mm&r=g\",\"url\":\"https:\\\/\\\/secure.gravatar.com\\\/avatar\\\/0f975fb544b03fa2497d57c7b1069c0be59ac06466e9de613b607ea00b767b1f?s=96&d=mm&r=g\",\"contentUrl\":\"https:\\\/\\\/secure.gravatar.com\\\/avatar\\\/0f975fb544b03fa2497d57c7b1069c0be59ac06466e9de613b607ea00b767b1f?s=96&d=mm&r=g\",\"caption\":\"santanyi\"},\"url\":\"https:\\\/\\\/www.dracmallorca.com\\\/blog\\\/de\\\/author\\\/santanyi\\\/\"}]}<\/script>\n<!-- \/ Yoast SEO plugin. -->","yoast_head_json":{"title":"Santanyi und die Qualit\u00e4t seiner Str\u00e4nde - Experiencias y actividades en Mallorca","robots":{"index":"index","follow":"follow","max-snippet":"max-snippet:-1","max-image-preview":"max-image-preview:large","max-video-preview":"max-video-preview:-1"},"canonical":"https:\/\/www.dracmallorca.com\/blog\/de\/santanyi-und-die-qualitaet-seiner-straende\/","og_locale":"de_DE","og_type":"article","og_title":"Santanyi und die Qualit\u00e4t seiner Str\u00e4nde - Experiencias y actividades en Mallorca","og_description":"Die Str\u00e4nde von Santanyi sind f\u00fcr die Qualit\u00e4t ihres Wassers mit der Blauen Flagge ausgezeichnet. Hier den Sommer zu verbringen oder in dieser Gemeinde Mallorcas zu leben ist eine einzigartige Gelegenheit! In diesem Artikel werden die wichtigsten Buchten erkl\u00e4rt, die Sie besuchen k\u00f6nnen. Cala d&#8217;Or, Cala Figuera Zurerst richten wir die Aufmerksamkeit auf Cala d\u2019Or. [&hellip;]","og_url":"https:\/\/www.dracmallorca.com\/blog\/de\/santanyi-und-die-qualitaet-seiner-straende\/","og_site_name":"Experiencias y actividades en Mallorca","article_published_time":"2021-09-20T14:18:43+00:00","og_image":[{"url":"https:\/\/www.dracmallorca.com\/blog\/wp-content\/uploads\/2021\/09\/cala-des-moro-majorca.jpg","type":"","width":"","height":""}],"author":"santanyi","twitter_card":"summary_large_image","twitter_misc":{"Verfasst von":"santanyi","Gesch\u00e4tzte Lesezeit":"2\u00a0Minuten"},"schema":{"@context":"https:\/\/schema.org","@graph":[{"@type":"Article","@id":"https:\/\/www.dracmallorca.com\/blog\/de\/santanyi-und-die-qualitaet-seiner-straende\/#article","isPartOf":{"@id":"https:\/\/www.dracmallorca.com\/blog\/de\/santanyi-und-die-qualitaet-seiner-straende\/"},"author":{"name":"santanyi","@id":"https:\/\/www.dracmallorca.com\/blog\/#\/schema\/person\/f28eed696a11608d6c190bfd0423d504"},"headline":"Santanyi und die Qualit\u00e4t seiner Str\u00e4nde","datePublished":"2021-09-20T14:18:43+00:00","mainEntityOfPage":{"@id":"https:\/\/www.dracmallorca.com\/blog\/de\/santanyi-und-die-qualitaet-seiner-straende\/"},"wordCount":414,"commentCount":0,"publisher":{"@id":"https:\/\/www.dracmallorca.com\/blog\/#organization"},"image":{"@id":"https:\/\/www.dracmallorca.com\/blog\/de\/santanyi-und-die-qualitaet-seiner-straende\/#primaryimage"},"thumbnailUrl":"https:\/\/www.dracmallorca.com\/blog\/wp-content\/uploads\/2021\/09\/cala-des-moro-majorca.jpg","articleSection":["Grupo Drac Santany\u00ed"],"inLanguage":"de","potentialAction":[{"@type":"CommentAction","name":"Comment","target":["https:\/\/www.dracmallorca.com\/blog\/de\/santanyi-und-die-qualitaet-seiner-straende\/#respond"]}]},{"@type":"WebPage","@id":"https:\/\/www.dracmallorca.com\/blog\/de\/santanyi-und-die-qualitaet-seiner-straende\/","url":"https:\/\/www.dracmallorca.com\/blog\/de\/santanyi-und-die-qualitaet-seiner-straende\/","name":"Santanyi und die Qualit\u00e4t seiner Str\u00e4nde - Experiencias y actividades en Mallorca","isPartOf":{"@id":"https:\/\/www.dracmallorca.com\/blog\/#website"},"primaryImageOfPage":{"@id":"https:\/\/www.dracmallorca.com\/blog\/de\/santanyi-und-die-qualitaet-seiner-straende\/#primaryimage"},"image":{"@id":"https:\/\/www.dracmallorca.com\/blog\/de\/santanyi-und-die-qualitaet-seiner-straende\/#primaryimage"},"thumbnailUrl":"https:\/\/www.dracmallorca.com\/blog\/wp-content\/uploads\/2021\/09\/cala-des-moro-majorca.jpg","datePublished":"2021-09-20T14:18:43+00:00","inLanguage":"de","potentialAction":[{"@type":"ReadAction","target":["https:\/\/www.dracmallorca.com\/blog\/de\/santanyi-und-die-qualitaet-seiner-straende\/"]}]},{"@type":"ImageObject","inLanguage":"de","@id":"https:\/\/www.dracmallorca.com\/blog\/de\/santanyi-und-die-qualitaet-seiner-straende\/#primaryimage","url":"https:\/\/www.dracmallorca.com\/blog\/wp-content\/uploads\/2021\/09\/cala-des-moro-majorca.jpg","contentUrl":"https:\/\/www.dracmallorca.com\/blog\/wp-content\/uploads\/2021\/09\/cala-des-moro-majorca.jpg"},{"@type":"WebSite","@id":"https:\/\/www.dracmallorca.com\/blog\/#website","url":"https:\/\/www.dracmallorca.com\/blog\/","name":"Experiencias y actividades en Mallorca","description":"Drac Mallorca","publisher":{"@id":"https:\/\/www.dracmallorca.com\/blog\/#organization"},"potentialAction":[{"@type":"SearchAction","target":{"@type":"EntryPoint","urlTemplate":"https:\/\/www.dracmallorca.com\/blog\/?s={search_term_string}"},"query-input":{"@type":"PropertyValueSpecification","valueRequired":true,"valueName":"search_term_string"}}],"inLanguage":"de"},{"@type":"Organization","@id":"https:\/\/www.dracmallorca.com\/blog\/#organization","name":"Experiencias y actividades en Mallorca","url":"https:\/\/www.dracmallorca.com\/blog\/","logo":{"@type":"ImageObject","inLanguage":"de","@id":"https:\/\/www.dracmallorca.com\/blog\/#\/schema\/logo\/image\/","url":"https:\/\/www.dracmallorca.com\/blog\/wp-content\/uploads\/2023\/11\/logo-8.png","contentUrl":"https:\/\/www.dracmallorca.com\/blog\/wp-content\/uploads\/2023\/11\/logo-8.png","width":869,"height":248,"caption":"Experiencias y actividades en Mallorca"},"image":{"@id":"https:\/\/www.dracmallorca.com\/blog\/#\/schema\/logo\/image\/"}},{"@type":"Person","@id":"https:\/\/www.dracmallorca.com\/blog\/#\/schema\/person\/f28eed696a11608d6c190bfd0423d504","name":"santanyi","image":{"@type":"ImageObject","inLanguage":"de","@id":"https:\/\/secure.gravatar.com\/avatar\/0f975fb544b03fa2497d57c7b1069c0be59ac06466e9de613b607ea00b767b1f?s=96&d=mm&r=g","url":"https:\/\/secure.gravatar.com\/avatar\/0f975fb544b03fa2497d57c7b1069c0be59ac06466e9de613b607ea00b767b1f?s=96&d=mm&r=g","contentUrl":"https:\/\/secure.gravatar.com\/avatar\/0f975fb544b03fa2497d57c7b1069c0be59ac06466e9de613b607ea00b767b1f?s=96&d=mm&r=g","caption":"santanyi"},"url":"https:\/\/www.dracmallorca.com\/blog\/de\/author\/santanyi\/"}]}},"_links":{"self":[{"href":"https:\/\/www.dracmallorca.com\/blog\/de\/wp-json\/wp\/v2\/posts\/642","targetHints":{"allow":["GET"]}}],"collection":[{"href":"https:\/\/www.dracmallorca.com\/blog\/de\/wp-json\/wp\/v2\/posts"}],"about":[{"href":"https:\/\/www.dracmallorca.com\/blog\/de\/wp-json\/wp\/v2\/types\/post"}],"author":[{"embeddable":true,"href":"https:\/\/www.dracmallorca.com\/blog\/de\/wp-json\/wp\/v2\/users\/2"}],"replies":[{"embeddable":true,"href":"https:\/\/www.dracmallorca.com\/blog\/de\/wp-json\/wp\/v2\/comments?post=642"}],"version-history":[{"count":1,"href":"https:\/\/www.dracmallorca.com\/blog\/de\/wp-json\/wp\/v2\/posts\/642\/revisions"}],"predecessor-version":[{"id":647,"href":"https:\/\/www.dracmallorca.com\/blog\/de\/wp-json\/wp\/v2\/posts\/642\/revisions\/647"}],"wp:attachment":[{"href":"https:\/\/www.dracmallorca.com\/blog\/de\/wp-json\/wp\/v2\/media?parent=642"}],"wp:term":[{"taxonomy":"category","embeddable":true,"href":"https:\/\/www.dracmallorca.com\/blog\/de\/wp-json\/wp\/v2\/categories?post=642"},{"taxonomy":"post_tag","embeddable":true,"href":"https:\/\/www.dracmallorca.com\/blog\/de\/wp-json\/wp\/v2\/tags?post=642"}],"curies":[{"name":"wp","href":"https:\/\/api.w.org\/{rel}","templated":true}]}}