{"id":630,"date":"2021-09-16T10:53:59","date_gmt":"2021-09-16T10:53:59","guid":{"rendered":"https:\/\/www.dracmallorca.com\/blog\/?p=630"},"modified":"2021-09-16T10:54:00","modified_gmt":"2021-09-16T10:54:00","slug":"die-gemeinde-santanyi-und-die-natuerlichen-besonderheiten-mallorcas","status":"publish","type":"post","link":"https:\/\/www.dracmallorca.com\/blog\/de\/die-gemeinde-santanyi-und-die-natuerlichen-besonderheiten-mallorcas\/","title":{"rendered":"Die Gemeinde Santanyi und die nat\u00fcrlichen Besonderheiten Mallorcas"},"content":{"rendered":"\n<p>Die <strong>Gemeinde Santanyi hat die nat\u00fcrlichen Merkmale Mallorcas<\/strong> und ist reich an Kultur, Erbe, Gastronomie und Kunsthandwerk. Santanyi ist das ideale Reiseziel f\u00fcr Liebhaber des Meeres und der Natur, mit mehreren Ballungszentren, die aus kleinen St\u00e4dten im Landesinneren wie Calonge, s\u2019Alqueria Blanca und Llombards bestehen. Dar\u00fcber hinaus gibt es interessante K\u00fcstenorte wie Cala Figuera mit seinem traditionellen Hafen und Portopetro, wo sich der Yacht- und Segelclub befindet.<\/p>\n\n\n\n<h1 class=\"wp-block-heading\">Sehensw\u00fcrdigkeiten in Santanyi<\/h1>\n\n\n\n<p>Wenn Sie nach Mallorca reisen, sollten Sie Santanyi sowie einige seiner Winkel und auch die Gastronomie nicht verpassen, die es zu <strong>einer der attraktivsten Gegenden der Insel<\/strong> machen.<\/p>\n\n\n\n<h1 class=\"wp-block-heading\">Der Wochenmarkt<\/h1>\n\n\n\n<p>Jeden <strong>Mittwoch<\/strong>&#8211; und <strong>Samstagmorgen<\/strong> findet in Santanyi der Wochenmarkt statt, auf dem Sie lokale Produkte und Kunsthandwerk finden und in den Restaurants der Umgebung einen Kaffee genie\u00dfen k\u00f6nnen. Er findet im Stadtzentrum auf der Plaza Mayor und mehreren umliegenden Stra\u00dfen statt. Einer der bekanntesten St\u00e4nde ist La Manchega mit Gourmetprodukten und einer gro\u00dfen Auswahl an Aufschnitt und K\u00e4se.<\/p>\n\n\n\n<h1 class=\"wp-block-heading\">Restaurants mit Live-Musik<\/h1>\n\n\n\n<p>In der Innenstadt finden Sie eine Vielzahl von Restaurants mit internationaler und lokaler K\u00fcche. Einige von ihnen bieten abends Live-Musik, wie z.B. Sa Cova. F\u00fcr diejenigen, die Live-Musik lieben, wird es ein Vergn\u00fcgen sein, zwischen verschiedenen Stilen zu w\u00e4hlen: Jazz, Blues, Flamenco-Gitarre &#8230; Manchmal werden sogar Konzerte mit alternativer oder Rockmusik veranstaltet, besonders am Wochenende.<\/p>\n\n\n\n<h1 class=\"wp-block-heading\">Der Naturschutzpark Mondrag\u00f3<\/h1>\n\n\n\n<p>Mondrag\u00f3 ist seit 1992 ein Naturschutzpark und liegt in der Gemeinde Santany\u00ed. Er ist in eine private Zone (mehrheitlich) und eine \u00f6ffentliche Zone unterteilt, die von Touristen besucht werden kann. Aus seiner Landschaft m\u00fcssen wir die steinernen Unterst\u00e4nde hervorheben, die Tiere und Menschen vor Hunderten von Jahren nutzten. Interessant sind auch die Terrassen und andere Elemente der Landwirtschaftstechnik, wie die Wasserr\u00e4der, die Zisternen oder die im ganzen Land angelegten Gr\u00e4ben.<\/p>\n\n\n\n<h1 class=\"wp-block-heading\">Str\u00e4nde und Buchten<\/h1>\n\n\n\n<figure class=\"wp-block-image size-large\"><img fetchpriority=\"high\" decoding=\"async\" width=\"800\" height=\"480\" src=\"https:\/\/www.dracmallorca.com\/blog\/wp-content\/uploads\/2021\/09\/foto-costa.jpg\" alt=\"\" class=\"wp-image-631\" srcset=\"https:\/\/www.dracmallorca.com\/blog\/wp-content\/uploads\/2021\/09\/foto-costa.jpg 800w, https:\/\/www.dracmallorca.com\/blog\/wp-content\/uploads\/2021\/09\/foto-costa-768x461.jpg 768w\" sizes=\"(max-width: 800px) 100vw, 800px\" \/><figcaption>K\u00fcstenstrich Gemeinde Santany\u00ed<\/figcaption><\/figure>\n\n\n\n<p>Diese Gemeinde hat spektakul\u00e4re Str\u00e4nde und Buchten, die Sie auf keinen Fall verpassen sollten. Cala Figuera zum Beispiel ist ein alter Fischerhafen, in dem man noch die typische Lebensweise der Inselbewohner sehen kann. Neben dem kristallklaren Wasser k\u00f6nnen Sie an einigen Str\u00e4nden die alten Wehrt\u00fcrme und andere Ruinen aus dem 18. Jahrhundert, die sich immer noch am selben Ort befinden, an dem sie gebaut wurden. Kurz gesagt, die Gemeinde <strong>Santanyi<\/strong> ist ein perfekter Ort zum Leben oder um Ihren Urlaub zu verbringen. Es hat sch\u00f6ne Str\u00e4nde und Buchten, eine reiche Gastronomie und viel Geschichte, die die Ruinen bezeugen. Verpassen Sie nicht den lokalen Markt am Mittwoch und Samstag und die Live-Musik in seinen Restaurants.<\/p>\n","protected":false},"excerpt":{"rendered":"<p>Die Gemeinde Santanyi hat die nat\u00fcrlichen Merkmale Mallorcas und ist reich an Kultur, Erbe, Gastronomie und Kunsthandwerk. Santanyi ist das ideale Reiseziel f\u00fcr Liebhaber des Meeres und der Natur, mit mehreren Ballungszentren, die aus kleinen St\u00e4dten im Landesinneren wie Calonge, s\u2019Alqueria Blanca und Llombards bestehen. Dar\u00fcber hinaus gibt es interessante K\u00fcstenorte wie Cala Figuera mit [&hellip;]<\/p>\n","protected":false},"author":2,"featured_media":0,"comment_status":"open","ping_status":"closed","sticky":false,"template":"","format":"standard","meta":{"footnotes":""},"categories":[2],"tags":[],"class_list":["post-630","post","type-post","status-publish","format-standard","hentry","category-grupo-drac-santanyi"],"yoast_head":"<!-- This site is optimized with the Yoast SEO plugin v27.4 - https:\/\/yoast.com\/product\/yoast-seo-wordpress\/ -->\n<title>Die Gemeinde Santanyi und die nat\u00fcrlichen Besonderheiten Mallorcas - Experiencias y actividades en Mallorca<\/title>\n<meta name=\"robots\" content=\"index, follow, max-snippet:-1, max-image-preview:large, max-video-preview:-1\" \/>\n<link rel=\"canonical\" href=\"https:\/\/www.dracmallorca.com\/blog\/de\/die-gemeinde-santanyi-und-die-natuerlichen-besonderheiten-mallorcas\/\" \/>\n<meta property=\"og:locale\" content=\"de_DE\" \/>\n<meta property=\"og:type\" content=\"article\" \/>\n<meta property=\"og:title\" content=\"Die Gemeinde Santanyi und die nat\u00fcrlichen Besonderheiten Mallorcas - Experiencias y actividades en Mallorca\" \/>\n<meta property=\"og:description\" content=\"Die Gemeinde Santanyi hat die nat\u00fcrlichen Merkmale Mallorcas und ist reich an Kultur, Erbe, Gastronomie und Kunsthandwerk. Santanyi ist das ideale Reiseziel f\u00fcr Liebhaber des Meeres und der Natur, mit mehreren Ballungszentren, die aus kleinen St\u00e4dten im Landesinneren wie Calonge, s\u2019Alqueria Blanca und Llombards bestehen. Dar\u00fcber hinaus gibt es interessante K\u00fcstenorte wie Cala Figuera mit [&hellip;]\" \/>\n<meta property=\"og:url\" content=\"https:\/\/www.dracmallorca.com\/blog\/de\/die-gemeinde-santanyi-und-die-natuerlichen-besonderheiten-mallorcas\/\" \/>\n<meta property=\"og:site_name\" content=\"Experiencias y actividades en Mallorca\" \/>\n<meta property=\"article:published_time\" content=\"2021-09-16T10:53:59+00:00\" \/>\n<meta property=\"article:modified_time\" content=\"2021-09-16T10:54:00+00:00\" \/>\n<meta property=\"og:image\" content=\"https:\/\/www.dracmallorca.com\/blog\/wp-content\/uploads\/2021\/09\/foto-costa.jpg\" \/>\n<meta name=\"author\" content=\"santanyi\" \/>\n<meta name=\"twitter:card\" content=\"summary_large_image\" \/>\n<meta name=\"twitter:label1\" content=\"Verfasst von\" \/>\n\t<meta name=\"twitter:data1\" content=\"santanyi\" \/>\n\t<meta name=\"twitter:label2\" content=\"Gesch\u00e4tzte Lesezeit\" \/>\n\t<meta name=\"twitter:data2\" content=\"2\u00a0Minuten\" \/>\n<script type=\"application\/ld+json\" class=\"yoast-schema-graph\">{\"@context\":\"https:\\\/\\\/schema.org\",\"@graph\":[{\"@type\":\"Article\",\"@id\":\"https:\\\/\\\/www.dracmallorca.com\\\/blog\\\/de\\\/die-gemeinde-santanyi-und-die-natuerlichen-besonderheiten-mallorcas\\\/#article\",\"isPartOf\":{\"@id\":\"https:\\\/\\\/www.dracmallorca.com\\\/blog\\\/de\\\/die-gemeinde-santanyi-und-die-natuerlichen-besonderheiten-mallorcas\\\/\"},\"author\":{\"name\":\"santanyi\",\"@id\":\"https:\\\/\\\/www.dracmallorca.com\\\/blog\\\/#\\\/schema\\\/person\\\/f28eed696a11608d6c190bfd0423d504\"},\"headline\":\"Die Gemeinde Santanyi und die nat\u00fcrlichen Besonderheiten Mallorcas\",\"datePublished\":\"2021-09-16T10:53:59+00:00\",\"dateModified\":\"2021-09-16T10:54:00+00:00\",\"mainEntityOfPage\":{\"@id\":\"https:\\\/\\\/www.dracmallorca.com\\\/blog\\\/de\\\/die-gemeinde-santanyi-und-die-natuerlichen-besonderheiten-mallorcas\\\/\"},\"wordCount\":446,\"commentCount\":0,\"publisher\":{\"@id\":\"https:\\\/\\\/www.dracmallorca.com\\\/blog\\\/#organization\"},\"image\":{\"@id\":\"https:\\\/\\\/www.dracmallorca.com\\\/blog\\\/de\\\/die-gemeinde-santanyi-und-die-natuerlichen-besonderheiten-mallorcas\\\/#primaryimage\"},\"thumbnailUrl\":\"https:\\\/\\\/www.dracmallorca.com\\\/blog\\\/wp-content\\\/uploads\\\/2021\\\/09\\\/foto-costa.jpg\",\"articleSection\":[\"Grupo Drac Santany\u00ed\"],\"inLanguage\":\"de\",\"potentialAction\":[{\"@type\":\"CommentAction\",\"name\":\"Comment\",\"target\":[\"https:\\\/\\\/www.dracmallorca.com\\\/blog\\\/de\\\/die-gemeinde-santanyi-und-die-natuerlichen-besonderheiten-mallorcas\\\/#respond\"]}]},{\"@type\":\"WebPage\",\"@id\":\"https:\\\/\\\/www.dracmallorca.com\\\/blog\\\/de\\\/die-gemeinde-santanyi-und-die-natuerlichen-besonderheiten-mallorcas\\\/\",\"url\":\"https:\\\/\\\/www.dracmallorca.com\\\/blog\\\/de\\\/die-gemeinde-santanyi-und-die-natuerlichen-besonderheiten-mallorcas\\\/\",\"name\":\"Die Gemeinde Santanyi und die nat\u00fcrlichen Besonderheiten Mallorcas - Experiencias y actividades en Mallorca\",\"isPartOf\":{\"@id\":\"https:\\\/\\\/www.dracmallorca.com\\\/blog\\\/#website\"},\"primaryImageOfPage\":{\"@id\":\"https:\\\/\\\/www.dracmallorca.com\\\/blog\\\/de\\\/die-gemeinde-santanyi-und-die-natuerlichen-besonderheiten-mallorcas\\\/#primaryimage\"},\"image\":{\"@id\":\"https:\\\/\\\/www.dracmallorca.com\\\/blog\\\/de\\\/die-gemeinde-santanyi-und-die-natuerlichen-besonderheiten-mallorcas\\\/#primaryimage\"},\"thumbnailUrl\":\"https:\\\/\\\/www.dracmallorca.com\\\/blog\\\/wp-content\\\/uploads\\\/2021\\\/09\\\/foto-costa.jpg\",\"datePublished\":\"2021-09-16T10:53:59+00:00\",\"dateModified\":\"2021-09-16T10:54:00+00:00\",\"inLanguage\":\"de\",\"potentialAction\":[{\"@type\":\"ReadAction\",\"target\":[\"https:\\\/\\\/www.dracmallorca.com\\\/blog\\\/de\\\/die-gemeinde-santanyi-und-die-natuerlichen-besonderheiten-mallorcas\\\/\"]}]},{\"@type\":\"ImageObject\",\"inLanguage\":\"de\",\"@id\":\"https:\\\/\\\/www.dracmallorca.com\\\/blog\\\/de\\\/die-gemeinde-santanyi-und-die-natuerlichen-besonderheiten-mallorcas\\\/#primaryimage\",\"url\":\"https:\\\/\\\/www.dracmallorca.com\\\/blog\\\/wp-content\\\/uploads\\\/2021\\\/09\\\/foto-costa.jpg\",\"contentUrl\":\"https:\\\/\\\/www.dracmallorca.com\\\/blog\\\/wp-content\\\/uploads\\\/2021\\\/09\\\/foto-costa.jpg\"},{\"@type\":\"WebSite\",\"@id\":\"https:\\\/\\\/www.dracmallorca.com\\\/blog\\\/#website\",\"url\":\"https:\\\/\\\/www.dracmallorca.com\\\/blog\\\/\",\"name\":\"Experiencias y actividades en Mallorca\",\"description\":\"Drac Mallorca\",\"publisher\":{\"@id\":\"https:\\\/\\\/www.dracmallorca.com\\\/blog\\\/#organization\"},\"potentialAction\":[{\"@type\":\"SearchAction\",\"target\":{\"@type\":\"EntryPoint\",\"urlTemplate\":\"https:\\\/\\\/www.dracmallorca.com\\\/blog\\\/?s={search_term_string}\"},\"query-input\":{\"@type\":\"PropertyValueSpecification\",\"valueRequired\":true,\"valueName\":\"search_term_string\"}}],\"inLanguage\":\"de\"},{\"@type\":\"Organization\",\"@id\":\"https:\\\/\\\/www.dracmallorca.com\\\/blog\\\/#organization\",\"name\":\"Experiencias y actividades en Mallorca\",\"url\":\"https:\\\/\\\/www.dracmallorca.com\\\/blog\\\/\",\"logo\":{\"@type\":\"ImageObject\",\"inLanguage\":\"de\",\"@id\":\"https:\\\/\\\/www.dracmallorca.com\\\/blog\\\/#\\\/schema\\\/logo\\\/image\\\/\",\"url\":\"https:\\\/\\\/www.dracmallorca.com\\\/blog\\\/wp-content\\\/uploads\\\/2023\\\/11\\\/logo-8.png\",\"contentUrl\":\"https:\\\/\\\/www.dracmallorca.com\\\/blog\\\/wp-content\\\/uploads\\\/2023\\\/11\\\/logo-8.png\",\"width\":869,\"height\":248,\"caption\":\"Experiencias y actividades en Mallorca\"},\"image\":{\"@id\":\"https:\\\/\\\/www.dracmallorca.com\\\/blog\\\/#\\\/schema\\\/logo\\\/image\\\/\"}},{\"@type\":\"Person\",\"@id\":\"https:\\\/\\\/www.dracmallorca.com\\\/blog\\\/#\\\/schema\\\/person\\\/f28eed696a11608d6c190bfd0423d504\",\"name\":\"santanyi\",\"image\":{\"@type\":\"ImageObject\",\"inLanguage\":\"de\",\"@id\":\"https:\\\/\\\/secure.gravatar.com\\\/avatar\\\/0f975fb544b03fa2497d57c7b1069c0be59ac06466e9de613b607ea00b767b1f?s=96&d=mm&r=g\",\"url\":\"https:\\\/\\\/secure.gravatar.com\\\/avatar\\\/0f975fb544b03fa2497d57c7b1069c0be59ac06466e9de613b607ea00b767b1f?s=96&d=mm&r=g\",\"contentUrl\":\"https:\\\/\\\/secure.gravatar.com\\\/avatar\\\/0f975fb544b03fa2497d57c7b1069c0be59ac06466e9de613b607ea00b767b1f?s=96&d=mm&r=g\",\"caption\":\"santanyi\"},\"url\":\"https:\\\/\\\/www.dracmallorca.com\\\/blog\\\/de\\\/author\\\/santanyi\\\/\"}]}<\/script>\n<!-- \/ Yoast SEO plugin. -->","yoast_head_json":{"title":"Die Gemeinde Santanyi und die nat\u00fcrlichen Besonderheiten Mallorcas - Experiencias y actividades en Mallorca","robots":{"index":"index","follow":"follow","max-snippet":"max-snippet:-1","max-image-preview":"max-image-preview:large","max-video-preview":"max-video-preview:-1"},"canonical":"https:\/\/www.dracmallorca.com\/blog\/de\/die-gemeinde-santanyi-und-die-natuerlichen-besonderheiten-mallorcas\/","og_locale":"de_DE","og_type":"article","og_title":"Die Gemeinde Santanyi und die nat\u00fcrlichen Besonderheiten Mallorcas - Experiencias y actividades en Mallorca","og_description":"Die Gemeinde Santanyi hat die nat\u00fcrlichen Merkmale Mallorcas und ist reich an Kultur, Erbe, Gastronomie und Kunsthandwerk. Santanyi ist das ideale Reiseziel f\u00fcr Liebhaber des Meeres und der Natur, mit mehreren Ballungszentren, die aus kleinen St\u00e4dten im Landesinneren wie Calonge, s\u2019Alqueria Blanca und Llombards bestehen. Dar\u00fcber hinaus gibt es interessante K\u00fcstenorte wie Cala Figuera mit [&hellip;]","og_url":"https:\/\/www.dracmallorca.com\/blog\/de\/die-gemeinde-santanyi-und-die-natuerlichen-besonderheiten-mallorcas\/","og_site_name":"Experiencias y actividades en Mallorca","article_published_time":"2021-09-16T10:53:59+00:00","article_modified_time":"2021-09-16T10:54:00+00:00","og_image":[{"url":"https:\/\/www.dracmallorca.com\/blog\/wp-content\/uploads\/2021\/09\/foto-costa.jpg","type":"","width":"","height":""}],"author":"santanyi","twitter_card":"summary_large_image","twitter_misc":{"Verfasst von":"santanyi","Gesch\u00e4tzte Lesezeit":"2\u00a0Minuten"},"schema":{"@context":"https:\/\/schema.org","@graph":[{"@type":"Article","@id":"https:\/\/www.dracmallorca.com\/blog\/de\/die-gemeinde-santanyi-und-die-natuerlichen-besonderheiten-mallorcas\/#article","isPartOf":{"@id":"https:\/\/www.dracmallorca.com\/blog\/de\/die-gemeinde-santanyi-und-die-natuerlichen-besonderheiten-mallorcas\/"},"author":{"name":"santanyi","@id":"https:\/\/www.dracmallorca.com\/blog\/#\/schema\/person\/f28eed696a11608d6c190bfd0423d504"},"headline":"Die Gemeinde Santanyi und die nat\u00fcrlichen Besonderheiten Mallorcas","datePublished":"2021-09-16T10:53:59+00:00","dateModified":"2021-09-16T10:54:00+00:00","mainEntityOfPage":{"@id":"https:\/\/www.dracmallorca.com\/blog\/de\/die-gemeinde-santanyi-und-die-natuerlichen-besonderheiten-mallorcas\/"},"wordCount":446,"commentCount":0,"publisher":{"@id":"https:\/\/www.dracmallorca.com\/blog\/#organization"},"image":{"@id":"https:\/\/www.dracmallorca.com\/blog\/de\/die-gemeinde-santanyi-und-die-natuerlichen-besonderheiten-mallorcas\/#primaryimage"},"thumbnailUrl":"https:\/\/www.dracmallorca.com\/blog\/wp-content\/uploads\/2021\/09\/foto-costa.jpg","articleSection":["Grupo Drac Santany\u00ed"],"inLanguage":"de","potentialAction":[{"@type":"CommentAction","name":"Comment","target":["https:\/\/www.dracmallorca.com\/blog\/de\/die-gemeinde-santanyi-und-die-natuerlichen-besonderheiten-mallorcas\/#respond"]}]},{"@type":"WebPage","@id":"https:\/\/www.dracmallorca.com\/blog\/de\/die-gemeinde-santanyi-und-die-natuerlichen-besonderheiten-mallorcas\/","url":"https:\/\/www.dracmallorca.com\/blog\/de\/die-gemeinde-santanyi-und-die-natuerlichen-besonderheiten-mallorcas\/","name":"Die Gemeinde Santanyi und die nat\u00fcrlichen Besonderheiten Mallorcas - Experiencias y actividades en Mallorca","isPartOf":{"@id":"https:\/\/www.dracmallorca.com\/blog\/#website"},"primaryImageOfPage":{"@id":"https:\/\/www.dracmallorca.com\/blog\/de\/die-gemeinde-santanyi-und-die-natuerlichen-besonderheiten-mallorcas\/#primaryimage"},"image":{"@id":"https:\/\/www.dracmallorca.com\/blog\/de\/die-gemeinde-santanyi-und-die-natuerlichen-besonderheiten-mallorcas\/#primaryimage"},"thumbnailUrl":"https:\/\/www.dracmallorca.com\/blog\/wp-content\/uploads\/2021\/09\/foto-costa.jpg","datePublished":"2021-09-16T10:53:59+00:00","dateModified":"2021-09-16T10:54:00+00:00","inLanguage":"de","potentialAction":[{"@type":"ReadAction","target":["https:\/\/www.dracmallorca.com\/blog\/de\/die-gemeinde-santanyi-und-die-natuerlichen-besonderheiten-mallorcas\/"]}]},{"@type":"ImageObject","inLanguage":"de","@id":"https:\/\/www.dracmallorca.com\/blog\/de\/die-gemeinde-santanyi-und-die-natuerlichen-besonderheiten-mallorcas\/#primaryimage","url":"https:\/\/www.dracmallorca.com\/blog\/wp-content\/uploads\/2021\/09\/foto-costa.jpg","contentUrl":"https:\/\/www.dracmallorca.com\/blog\/wp-content\/uploads\/2021\/09\/foto-costa.jpg"},{"@type":"WebSite","@id":"https:\/\/www.dracmallorca.com\/blog\/#website","url":"https:\/\/www.dracmallorca.com\/blog\/","name":"Experiencias y actividades en Mallorca","description":"Drac Mallorca","publisher":{"@id":"https:\/\/www.dracmallorca.com\/blog\/#organization"},"potentialAction":[{"@type":"SearchAction","target":{"@type":"EntryPoint","urlTemplate":"https:\/\/www.dracmallorca.com\/blog\/?s={search_term_string}"},"query-input":{"@type":"PropertyValueSpecification","valueRequired":true,"valueName":"search_term_string"}}],"inLanguage":"de"},{"@type":"Organization","@id":"https:\/\/www.dracmallorca.com\/blog\/#organization","name":"Experiencias y actividades en Mallorca","url":"https:\/\/www.dracmallorca.com\/blog\/","logo":{"@type":"ImageObject","inLanguage":"de","@id":"https:\/\/www.dracmallorca.com\/blog\/#\/schema\/logo\/image\/","url":"https:\/\/www.dracmallorca.com\/blog\/wp-content\/uploads\/2023\/11\/logo-8.png","contentUrl":"https:\/\/www.dracmallorca.com\/blog\/wp-content\/uploads\/2023\/11\/logo-8.png","width":869,"height":248,"caption":"Experiencias y actividades en Mallorca"},"image":{"@id":"https:\/\/www.dracmallorca.com\/blog\/#\/schema\/logo\/image\/"}},{"@type":"Person","@id":"https:\/\/www.dracmallorca.com\/blog\/#\/schema\/person\/f28eed696a11608d6c190bfd0423d504","name":"santanyi","image":{"@type":"ImageObject","inLanguage":"de","@id":"https:\/\/secure.gravatar.com\/avatar\/0f975fb544b03fa2497d57c7b1069c0be59ac06466e9de613b607ea00b767b1f?s=96&d=mm&r=g","url":"https:\/\/secure.gravatar.com\/avatar\/0f975fb544b03fa2497d57c7b1069c0be59ac06466e9de613b607ea00b767b1f?s=96&d=mm&r=g","contentUrl":"https:\/\/secure.gravatar.com\/avatar\/0f975fb544b03fa2497d57c7b1069c0be59ac06466e9de613b607ea00b767b1f?s=96&d=mm&r=g","caption":"santanyi"},"url":"https:\/\/www.dracmallorca.com\/blog\/de\/author\/santanyi\/"}]}},"_links":{"self":[{"href":"https:\/\/www.dracmallorca.com\/blog\/de\/wp-json\/wp\/v2\/posts\/630","targetHints":{"allow":["GET"]}}],"collection":[{"href":"https:\/\/www.dracmallorca.com\/blog\/de\/wp-json\/wp\/v2\/posts"}],"about":[{"href":"https:\/\/www.dracmallorca.com\/blog\/de\/wp-json\/wp\/v2\/types\/post"}],"author":[{"embeddable":true,"href":"https:\/\/www.dracmallorca.com\/blog\/de\/wp-json\/wp\/v2\/users\/2"}],"replies":[{"embeddable":true,"href":"https:\/\/www.dracmallorca.com\/blog\/de\/wp-json\/wp\/v2\/comments?post=630"}],"version-history":[{"count":1,"href":"https:\/\/www.dracmallorca.com\/blog\/de\/wp-json\/wp\/v2\/posts\/630\/revisions"}],"predecessor-version":[{"id":635,"href":"https:\/\/www.dracmallorca.com\/blog\/de\/wp-json\/wp\/v2\/posts\/630\/revisions\/635"}],"wp:attachment":[{"href":"https:\/\/www.dracmallorca.com\/blog\/de\/wp-json\/wp\/v2\/media?parent=630"}],"wp:term":[{"taxonomy":"category","embeddable":true,"href":"https:\/\/www.dracmallorca.com\/blog\/de\/wp-json\/wp\/v2\/categories?post=630"},{"taxonomy":"post_tag","embeddable":true,"href":"https:\/\/www.dracmallorca.com\/blog\/de\/wp-json\/wp\/v2\/tags?post=630"}],"curies":[{"name":"wp","href":"https:\/\/api.w.org\/{rel}","templated":true}]}}