{"id":454,"date":"2021-04-14T13:53:45","date_gmt":"2021-04-14T13:53:45","guid":{"rendered":"https:\/\/www.dracmallorca.com\/blog\/?p=454"},"modified":"2021-04-14T13:53:46","modified_gmt":"2021-04-14T13:53:46","slug":"kultur-kunst-und-skulpturen-von-santanyi-auf-mallorca","status":"publish","type":"post","link":"https:\/\/www.dracmallorca.com\/blog\/de\/kultur-kunst-und-skulpturen-von-santanyi-auf-mallorca\/","title":{"rendered":"Kultur, Kunst und Skulpturen von Santanyi auf Mallorca"},"content":{"rendered":"\n<p>Wir haben alle von Santanyis spektakul\u00e4ren Str\u00e4nden, seinem Freizeitangebot und seiner Gastronomie geh\u00f6rt. Aber haben Sie jemals dar\u00fcber nachgedacht, die Kultur und Kunst von Santanyi auf Mallorca und seine Skulpturen zu entdecken? Es ist eine weitere M\u00f6glichkeit, den Charme dieser Touristenstadt auf der Baleareninsel kennenzulernen.<\/p>\n\n\n\n<p>Eines der einzigartigsten Werke, das wir auf seinem Territorium finden k\u00f6nnen, ist <strong>Equilibrio Sur<\/strong>. Eine Kreation, die Teil eines europ\u00e4ischen Projekts ist, das aus f\u00fcnf Denkm\u00e4lern besteht. Diese sind strategisch g\u00fcnstig gelegen, um so durch imagin\u00e4re Verbindung der Kardinalpunkte ein Kreuz \u00fcber den alten Kontinent zu verfolgen.<\/p>\n\n\n\n<p>So befindet sich Equilibrio Centro im Skulpturenpark Bensberg bei K\u00f6ln; Equilibrio Norte in Trondheim (Norwegen); Das Ostgleichgewicht wurde im S\u00fcden von Wolgograd in Staryi Serepta (Russland) errichtet und West Equilibrium in Cork (Irland).<\/p>\n\n\n\n<p>Der Deutsche <strong>Rolf Schaffner<\/strong> (1927-2008) ist der Autor eines Projekts, das er nicht selbst zu Ende bringen konnte, da die letzte Stele im Jahr 2009 errichtet wurde. Die erste davon ist die, die in Cala Santany\u00ed steht und 1995 gebaut wurde. Die <strong>Gedanken in Stein<\/strong> dieses Bildhauers bilden Friedensmeridiane und zeigen, dass ein Gleichgewicht zwischen verschiedenen Kulturen m\u00f6glich ist.<\/p>\n\n\n\n<p>Schaffner verbrachte fast vier Jahrzehnte auf Mallorca, wo er den gr\u00f6\u00dften Teil seiner Kunst hinterlie\u00df. Zu seinen weiteren bekannten Kreationen z\u00e4hlen <strong>Los Caballos<\/strong> (1963) auf der Finca Morla oder die rund zwanzig monumentalen Steinskulpturen, die im Gebiet Possessi\u00f3 Son Dan\u00fas stehen.<\/p>\n\n\n\n<figure class=\"wp-block-image size-large\"><img fetchpriority=\"high\" decoding=\"async\" width=\"800\" height=\"480\" src=\"https:\/\/www.dracmallorca.com\/blog\/wp-content\/uploads\/2021\/04\/caballos-Rolf.jpg\" alt=\"\" class=\"wp-image-455\" srcset=\"https:\/\/www.dracmallorca.com\/blog\/wp-content\/uploads\/2021\/04\/caballos-Rolf.jpg 800w, https:\/\/www.dracmallorca.com\/blog\/wp-content\/uploads\/2021\/04\/caballos-Rolf-768x461.jpg 768w\" sizes=\"(max-width: 800px) 100vw, 800px\" \/><figcaption>Los Caballos von Rolf Schaffner<\/figcaption><\/figure>\n\n\n\n<hr class=\"wp-block-separator\"\/>\n\n\n\n<p><strong>Das wertvolle Erbe von Jaume Mir<\/strong><\/p>\n\n\n\n<p>Wenn wir diese s\u00fcd\u00f6stliche Gemeinde Mallorcas und ihre Umgebung besichtigen, werden wir auch auf das wertvolle Erbe des <strong>klassischen Bildhauers Jaume Mir<\/strong> sto\u00dfen (Felanitx, 1915-Palma de Mallorca, 2012). In Calonge (Gemeinde Santany\u00ed) finden Sie beispielsweise eine Skulptur von ihm, die an eine historische Episode erinnert, die am 16. Juni 1715 w\u00e4hrend des Erbfolgekrieges an diesem Ort stattfand.<\/p>\n\n\n\n<p>Es erinnert an drei\u00dfig tapfere M\u00e4nner, die ihr Leben verloren haben, als sie sich der Landung der Invasionstruppen von Felipe V widersetzten. Dessen Ziel war es, die Bourbonen-Dynastie zu gr\u00fcnden. Antoni Mas Bracet, Joan Mayol, Antoni Jordi, Joan Nicolau, Jaume Alou und Gabriel Amengual; dies sind die Namen einiger B\u00fcrger, die w\u00e4hrend dieser heldenhaften Intervention gestorben sind.<\/p>\n\n\n\n<p>Mir gilt als der bekannteste Bildhauer der Balearen und wahrscheinlich als einer der bekanntesten in Spanien in j\u00fcngster Zeit. Ebenso lohnt es sich, einen Blick auf die sechs F\u00fcnf-Meter-Skulpturen des <strong>italienischen K\u00fcnstlers Fabrizio Plessi <\/strong>zu werfen. Sie sind im S&#8217;Abeurador Interpretations Center in Santany\u00ed zu finden.<\/p>\n\n\n\n<p>Zusammenfassend sind diese drei Beispiele die herausragendsten, die Sie mit der Kultur, Kunst und Skulpturen von Santany\u00ed auf Mallorca begeistern werden. Mehr als genug , um einige Zeit in dieser wundervollen Stadt zu verbringen.<\/p>\n\n\n\n<p><\/p>\n","protected":false},"excerpt":{"rendered":"<p>Wir haben alle von Santanyis spektakul\u00e4ren Str\u00e4nden, seinem Freizeitangebot und seiner Gastronomie geh\u00f6rt. Aber haben Sie jemals dar\u00fcber nachgedacht, die Kultur und Kunst von Santanyi auf Mallorca und seine Skulpturen zu entdecken? Es ist eine weitere M\u00f6glichkeit, den Charme dieser Touristenstadt auf der Baleareninsel kennenzulernen. Eines der einzigartigsten Werke, das wir auf seinem Territorium finden [&hellip;]<\/p>\n","protected":false},"author":2,"featured_media":0,"comment_status":"open","ping_status":"closed","sticky":false,"template":"","format":"standard","meta":{"footnotes":""},"categories":[2],"tags":[],"class_list":["post-454","post","type-post","status-publish","format-standard","hentry","category-grupo-drac-santanyi"],"yoast_head":"<!-- This site is optimized with the Yoast SEO plugin v27.4 - https:\/\/yoast.com\/product\/yoast-seo-wordpress\/ -->\n<title>Kultur, Kunst und Skulpturen von Santanyi auf Mallorca - Experiencias y actividades en Mallorca<\/title>\n<meta name=\"robots\" content=\"index, follow, max-snippet:-1, max-image-preview:large, max-video-preview:-1\" \/>\n<link rel=\"canonical\" href=\"https:\/\/www.dracmallorca.com\/blog\/de\/kultur-kunst-und-skulpturen-von-santanyi-auf-mallorca\/\" \/>\n<meta property=\"og:locale\" content=\"de_DE\" \/>\n<meta property=\"og:type\" content=\"article\" \/>\n<meta property=\"og:title\" content=\"Kultur, Kunst und Skulpturen von Santanyi auf Mallorca - Experiencias y actividades en Mallorca\" \/>\n<meta property=\"og:description\" content=\"Wir haben alle von Santanyis spektakul\u00e4ren Str\u00e4nden, seinem Freizeitangebot und seiner Gastronomie geh\u00f6rt. Aber haben Sie jemals dar\u00fcber nachgedacht, die Kultur und Kunst von Santanyi auf Mallorca und seine Skulpturen zu entdecken? Es ist eine weitere M\u00f6glichkeit, den Charme dieser Touristenstadt auf der Baleareninsel kennenzulernen. Eines der einzigartigsten Werke, das wir auf seinem Territorium finden [&hellip;]\" \/>\n<meta property=\"og:url\" content=\"https:\/\/www.dracmallorca.com\/blog\/de\/kultur-kunst-und-skulpturen-von-santanyi-auf-mallorca\/\" \/>\n<meta property=\"og:site_name\" content=\"Experiencias y actividades en Mallorca\" \/>\n<meta property=\"article:published_time\" content=\"2021-04-14T13:53:45+00:00\" \/>\n<meta property=\"article:modified_time\" content=\"2021-04-14T13:53:46+00:00\" \/>\n<meta property=\"og:image\" content=\"https:\/\/www.dracmallorca.com\/blog\/wp-content\/uploads\/2021\/04\/caballos-Rolf.jpg\" \/>\n<meta name=\"author\" content=\"santanyi\" \/>\n<meta name=\"twitter:card\" content=\"summary_large_image\" \/>\n<meta name=\"twitter:label1\" content=\"Verfasst von\" \/>\n\t<meta name=\"twitter:data1\" content=\"santanyi\" \/>\n\t<meta name=\"twitter:label2\" content=\"Gesch\u00e4tzte Lesezeit\" \/>\n\t<meta name=\"twitter:data2\" content=\"2\u00a0Minuten\" \/>\n<script type=\"application\/ld+json\" class=\"yoast-schema-graph\">{\"@context\":\"https:\\\/\\\/schema.org\",\"@graph\":[{\"@type\":\"Article\",\"@id\":\"https:\\\/\\\/www.dracmallorca.com\\\/blog\\\/de\\\/kultur-kunst-und-skulpturen-von-santanyi-auf-mallorca\\\/#article\",\"isPartOf\":{\"@id\":\"https:\\\/\\\/www.dracmallorca.com\\\/blog\\\/de\\\/kultur-kunst-und-skulpturen-von-santanyi-auf-mallorca\\\/\"},\"author\":{\"name\":\"santanyi\",\"@id\":\"https:\\\/\\\/www.dracmallorca.com\\\/blog\\\/#\\\/schema\\\/person\\\/f28eed696a11608d6c190bfd0423d504\"},\"headline\":\"Kultur, Kunst und Skulpturen von Santanyi auf Mallorca\",\"datePublished\":\"2021-04-14T13:53:45+00:00\",\"dateModified\":\"2021-04-14T13:53:46+00:00\",\"mainEntityOfPage\":{\"@id\":\"https:\\\/\\\/www.dracmallorca.com\\\/blog\\\/de\\\/kultur-kunst-und-skulpturen-von-santanyi-auf-mallorca\\\/\"},\"wordCount\":461,\"commentCount\":0,\"publisher\":{\"@id\":\"https:\\\/\\\/www.dracmallorca.com\\\/blog\\\/#organization\"},\"image\":{\"@id\":\"https:\\\/\\\/www.dracmallorca.com\\\/blog\\\/de\\\/kultur-kunst-und-skulpturen-von-santanyi-auf-mallorca\\\/#primaryimage\"},\"thumbnailUrl\":\"https:\\\/\\\/www.dracmallorca.com\\\/blog\\\/wp-content\\\/uploads\\\/2021\\\/04\\\/caballos-Rolf.jpg\",\"articleSection\":[\"Grupo Drac Santany\u00ed\"],\"inLanguage\":\"de\",\"potentialAction\":[{\"@type\":\"CommentAction\",\"name\":\"Comment\",\"target\":[\"https:\\\/\\\/www.dracmallorca.com\\\/blog\\\/de\\\/kultur-kunst-und-skulpturen-von-santanyi-auf-mallorca\\\/#respond\"]}]},{\"@type\":\"WebPage\",\"@id\":\"https:\\\/\\\/www.dracmallorca.com\\\/blog\\\/de\\\/kultur-kunst-und-skulpturen-von-santanyi-auf-mallorca\\\/\",\"url\":\"https:\\\/\\\/www.dracmallorca.com\\\/blog\\\/de\\\/kultur-kunst-und-skulpturen-von-santanyi-auf-mallorca\\\/\",\"name\":\"Kultur, Kunst und Skulpturen von Santanyi auf Mallorca - Experiencias y actividades en Mallorca\",\"isPartOf\":{\"@id\":\"https:\\\/\\\/www.dracmallorca.com\\\/blog\\\/#website\"},\"primaryImageOfPage\":{\"@id\":\"https:\\\/\\\/www.dracmallorca.com\\\/blog\\\/de\\\/kultur-kunst-und-skulpturen-von-santanyi-auf-mallorca\\\/#primaryimage\"},\"image\":{\"@id\":\"https:\\\/\\\/www.dracmallorca.com\\\/blog\\\/de\\\/kultur-kunst-und-skulpturen-von-santanyi-auf-mallorca\\\/#primaryimage\"},\"thumbnailUrl\":\"https:\\\/\\\/www.dracmallorca.com\\\/blog\\\/wp-content\\\/uploads\\\/2021\\\/04\\\/caballos-Rolf.jpg\",\"datePublished\":\"2021-04-14T13:53:45+00:00\",\"dateModified\":\"2021-04-14T13:53:46+00:00\",\"inLanguage\":\"de\",\"potentialAction\":[{\"@type\":\"ReadAction\",\"target\":[\"https:\\\/\\\/www.dracmallorca.com\\\/blog\\\/de\\\/kultur-kunst-und-skulpturen-von-santanyi-auf-mallorca\\\/\"]}]},{\"@type\":\"ImageObject\",\"inLanguage\":\"de\",\"@id\":\"https:\\\/\\\/www.dracmallorca.com\\\/blog\\\/de\\\/kultur-kunst-und-skulpturen-von-santanyi-auf-mallorca\\\/#primaryimage\",\"url\":\"https:\\\/\\\/www.dracmallorca.com\\\/blog\\\/wp-content\\\/uploads\\\/2021\\\/04\\\/caballos-Rolf.jpg\",\"contentUrl\":\"https:\\\/\\\/www.dracmallorca.com\\\/blog\\\/wp-content\\\/uploads\\\/2021\\\/04\\\/caballos-Rolf.jpg\"},{\"@type\":\"WebSite\",\"@id\":\"https:\\\/\\\/www.dracmallorca.com\\\/blog\\\/#website\",\"url\":\"https:\\\/\\\/www.dracmallorca.com\\\/blog\\\/\",\"name\":\"Experiencias y actividades en Mallorca\",\"description\":\"Drac Mallorca\",\"publisher\":{\"@id\":\"https:\\\/\\\/www.dracmallorca.com\\\/blog\\\/#organization\"},\"potentialAction\":[{\"@type\":\"SearchAction\",\"target\":{\"@type\":\"EntryPoint\",\"urlTemplate\":\"https:\\\/\\\/www.dracmallorca.com\\\/blog\\\/?s={search_term_string}\"},\"query-input\":{\"@type\":\"PropertyValueSpecification\",\"valueRequired\":true,\"valueName\":\"search_term_string\"}}],\"inLanguage\":\"de\"},{\"@type\":\"Organization\",\"@id\":\"https:\\\/\\\/www.dracmallorca.com\\\/blog\\\/#organization\",\"name\":\"Experiencias y actividades en Mallorca\",\"url\":\"https:\\\/\\\/www.dracmallorca.com\\\/blog\\\/\",\"logo\":{\"@type\":\"ImageObject\",\"inLanguage\":\"de\",\"@id\":\"https:\\\/\\\/www.dracmallorca.com\\\/blog\\\/#\\\/schema\\\/logo\\\/image\\\/\",\"url\":\"https:\\\/\\\/www.dracmallorca.com\\\/blog\\\/wp-content\\\/uploads\\\/2023\\\/11\\\/logo-8.png\",\"contentUrl\":\"https:\\\/\\\/www.dracmallorca.com\\\/blog\\\/wp-content\\\/uploads\\\/2023\\\/11\\\/logo-8.png\",\"width\":869,\"height\":248,\"caption\":\"Experiencias y actividades en Mallorca\"},\"image\":{\"@id\":\"https:\\\/\\\/www.dracmallorca.com\\\/blog\\\/#\\\/schema\\\/logo\\\/image\\\/\"}},{\"@type\":\"Person\",\"@id\":\"https:\\\/\\\/www.dracmallorca.com\\\/blog\\\/#\\\/schema\\\/person\\\/f28eed696a11608d6c190bfd0423d504\",\"name\":\"santanyi\",\"image\":{\"@type\":\"ImageObject\",\"inLanguage\":\"de\",\"@id\":\"https:\\\/\\\/secure.gravatar.com\\\/avatar\\\/0f975fb544b03fa2497d57c7b1069c0be59ac06466e9de613b607ea00b767b1f?s=96&d=mm&r=g\",\"url\":\"https:\\\/\\\/secure.gravatar.com\\\/avatar\\\/0f975fb544b03fa2497d57c7b1069c0be59ac06466e9de613b607ea00b767b1f?s=96&d=mm&r=g\",\"contentUrl\":\"https:\\\/\\\/secure.gravatar.com\\\/avatar\\\/0f975fb544b03fa2497d57c7b1069c0be59ac06466e9de613b607ea00b767b1f?s=96&d=mm&r=g\",\"caption\":\"santanyi\"},\"url\":\"https:\\\/\\\/www.dracmallorca.com\\\/blog\\\/de\\\/author\\\/santanyi\\\/\"}]}<\/script>\n<!-- \/ Yoast SEO plugin. -->","yoast_head_json":{"title":"Kultur, Kunst und Skulpturen von Santanyi auf Mallorca - Experiencias y actividades en Mallorca","robots":{"index":"index","follow":"follow","max-snippet":"max-snippet:-1","max-image-preview":"max-image-preview:large","max-video-preview":"max-video-preview:-1"},"canonical":"https:\/\/www.dracmallorca.com\/blog\/de\/kultur-kunst-und-skulpturen-von-santanyi-auf-mallorca\/","og_locale":"de_DE","og_type":"article","og_title":"Kultur, Kunst und Skulpturen von Santanyi auf Mallorca - Experiencias y actividades en Mallorca","og_description":"Wir haben alle von Santanyis spektakul\u00e4ren Str\u00e4nden, seinem Freizeitangebot und seiner Gastronomie geh\u00f6rt. Aber haben Sie jemals dar\u00fcber nachgedacht, die Kultur und Kunst von Santanyi auf Mallorca und seine Skulpturen zu entdecken? Es ist eine weitere M\u00f6glichkeit, den Charme dieser Touristenstadt auf der Baleareninsel kennenzulernen. Eines der einzigartigsten Werke, das wir auf seinem Territorium finden [&hellip;]","og_url":"https:\/\/www.dracmallorca.com\/blog\/de\/kultur-kunst-und-skulpturen-von-santanyi-auf-mallorca\/","og_site_name":"Experiencias y actividades en Mallorca","article_published_time":"2021-04-14T13:53:45+00:00","article_modified_time":"2021-04-14T13:53:46+00:00","og_image":[{"url":"https:\/\/www.dracmallorca.com\/blog\/wp-content\/uploads\/2021\/04\/caballos-Rolf.jpg","type":"","width":"","height":""}],"author":"santanyi","twitter_card":"summary_large_image","twitter_misc":{"Verfasst von":"santanyi","Gesch\u00e4tzte Lesezeit":"2\u00a0Minuten"},"schema":{"@context":"https:\/\/schema.org","@graph":[{"@type":"Article","@id":"https:\/\/www.dracmallorca.com\/blog\/de\/kultur-kunst-und-skulpturen-von-santanyi-auf-mallorca\/#article","isPartOf":{"@id":"https:\/\/www.dracmallorca.com\/blog\/de\/kultur-kunst-und-skulpturen-von-santanyi-auf-mallorca\/"},"author":{"name":"santanyi","@id":"https:\/\/www.dracmallorca.com\/blog\/#\/schema\/person\/f28eed696a11608d6c190bfd0423d504"},"headline":"Kultur, Kunst und Skulpturen von Santanyi auf Mallorca","datePublished":"2021-04-14T13:53:45+00:00","dateModified":"2021-04-14T13:53:46+00:00","mainEntityOfPage":{"@id":"https:\/\/www.dracmallorca.com\/blog\/de\/kultur-kunst-und-skulpturen-von-santanyi-auf-mallorca\/"},"wordCount":461,"commentCount":0,"publisher":{"@id":"https:\/\/www.dracmallorca.com\/blog\/#organization"},"image":{"@id":"https:\/\/www.dracmallorca.com\/blog\/de\/kultur-kunst-und-skulpturen-von-santanyi-auf-mallorca\/#primaryimage"},"thumbnailUrl":"https:\/\/www.dracmallorca.com\/blog\/wp-content\/uploads\/2021\/04\/caballos-Rolf.jpg","articleSection":["Grupo Drac Santany\u00ed"],"inLanguage":"de","potentialAction":[{"@type":"CommentAction","name":"Comment","target":["https:\/\/www.dracmallorca.com\/blog\/de\/kultur-kunst-und-skulpturen-von-santanyi-auf-mallorca\/#respond"]}]},{"@type":"WebPage","@id":"https:\/\/www.dracmallorca.com\/blog\/de\/kultur-kunst-und-skulpturen-von-santanyi-auf-mallorca\/","url":"https:\/\/www.dracmallorca.com\/blog\/de\/kultur-kunst-und-skulpturen-von-santanyi-auf-mallorca\/","name":"Kultur, Kunst und Skulpturen von Santanyi auf Mallorca - Experiencias y actividades en Mallorca","isPartOf":{"@id":"https:\/\/www.dracmallorca.com\/blog\/#website"},"primaryImageOfPage":{"@id":"https:\/\/www.dracmallorca.com\/blog\/de\/kultur-kunst-und-skulpturen-von-santanyi-auf-mallorca\/#primaryimage"},"image":{"@id":"https:\/\/www.dracmallorca.com\/blog\/de\/kultur-kunst-und-skulpturen-von-santanyi-auf-mallorca\/#primaryimage"},"thumbnailUrl":"https:\/\/www.dracmallorca.com\/blog\/wp-content\/uploads\/2021\/04\/caballos-Rolf.jpg","datePublished":"2021-04-14T13:53:45+00:00","dateModified":"2021-04-14T13:53:46+00:00","inLanguage":"de","potentialAction":[{"@type":"ReadAction","target":["https:\/\/www.dracmallorca.com\/blog\/de\/kultur-kunst-und-skulpturen-von-santanyi-auf-mallorca\/"]}]},{"@type":"ImageObject","inLanguage":"de","@id":"https:\/\/www.dracmallorca.com\/blog\/de\/kultur-kunst-und-skulpturen-von-santanyi-auf-mallorca\/#primaryimage","url":"https:\/\/www.dracmallorca.com\/blog\/wp-content\/uploads\/2021\/04\/caballos-Rolf.jpg","contentUrl":"https:\/\/www.dracmallorca.com\/blog\/wp-content\/uploads\/2021\/04\/caballos-Rolf.jpg"},{"@type":"WebSite","@id":"https:\/\/www.dracmallorca.com\/blog\/#website","url":"https:\/\/www.dracmallorca.com\/blog\/","name":"Experiencias y actividades en Mallorca","description":"Drac Mallorca","publisher":{"@id":"https:\/\/www.dracmallorca.com\/blog\/#organization"},"potentialAction":[{"@type":"SearchAction","target":{"@type":"EntryPoint","urlTemplate":"https:\/\/www.dracmallorca.com\/blog\/?s={search_term_string}"},"query-input":{"@type":"PropertyValueSpecification","valueRequired":true,"valueName":"search_term_string"}}],"inLanguage":"de"},{"@type":"Organization","@id":"https:\/\/www.dracmallorca.com\/blog\/#organization","name":"Experiencias y actividades en Mallorca","url":"https:\/\/www.dracmallorca.com\/blog\/","logo":{"@type":"ImageObject","inLanguage":"de","@id":"https:\/\/www.dracmallorca.com\/blog\/#\/schema\/logo\/image\/","url":"https:\/\/www.dracmallorca.com\/blog\/wp-content\/uploads\/2023\/11\/logo-8.png","contentUrl":"https:\/\/www.dracmallorca.com\/blog\/wp-content\/uploads\/2023\/11\/logo-8.png","width":869,"height":248,"caption":"Experiencias y actividades en Mallorca"},"image":{"@id":"https:\/\/www.dracmallorca.com\/blog\/#\/schema\/logo\/image\/"}},{"@type":"Person","@id":"https:\/\/www.dracmallorca.com\/blog\/#\/schema\/person\/f28eed696a11608d6c190bfd0423d504","name":"santanyi","image":{"@type":"ImageObject","inLanguage":"de","@id":"https:\/\/secure.gravatar.com\/avatar\/0f975fb544b03fa2497d57c7b1069c0be59ac06466e9de613b607ea00b767b1f?s=96&d=mm&r=g","url":"https:\/\/secure.gravatar.com\/avatar\/0f975fb544b03fa2497d57c7b1069c0be59ac06466e9de613b607ea00b767b1f?s=96&d=mm&r=g","contentUrl":"https:\/\/secure.gravatar.com\/avatar\/0f975fb544b03fa2497d57c7b1069c0be59ac06466e9de613b607ea00b767b1f?s=96&d=mm&r=g","caption":"santanyi"},"url":"https:\/\/www.dracmallorca.com\/blog\/de\/author\/santanyi\/"}]}},"_links":{"self":[{"href":"https:\/\/www.dracmallorca.com\/blog\/de\/wp-json\/wp\/v2\/posts\/454","targetHints":{"allow":["GET"]}}],"collection":[{"href":"https:\/\/www.dracmallorca.com\/blog\/de\/wp-json\/wp\/v2\/posts"}],"about":[{"href":"https:\/\/www.dracmallorca.com\/blog\/de\/wp-json\/wp\/v2\/types\/post"}],"author":[{"embeddable":true,"href":"https:\/\/www.dracmallorca.com\/blog\/de\/wp-json\/wp\/v2\/users\/2"}],"replies":[{"embeddable":true,"href":"https:\/\/www.dracmallorca.com\/blog\/de\/wp-json\/wp\/v2\/comments?post=454"}],"version-history":[{"count":2,"href":"https:\/\/www.dracmallorca.com\/blog\/de\/wp-json\/wp\/v2\/posts\/454\/revisions"}],"predecessor-version":[{"id":459,"href":"https:\/\/www.dracmallorca.com\/blog\/de\/wp-json\/wp\/v2\/posts\/454\/revisions\/459"}],"wp:attachment":[{"href":"https:\/\/www.dracmallorca.com\/blog\/de\/wp-json\/wp\/v2\/media?parent=454"}],"wp:term":[{"taxonomy":"category","embeddable":true,"href":"https:\/\/www.dracmallorca.com\/blog\/de\/wp-json\/wp\/v2\/categories?post=454"},{"taxonomy":"post_tag","embeddable":true,"href":"https:\/\/www.dracmallorca.com\/blog\/de\/wp-json\/wp\/v2\/tags?post=454"}],"curies":[{"name":"wp","href":"https:\/\/api.w.org\/{rel}","templated":true}]}}