{"id":4238,"date":"2026-01-27T11:41:40","date_gmt":"2026-01-27T11:41:40","guid":{"rendered":"https:\/\/www.dracmallorca.com\/blog\/cala-des-borgit-natur-pur\/"},"modified":"2026-01-27T11:50:07","modified_gmt":"2026-01-27T11:50:07","slug":"cala-des-borgit","status":"publish","type":"post","link":"https:\/\/www.dracmallorca.com\/blog\/de\/cala-des-borgit\/","title":{"rendered":"Cala des Borgit: Natur pur"},"content":{"rendered":"\t\t<div data-elementor-type=\"wp-post\" data-elementor-id=\"4238\" class=\"elementor elementor-4238 elementor-4196\" data-elementor-post-type=\"post\">\n\t\t\t\t<div class=\"elementor-element elementor-element-45ca12a1 e-flex e-con-boxed e-con e-parent\" data-id=\"45ca12a1\" data-element_type=\"container\" data-e-type=\"container\">\n\t\t\t\t\t<div class=\"e-con-inner\">\n\t\t\t\t<div class=\"elementor-element elementor-element-76680c2b elementor-widget elementor-widget-text-editor\" data-id=\"76680c2b\" data-element_type=\"widget\" data-e-type=\"widget\" data-widget_type=\"text-editor.default\">\n\t\t\t\t<div class=\"elementor-widget-container\">\n\t\t\t\t\t\t\t\t\t<p><span style=\"font-weight: 400;\">Haben Sie jemals davon getr\u00e4umt, den Tag in einer Bucht Mallorcas zu verbringen? Keine Sorge, das geht uns allen so. Wenn Sie die Cala des Borgit noch nicht kennen, werden Sie nach dem Lesen dieses Artikels wahrscheinlich noch mehr Lust haben, diese wundersch\u00f6ne Insel zu besuchen.  <\/span><\/p><p><span style=\"font-weight: 400;\">Hier erz\u00e4hlen wir Ihnen von der Cala des Borgit, die lokal als Cal\u00f3 des Borgit bekannt ist und sich im S\u00fcdosten Mallorcas, in der Umgebung des spektakul\u00e4ren Naturparks Mondrag\u00f3n befindet. Es ist ein Ort, um die Natur zu sp\u00fcren und tief durchzuatmen, in aller Ruhe. Haben Sie schon mit den Vorbereitungen f\u00fcr Ihre Reise begonnen?  <\/span><\/p>\t\t\t\t\t\t\t\t<\/div>\n\t\t\t\t<\/div>\n\t\t\t\t\t<\/div>\n\t\t\t\t<\/div>\n\t\t<div class=\"elementor-element elementor-element-381a1893 e-flex e-con-boxed e-con e-parent\" data-id=\"381a1893\" data-element_type=\"container\" data-e-type=\"container\">\n\t\t\t\t\t<div class=\"e-con-inner\">\n\t\t\t\t<div class=\"elementor-element elementor-element-5100c48d elementor-widget elementor-widget-table-of-contents\" data-id=\"5100c48d\" data-element_type=\"widget\" data-e-type=\"widget\" data-settings=\"{&quot;headings_by_tags&quot;:[&quot;h2&quot;],&quot;exclude_headings_by_selector&quot;:[],&quot;marker_view&quot;:&quot;bullets&quot;,&quot;icon&quot;:{&quot;value&quot;:&quot;&quot;,&quot;library&quot;:&quot;&quot;},&quot;no_headings_message&quot;:&quot;No headings were found on this page.&quot;,&quot;hierarchical_view&quot;:&quot;yes&quot;,&quot;min_height&quot;:{&quot;unit&quot;:&quot;px&quot;,&quot;size&quot;:&quot;&quot;,&quot;sizes&quot;:[]},&quot;min_height_tablet&quot;:{&quot;unit&quot;:&quot;px&quot;,&quot;size&quot;:&quot;&quot;,&quot;sizes&quot;:[]},&quot;min_height_mobile&quot;:{&quot;unit&quot;:&quot;px&quot;,&quot;size&quot;:&quot;&quot;,&quot;sizes&quot;:[]}}\" data-widget_type=\"table-of-contents.default\">\n\t\t\t\t<div class=\"elementor-widget-container\">\n\t\t\t\t\t\t\t\t\t<div class=\"elementor-toc__header\">\n\t\t\t\t\t\t<div class=\"elementor-toc__header-title\">\n\t\t\t\tInhaltsverzeichnis\t\t\t<\/div>\n\t\t\t\t\t\t\t\t<\/div>\n\t\t\t\t<div id=\"elementor-toc__5100c48d\" class=\"elementor-toc__body\">\n\t\t\t<div class=\"elementor-toc__spinner-container\">\n\t\t\t\t<svg class=\"elementor-toc__spinner eicon-animation-spin e-font-icon-svg e-eicon-loading\" aria-hidden=\"true\" viewBox=\"0 0 1000 1000\" xmlns=\"http:\/\/www.w3.org\/2000\/svg\"><path d=\"M500 975V858C696 858 858 696 858 500S696 142 500 142 142 304 142 500H25C25 237 238 25 500 25S975 237 975 500 763 975 500 975Z\"><\/path><\/svg>\t\t\t<\/div>\n\t\t<\/div>\n\t\t\t\t\t\t<\/div>\n\t\t\t\t<\/div>\n\t\t\t\t\t<\/div>\n\t\t\t\t<\/div>\n\t\t<div class=\"elementor-element elementor-element-f35caff e-flex e-con-boxed e-con e-parent\" data-id=\"f35caff\" data-element_type=\"container\" data-e-type=\"container\">\n\t\t\t\t\t<div class=\"e-con-inner\">\n\t\t\t\t<div class=\"elementor-element elementor-element-6463c0e4 elementor-widget elementor-widget-heading\" data-id=\"6463c0e4\" data-element_type=\"widget\" data-e-type=\"widget\" data-widget_type=\"heading.default\">\n\t\t\t\t<div class=\"elementor-widget-container\">\n\t\t\t\t\t<h2 class=\"elementor-heading-title elementor-size-default\">Wie erreicht man Cal\u00f3 des Borgit?<\/h2>\t\t\t\t<\/div>\n\t\t\t\t<\/div>\n\t\t\t\t<div class=\"elementor-element elementor-element-79d2607d elementor-widget elementor-widget-text-editor\" data-id=\"79d2607d\" data-element_type=\"widget\" data-e-type=\"widget\" data-widget_type=\"text-editor.default\">\n\t\t\t\t<div class=\"elementor-widget-container\">\n\t\t\t\t\t\t\t\t\t<p><span style=\"font-weight: 400;\">Um zur Cala des Borgit auf Mallorca zu gelangen, m\u00fcssen Sie sich zur Gemeinde <\/span><a href=\"https:\/\/www.dracmallorca.com\/es\/vacaciones-en-santanyi-descubre-las-mejores-opciones-donde-alojarse\/\"><span style=\"font-weight: 400;\">Santany\u00ed<\/span><\/a> begeben.<span style=\"font-weight: 400;\">, im s\u00fcdlichen Teil der Insel. Und das ist gut so, denn hier gibt es mehrere Buchten, die einen Besuch wert sind, wie Cala Mondrag\u00f3 und S\u2019Amarador, einige der besten Mallorcas. Sie k\u00f6nnen auch Santany\u00ed besuchen, eines der bezauberndsten D\u00f6rfer. Wenn Sie mit dem Auto kommen, dauert es von Santany\u00ed aus etwa 15 Minuten \u00fcber die Ma-19. Es gibt keine Parkpl\u00e4tze in der N\u00e4he von Cal\u00f3 des Borgit, aber in Cala Mondrag\u00f3, und von dort aus m\u00fcssen Sie nur etwa 10 oder 15 Minuten \u00fcber einen K\u00fcstenpfad laufen. Sie k\u00f6nnen auch in Wohngebieten parken, die relativ nahe an der Cala des Borgit liegen.     <\/span><\/p><p><span style=\"font-weight: 400;\">Wenn Sie es vorziehen, mit \u00f6ffentlichen Verkehrsmitteln zu fahren, ist es m\u00f6glich, mit dem Bus in die N\u00e4he der Cala des Borgit zu gelangen und dann ein paar Minuten zu Fu\u00df zu gehen. Die Linien 515 und 521 sind Ihre besten Optionen, wenn Sie diese nachhaltigere Art der Fortbewegung w\u00e4hlen. <\/span><\/p>\t\t\t\t\t\t\t\t<\/div>\n\t\t\t\t<\/div>\n\t\t\t\t<div class=\"elementor-element elementor-element-883e074 elementor-widget elementor-widget-google_maps\" data-id=\"883e074\" data-element_type=\"widget\" data-e-type=\"widget\" data-widget_type=\"google_maps.default\">\n\t\t\t\t<div class=\"elementor-widget-container\">\n\t\t\t\t\t\t\t<div class=\"elementor-custom-embed\">\n\t\t\t<iframe loading=\"lazy\"\n\t\t\t\t\tsrc=\"https:\/\/maps.google.com\/maps?q=calo%20des%20borgit&#038;t=m&#038;z=10&#038;output=embed&#038;iwloc=near\"\n\t\t\t\t\ttitle=\"calo des borgit\"\n\t\t\t\t\taria-label=\"calo des borgit\"\n\t\t\t><\/iframe>\n\t\t<\/div>\n\t\t\t\t\t\t<\/div>\n\t\t\t\t<\/div>\n\t\t\t\t\t<\/div>\n\t\t\t\t<\/div>\n\t\t<div class=\"elementor-element elementor-element-1cb0c6f e-flex e-con-boxed e-con e-parent\" data-id=\"1cb0c6f\" data-element_type=\"container\" data-e-type=\"container\">\n\t\t\t\t\t<div class=\"e-con-inner\">\n\t\t\t\t<div class=\"elementor-element elementor-element-f74c4df elementor-widget elementor-widget-heading\" data-id=\"f74c4df\" data-element_type=\"widget\" data-e-type=\"widget\" data-widget_type=\"heading.default\">\n\t\t\t\t<div class=\"elementor-widget-container\">\n\t\t\t\t\t<h2 class=\"elementor-heading-title elementor-size-default\">Eigenschaften der Bucht<\/h2>\t\t\t\t<\/div>\n\t\t\t\t<\/div>\n\t\t\t\t<div class=\"elementor-element elementor-element-5a100a8 elementor-widget elementor-widget-text-editor\" data-id=\"5a100a8\" data-element_type=\"widget\" data-e-type=\"widget\" data-widget_type=\"text-editor.default\">\n\t\t\t\t<div class=\"elementor-widget-container\">\n\t\t\t\t\t\t\t\t\t<p><span style=\"font-weight: 400;\">Die Cala des Borgit auf Mallorca ist ein kleiner Strand (fast 20 Meter breit und 50 Meter lang), sehr nat\u00fcrlich, wo nur wenige Menschen Platz finden und es keinerlei Service gibt. Das bedeutet, dass es ein St\u00fcck Paradies ist, aber nicht den Komfort anderer bietet  <\/span><a href=\"https:\/\/www.dracmallorca.com\/blog\/de\/buchten-suden-mallorca\/\"><span style=\"font-weight: 400;\">Buchten Mallorcas<\/span><\/a><span style=\"font-weight: 400;\"> und sich sehr schnell f\u00fcllt. Wenn Sie jedoch fr\u00fchzeitig anreisen und einen Platz ergattern k\u00f6nnen, k\u00f6nnen Sie einen magischen Tag am Strand genie\u00dfen. <\/span><\/p><p><span style=\"font-weight: 400;\">Das Wasser ist t\u00fcrkisfarben, transparent, typisch f\u00fcr die besten Buchten dieser Insel und w\u00fcrdig, auf einer Postkarte abgebildet zu werden. Hier k\u00f6nnen Sie schnorcheln, um den spektakul\u00e4ren Meeresgrund zu sehen, oder einfach nur entspannen, indem Sie sich sonnen oder ruhig schwimmen. Dieser Strand hat keine Duschen oder Strandbars, was dazu beitr\u00e4gt, seinen fast unber\u00fchrten Zustand und seine ruhige Atmosph\u00e4re zu erhalten.  <\/span><\/p>\t\t\t\t\t\t\t\t<\/div>\n\t\t\t\t<\/div>\n\t\t\t\t\t<\/div>\n\t\t\t\t<\/div>\n\t\t<div class=\"elementor-element elementor-element-1421199 e-flex e-con-boxed e-con e-parent\" data-id=\"1421199\" data-element_type=\"container\" data-e-type=\"container\">\n\t\t\t\t\t<div class=\"e-con-inner\">\n\t\t\t\t<div class=\"elementor-element elementor-element-ba6212d elementor-widget elementor-widget-heading\" data-id=\"ba6212d\" data-element_type=\"widget\" data-e-type=\"widget\" data-widget_type=\"heading.default\">\n\t\t\t\t<div class=\"elementor-widget-container\">\n\t\t\t\t\t<h2 class=\"elementor-heading-title elementor-size-default\">Schnorcheln und Aktivit\u00e4ten<\/h2>\t\t\t\t<\/div>\n\t\t\t\t<\/div>\n\t\t\t\t<div class=\"elementor-element elementor-element-397f6ab elementor-widget elementor-widget-text-editor\" data-id=\"397f6ab\" data-element_type=\"widget\" data-e-type=\"widget\" data-widget_type=\"text-editor.default\">\n\t\t\t\t<div class=\"elementor-widget-container\">\n\t\t\t\t\t\t\t\t\t<p><span style=\"font-weight: 400;\">In der Cala des Borgit gibt es nicht viele Aktivit\u00e4ten, aber wenn Sie Ihre Ausr\u00fcstung mitbringen, k\u00f6nnen Sie schnorcheln und wir versprechen Ihnen, dass die Erfahrung fantastisch sein wird. Das Mittelmeer ist hier in der Regel ruhig; das Wasser ist kristallklar und die Temperatur ist sehr angenehm; deshalb gibt es keine Nachteile: Sie k\u00f6nnen die Sch\u00f6nheit des Meeresgrunds leicht erkennen. Wenn Sie keine Ausr\u00fcstung haben, k\u00f6nnen Sie diese in nahegelegenen Orten wie Cala d\u2019Or und Santany\u00ed mieten. Andere Dinge, die Sie in Cala des Borgit tun k\u00f6nnen, sind das Fotografieren der Landschaften und das Wandern entlang der K\u00fcste, die mit anderen Str\u00e4nden der Gegend verbunden ist und verschiedene fantastische Perspektiven bietet.   <\/span><\/p>\t\t\t\t\t\t\t\t<\/div>\n\t\t\t\t<\/div>\n\t\t\t\t<div class=\"elementor-element elementor-element-098d595 elementor-widget elementor-widget-image\" data-id=\"098d595\" data-element_type=\"widget\" data-e-type=\"widget\" data-widget_type=\"image.default\">\n\t\t\t\t<div class=\"elementor-widget-container\">\n\t\t\t\t\t\t\t\t\t\t\t\t\t\t\t<img fetchpriority=\"high\" decoding=\"async\" width=\"1360\" height=\"907\" src=\"https:\/\/www.dracmallorca.com\/blog\/wp-content\/uploads\/2026\/01\/actividades-calo-des-borgit.webp\" class=\"attachment-full size-full wp-image-4221\" alt=\"actividades-calo-des-borgit\" srcset=\"https:\/\/www.dracmallorca.com\/blog\/wp-content\/uploads\/2026\/01\/actividades-calo-des-borgit.webp 1360w, https:\/\/www.dracmallorca.com\/blog\/wp-content\/uploads\/2026\/01\/actividades-calo-des-borgit-300x200.webp 300w, https:\/\/www.dracmallorca.com\/blog\/wp-content\/uploads\/2026\/01\/actividades-calo-des-borgit-1024x683.webp 1024w, https:\/\/www.dracmallorca.com\/blog\/wp-content\/uploads\/2026\/01\/actividades-calo-des-borgit-768x512.webp 768w\" sizes=\"(max-width: 1360px) 100vw, 1360px\" \/>\t\t\t\t\t\t\t\t\t\t\t\t\t\t\t<\/div>\n\t\t\t\t<\/div>\n\t\t\t\t\t<\/div>\n\t\t\t\t<\/div>\n\t\t<div class=\"elementor-element elementor-element-5575b42 e-flex e-con-boxed e-con e-parent\" data-id=\"5575b42\" data-element_type=\"container\" data-e-type=\"container\">\n\t\t\t\t\t<div class=\"e-con-inner\">\n\t\t\t\t<div class=\"elementor-element elementor-element-404178a elementor-widget elementor-widget-heading\" data-id=\"404178a\" data-element_type=\"widget\" data-e-type=\"widget\" data-widget_type=\"heading.default\">\n\t\t\t\t<div class=\"elementor-widget-container\">\n\t\t\t\t\t<h2 class=\"elementor-heading-title elementor-size-default\">Andere Str\u00e4nde in der N\u00e4he <\/h2>\t\t\t\t<\/div>\n\t\t\t\t<\/div>\n\t\t\t\t\t<\/div>\n\t\t\t\t<\/div>\n\t\t<div class=\"elementor-element elementor-element-7ba322b e-flex e-con-boxed e-con e-parent\" data-id=\"7ba322b\" data-element_type=\"container\" data-e-type=\"container\">\n\t\t\t\t\t<div class=\"e-con-inner\">\n\t\t<div class=\"elementor-element elementor-element-b2500f1 e-con-full e-flex e-con e-child\" data-id=\"b2500f1\" data-element_type=\"container\" data-e-type=\"container\">\n\t\t\t\t<div class=\"elementor-element elementor-element-d5dc811 elementor-widget elementor-widget-text-editor\" data-id=\"d5dc811\" data-element_type=\"widget\" data-e-type=\"widget\" data-widget_type=\"text-editor.default\">\n\t\t\t\t<div class=\"elementor-widget-container\">\n\t\t\t\t\t\t\t\t\t<p><span style=\"font-weight: 400;\">Es ist eine sehr gute Idee, verschiedene Buchten zu erkunden, die unterschiedliche Atmosph\u00e4ren, Landschaften und Eigenschaften bieten. Die s\u00fcd\u00f6stliche Zone Mallorcas ist ein perfekter Ausgangspunkt, um einige der sch\u00f6nsten Buchten sowie einige der  <\/span><a href=\"https:\/\/www.dracmallorca.com\/blog\/de\/besuchen-sie-die-schoensten-doerfer-mallorcas\/\"><span style=\"font-weight: 400;\">besten D\u00f6rfer, die Sie auf der Insel besuchen k\u00f6nnen<\/span><\/a><span style=\"font-weight: 400;\">,<\/span> zu erkunden.<\/p>\t\t\t\t\t\t\t\t<\/div>\n\t\t\t\t<\/div>\n\t\t\t\t<div class=\"elementor-element elementor-element-58b5f0c8 elementor-widget elementor-widget-heading\" data-id=\"58b5f0c8\" data-element_type=\"widget\" data-e-type=\"widget\" data-widget_type=\"heading.default\">\n\t\t\t\t<div class=\"elementor-widget-container\">\n\t\t\t\t\t<h3 class=\"elementor-heading-title elementor-size-default\">Cala Mondrag\u00f3 und S\u2019Amarador<\/h3>\t\t\t\t<\/div>\n\t\t\t\t<\/div>\n\t\t\t\t<div class=\"elementor-element elementor-element-7f53c52c elementor-widget elementor-widget-text-editor\" data-id=\"7f53c52c\" data-element_type=\"widget\" data-e-type=\"widget\" data-widget_type=\"text-editor.default\">\n\t\t\t\t<div class=\"elementor-widget-container\">\n\t\t\t\t\t\t\t\t\t<p><span style=\"font-weight: 400;\">Eine der ber\u00fchmtesten Buchten Mallorcas ist nicht weit von Cal\u00f3 des Borgit entfernt. Cala Mondrag\u00f3 besteht eigentlich aus zwei Str\u00e4nden: Mondrag\u00f3 und S\u2019Amarador, und beide sind wundersch\u00f6n. Tats\u00e4chlich wurde der   <\/span><a href=\"https:\/\/www.dracmallorca.com\/blog\/de\/strand-amarador\/\"><span style=\"font-weight: 400;\">Strand von S\u2019Amarador als einer der besten Europas angesehen<\/span><\/a><span style=\"font-weight: 400;\">. Leicht zug\u00e4nglich, mit einer einzigartigen nat\u00fcrlichen Sch\u00f6nheit und Annehmlichkeiten f\u00fcr mehr Komfort, sind sie sehr beliebte Optionen auf der Insel.<\/span><\/p>\t\t\t\t\t\t\t\t<\/div>\n\t\t\t\t<\/div>\n\t\t\t\t<div class=\"elementor-element elementor-element-1dbb84c elementor-widget elementor-widget-heading\" data-id=\"1dbb84c\" data-element_type=\"widget\" data-e-type=\"widget\" data-widget_type=\"heading.default\">\n\t\t\t\t<div class=\"elementor-widget-container\">\n\t\t\t\t\t<h3 class=\"elementor-heading-title elementor-size-default\">Cal\u00f3 de sa Barca Trencada<\/h3>\t\t\t\t<\/div>\n\t\t\t\t<\/div>\n\t\t\t\t<div class=\"elementor-element elementor-element-5bda71d elementor-widget elementor-widget-text-editor\" data-id=\"5bda71d\" data-element_type=\"widget\" data-e-type=\"widget\" data-widget_type=\"text-editor.default\">\n\t\t\t\t<div class=\"elementor-widget-container\">\n\t\t\t\t\t\t\t\t\t<p><span style=\"font-weight: 400;\">Von einem K\u00fcstenpfad aus ist es m\u00f6glich, Calo de sa Barca Trencada zu erreichen, eine kleine Bucht mit kristallklarem Wasser und einer fast unber\u00fchrten Umgebung, die einen Besuch wert ist, wenn auch nur kurz. Allerdings muss man ein St\u00fcck von der Cala des Borgit aus laufen, aber der Spaziergang ist spektakul\u00e4r. <\/span><\/p>\t\t\t\t\t\t\t\t<\/div>\n\t\t\t\t<\/div>\n\t\t\t\t<\/div>\n\t\t<div class=\"elementor-element elementor-element-e997fa4 e-con-full e-flex e-con e-child\" data-id=\"e997fa4\" data-element_type=\"container\" data-e-type=\"container\">\n\t\t\t\t<div class=\"elementor-element elementor-element-61b9ec7 elementor-widget elementor-widget-image\" data-id=\"61b9ec7\" data-element_type=\"widget\" data-e-type=\"widget\" data-widget_type=\"image.default\">\n\t\t\t\t<div class=\"elementor-widget-container\">\n\t\t\t\t\t\t\t\t\t\t\t\t\t\t\t<img decoding=\"async\" width=\"800\" height=\"800\" src=\"https:\/\/www.dracmallorca.com\/blog\/wp-content\/uploads\/2026\/01\/Calo-des-borgit.webp\" class=\"attachment-large size-large wp-image-4225\" alt=\"Calo-des-borgit\" srcset=\"https:\/\/www.dracmallorca.com\/blog\/wp-content\/uploads\/2026\/01\/Calo-des-borgit.webp 1020w, https:\/\/www.dracmallorca.com\/blog\/wp-content\/uploads\/2026\/01\/Calo-des-borgit-300x300.webp 300w, https:\/\/www.dracmallorca.com\/blog\/wp-content\/uploads\/2026\/01\/Calo-des-borgit-150x150.webp 150w, https:\/\/www.dracmallorca.com\/blog\/wp-content\/uploads\/2026\/01\/Calo-des-borgit-768x768.webp 768w\" sizes=\"(max-width: 800px) 100vw, 800px\" \/>\t\t\t\t\t\t\t\t\t\t\t\t\t\t\t<\/div>\n\t\t\t\t<\/div>\n\t\t\t\t<\/div>\n\t\t\t\t\t<\/div>\n\t\t\t\t<\/div>\n\t\t<div class=\"elementor-element elementor-element-a55ba4f e-flex e-con-boxed e-con e-parent\" data-id=\"a55ba4f\" data-element_type=\"container\" data-e-type=\"container\">\n\t\t\t\t\t<div class=\"e-con-inner\">\n\t\t\t\t<div class=\"elementor-element elementor-element-210c5a1 elementor-widget elementor-widget-heading\" data-id=\"210c5a1\" data-element_type=\"widget\" data-e-type=\"widget\" data-widget_type=\"heading.default\">\n\t\t\t\t<div class=\"elementor-widget-container\">\n\t\t\t\t\t<h2 class=\"elementor-heading-title elementor-size-default\">Tipps f\u00fcr den Besuch<\/h2>\t\t\t\t<\/div>\n\t\t\t\t<\/div>\n\t\t\t\t<div class=\"elementor-element elementor-element-15a52a5 elementor-widget elementor-widget-text-editor\" data-id=\"15a52a5\" data-element_type=\"widget\" data-e-type=\"widget\" data-widget_type=\"text-editor.default\">\n\t\t\t\t<div class=\"elementor-widget-container\">\n\t\t\t\t\t\t\t\t\t<p><span style=\"font-weight: 400;\">Damit Ihr Besuch in der Cala des Borgit und auf Mallorca alles ist, was Sie sich w\u00fcnschen, denken Sie an diese kleinen Tipps:<\/span><\/p><ul><li style=\"font-weight: 400;\" aria-level=\"1\"><span style=\"font-weight: 400;\">Es gibt keine Dienstleistungen an diesem Strand; daher wird empfohlen, Wasser, Snacks, Sonnenschutz (Creme, M\u00fctze und Sonnenbrille) mitzubringen. Da man nicht in der N\u00e4he der Bucht parken kann, ist es au\u00dferdem eine gute Idee, bequeme Schuhe f\u00fcr das unebene Gel\u00e4nde zu tragen. <\/span><\/li><li style=\"font-weight: 400;\" aria-level=\"1\"><span style=\"font-weight: 400;\">Sie sollten sehr fr\u00fch am Morgen anreisen, um so nah wie m\u00f6glich parken zu k\u00f6nnen und einen Platz in dieser kleinen Bucht zu finden.<\/span><\/li><li style=\"font-weight: 400;\" aria-level=\"1\"><span style=\"font-weight: 400;\">Das Meer ist ruhig, aber es ist immer noch offenes Meer; das hei\u00dft, garantieren Sie immer Ihre Sicherheit und die Ihrer Lieben, denn es gibt keinen Rettungsschwimmer.<\/span><\/li><li style=\"font-weight: 400;\" aria-level=\"1\"><span style=\"font-weight: 400;\">Achten Sie auf die Umwelt. Hinterlassen Sie keinen M\u00fcll; respektieren Sie die Fauna und Flora des Ortes und hinterlassen Sie alles so, wie Sie es vorgefunden haben, oder noch besser, wenn m\u00f6glich. <\/span><\/li><\/ul>\t\t\t\t\t\t\t\t<\/div>\n\t\t\t\t<\/div>\n\t\t\t\t\t<\/div>\n\t\t\t\t<\/div>\n\t\t<div class=\"elementor-element elementor-element-5884255 e-flex e-con-boxed e-con e-parent\" data-id=\"5884255\" data-element_type=\"container\" data-e-type=\"container\">\n\t\t\t\t\t<div class=\"e-con-inner\">\n\t\t\t\t<div class=\"elementor-element elementor-element-b8f5e13 elementor-widget elementor-widget-heading\" data-id=\"b8f5e13\" data-element_type=\"widget\" data-e-type=\"widget\" data-widget_type=\"heading.default\">\n\t\t\t\t<div class=\"elementor-widget-container\">\n\t\t\t\t\t<h2 class=\"elementor-heading-title elementor-size-default\">Genie\u00dfen Sie Cala des Borgit, ein Juwel Mallorcas<\/h2>\t\t\t\t<\/div>\n\t\t\t\t<\/div>\n\t\t\t\t<div class=\"elementor-element elementor-element-235dfce elementor-widget elementor-widget-text-editor\" data-id=\"235dfce\" data-element_type=\"widget\" data-e-type=\"widget\" data-widget_type=\"text-editor.default\">\n\t\t\t\t<div class=\"elementor-widget-container\">\n\t\t\t\t\t\t\t\t\t<p><span style=\"font-weight: 400;\">Wenn Sie kleine Buchten mit viel Charme suchen, wenn Ihnen das Fehlen einer Strandbar und anderer grundlegender Dienstleistungen nichts ausmacht, wenn Sie das Gef\u00fchl haben m\u00f6chten, im Paradies zu sein, ist Cal\u00f3 des Borgit das Richtige f\u00fcr Sie. Hier ist der Zugang nicht der einfachste, man muss fr\u00fch anreisen und man wird mit Sand am K\u00f6rper herauskommen, aber die Belohnung ist enorm: Momente der Entspannung in einer absolut wunderbaren Umgebung. Es ist mediterrane Natur in ihrer reinsten Form.  <\/span><\/p><p><span style=\"font-weight: 400;\">Entdecken Sie die besten Unterk\u00fcnfte Mallorcas bei <\/span><a href=\"https:\/\/www.dracmallorca.com\/\"><span style=\"font-weight: 400;\">Drac Mallorca<\/span><\/a><span style=\"font-weight: 400;\">, Experten f\u00fcr Ferienwohnungsvermietung an traumhaften Standorten, mit allem Komfort und Luxus, den Sie verdienen. Sie k\u00f6nnen online zum besten Preis und ohne Sorgen buchen. So bleibt Ihnen nur noch, Mallorca und seine Juwelen, wie die Cala des Borgit, zu genie\u00dfen.  <\/span><\/p>\t\t\t\t\t\t\t\t<\/div>\n\t\t\t\t<\/div>\n\t\t\t\t\t<\/div>\n\t\t\t\t<\/div>\n\t\t<div class=\"elementor-element elementor-element-3e833d36 e-flex e-con-boxed e-con e-parent\" data-id=\"3e833d36\" data-element_type=\"container\" data-e-type=\"container\">\n\t\t\t\t\t<div class=\"e-con-inner\">\n\t\t\t\t\t<\/div>\n\t\t\t\t<\/div>\n\t\t<div class=\"elementor-element elementor-element-7ddfe997 e-flex e-con-boxed e-con e-parent\" data-id=\"7ddfe997\" data-element_type=\"container\" data-e-type=\"container\">\n\t\t\t\t\t<div class=\"e-con-inner\">\n\t\t<div class=\"elementor-element elementor-element-5bc8f447 e-con-full e-flex e-con e-child\" data-id=\"5bc8f447\" data-element_type=\"container\" data-e-type=\"container\">\n\t\t\t\t<div class=\"elementor-element elementor-element-65f07033 elementor-cta--skin-cover elementor-cta--valign-bottom elementor-animated-content elementor-bg-transform elementor-bg-transform-zoom-in elementor-widget elementor-widget-call-to-action\" data-id=\"65f07033\" data-element_type=\"widget\" data-e-type=\"widget\" data-widget_type=\"call-to-action.default\">\n\t\t\t\t<div class=\"elementor-widget-container\">\n\t\t\t\t\t\t\t<div class=\"elementor-cta\">\n\t\t\t\t\t<div class=\"elementor-cta__bg-wrapper\">\n\t\t\t\t<div class=\"elementor-cta__bg elementor-bg\" style=\"background-image: url(https:\/\/www.dracmallorca.com\/blog\/wp-content\/uploads\/2023\/12\/cala-figueras-1920x630.jpg);\" role=\"img\" aria-label=\"cala figueras\"><\/div>\n\t\t\t\t<div class=\"elementor-cta__bg-overlay\"><\/div>\n\t\t\t<\/div>\n\t\t\t\t\t\t\t<div class=\"elementor-cta__content\">\n\t\t\t\t\n\t\t\t\t\n\t\t\t\t\n\t\t\t\t\t\t\t\t\t<div class=\"elementor-cta__button-wrapper elementor-cta__content-item elementor-content-item elementor-animated-item--grow\">\n\t\t\t\t\t<a class=\"elementor-cta__button elementor-button elementor-size-\">\n\t\t\t\t\t\tCala Figueras\t\t\t\t\t<\/a>\n\t\t\t\t\t<\/div>\n\t\t\t\t\t\t\t<\/div>\n\t\t\t\t\t\t<\/div>\n\t\t\t\t\t\t<\/div>\n\t\t\t\t<\/div>\n\t\t\t\t<\/div>\n\t\t<div class=\"elementor-element elementor-element-4148ccf7 e-con-full e-flex e-con e-child\" data-id=\"4148ccf7\" data-element_type=\"container\" data-e-type=\"container\">\n\t\t\t\t<div class=\"elementor-element elementor-element-1d69b198 elementor-cta--skin-cover elementor-cta--valign-bottom elementor-animated-content elementor-bg-transform elementor-bg-transform-zoom-in elementor-widget elementor-widget-call-to-action\" data-id=\"1d69b198\" data-element_type=\"widget\" data-e-type=\"widget\" data-widget_type=\"call-to-action.default\">\n\t\t\t\t<div class=\"elementor-widget-container\">\n\t\t\t\t\t\t\t<div class=\"elementor-cta\">\n\t\t\t\t\t<div class=\"elementor-cta__bg-wrapper\">\n\t\t\t\t<div class=\"elementor-cta__bg elementor-bg\" style=\"background-image: url(https:\/\/www.dracmallorca.com\/blog\/wp-content\/uploads\/2023\/12\/Cala-Santanyi-1920x630.jpg);\" role=\"img\" aria-label=\"Cala Santanyi\"><\/div>\n\t\t\t\t<div class=\"elementor-cta__bg-overlay\"><\/div>\n\t\t\t<\/div>\n\t\t\t\t\t\t\t<div class=\"elementor-cta__content\">\n\t\t\t\t\n\t\t\t\t\n\t\t\t\t\n\t\t\t\t\t\t\t\t\t<div class=\"elementor-cta__button-wrapper elementor-cta__content-item elementor-content-item elementor-animated-item--grow\">\n\t\t\t\t\t<a class=\"elementor-cta__button elementor-button elementor-size-\">\n\t\t\t\t\t\tCala Santanyi\t\t\t\t\t<\/a>\n\t\t\t\t\t<\/div>\n\t\t\t\t\t\t\t<\/div>\n\t\t\t\t\t\t<\/div>\n\t\t\t\t\t\t<\/div>\n\t\t\t\t<\/div>\n\t\t\t\t<\/div>\n\t\t<div class=\"elementor-element elementor-element-49fea12 e-con-full e-flex e-con e-child\" data-id=\"49fea12\" data-element_type=\"container\" data-e-type=\"container\">\n\t\t\t\t<div class=\"elementor-element elementor-element-4ec1c95a elementor-cta--skin-cover elementor-cta--valign-bottom elementor-animated-content elementor-bg-transform elementor-bg-transform-zoom-in elementor-widget elementor-widget-call-to-action\" data-id=\"4ec1c95a\" data-element_type=\"widget\" data-e-type=\"widget\" data-widget_type=\"call-to-action.default\">\n\t\t\t\t<div class=\"elementor-widget-container\">\n\t\t\t\t\t\t\t<div class=\"elementor-cta\">\n\t\t\t\t\t<div class=\"elementor-cta__bg-wrapper\">\n\t\t\t\t<div class=\"elementor-cta__bg elementor-bg\" style=\"background-image: url(https:\/\/www.dracmallorca.com\/blog\/wp-content\/uploads\/2023\/12\/Santanyi-1920x630.jpg);\" role=\"img\" aria-label=\"Santanyi\"><\/div>\n\t\t\t\t<div class=\"elementor-cta__bg-overlay\"><\/div>\n\t\t\t<\/div>\n\t\t\t\t\t\t\t<div class=\"elementor-cta__content\">\n\t\t\t\t\n\t\t\t\t\n\t\t\t\t\n\t\t\t\t\t\t\t\t\t<div class=\"elementor-cta__button-wrapper elementor-cta__content-item elementor-content-item elementor-animated-item--grow\">\n\t\t\t\t\t<a class=\"elementor-cta__button elementor-button elementor-size-\">\n\t\t\t\t\t\tSantanyi\t\t\t\t\t<\/a>\n\t\t\t\t\t<\/div>\n\t\t\t\t\t\t\t<\/div>\n\t\t\t\t\t\t<\/div>\n\t\t\t\t\t\t<\/div>\n\t\t\t\t<\/div>\n\t\t\t\t<\/div>\n\t\t\t\t\t<\/div>\n\t\t\t\t<\/div>\n\t\t\t\t<\/div>\n\t\t","protected":false},"excerpt":{"rendered":"<p>Haben Sie jemals davon getr\u00e4umt, den Tag in einer Bucht Mallorcas zu verbringen? Keine Sorge, das geht uns allen so. Wenn Sie die Cala des Borgit noch nicht kennen, werden Sie nach dem Lesen dieses Artikels wahrscheinlich noch mehr Lust haben, diese wundersch\u00f6ne Insel zu besuchen. Hier erz\u00e4hlen wir Ihnen von der Cala des Borgit, [&hellip;]<\/p>\n","protected":false},"author":4,"featured_media":4229,"comment_status":"open","ping_status":"closed","sticky":false,"template":"","format":"standard","meta":{"footnotes":""},"categories":[119],"tags":[],"class_list":["post-4238","post","type-post","status-publish","format-standard","has-post-thumbnail","hentry","category-strande-und-buchten"],"yoast_head":"<!-- This site is optimized with the Yoast SEO plugin v27.4 - https:\/\/yoast.com\/product\/yoast-seo-wordpress\/ -->\n<title>Cala des Borgit: Natur pur - Experiencias y actividades en Mallorca<\/title>\n<meta name=\"description\" content=\"Erkunden Sie Cala des Borgit und Cal\u00f3 des Borgit auf Mallorca. Genie\u00dfen Sie die geheimen Buchten der Insel. Ihr balearisches Paradies erwartet Sie!\" \/>\n<meta name=\"robots\" content=\"index, follow, max-snippet:-1, max-image-preview:large, max-video-preview:-1\" \/>\n<link rel=\"canonical\" href=\"https:\/\/www.dracmallorca.com\/blog\/de\/cala-des-borgit\/\" \/>\n<meta property=\"og:locale\" content=\"de_DE\" \/>\n<meta property=\"og:type\" content=\"article\" \/>\n<meta property=\"og:title\" content=\"Cala des Borgit: Natur pur - Experiencias y actividades en Mallorca\" \/>\n<meta property=\"og:description\" content=\"Erkunden Sie Cala des Borgit und Cal\u00f3 des Borgit auf Mallorca. Genie\u00dfen Sie die geheimen Buchten der Insel. Ihr balearisches Paradies erwartet Sie!\" \/>\n<meta property=\"og:url\" content=\"https:\/\/www.dracmallorca.com\/blog\/de\/cala-des-borgit\/\" \/>\n<meta property=\"og:site_name\" content=\"Experiencias y actividades en Mallorca\" \/>\n<meta property=\"article:published_time\" content=\"2026-01-27T11:41:40+00:00\" \/>\n<meta property=\"article:modified_time\" content=\"2026-01-27T11:50:07+00:00\" \/>\n<meta property=\"og:image\" content=\"https:\/\/www.dracmallorca.com\/blog\/wp-content\/uploads\/2026\/01\/calo-des-borgit-mallorca.webp\" \/>\n\t<meta property=\"og:image:width\" content=\"1360\" \/>\n\t<meta property=\"og:image:height\" content=\"1020\" \/>\n\t<meta property=\"og:image:type\" content=\"image\/webp\" \/>\n<meta name=\"author\" content=\"Rui\" \/>\n<meta name=\"twitter:card\" content=\"summary_large_image\" \/>\n<meta name=\"twitter:label1\" content=\"Verfasst von\" \/>\n\t<meta name=\"twitter:data1\" content=\"Rui\" \/>\n\t<meta name=\"twitter:label2\" content=\"Gesch\u00e4tzte Lesezeit\" \/>\n\t<meta name=\"twitter:data2\" content=\"5\u00a0Minuten\" \/>\n<script type=\"application\/ld+json\" class=\"yoast-schema-graph\">{\"@context\":\"https:\\\/\\\/schema.org\",\"@graph\":[{\"@type\":\"Article\",\"@id\":\"https:\\\/\\\/www.dracmallorca.com\\\/blog\\\/de\\\/cala-des-borgit\\\/#article\",\"isPartOf\":{\"@id\":\"https:\\\/\\\/www.dracmallorca.com\\\/blog\\\/de\\\/cala-des-borgit\\\/\"},\"author\":{\"name\":\"Rui\",\"@id\":\"https:\\\/\\\/www.dracmallorca.com\\\/blog\\\/#\\\/schema\\\/person\\\/9de1ab77468d5df7c1d00753e6da758a\"},\"headline\":\"Cala des Borgit: Natur pur\",\"datePublished\":\"2026-01-27T11:41:40+00:00\",\"dateModified\":\"2026-01-27T11:50:07+00:00\",\"mainEntityOfPage\":{\"@id\":\"https:\\\/\\\/www.dracmallorca.com\\\/blog\\\/de\\\/cala-des-borgit\\\/\"},\"wordCount\":1077,\"commentCount\":0,\"publisher\":{\"@id\":\"https:\\\/\\\/www.dracmallorca.com\\\/blog\\\/#organization\"},\"image\":{\"@id\":\"https:\\\/\\\/www.dracmallorca.com\\\/blog\\\/de\\\/cala-des-borgit\\\/#primaryimage\"},\"thumbnailUrl\":\"https:\\\/\\\/www.dracmallorca.com\\\/blog\\\/wp-content\\\/uploads\\\/2026\\\/01\\\/calo-des-borgit-mallorca.webp\",\"articleSection\":[\"Str\u00e4nde und Buchten\"],\"inLanguage\":\"de\",\"potentialAction\":[{\"@type\":\"CommentAction\",\"name\":\"Comment\",\"target\":[\"https:\\\/\\\/www.dracmallorca.com\\\/blog\\\/de\\\/cala-des-borgit\\\/#respond\"]}]},{\"@type\":\"WebPage\",\"@id\":\"https:\\\/\\\/www.dracmallorca.com\\\/blog\\\/de\\\/cala-des-borgit\\\/\",\"url\":\"https:\\\/\\\/www.dracmallorca.com\\\/blog\\\/de\\\/cala-des-borgit\\\/\",\"name\":\"Cala des Borgit: Natur pur - Experiencias y actividades en Mallorca\",\"isPartOf\":{\"@id\":\"https:\\\/\\\/www.dracmallorca.com\\\/blog\\\/#website\"},\"primaryImageOfPage\":{\"@id\":\"https:\\\/\\\/www.dracmallorca.com\\\/blog\\\/de\\\/cala-des-borgit\\\/#primaryimage\"},\"image\":{\"@id\":\"https:\\\/\\\/www.dracmallorca.com\\\/blog\\\/de\\\/cala-des-borgit\\\/#primaryimage\"},\"thumbnailUrl\":\"https:\\\/\\\/www.dracmallorca.com\\\/blog\\\/wp-content\\\/uploads\\\/2026\\\/01\\\/calo-des-borgit-mallorca.webp\",\"datePublished\":\"2026-01-27T11:41:40+00:00\",\"dateModified\":\"2026-01-27T11:50:07+00:00\",\"description\":\"Erkunden Sie Cala des Borgit und Cal\u00f3 des Borgit auf Mallorca. Genie\u00dfen Sie die geheimen Buchten der Insel. Ihr balearisches Paradies erwartet Sie!\",\"inLanguage\":\"de\",\"potentialAction\":[{\"@type\":\"ReadAction\",\"target\":[\"https:\\\/\\\/www.dracmallorca.com\\\/blog\\\/de\\\/cala-des-borgit\\\/\"]}]},{\"@type\":\"ImageObject\",\"inLanguage\":\"de\",\"@id\":\"https:\\\/\\\/www.dracmallorca.com\\\/blog\\\/de\\\/cala-des-borgit\\\/#primaryimage\",\"url\":\"https:\\\/\\\/www.dracmallorca.com\\\/blog\\\/wp-content\\\/uploads\\\/2026\\\/01\\\/calo-des-borgit-mallorca.webp\",\"contentUrl\":\"https:\\\/\\\/www.dracmallorca.com\\\/blog\\\/wp-content\\\/uploads\\\/2026\\\/01\\\/calo-des-borgit-mallorca.webp\",\"width\":1360,\"height\":1020,\"caption\":\"calo des borgit mallorca\"},{\"@type\":\"WebSite\",\"@id\":\"https:\\\/\\\/www.dracmallorca.com\\\/blog\\\/#website\",\"url\":\"https:\\\/\\\/www.dracmallorca.com\\\/blog\\\/\",\"name\":\"Experiencias y actividades en Mallorca\",\"description\":\"Drac Mallorca\",\"publisher\":{\"@id\":\"https:\\\/\\\/www.dracmallorca.com\\\/blog\\\/#organization\"},\"potentialAction\":[{\"@type\":\"SearchAction\",\"target\":{\"@type\":\"EntryPoint\",\"urlTemplate\":\"https:\\\/\\\/www.dracmallorca.com\\\/blog\\\/?s={search_term_string}\"},\"query-input\":{\"@type\":\"PropertyValueSpecification\",\"valueRequired\":true,\"valueName\":\"search_term_string\"}}],\"inLanguage\":\"de\"},{\"@type\":\"Organization\",\"@id\":\"https:\\\/\\\/www.dracmallorca.com\\\/blog\\\/#organization\",\"name\":\"Experiencias y actividades en Mallorca\",\"url\":\"https:\\\/\\\/www.dracmallorca.com\\\/blog\\\/\",\"logo\":{\"@type\":\"ImageObject\",\"inLanguage\":\"de\",\"@id\":\"https:\\\/\\\/www.dracmallorca.com\\\/blog\\\/#\\\/schema\\\/logo\\\/image\\\/\",\"url\":\"https:\\\/\\\/www.dracmallorca.com\\\/blog\\\/wp-content\\\/uploads\\\/2023\\\/11\\\/logo-8.png\",\"contentUrl\":\"https:\\\/\\\/www.dracmallorca.com\\\/blog\\\/wp-content\\\/uploads\\\/2023\\\/11\\\/logo-8.png\",\"width\":869,\"height\":248,\"caption\":\"Experiencias y actividades en Mallorca\"},\"image\":{\"@id\":\"https:\\\/\\\/www.dracmallorca.com\\\/blog\\\/#\\\/schema\\\/logo\\\/image\\\/\"}},{\"@type\":\"Person\",\"@id\":\"https:\\\/\\\/www.dracmallorca.com\\\/blog\\\/#\\\/schema\\\/person\\\/9de1ab77468d5df7c1d00753e6da758a\",\"name\":\"Rui\",\"image\":{\"@type\":\"ImageObject\",\"inLanguage\":\"de\",\"@id\":\"https:\\\/\\\/secure.gravatar.com\\\/avatar\\\/a38ee8cdbacfab6e36a7213a319aecff60b0580665839c1ae56aa02edbe73002?s=96&d=mm&r=g\",\"url\":\"https:\\\/\\\/secure.gravatar.com\\\/avatar\\\/a38ee8cdbacfab6e36a7213a319aecff60b0580665839c1ae56aa02edbe73002?s=96&d=mm&r=g\",\"contentUrl\":\"https:\\\/\\\/secure.gravatar.com\\\/avatar\\\/a38ee8cdbacfab6e36a7213a319aecff60b0580665839c1ae56aa02edbe73002?s=96&d=mm&r=g\",\"caption\":\"Rui\"},\"url\":\"https:\\\/\\\/www.dracmallorca.com\\\/blog\\\/de\\\/author\\\/rui\\\/\"}]}<\/script>\n<!-- \/ Yoast SEO plugin. -->","yoast_head_json":{"title":"Cala des Borgit: Natur pur - Experiencias y actividades en Mallorca","description":"Erkunden Sie Cala des Borgit und Cal\u00f3 des Borgit auf Mallorca. Genie\u00dfen Sie die geheimen Buchten der Insel. Ihr balearisches Paradies erwartet Sie!","robots":{"index":"index","follow":"follow","max-snippet":"max-snippet:-1","max-image-preview":"max-image-preview:large","max-video-preview":"max-video-preview:-1"},"canonical":"https:\/\/www.dracmallorca.com\/blog\/de\/cala-des-borgit\/","og_locale":"de_DE","og_type":"article","og_title":"Cala des Borgit: Natur pur - Experiencias y actividades en Mallorca","og_description":"Erkunden Sie Cala des Borgit und Cal\u00f3 des Borgit auf Mallorca. Genie\u00dfen Sie die geheimen Buchten der Insel. Ihr balearisches Paradies erwartet Sie!","og_url":"https:\/\/www.dracmallorca.com\/blog\/de\/cala-des-borgit\/","og_site_name":"Experiencias y actividades en Mallorca","article_published_time":"2026-01-27T11:41:40+00:00","article_modified_time":"2026-01-27T11:50:07+00:00","og_image":[{"width":1360,"height":1020,"url":"https:\/\/www.dracmallorca.com\/blog\/wp-content\/uploads\/2026\/01\/calo-des-borgit-mallorca.webp","type":"image\/webp"}],"author":"Rui","twitter_card":"summary_large_image","twitter_misc":{"Verfasst von":"Rui","Gesch\u00e4tzte Lesezeit":"5\u00a0Minuten"},"schema":{"@context":"https:\/\/schema.org","@graph":[{"@type":"Article","@id":"https:\/\/www.dracmallorca.com\/blog\/de\/cala-des-borgit\/#article","isPartOf":{"@id":"https:\/\/www.dracmallorca.com\/blog\/de\/cala-des-borgit\/"},"author":{"name":"Rui","@id":"https:\/\/www.dracmallorca.com\/blog\/#\/schema\/person\/9de1ab77468d5df7c1d00753e6da758a"},"headline":"Cala des Borgit: Natur pur","datePublished":"2026-01-27T11:41:40+00:00","dateModified":"2026-01-27T11:50:07+00:00","mainEntityOfPage":{"@id":"https:\/\/www.dracmallorca.com\/blog\/de\/cala-des-borgit\/"},"wordCount":1077,"commentCount":0,"publisher":{"@id":"https:\/\/www.dracmallorca.com\/blog\/#organization"},"image":{"@id":"https:\/\/www.dracmallorca.com\/blog\/de\/cala-des-borgit\/#primaryimage"},"thumbnailUrl":"https:\/\/www.dracmallorca.com\/blog\/wp-content\/uploads\/2026\/01\/calo-des-borgit-mallorca.webp","articleSection":["Str\u00e4nde und Buchten"],"inLanguage":"de","potentialAction":[{"@type":"CommentAction","name":"Comment","target":["https:\/\/www.dracmallorca.com\/blog\/de\/cala-des-borgit\/#respond"]}]},{"@type":"WebPage","@id":"https:\/\/www.dracmallorca.com\/blog\/de\/cala-des-borgit\/","url":"https:\/\/www.dracmallorca.com\/blog\/de\/cala-des-borgit\/","name":"Cala des Borgit: Natur pur - Experiencias y actividades en Mallorca","isPartOf":{"@id":"https:\/\/www.dracmallorca.com\/blog\/#website"},"primaryImageOfPage":{"@id":"https:\/\/www.dracmallorca.com\/blog\/de\/cala-des-borgit\/#primaryimage"},"image":{"@id":"https:\/\/www.dracmallorca.com\/blog\/de\/cala-des-borgit\/#primaryimage"},"thumbnailUrl":"https:\/\/www.dracmallorca.com\/blog\/wp-content\/uploads\/2026\/01\/calo-des-borgit-mallorca.webp","datePublished":"2026-01-27T11:41:40+00:00","dateModified":"2026-01-27T11:50:07+00:00","description":"Erkunden Sie Cala des Borgit und Cal\u00f3 des Borgit auf Mallorca. Genie\u00dfen Sie die geheimen Buchten der Insel. Ihr balearisches Paradies erwartet Sie!","inLanguage":"de","potentialAction":[{"@type":"ReadAction","target":["https:\/\/www.dracmallorca.com\/blog\/de\/cala-des-borgit\/"]}]},{"@type":"ImageObject","inLanguage":"de","@id":"https:\/\/www.dracmallorca.com\/blog\/de\/cala-des-borgit\/#primaryimage","url":"https:\/\/www.dracmallorca.com\/blog\/wp-content\/uploads\/2026\/01\/calo-des-borgit-mallorca.webp","contentUrl":"https:\/\/www.dracmallorca.com\/blog\/wp-content\/uploads\/2026\/01\/calo-des-borgit-mallorca.webp","width":1360,"height":1020,"caption":"calo des borgit mallorca"},{"@type":"WebSite","@id":"https:\/\/www.dracmallorca.com\/blog\/#website","url":"https:\/\/www.dracmallorca.com\/blog\/","name":"Experiencias y actividades en Mallorca","description":"Drac Mallorca","publisher":{"@id":"https:\/\/www.dracmallorca.com\/blog\/#organization"},"potentialAction":[{"@type":"SearchAction","target":{"@type":"EntryPoint","urlTemplate":"https:\/\/www.dracmallorca.com\/blog\/?s={search_term_string}"},"query-input":{"@type":"PropertyValueSpecification","valueRequired":true,"valueName":"search_term_string"}}],"inLanguage":"de"},{"@type":"Organization","@id":"https:\/\/www.dracmallorca.com\/blog\/#organization","name":"Experiencias y actividades en Mallorca","url":"https:\/\/www.dracmallorca.com\/blog\/","logo":{"@type":"ImageObject","inLanguage":"de","@id":"https:\/\/www.dracmallorca.com\/blog\/#\/schema\/logo\/image\/","url":"https:\/\/www.dracmallorca.com\/blog\/wp-content\/uploads\/2023\/11\/logo-8.png","contentUrl":"https:\/\/www.dracmallorca.com\/blog\/wp-content\/uploads\/2023\/11\/logo-8.png","width":869,"height":248,"caption":"Experiencias y actividades en Mallorca"},"image":{"@id":"https:\/\/www.dracmallorca.com\/blog\/#\/schema\/logo\/image\/"}},{"@type":"Person","@id":"https:\/\/www.dracmallorca.com\/blog\/#\/schema\/person\/9de1ab77468d5df7c1d00753e6da758a","name":"Rui","image":{"@type":"ImageObject","inLanguage":"de","@id":"https:\/\/secure.gravatar.com\/avatar\/a38ee8cdbacfab6e36a7213a319aecff60b0580665839c1ae56aa02edbe73002?s=96&d=mm&r=g","url":"https:\/\/secure.gravatar.com\/avatar\/a38ee8cdbacfab6e36a7213a319aecff60b0580665839c1ae56aa02edbe73002?s=96&d=mm&r=g","contentUrl":"https:\/\/secure.gravatar.com\/avatar\/a38ee8cdbacfab6e36a7213a319aecff60b0580665839c1ae56aa02edbe73002?s=96&d=mm&r=g","caption":"Rui"},"url":"https:\/\/www.dracmallorca.com\/blog\/de\/author\/rui\/"}]}},"_links":{"self":[{"href":"https:\/\/www.dracmallorca.com\/blog\/de\/wp-json\/wp\/v2\/posts\/4238","targetHints":{"allow":["GET"]}}],"collection":[{"href":"https:\/\/www.dracmallorca.com\/blog\/de\/wp-json\/wp\/v2\/posts"}],"about":[{"href":"https:\/\/www.dracmallorca.com\/blog\/de\/wp-json\/wp\/v2\/types\/post"}],"author":[{"embeddable":true,"href":"https:\/\/www.dracmallorca.com\/blog\/de\/wp-json\/wp\/v2\/users\/4"}],"replies":[{"embeddable":true,"href":"https:\/\/www.dracmallorca.com\/blog\/de\/wp-json\/wp\/v2\/comments?post=4238"}],"version-history":[{"count":3,"href":"https:\/\/www.dracmallorca.com\/blog\/de\/wp-json\/wp\/v2\/posts\/4238\/revisions"}],"predecessor-version":[{"id":4243,"href":"https:\/\/www.dracmallorca.com\/blog\/de\/wp-json\/wp\/v2\/posts\/4238\/revisions\/4243"}],"wp:featuredmedia":[{"embeddable":true,"href":"https:\/\/www.dracmallorca.com\/blog\/de\/wp-json\/wp\/v2\/media\/4229"}],"wp:attachment":[{"href":"https:\/\/www.dracmallorca.com\/blog\/de\/wp-json\/wp\/v2\/media?parent=4238"}],"wp:term":[{"taxonomy":"category","embeddable":true,"href":"https:\/\/www.dracmallorca.com\/blog\/de\/wp-json\/wp\/v2\/categories?post=4238"},{"taxonomy":"post_tag","embeddable":true,"href":"https:\/\/www.dracmallorca.com\/blog\/de\/wp-json\/wp\/v2\/tags?post=4238"}],"curies":[{"name":"wp","href":"https:\/\/api.w.org\/{rel}","templated":true}]}}