{"id":4008,"date":"2025-12-05T11:17:27","date_gmt":"2025-12-05T11:17:27","guid":{"rendered":"https:\/\/www.dracmallorca.com\/blog\/?p=4008"},"modified":"2025-12-05T11:19:20","modified_gmt":"2025-12-05T11:19:20","slug":"silvester-im-sueden-mallorcas","status":"publish","type":"post","link":"https:\/\/www.dracmallorca.com\/blog\/de\/silvester-im-sueden-mallorcas\/","title":{"rendered":"Silvester im S\u00fcden Mallorcas"},"content":{"rendered":"\t\t<div data-elementor-type=\"wp-post\" data-elementor-id=\"4008\" class=\"elementor elementor-4008 elementor-3983\" data-elementor-post-type=\"post\">\n\t\t\t\t<div class=\"elementor-element elementor-element-0c24f28 e-flex e-con-boxed e-con e-parent\" data-id=\"0c24f28\" data-element_type=\"container\" data-e-type=\"container\">\n\t\t\t\t\t<div class=\"e-con-inner\">\n\t\t\t\t<div class=\"elementor-element elementor-element-5c5d529 elementor-widget elementor-widget-text-editor\" data-id=\"5c5d529\" data-element_type=\"widget\" data-e-type=\"widget\" data-widget_type=\"text-editor.default\">\n\t\t\t\t<div class=\"elementor-widget-container\">\n\t\t\t\t\t\t\t\t\t<p>K\u00f6nnen Sie sich vorstellen, das Jahr mit Meeresrauschen statt mit Stadtl\u00e4rm zu verabschieden? <strong>Silvester auf Mallorca<\/strong> zu verbringen, ist zu einer der beliebtesten Optionen f\u00fcr Reisende geworden, die mildes Klima, exzellente Gastronomie und echte Erholung suchen.<\/p><p>W\u00e4hrend Palma gro\u00dfe Partys bietet, liegt das wahre Wintergeheimnis der Insel im <strong>S\u00fcdosten<\/strong>. Charmante Orte wie <strong>Santany\u00ed<\/strong>, Fischerh\u00e4fen wie <strong>Cala Figuera<\/strong> und Naturlandschaften wie die <strong>Cala Santany\u00ed<\/strong> bieten die perfekte Kulisse, um das Jahr 2026 willkommen zu hei\u00dfen.<\/p><p>Wir von <strong><a href=\"https:\/\/www.dracmallorca.com\/de\/unterkunft-urlaub-ferien-suden-mallorca\/\">Drac Mallorca<\/a><\/strong> verraten Ihnen, wie Sie einen authentischen und entspannten Jahreswechsel am Mittelmeer erleben.<\/p>\t\t\t\t\t\t\t\t<\/div>\n\t\t\t\t<\/div>\n\t\t\t\t\t<\/div>\n\t\t\t\t<\/div>\n\t\t<div class=\"elementor-element elementor-element-6a81f00 e-flex e-con-boxed e-con e-parent\" data-id=\"6a81f00\" data-element_type=\"container\" data-e-type=\"container\">\n\t\t\t\t\t<div class=\"e-con-inner\">\n\t\t\t\t<div class=\"elementor-element elementor-element-793b46d elementor-align-center elementor-widget elementor-widget-button\" data-id=\"793b46d\" data-element_type=\"widget\" data-e-type=\"widget\" data-widget_type=\"button.default\">\n\t\t\t\t<div class=\"elementor-widget-container\">\n\t\t\t\t\t\t\t\t\t<div class=\"elementor-button-wrapper\">\n\t\t\t\t\t<a class=\"elementor-button elementor-button-link elementor-size-sm\" href=\"#alojamientos\">\n\t\t\t\t\t\t<span class=\"elementor-button-content-wrapper\">\n\t\t\t\t\t\t\t\t\t<span class=\"elementor-button-text\">Buchen Sie Ihre Unterkunft im S\u00fcden Mallorcas<\/span>\n\t\t\t\t\t<\/span>\n\t\t\t\t\t<\/a>\n\t\t\t\t<\/div>\n\t\t\t\t\t\t\t\t<\/div>\n\t\t\t\t<\/div>\n\t\t\t\t\t<\/div>\n\t\t\t\t<\/div>\n\t\t<div class=\"elementor-element elementor-element-8810fca e-flex e-con-boxed e-con e-parent\" data-id=\"8810fca\" data-element_type=\"container\" data-e-type=\"container\">\n\t\t\t\t\t<div class=\"e-con-inner\">\n\t\t\t\t<div class=\"elementor-element elementor-element-092b5d7 elementor-widget elementor-widget-heading\" data-id=\"092b5d7\" data-element_type=\"widget\" data-e-type=\"widget\" data-widget_type=\"heading.default\">\n\t\t\t\t<div class=\"elementor-widget-container\">\n\t\t\t\t\t<h2 class=\"elementor-heading-title elementor-size-default\"><b>Warum sollte man sich f\u00fcr Silvester f\u00fcr den S\u00fcden Mallorcas entscheiden?<\/h2>\t\t\t\t<\/div>\n\t\t\t\t<\/div>\n\t\t\t\t\t<\/div>\n\t\t\t\t<\/div>\n\t\t<div class=\"elementor-element elementor-element-fbb3b1c e-flex e-con-boxed e-con e-parent\" data-id=\"fbb3b1c\" data-element_type=\"container\" data-e-type=\"container\">\n\t\t\t\t\t<div class=\"e-con-inner\">\n\t\t\t\t<div class=\"elementor-element elementor-element-df822f1 elementor-widget elementor-widget-text-editor\" data-id=\"df822f1\" data-element_type=\"widget\" data-e-type=\"widget\" data-widget_type=\"text-editor.default\">\n\t\t\t\t<div class=\"elementor-widget-container\">\n\t\t\t\t\t\t\t\t\t<p>Mallorca ist im Dezember und Januar ein Geschenk f\u00fcr die Sinne. Fernab des Sommertrubels findet die Insel zu ihrer charakteristischen Ruhe zur\u00fcck, die die Einheimischen <em>&#8222;sa calma&#8220;<\/em> nennen.<\/p><ul><li><strong>Das Wetter:<\/strong> Die Temperaturen im Dezember liegen meist zwischen 10\u00baC und 17\u00baC. Es ist sehr \u00fcblich, sonnige Tage zu genie\u00dfen \u2013 perfekt f\u00fcr Spazierg\u00e4nge oder K\u00fcstenwanderungen vor dem Festessen.<\/li><li><strong>Das Licht:<\/strong> Die Wintersonnenunterg\u00e4nge an der S\u00fcdk\u00fcste haben einen besonderen Farbton, der den ber\u00fchmten Santany\u00ed-Stein in goldenes Licht taucht.<\/li><li><strong>Lokales Flair:<\/strong> Im Winter geh\u00f6ren die D\u00f6rfer wieder den Mallorquinern. Sie k\u00f6nnen den Markt von Santany\u00ed (mittwochs und samstags) und Restaurants ohne den Stress der Hochsaison genie\u00dfen.<\/li><\/ul>\t\t\t\t\t\t\t\t<\/div>\n\t\t\t\t<\/div>\n\t\t\t\t\t<\/div>\n\t\t\t\t<\/div>\n\t\t<div class=\"elementor-element elementor-element-4a6804b e-flex e-con-boxed e-con e-parent\" data-id=\"4a6804b\" data-element_type=\"container\" data-e-type=\"container\">\n\t\t\t\t\t<div class=\"e-con-inner\">\n\t\t\t\t<div class=\"elementor-element elementor-element-7f179fb elementor-widget elementor-widget-image\" data-id=\"7f179fb\" data-element_type=\"widget\" data-e-type=\"widget\" data-widget_type=\"image.default\">\n\t\t\t\t<div class=\"elementor-widget-container\">\n\t\t\t\t\t\t\t\t\t\t\t\t\t\t\t<img fetchpriority=\"high\" decoding=\"async\" width=\"1920\" height=\"650\" src=\"https:\/\/www.dracmallorca.com\/blog\/wp-content\/uploads\/2025\/12\/Sur-de-Mallorca-en-fin-de-ano.webp\" class=\"attachment-full size-full wp-image-3992\" alt=\"Sur-de-Mallorca-en-fin-de-a\u00f1o\" srcset=\"https:\/\/www.dracmallorca.com\/blog\/wp-content\/uploads\/2025\/12\/Sur-de-Mallorca-en-fin-de-ano.webp 1920w, https:\/\/www.dracmallorca.com\/blog\/wp-content\/uploads\/2025\/12\/Sur-de-Mallorca-en-fin-de-ano-300x102.webp 300w, https:\/\/www.dracmallorca.com\/blog\/wp-content\/uploads\/2025\/12\/Sur-de-Mallorca-en-fin-de-ano-1024x347.webp 1024w, https:\/\/www.dracmallorca.com\/blog\/wp-content\/uploads\/2025\/12\/Sur-de-Mallorca-en-fin-de-ano-768x260.webp 768w, https:\/\/www.dracmallorca.com\/blog\/wp-content\/uploads\/2025\/12\/Sur-de-Mallorca-en-fin-de-ano-1536x520.webp 1536w\" sizes=\"(max-width: 1920px) 100vw, 1920px\" \/>\t\t\t\t\t\t\t\t\t\t\t\t\t\t\t<\/div>\n\t\t\t\t<\/div>\n\t\t\t\t\t<\/div>\n\t\t\t\t<\/div>\n\t\t<div class=\"elementor-element elementor-element-92c03d9 e-flex e-con-boxed e-con e-parent\" data-id=\"92c03d9\" data-element_type=\"container\" data-e-type=\"container\">\n\t\t\t\t\t<div class=\"e-con-inner\">\n\t\t\t\t<div class=\"elementor-element elementor-element-99a87b4 elementor-widget elementor-widget-heading\" data-id=\"99a87b4\" data-element_type=\"widget\" data-e-type=\"widget\" data-widget_type=\"heading.default\">\n\t\t\t\t<div class=\"elementor-widget-container\">\n\t\t\t\t\t<h2 class=\"elementor-heading-title elementor-size-default\">Pl\u00e4ne f\u00fcr Silvester in Santany\u00ed und Umgebung<\/h2>\t\t\t\t<\/div>\n\t\t\t\t<\/div>\n\t\t\t\t\t<\/div>\n\t\t\t\t<\/div>\n\t\t<div class=\"elementor-element elementor-element-8412176 e-flex e-con-boxed e-con e-parent\" data-id=\"8412176\" data-element_type=\"container\" data-e-type=\"container\">\n\t\t\t\t\t<div class=\"e-con-inner\">\n\t\t\t\t<div class=\"elementor-element elementor-element-afcb817 elementor-widget elementor-widget-text-editor\" data-id=\"afcb817\" data-element_type=\"widget\" data-e-type=\"widget\" data-widget_type=\"text-editor.default\">\n\t\t\t\t<div class=\"elementor-widget-container\">\n\t\t\t\t\t\t\t\t\t<p>Wenn Sie in einer unserer Unterk\u00fcnfte in der Region Migjorn (S\u00fcden) wohnen, finden Sie hier die besten Pl\u00e4ne f\u00fcr den 31. Dezember und den 1. Januar.<\/p>\t\t\t\t\t\t\t\t<\/div>\n\t\t\t\t<\/div>\n\t\t\t\t\t<\/div>\n\t\t\t\t<\/div>\n\t\t<div class=\"elementor-element elementor-element-a2577fe e-flex e-con-boxed e-con e-parent\" data-id=\"a2577fe\" data-element_type=\"container\" data-e-type=\"container\">\n\t\t\t\t\t<div class=\"e-con-inner\">\n\t\t\t\t<div class=\"elementor-element elementor-element-b2711b5 elementor-widget elementor-widget-heading\" data-id=\"b2711b5\" data-element_type=\"widget\" data-e-type=\"widget\" data-widget_type=\"heading.default\">\n\t\t\t\t<div class=\"elementor-widget-container\">\n\t\t\t\t\t<h3 class=\"elementor-heading-title elementor-size-default\">Gehobene Gastronomie in Santany\u00ed<\/h3>\t\t\t\t<\/div>\n\t\t\t\t<\/div>\n\t\t\t\t\t<\/div>\n\t\t\t\t<\/div>\n\t\t<div class=\"elementor-element elementor-element-13830ea e-flex e-con-boxed e-con e-parent\" data-id=\"13830ea\" data-element_type=\"container\" data-e-type=\"container\">\n\t\t\t\t\t<div class=\"e-con-inner\">\n\t\t\t\t<div class=\"elementor-element elementor-element-3e3af75 elementor-widget elementor-widget-text-editor\" data-id=\"3e3af75\" data-element_type=\"widget\" data-e-type=\"widget\" data-widget_type=\"text-editor.default\">\n\t\t\t\t<div class=\"elementor-widget-container\">\n\t\t\t\t\t\t\t\t\t<p>Santany\u00ed ist bekannt f\u00fcr sein kosmopolitisches Ambiente und sein hervorragendes kulinarisches Angebot. F\u00fcr das Silvesterdinner bieten viele Restaurants rund um die <strong>Plaza Mayor<\/strong> spezielle Men\u00fcs an, die traditionelle mallorquinische K\u00fcche mit modernen Akzenten verbinden.<\/p>\n    \n    <blockquote>\n        <strong>Drac Tipp:<\/strong> Reservieren Sie rechtzeitig. Die beliebten Lokale im Dorf sind schnell ausgebucht. Nach dem Essen ist die Stimmung auf dem Platz festlich, famili\u00e4r und sehr gem\u00fctlich.\n    <\/blockquote>\t\t\t\t\t\t\t\t<\/div>\n\t\t\t\t<\/div>\n\t\t\t\t\t<\/div>\n\t\t\t\t<\/div>\n\t\t<div class=\"elementor-element elementor-element-f5c3e43 e-flex e-con-boxed e-con e-parent\" data-id=\"f5c3e43\" data-element_type=\"container\" data-e-type=\"container\">\n\t\t\t\t\t<div class=\"e-con-inner\">\n\t\t\t\t<div class=\"elementor-element elementor-element-3cebf0d elementor-widget elementor-widget-heading\" data-id=\"3cebf0d\" data-element_type=\"widget\" data-e-type=\"widget\" data-widget_type=\"heading.default\">\n\t\t\t\t<div class=\"elementor-widget-container\">\n\t\t\t\t\t<h3 class=\"elementor-heading-title elementor-size-default\">Die \"12 Trauben\" auf Ihrer privaten Terrasse<\/h3>\t\t\t\t<\/div>\n\t\t\t\t<\/div>\n\t\t\t\t\t<\/div>\n\t\t\t\t<\/div>\n\t\t<div class=\"elementor-element elementor-element-e120f2f e-flex e-con-boxed e-con e-parent\" data-id=\"e120f2f\" data-element_type=\"container\" data-e-type=\"container\">\n\t\t\t\t\t<div class=\"e-con-inner\">\n\t\t\t\t<div class=\"elementor-element elementor-element-805cf30 elementor-widget elementor-widget-text-editor\" data-id=\"805cf30\" data-element_type=\"widget\" data-e-type=\"widget\" data-widget_type=\"text-editor.default\">\n\t\t\t\t<div class=\"elementor-widget-container\">\n\t\t\t\t\t\t\t\t\t<p>Wer sagt, dass man den Countdown im Gedr\u00e4nge erleben muss? Wenn Sie in einem <strong>Apartment in Cala Figuera<\/strong> oder einer <strong>Villa in Cala Santany\u00ed<\/strong> wohnen, kann Ihre Feier viel intimer sein.<\/p><p>Stellen Sie es sich vor: Ein Abendessen mit frischen lokalen Produkten vom Markt, eine gute Flasche Wein der <em>D.O. Pla i Llevant<\/em> und die spanische Tradition der <strong>12 Weintrauben<\/strong> um Mitternacht unter dem Sternenhimmel, begleitet vom Rauschen der Wellen auf Ihrer Terrasse.<\/p>\t\t\t\t\t\t\t\t<\/div>\n\t\t\t\t<\/div>\n\t\t\t\t\t<\/div>\n\t\t\t\t<\/div>\n\t\t<div class=\"elementor-element elementor-element-f286838 e-flex e-con-boxed e-con e-parent\" data-id=\"f286838\" data-element_type=\"container\" data-e-type=\"container\">\n\t\t\t\t\t<div class=\"e-con-inner\">\n\t\t\t\t<div class=\"elementor-element elementor-element-549b192 elementor-widget elementor-widget-heading\" data-id=\"549b192\" data-element_type=\"widget\" data-e-type=\"widget\" data-widget_type=\"heading.default\">\n\t\t\t\t<div class=\"elementor-widget-container\">\n\t\t\t\t\t<h3 class=\"elementor-heading-title elementor-size-default\">Der erste Sonnenaufgang 2026 am Es Pont\u00e0s<\/h3>\t\t\t\t<\/div>\n\t\t\t\t<\/div>\n\t\t\t\t\t<\/div>\n\t\t\t\t<\/div>\n\t\t<div class=\"elementor-element elementor-element-2814a44 e-flex e-con-boxed e-con e-parent\" data-id=\"2814a44\" data-element_type=\"container\" data-e-type=\"container\">\n\t\t\t\t\t<div class=\"e-con-inner\">\n\t\t\t\t<div class=\"elementor-element elementor-element-a54c601 elementor-widget elementor-widget-text-editor\" data-id=\"a54c601\" data-element_type=\"widget\" data-e-type=\"widget\" data-widget_type=\"text-editor.default\">\n\t\t\t\t<div class=\"elementor-widget-container\">\n\t\t\t\t\t\t\t\t\t<p>Eine magische Tradition f\u00fcr den Start in den 1. Januar ist es, den Sonnenaufgang zu beobachten. Von der Cala Santany\u00ed aus k\u00f6nnen Sie einen kurzen Spaziergang zum Aussichtspunkt <strong>Es Pont\u00e0s<\/strong> machen (dem ber\u00fchmten Felsentor im Meer). Die erste Sonne des Jahres aus dem Mittelmeer aufsteigen zu sehen, wird Sie mit Energie f\u00fcr die kommenden 12 Monate f\u00fcllen.<\/p>\t\t\t\t\t\t\t\t<\/div>\n\t\t\t\t<\/div>\n\t\t\t\t\t<\/div>\n\t\t\t\t<\/div>\n\t\t<div class=\"elementor-element elementor-element-0cd4865 e-flex e-con-boxed e-con e-parent\" data-id=\"0cd4865\" data-element_type=\"container\" data-e-type=\"container\">\n\t\t\t\t\t<div class=\"e-con-inner\">\n\t\t\t\t<div class=\"elementor-element elementor-element-e086022 elementor-widget elementor-widget-image\" data-id=\"e086022\" data-element_type=\"widget\" data-e-type=\"widget\" data-widget_type=\"image.default\">\n\t\t\t\t<div class=\"elementor-widget-container\">\n\t\t\t\t\t\t\t\t\t\t\t\t\t\t\t<img decoding=\"async\" width=\"1189\" height=\"594\" src=\"https:\/\/www.dracmallorca.com\/blog\/wp-content\/uploads\/2024\/02\/visitar-mirador-es-pontas.jpg\" class=\"attachment-full size-full wp-image-1408\" alt=\"visitar-mirador-es-pontas\" srcset=\"https:\/\/www.dracmallorca.com\/blog\/wp-content\/uploads\/2024\/02\/visitar-mirador-es-pontas.jpg 1189w, https:\/\/www.dracmallorca.com\/blog\/wp-content\/uploads\/2024\/02\/visitar-mirador-es-pontas-768x384.jpg 768w\" sizes=\"(max-width: 1189px) 100vw, 1189px\" \/>\t\t\t\t\t\t\t\t\t\t\t\t\t\t\t<\/div>\n\t\t\t\t<\/div>\n\t\t\t\t\t<\/div>\n\t\t\t\t<\/div>\n\t\t<div class=\"elementor-element elementor-element-85e7bbf e-flex e-con-boxed e-con e-parent\" data-id=\"85e7bbf\" data-element_type=\"container\" data-e-type=\"container\">\n\t\t\t\t\t<div class=\"e-con-inner\">\n\t\t\t\t<div class=\"elementor-element elementor-element-d6efbf1 elementor-widget elementor-widget-heading\" data-id=\"d6efbf1\" data-element_type=\"widget\" data-e-type=\"widget\" data-widget_type=\"heading.default\">\n\t\t\t\t<div class=\"elementor-widget-container\">\n\t\t\t\t\t<h2 class=\"elementor-heading-title elementor-size-default\"><b>Unterkunft f\u00fcr Silvester im S\u00fcden Mallorcas<\/h2>\t\t\t\t<\/div>\n\t\t\t\t<\/div>\n\t\t\t\t\t<\/div>\n\t\t\t\t<\/div>\n\t\t<div class=\"elementor-element elementor-element-3bfee42 e-flex e-con-boxed e-con e-parent\" data-id=\"3bfee42\" data-element_type=\"container\" data-e-type=\"container\">\n\t\t\t\t\t<div class=\"e-con-inner\">\n\t\t\t\t<div class=\"elementor-element elementor-element-3655b2c elementor-widget elementor-widget-text-editor\" data-id=\"3655b2c\" data-element_type=\"widget\" data-e-type=\"widget\" data-widget_type=\"text-editor.default\">\n\t\t\t\t<div class=\"elementor-widget-container\">\n\t\t\t\t\t\t\t\t\t<p>Der Schl\u00fcssel zu einem guten Silvester ist, sich &#8222;wie zu Hause&#8220; zu f\u00fchlen \u2013 nur besser. Bei <strong>Drac Mallorca<\/strong> verwalten wir Immobilien, die zu Ihrer Art zu feiern passen:<\/p><ul><li style=\"list-style-type: none;\"><ul><li><strong>F\u00fcr Paare:<\/strong> Apartments mit Hafenblick in <strong>Cala Figuera<\/strong>. Romantisch, malerisch und in fu\u00dfl\u00e4ufiger Entfernung zu lokalen Restaurants.<\/li><\/ul><\/li><\/ul>\t\t\t\t\t\t\t\t<\/div>\n\t\t\t\t<\/div>\n\t\t\t\t\t<\/div>\n\t\t\t\t<\/div>\n\t\t<div class=\"elementor-element elementor-element-b17b848 e-flex e-con-boxed e-con e-parent\" data-id=\"b17b848\" data-element_type=\"container\" data-e-type=\"container\">\n\t\t\t\t\t<div class=\"e-con-inner\">\n\t\t\t\t<div class=\"elementor-element elementor-element-3be3254 elementor-widget elementor-widget-grid\" data-id=\"3be3254\" data-element_type=\"widget\" data-e-type=\"widget\" id=\"alojamientos\" data-widget_type=\"grid.default\">\n\t\t\t\t<div class=\"elementor-widget-container\">\n\t\t\t\t\t\t\t<div class=\"its--row alojamientos-recomendados\">\n\n\t\t\t<div class=\"alojamientos-recomendados-container\">\n\n\t\t\t\t\t\n\t\t\t\t\t<a href=\"https:\/\/www.dracmallorca.com\/de\/vermietung\/aparthotel-cala-santanyi-a-drac-1-308351.html\" rel=\"nofollow\" style=\"width: 23%;\">\n\t\t\t\t\t\t<div class=\"apartamento-box\">\n\t\t\t\t\t\t\t<div class=\"imagen_recomendados\">\n\t\t\t\t\t\t\t\t<img decoding=\"async\" src=\"https:\/\/crs.avantio.com\/fotos\/2\/157848893219f7507dfb1bf81d589791cf33c84ca6\/big16575375781bc753ef4c125cb8bd50bf9f0e98c61f.jpg\" alt=\"Drac 1 by dracmallorca\">\n\t\t\t\t\t\t\t<\/div>\n\t\t\t\t\t\t\t<div class=\"info\">\n\t\t\t\t\t\t\t\t<div class=\"ubicacion\">\n\t\t\t\t\t\t\t\t\t<i class=\"fa-solid fa-location-dot icono-mapa\"><\/i><span class=\"ubicacion-texto\">Cala Santanyi - Mallorca<\/span>\n\t\t\t\t\t\t\t\t<\/div>\n\t\t\t\t\t\t\t\t<H4 class=\"titulo-alojamiento\">\n\t\t\t\t\t\t\t\t\tDrac 1 by dracmallorca\t\t\t\t\t\t\t\t<\/H4>\n\t\t\t\t\t\t\t\t<p class=\"precio-alojamiento\">Aus <span class=\"precio\">116.28\u20ac<\/span> pro Nacht<\/p>\n\t\t\t\t\t\t\t<\/div>\n\t\t\t\t\t\t<\/div>\n\t\t\t\t\t<\/a> \n\t\t\t\t\t\t\n\t\t\t\t\t<a href=\"https:\/\/www.dracmallorca.com\/de\/vermietung\/finca-santanyi-b-son-garrot-308369.html\" rel=\"nofollow\" style=\"width: 23%;\">\n\t\t\t\t\t\t<div class=\"apartamento-box\">\n\t\t\t\t\t\t\t<div class=\"imagen_recomendados\">\n\t\t\t\t\t\t\t\t<img decoding=\"async\" src=\"https:\/\/crs.avantio.com\/fotos\/2\/1578495511e2021df89be371ad673652d3a1afa744\/big1683975212ab8af943f2182bc375f6ac7374eeb0e6.jpg\" alt=\"Son Garrot by dracmallorca\">\n\t\t\t\t\t\t\t<\/div>\n\t\t\t\t\t\t\t<div class=\"info\">\n\t\t\t\t\t\t\t\t<div class=\"ubicacion\">\n\t\t\t\t\t\t\t\t\t<i class=\"fa-solid fa-location-dot icono-mapa\"><\/i><span class=\"ubicacion-texto\">Santanyi - Mallorca<\/span>\n\t\t\t\t\t\t\t\t<\/div>\n\t\t\t\t\t\t\t\t<H4 class=\"titulo-alojamiento\">\n\t\t\t\t\t\t\t\t\tSon Garrot by dracmallorca\t\t\t\t\t\t\t\t<\/H4>\n\t\t\t\t\t\t\t\t<p class=\"precio-alojamiento\">Aus <span class=\"precio\">131.10\u20ac<\/span> pro Nacht<\/p>\n\t\t\t\t\t\t\t<\/div>\n\t\t\t\t\t\t<\/div>\n\t\t\t\t\t<\/a> \n\t\t\t\t\t\t\n\t\t\t\t\t<a href=\"https:\/\/www.dracmallorca.com\/de\/vermietung\/aparthotel-cala-santanyi-a-drac-2-308477.html\" rel=\"nofollow\" style=\"width: 23%;\">\n\t\t\t\t\t\t<div class=\"apartamento-box\">\n\t\t\t\t\t\t\t<div class=\"imagen_recomendados\">\n\t\t\t\t\t\t\t\t<img decoding=\"async\" src=\"https:\/\/crs.avantio.com\/fotos\/2\/15785843936416bd0ff2f77debe7e15c3769f0f280\/big165753767413ff2f2ae54d6fc3ee2cfa399d0bca05.jpg\" alt=\"Drac 2 by dracmallorca\">\n\t\t\t\t\t\t\t<\/div>\n\t\t\t\t\t\t\t<div class=\"info\">\n\t\t\t\t\t\t\t\t<div class=\"ubicacion\">\n\t\t\t\t\t\t\t\t\t<i class=\"fa-solid fa-location-dot icono-mapa\"><\/i><span class=\"ubicacion-texto\">Cala Santanyi - Mallorca<\/span>\n\t\t\t\t\t\t\t\t<\/div>\n\t\t\t\t\t\t\t\t<H4 class=\"titulo-alojamiento\">\n\t\t\t\t\t\t\t\t\tDrac 2 by dracmallorca\t\t\t\t\t\t\t\t<\/H4>\n\t\t\t\t\t\t\t\t<p class=\"precio-alojamiento\">Aus <span class=\"precio\">126.54\u20ac<\/span> pro Nacht<\/p>\n\t\t\t\t\t\t\t<\/div>\n\t\t\t\t\t\t<\/div>\n\t\t\t\t\t<\/a> \n\t\t\t\t\t\t\n\t\t\t\t\t<a href=\"https:\/\/www.dracmallorca.com\/de\/vermietung\/aparthotel-cala-santanyi-a-drac-3-308520.html\" rel=\"nofollow\" style=\"width: 23%;\">\n\t\t\t\t\t\t<div class=\"apartamento-box\">\n\t\t\t\t\t\t\t<div class=\"imagen_recomendados\">\n\t\t\t\t\t\t\t\t<img decoding=\"async\" src=\"https:\/\/crs.avantio.com\/fotos\/2\/157865733393a86a602695a4cb9b4e6ac0f8fb235a\/big17471359792de8ed68273e04ecd16bc90f96988977.jpg\" alt=\"Drac 3 by dracmallorca\">\n\t\t\t\t\t\t\t<\/div>\n\t\t\t\t\t\t\t<div class=\"info\">\n\t\t\t\t\t\t\t\t<div class=\"ubicacion\">\n\t\t\t\t\t\t\t\t\t<i class=\"fa-solid fa-location-dot icono-mapa\"><\/i><span class=\"ubicacion-texto\">Cala Santanyi - Mallorca<\/span>\n\t\t\t\t\t\t\t\t<\/div>\n\t\t\t\t\t\t\t\t<H4 class=\"titulo-alojamiento\">\n\t\t\t\t\t\t\t\t\tDrac 3 by dracmallorca\t\t\t\t\t\t\t\t<\/H4>\n\t\t\t\t\t\t\t\t<p class=\"precio-alojamiento\">Aus <span class=\"precio\">116.28\u20ac<\/span> pro Nacht<\/p>\n\t\t\t\t\t\t\t<\/div>\n\t\t\t\t\t\t<\/div>\n\t\t\t\t\t<\/a> \n\t\t\t\t\t\t\t\t<\/div>\n\t\t\t<\/div>\n\t\t\t\t\t\t<\/div>\n\t\t\t\t<\/div>\n\t\t\t\t\t<\/div>\n\t\t\t\t<\/div>\n\t\t<div class=\"elementor-element elementor-element-c98914d e-flex e-con-boxed e-con e-parent\" data-id=\"c98914d\" data-element_type=\"container\" data-e-type=\"container\">\n\t\t\t\t\t<div class=\"e-con-inner\">\n\t\t\t\t<div class=\"elementor-element elementor-element-17b36c1 elementor-widget elementor-widget-text-editor\" data-id=\"17b36c1\" data-element_type=\"widget\" data-e-type=\"widget\" data-widget_type=\"text-editor.default\">\n\t\t\t\t<div class=\"elementor-widget-container\">\n\t\t\t\t\t\t\t\t\t<ul><li><strong>F\u00fcr Familien:<\/strong> Private Villen in <strong>Cala Santany\u00ed<\/strong> oder in l\u00e4ndlichen Gebieten bei Santany\u00ed. Genie\u00dfen Sie viel Platz, voll ausgestattete K\u00fcchen f\u00fcr Ihr Dinner und Kamine f\u00fcr die k\u00fchleren Abende.<\/li><\/ul>\t\t\t\t\t\t\t\t<\/div>\n\t\t\t\t<\/div>\n\t\t\t\t\t<\/div>\n\t\t\t\t<\/div>\n\t\t<div class=\"elementor-element elementor-element-f20b446 e-flex e-con-boxed e-con e-parent\" data-id=\"f20b446\" data-element_type=\"container\" data-e-type=\"container\">\n\t\t\t\t\t<div class=\"e-con-inner\">\n\t\t\t\t<div class=\"elementor-element elementor-element-b282072 elementor-widget elementor-widget-grid\" data-id=\"b282072\" data-element_type=\"widget\" data-e-type=\"widget\" data-widget_type=\"grid.default\">\n\t\t\t\t<div class=\"elementor-widget-container\">\n\t\t\t\t\t\t\t<div class=\"its--row alojamientos-recomendados\">\n\n\t\t\t<div class=\"alojamientos-recomendados-container\">\n\n\t\t\t\t\t\n\t\t\t\t\t<a href=\"https:\/\/www.dracmallorca.com\/de\/vermietung\/finca-santanyi-b-son-sec-308531.html\" rel=\"nofollow\" style=\"width: 23%;\">\n\t\t\t\t\t\t<div class=\"apartamento-box\">\n\t\t\t\t\t\t\t<div class=\"imagen_recomendados\">\n\t\t\t\t\t\t\t\t<img decoding=\"async\" src=\"https:\/\/crs.avantio.com\/fotos\/2\/15789218995e7b88f31f9a5ecb5a53d9c6c22a3ac8\/big168233930248399c28c2198ad2564bcee8c156da79.jpg\" alt=\"Son Sec by dracmallorca\">\n\t\t\t\t\t\t\t<\/div>\n\t\t\t\t\t\t\t<div class=\"info\">\n\t\t\t\t\t\t\t\t<div class=\"ubicacion\">\n\t\t\t\t\t\t\t\t\t<i class=\"fa-solid fa-location-dot icono-mapa\"><\/i><span class=\"ubicacion-texto\">Santanyi - Mallorca<\/span>\n\t\t\t\t\t\t\t\t<\/div>\n\t\t\t\t\t\t\t\t<H4 class=\"titulo-alojamiento\">\n\t\t\t\t\t\t\t\t\tSon Sec by dracmallorca\t\t\t\t\t\t\t\t<\/H4>\n\t\t\t\t\t\t\t\t<p class=\"precio-alojamiento\">Aus <span class=\"precio\">165.30\u20ac<\/span> pro Nacht<\/p>\n\t\t\t\t\t\t\t<\/div>\n\t\t\t\t\t\t<\/div>\n\t\t\t\t\t<\/a> \n\t\t\t\t\t\t\n\t\t\t\t\t<a href=\"https:\/\/www.dracmallorca.com\/de\/vermietung\/finca-santanyi-e-sa-bassa-llova-309130.html\" rel=\"nofollow\" style=\"width: 23%;\">\n\t\t\t\t\t\t<div class=\"apartamento-box\">\n\t\t\t\t\t\t\t<div class=\"imagen_recomendados\">\n\t\t\t\t\t\t\t\t<img decoding=\"async\" src=\"https:\/\/crs.avantio.com\/fotos\/2\/15791841752400c5f2e5d7a3dc6f7b10614916ded9\/big1747129279d66a0e43d7ab393d74d985cb15d17fb2.jpg\" alt=\"Sa Bassa Llova by dracmallorca\">\n\t\t\t\t\t\t\t<\/div>\n\t\t\t\t\t\t\t<div class=\"info\">\n\t\t\t\t\t\t\t\t<div class=\"ubicacion\">\n\t\t\t\t\t\t\t\t\t<i class=\"fa-solid fa-location-dot icono-mapa\"><\/i><span class=\"ubicacion-texto\">Santanyi - Mallorca<\/span>\n\t\t\t\t\t\t\t\t<\/div>\n\t\t\t\t\t\t\t\t<H4 class=\"titulo-alojamiento\">\n\t\t\t\t\t\t\t\t\tSa Bassa Llova by dracmallorca\t\t\t\t\t\t\t\t<\/H4>\n\t\t\t\t\t\t\t\t<p class=\"precio-alojamiento\">Aus <span class=\"precio\">219.68\u20ac<\/span> pro Nacht<\/p>\n\t\t\t\t\t\t\t<\/div>\n\t\t\t\t\t\t<\/div>\n\t\t\t\t\t<\/a> \n\t\t\t\t\t\t\n\t\t\t\t\t<a href=\"https:\/\/www.dracmallorca.com\/de\/vermietung\/finca-santanyi-e-talaia-vella-309794.html\" rel=\"nofollow\" style=\"width: 23%;\">\n\t\t\t\t\t\t<div class=\"apartamento-box\">\n\t\t\t\t\t\t\t<div class=\"imagen_recomendados\">\n\t\t\t\t\t\t\t\t<img decoding=\"async\" src=\"https:\/\/crs.avantio.com\/fotos\/2\/15796889774568c6ffb68c03372c2753a28fd52a8c\/big1747045616d0399ab9b38e92112e930d59f20f5191.jpg\" alt=\"Talaia Vella by dracmallorca\">\n\t\t\t\t\t\t\t<\/div>\n\t\t\t\t\t\t\t<div class=\"info\">\n\t\t\t\t\t\t\t\t<div class=\"ubicacion\">\n\t\t\t\t\t\t\t\t\t<i class=\"fa-solid fa-location-dot icono-mapa\"><\/i><span class=\"ubicacion-texto\">Santanyi - Mallorca<\/span>\n\t\t\t\t\t\t\t\t<\/div>\n\t\t\t\t\t\t\t\t<H4 class=\"titulo-alojamiento\">\n\t\t\t\t\t\t\t\t\tTalaia Vella by dracmallorca\t\t\t\t\t\t\t\t<\/H4>\n\t\t\t\t\t\t\t\t<p class=\"precio-alojamiento\">Aus <span class=\"precio\">165.30\u20ac<\/span> pro Nacht<\/p>\n\t\t\t\t\t\t\t<\/div>\n\t\t\t\t\t\t<\/div>\n\t\t\t\t\t<\/a> \n\t\t\t\t\t\t\n\t\t\t\t\t<a href=\"https:\/\/www.dracmallorca.com\/de\/vermietung\/finca-cala-santanyi-b-rustica-sa-talaia-vella-309802.html\" rel=\"nofollow\" style=\"width: 23%;\">\n\t\t\t\t\t\t<div class=\"apartamento-box\">\n\t\t\t\t\t\t\t<div class=\"imagen_recomendados\">\n\t\t\t\t\t\t\t\t<img decoding=\"async\" src=\"https:\/\/crs.avantio.com\/fotos\/2\/1579691981f8b0d3ac768fdcc7ccbd885086712c9e\/big1717138295e0d3a22a241e04ce949057476e9df234.jpg\" alt=\"Rustica Sa Talaia Vella by dracmallorca\">\n\t\t\t\t\t\t\t<\/div>\n\t\t\t\t\t\t\t<div class=\"info\">\n\t\t\t\t\t\t\t\t<div class=\"ubicacion\">\n\t\t\t\t\t\t\t\t\t<i class=\"fa-solid fa-location-dot icono-mapa\"><\/i><span class=\"ubicacion-texto\">Cala Santanyi - Mallorca<\/span>\n\t\t\t\t\t\t\t\t<\/div>\n\t\t\t\t\t\t\t\t<H4 class=\"titulo-alojamiento\">\n\t\t\t\t\t\t\t\t\tRustica Sa Talaia Vella by dracmallorca\t\t\t\t\t\t\t\t<\/H4>\n\t\t\t\t\t\t\t\t<p class=\"precio-alojamiento\">Aus <span class=\"precio\">188.10\u20ac<\/span> pro Nacht<\/p>\n\t\t\t\t\t\t\t<\/div>\n\t\t\t\t\t\t<\/div>\n\t\t\t\t\t<\/a> \n\t\t\t\t\t\t\t\t<\/div>\n\t\t\t<\/div>\n\t\t\t\t\t\t<\/div>\n\t\t\t\t<\/div>\n\t\t\t\t\t<\/div>\n\t\t\t\t<\/div>\n\t\t<div class=\"elementor-element elementor-element-5a203ea e-flex e-con-boxed e-con e-parent\" data-id=\"5a203ea\" data-element_type=\"container\" data-e-type=\"container\">\n\t\t\t\t\t<div class=\"e-con-inner\">\n\t\t\t\t<div class=\"elementor-element elementor-element-834cbb0 elementor-widget elementor-widget-text-editor\" data-id=\"834cbb0\" data-element_type=\"widget\" data-e-type=\"widget\" data-widget_type=\"text-editor.default\">\n\t\t\t\t<div class=\"elementor-widget-container\">\n\t\t\t\t\t\t\t\t\t<ul><li><strong>Winter-R\u00fcckzugsorte:<\/strong> Rustikale Fincas, in denen Sie absolute Privatsph\u00e4re genie\u00dfen.<\/li><\/ul>\t\t\t\t\t\t\t\t<\/div>\n\t\t\t\t<\/div>\n\t\t\t\t\t<\/div>\n\t\t\t\t<\/div>\n\t\t<div class=\"elementor-element elementor-element-5e1c8a2 e-flex e-con-boxed e-con e-parent\" data-id=\"5e1c8a2\" data-element_type=\"container\" data-e-type=\"container\">\n\t\t\t\t\t<div class=\"e-con-inner\">\n\t\t\t\t<div class=\"elementor-element elementor-element-63a27bf elementor-widget elementor-widget-grid\" data-id=\"63a27bf\" data-element_type=\"widget\" data-e-type=\"widget\" data-widget_type=\"grid.default\">\n\t\t\t\t<div class=\"elementor-widget-container\">\n\t\t\t\t\t\t\t<div class=\"its--row alojamientos-recomendados\">\n\n\t\t\t<div class=\"alojamientos-recomendados-container\">\n\n\t\t\t\t\t\n\t\t\t\t\t<a href=\"https:\/\/www.dracmallorca.com\/de\/vermietung\/ferienhaus-santanyi-b-casa-reiet-308843.html\" rel=\"nofollow\" style=\"width: 23%;\">\n\t\t\t\t\t\t<div class=\"apartamento-box\">\n\t\t\t\t\t\t\t<div class=\"imagen_recomendados\">\n\t\t\t\t\t\t\t\t<img decoding=\"async\" src=\"https:\/\/crs.avantio.com\/fotos\/2\/1579013034b1d79dd48f5850ba06e9ebdee6c6bbf7\/big1765458036fe5188b1d8fa54b65747f36d247f3866.jpg\" alt=\"Casa Reiet by dracmallorca\">\n\t\t\t\t\t\t\t<\/div>\n\t\t\t\t\t\t\t<div class=\"info\">\n\t\t\t\t\t\t\t\t<div class=\"ubicacion\">\n\t\t\t\t\t\t\t\t\t<i class=\"fa-solid fa-location-dot icono-mapa\"><\/i><span class=\"ubicacion-texto\">Santanyi - Mallorca<\/span>\n\t\t\t\t\t\t\t\t<\/div>\n\t\t\t\t\t\t\t\t<H4 class=\"titulo-alojamiento\">\n\t\t\t\t\t\t\t\t\tCasa Reiet by dracmallorca\t\t\t\t\t\t\t\t<\/H4>\n\t\t\t\t\t\t\t\t<p class=\"precio-alojamiento\">Aus <span class=\"precio\">331.74\u20ac<\/span> pro Nacht<\/p>\n\t\t\t\t\t\t\t<\/div>\n\t\t\t\t\t\t<\/div>\n\t\t\t\t\t<\/a> \n\t\t\t\t\t\t\n\t\t\t\t\t<a href=\"https:\/\/www.dracmallorca.com\/de\/vermietung\/ferienhaus-cala-santanyi-c-casa-maria-elena-309025.html\" rel=\"nofollow\" style=\"width: 23%;\">\n\t\t\t\t\t\t<div class=\"apartamento-box\">\n\t\t\t\t\t\t\t<div class=\"imagen_recomendados\">\n\t\t\t\t\t\t\t\t<img decoding=\"async\" src=\"https:\/\/crs.avantio.com\/fotos\/2\/15791749403508afbfadd109fd021325e777cdc43e\/big16513100227797acb6024821ab19b31ccb39ac4117.jpg\" alt=\"Casa Maria Elena by dracmallorca\">\n\t\t\t\t\t\t\t<\/div>\n\t\t\t\t\t\t\t<div class=\"info\">\n\t\t\t\t\t\t\t\t<div class=\"ubicacion\">\n\t\t\t\t\t\t\t\t\t<i class=\"fa-solid fa-location-dot icono-mapa\"><\/i><span class=\"ubicacion-texto\">Cala Santanyi - Mallorca<\/span>\n\t\t\t\t\t\t\t\t<\/div>\n\t\t\t\t\t\t\t\t<H4 class=\"titulo-alojamiento\">\n\t\t\t\t\t\t\t\t\tCasa Maria Elena by dracmallorca\t\t\t\t\t\t\t\t<\/H4>\n\t\t\t\t\t\t\t\t<p class=\"precio-alojamiento\">Aus <span class=\"precio\">142.50\u20ac<\/span> pro Nacht<\/p>\n\t\t\t\t\t\t\t<\/div>\n\t\t\t\t\t\t<\/div>\n\t\t\t\t\t<\/a> \n\t\t\t\t\t\t\n\t\t\t\t\t<a href=\"https:\/\/www.dracmallorca.com\/de\/vermietung\/ferienhaus-cala-llombards-e-casa-sergi-309555.html\" rel=\"nofollow\" style=\"width: 23%;\">\n\t\t\t\t\t\t<div class=\"apartamento-box\">\n\t\t\t\t\t\t\t<div class=\"imagen_recomendados\">\n\t\t\t\t\t\t\t\t<img decoding=\"async\" src=\"https:\/\/crs.avantio.com\/fotos\/2\/15795166817b894e20d564bd1155d36216bcfa40b5\/big1692874575990401eaa3938c922837bc4cf419b722.jpg\" alt=\"Casa Sergi by dracmallorca\">\n\t\t\t\t\t\t\t<\/div>\n\t\t\t\t\t\t\t<div class=\"info\">\n\t\t\t\t\t\t\t\t<div class=\"ubicacion\">\n\t\t\t\t\t\t\t\t\t<i class=\"fa-solid fa-location-dot icono-mapa\"><\/i><span class=\"ubicacion-texto\">Cala Llombards - Mallorca<\/span>\n\t\t\t\t\t\t\t\t<\/div>\n\t\t\t\t\t\t\t\t<H4 class=\"titulo-alojamiento\">\n\t\t\t\t\t\t\t\t\tCasa Sergi by dracmallorca\t\t\t\t\t\t\t\t<\/H4>\n\t\t\t\t\t\t\t\t<p class=\"precio-alojamiento\">Aus <span class=\"precio\">186.20\u20ac<\/span> pro Nacht<\/p>\n\t\t\t\t\t\t\t<\/div>\n\t\t\t\t\t\t<\/div>\n\t\t\t\t\t<\/a> \n\t\t\t\t\t\t\n\t\t\t\t\t<a href=\"https:\/\/www.dracmallorca.com\/de\/vermietung\/ferienhaus-santanyi-e-can-sivinar-309580.html\" rel=\"nofollow\" style=\"width: 23%;\">\n\t\t\t\t\t\t<div class=\"apartamento-box\">\n\t\t\t\t\t\t\t<div class=\"imagen_recomendados\">\n\t\t\t\t\t\t\t\t<img decoding=\"async\" src=\"https:\/\/crs.avantio.com\/fotos\/2\/157952661867c3ed1465dfcaf1aa566c0f0747ce90\/big17586358591961b9576901ad8e9f120aa939df5b26.jpg\" alt=\"Can Sivinar by dracmallorca\">\n\t\t\t\t\t\t\t<\/div>\n\t\t\t\t\t\t\t<div class=\"info\">\n\t\t\t\t\t\t\t\t<div class=\"ubicacion\">\n\t\t\t\t\t\t\t\t\t<i class=\"fa-solid fa-location-dot icono-mapa\"><\/i><span class=\"ubicacion-texto\">Santanyi - Mallorca<\/span>\n\t\t\t\t\t\t\t\t<\/div>\n\t\t\t\t\t\t\t\t<H4 class=\"titulo-alojamiento\">\n\t\t\t\t\t\t\t\t\tCan Sivinar by dracmallorca\t\t\t\t\t\t\t\t<\/H4>\n\t\t\t\t\t\t\t\t<p class=\"precio-alojamiento\">Aus <span class=\"precio\">239.40\u20ac<\/span> pro Nacht<\/p>\n\t\t\t\t\t\t\t<\/div>\n\t\t\t\t\t\t<\/div>\n\t\t\t\t\t<\/a> \n\t\t\t\t\t\t\t\t<\/div>\n\t\t\t<\/div>\n\t\t\t\t\t\t<\/div>\n\t\t\t\t<\/div>\n\t\t\t\t\t<\/div>\n\t\t\t\t<\/div>\n\t\t<div class=\"elementor-element elementor-element-b75aa1c e-flex e-con-boxed e-con e-parent\" data-id=\"b75aa1c\" data-element_type=\"container\" data-e-type=\"container\">\n\t\t\t\t\t<div class=\"e-con-inner\">\n\t\t\t\t<div class=\"elementor-element elementor-element-3b51124 elementor-widget elementor-widget-heading\" data-id=\"3b51124\" data-element_type=\"widget\" data-e-type=\"widget\" data-widget_type=\"heading.default\">\n\t\t\t\t<div class=\"elementor-widget-container\">\n\t\t\t\t\t<h2 class=\"elementor-heading-title elementor-size-default\"><b>H\u00e4ufig gestellte Fragen zu Silvester auf Mallorca<\/h2>\t\t\t\t<\/div>\n\t\t\t\t<\/div>\n\t\t\t\t\t<\/div>\n\t\t\t\t<\/div>\n\t\t<div class=\"elementor-element elementor-element-6213f3e e-flex e-con-boxed e-con e-parent\" data-id=\"6213f3e\" data-element_type=\"container\" data-e-type=\"container\">\n\t\t\t\t\t<div class=\"e-con-inner\">\n\t\t\t\t<div class=\"elementor-element elementor-element-fdfb3e3 elementor-widget elementor-widget-text-editor\" data-id=\"fdfb3e3\" data-element_type=\"widget\" data-e-type=\"widget\" data-widget_type=\"text-editor.default\">\n\t\t\t\t<div class=\"elementor-widget-container\">\n\t\t\t\t\t\t\t\t\t<h3>Wie ist das Wetter auf Mallorca an Silvester?<\/h3><p>Das Wetter ist meist stabil und mild, mit Tagesdurchschnittswerten von 15\u00baC. Obwohl es nachts abk\u00fchlt (auf ca. 8-10\u00baC), ist es selten extrem kalt. Eine leichte Jacke und etwas w\u00e4rmere Kleidung f\u00fcr den Abend sind ausreichend.<\/p><h3>Haben die Restaurants in Santany\u00ed am 31. Dezember ge\u00f6ffnet?<\/h3><p>Ja, die gro\u00dfe Mehrheit der Restaurants in Santany\u00ed und Cala Figuera \u00f6ffnet f\u00fcr das Silvesterdinner. Fast alle arbeiten jedoch mit Vorabreservierung und festen Men\u00fcs. Es ist wichtig, mehrere Wochen vor Ihrer Ankunft zu reservieren.<\/p><h3>Ist ein Mietwagen im Winter notwendig?<\/h3><p>Um den S\u00fcden Mallorcas im Winter voll zu genie\u00dfen, ist ein Mietwagen sehr empfehlenswert. Er erm\u00f6glicht es Ihnen, sich frei zwischen Santany\u00ed, den Buchten und dem Naturpark Mondrag\u00f3 zu bewegen.<\/p><hr \/>\t\t\t\t\t\t\t\t<\/div>\n\t\t\t\t<\/div>\n\t\t\t\t\t<\/div>\n\t\t\t\t<\/div>\n\t\t<div class=\"elementor-element elementor-element-38cd7ea e-flex e-con-boxed e-con e-parent\" data-id=\"38cd7ea\" data-element_type=\"container\" data-e-type=\"container\">\n\t\t\t\t\t<div class=\"e-con-inner\">\n\t\t\t\t<div class=\"elementor-element elementor-element-8ca9528 elementor-widget elementor-widget-heading\" data-id=\"8ca9528\" data-element_type=\"widget\" data-e-type=\"widget\" data-widget_type=\"heading.default\">\n\t\t\t\t<div class=\"elementor-widget-container\">\n\t\t\t\t\t<h2 class=\"elementor-heading-title elementor-size-default\"><b>Beginnen Sie das neue Jahr im S\u00fcden Mallorcas<\/h2>\t\t\t\t<\/div>\n\t\t\t\t<\/div>\n\t\t\t\t\t<\/div>\n\t\t\t\t<\/div>\n\t\t<div class=\"elementor-element elementor-element-3f65248 e-flex e-con-boxed e-con e-parent\" data-id=\"3f65248\" data-element_type=\"container\" data-e-type=\"container\">\n\t\t\t\t\t<div class=\"e-con-inner\">\n\t\t\t\t<div class=\"elementor-element elementor-element-34bfa0c elementor-widget elementor-widget-text-editor\" data-id=\"34bfa0c\" data-element_type=\"widget\" data-e-type=\"widget\" data-widget_type=\"text-editor.default\">\n\t\t\t\t<div class=\"elementor-widget-container\">\n\t\t\t\t\t\t\t\t\t<p><strong>Silvester auf Mallorca<\/strong> in der Ruhe des S\u00fcdens zu erleben, ist eine erneuernde Erfahrung. Vergessen Sie den Stress und umarmen Sie den mediterranen Lebensstil f\u00fcr den Start ins neue Jahr.<\/p><p>Bereit zum Ansto\u00dfen? <strong>Pr\u00fcfen Sie unsere Verf\u00fcgbarkeit bei Drac Mallorca<\/strong> und sichern Sie sich Ihren Aufenthalt im Balearen-Paradies.<\/p>\t\t\t\t\t\t\t\t<\/div>\n\t\t\t\t<\/div>\n\t\t\t\t\t<\/div>\n\t\t\t\t<\/div>\n\t\t<div class=\"elementor-element elementor-element-3cb8f9e4 e-flex e-con-boxed e-con e-parent\" data-id=\"3cb8f9e4\" data-element_type=\"container\" data-e-type=\"container\">\n\t\t\t\t\t<div class=\"e-con-inner\">\n\t\t<div class=\"elementor-element elementor-element-25e8b1d3 e-con-full e-flex e-con e-child\" data-id=\"25e8b1d3\" data-element_type=\"container\" data-e-type=\"container\">\n\t\t\t\t<div class=\"elementor-element elementor-element-1a420ee5 elementor-cta--skin-cover elementor-cta--valign-bottom elementor-animated-content elementor-bg-transform elementor-bg-transform-zoom-in elementor-widget elementor-widget-call-to-action\" data-id=\"1a420ee5\" data-element_type=\"widget\" data-e-type=\"widget\" data-widget_type=\"call-to-action.default\">\n\t\t\t\t<div class=\"elementor-widget-container\">\n\t\t\t\t\t\t\t<div class=\"elementor-cta\">\n\t\t\t\t\t<div class=\"elementor-cta__bg-wrapper\">\n\t\t\t\t<div class=\"elementor-cta__bg elementor-bg\" style=\"background-image: url(https:\/\/www.dracmallorca.com\/blog\/wp-content\/uploads\/2024\/02\/visitar-mirador-es-pontas.jpg);\" role=\"img\" aria-label=\"visitar-mirador-es-pontas\"><\/div>\n\t\t\t\t<div class=\"elementor-cta__bg-overlay\"><\/div>\n\t\t\t<\/div>\n\t\t\t\t\t\t\t<div class=\"elementor-cta__content\">\n\t\t\t\t\n\t\t\t\t\n\t\t\t\t\n\t\t\t\t\t\t\t\t\t<div class=\"elementor-cta__button-wrapper elementor-cta__content-item elementor-content-item elementor-animated-item--grow\">\n\t\t\t\t\t<a class=\"elementor-cta__button elementor-button elementor-size-\" href=\"https:\/\/www.dracmallorca.com\/de\/unterkunft-urlaub-ferien-suden-mallorca\/\">\n\t\t\t\t\t\tSuden Mallorca\t\t\t\t\t<\/a>\n\t\t\t\t\t<\/div>\n\t\t\t\t\t\t\t<\/div>\n\t\t\t\t\t\t<\/div>\n\t\t\t\t\t\t<\/div>\n\t\t\t\t<\/div>\n\t\t\t\t<\/div>\n\t\t<div class=\"elementor-element elementor-element-7ca3c8bb e-con-full e-flex e-con e-child\" data-id=\"7ca3c8bb\" data-element_type=\"container\" data-e-type=\"container\">\n\t\t\t\t<div class=\"elementor-element elementor-element-1163a61c elementor-cta--skin-cover elementor-cta--valign-bottom elementor-animated-content elementor-bg-transform elementor-bg-transform-zoom-in elementor-widget elementor-widget-call-to-action\" data-id=\"1163a61c\" data-element_type=\"widget\" data-e-type=\"widget\" data-widget_type=\"call-to-action.default\">\n\t\t\t\t<div class=\"elementor-widget-container\">\n\t\t\t\t\t\t\t<div class=\"elementor-cta\">\n\t\t\t\t\t<div class=\"elementor-cta__bg-wrapper\">\n\t\t\t\t<div class=\"elementor-cta__bg elementor-bg\" style=\"background-image: url(https:\/\/www.dracmallorca.com\/blog\/wp-content\/uploads\/2023\/12\/Cala-Santanyi-1920x630.jpg);\" role=\"img\" aria-label=\"Cala Santanyi\"><\/div>\n\t\t\t\t<div class=\"elementor-cta__bg-overlay\"><\/div>\n\t\t\t<\/div>\n\t\t\t\t\t\t\t<div class=\"elementor-cta__content\">\n\t\t\t\t\n\t\t\t\t\n\t\t\t\t\n\t\t\t\t\t\t\t\t\t<div class=\"elementor-cta__button-wrapper elementor-cta__content-item elementor-content-item elementor-animated-item--grow\">\n\t\t\t\t\t<a class=\"elementor-cta__button elementor-button elementor-size-\" href=\"https:\/\/www.dracmallorca.com\/de\/unterkunft-urlaub-ferien-cala-santanyi-mallorca\/\">\n\t\t\t\t\t\tCala Santanyi\t\t\t\t\t<\/a>\n\t\t\t\t\t<\/div>\n\t\t\t\t\t\t\t<\/div>\n\t\t\t\t\t\t<\/div>\n\t\t\t\t\t\t<\/div>\n\t\t\t\t<\/div>\n\t\t\t\t<\/div>\n\t\t<div class=\"elementor-element elementor-element-4f9b916e e-con-full e-flex e-con e-child\" data-id=\"4f9b916e\" data-element_type=\"container\" data-e-type=\"container\">\n\t\t\t\t<div class=\"elementor-element elementor-element-6b14b7c6 elementor-cta--skin-cover elementor-cta--valign-bottom elementor-animated-content elementor-bg-transform elementor-bg-transform-zoom-in elementor-widget elementor-widget-call-to-action\" data-id=\"6b14b7c6\" data-element_type=\"widget\" data-e-type=\"widget\" data-widget_type=\"call-to-action.default\">\n\t\t\t\t<div class=\"elementor-widget-container\">\n\t\t\t\t\t\t\t<div class=\"elementor-cta\">\n\t\t\t\t\t<div class=\"elementor-cta__bg-wrapper\">\n\t\t\t\t<div class=\"elementor-cta__bg elementor-bg\" style=\"background-image: url(https:\/\/www.dracmallorca.com\/blog\/wp-content\/uploads\/2023\/12\/Santanyi-1920x630.jpg);\" role=\"img\" aria-label=\"Santanyi\"><\/div>\n\t\t\t\t<div class=\"elementor-cta__bg-overlay\"><\/div>\n\t\t\t<\/div>\n\t\t\t\t\t\t\t<div class=\"elementor-cta__content\">\n\t\t\t\t\n\t\t\t\t\n\t\t\t\t\n\t\t\t\t\t\t\t\t\t<div class=\"elementor-cta__button-wrapper elementor-cta__content-item elementor-content-item elementor-animated-item--grow\">\n\t\t\t\t\t<a class=\"elementor-cta__button elementor-button elementor-size-\" href=\"https:\/\/www.dracmallorca.com\/de\/unterkunfte-santanyi\">\n\t\t\t\t\t\tSantanyi\t\t\t\t\t<\/a>\n\t\t\t\t\t<\/div>\n\t\t\t\t\t\t\t<\/div>\n\t\t\t\t\t\t<\/div>\n\t\t\t\t\t\t<\/div>\n\t\t\t\t<\/div>\n\t\t\t\t<\/div>\n\t\t<div class=\"elementor-element elementor-element-28274d24 e-con-full e-flex e-con e-child\" data-id=\"28274d24\" data-element_type=\"container\" data-e-type=\"container\">\n\t\t\t\t<div class=\"elementor-element elementor-element-5ac37eeb elementor-cta--skin-cover elementor-cta--valign-bottom elementor-animated-content elementor-bg-transform elementor-bg-transform-zoom-in elementor-widget elementor-widget-call-to-action\" data-id=\"5ac37eeb\" data-element_type=\"widget\" data-e-type=\"widget\" data-widget_type=\"call-to-action.default\">\n\t\t\t\t<div class=\"elementor-widget-container\">\n\t\t\t\t\t\t\t<div class=\"elementor-cta\">\n\t\t\t\t\t<div class=\"elementor-cta__bg-wrapper\">\n\t\t\t\t<div class=\"elementor-cta__bg elementor-bg\" style=\"background-image: url(https:\/\/www.dracmallorca.com\/blog\/wp-content\/uploads\/2023\/12\/cala-figueras-1920x630.jpg);\" role=\"img\" aria-label=\"cala figueras\"><\/div>\n\t\t\t\t<div class=\"elementor-cta__bg-overlay\"><\/div>\n\t\t\t<\/div>\n\t\t\t\t\t\t\t<div class=\"elementor-cta__content\">\n\t\t\t\t\n\t\t\t\t\n\t\t\t\t\n\t\t\t\t\t\t\t\t\t<div class=\"elementor-cta__button-wrapper elementor-cta__content-item elementor-content-item elementor-animated-item--grow\">\n\t\t\t\t\t<a class=\"elementor-cta__button elementor-button elementor-size-\" href=\"https:\/\/www.dracmallorca.com\/de\/unterkunft-urlaub-ferien-cala-figuera-mallorca\/\">\n\t\t\t\t\t\tCala Figueras\t\t\t\t\t<\/a>\n\t\t\t\t\t<\/div>\n\t\t\t\t\t\t\t<\/div>\n\t\t\t\t\t\t<\/div>\n\t\t\t\t\t\t<\/div>\n\t\t\t\t<\/div>\n\t\t\t\t<\/div>\n\t\t\t\t\t<\/div>\n\t\t\t\t<\/div>\n\t\t\t\t<\/div>\n\t\t","protected":false},"excerpt":{"rendered":"<p>Suchen Sie einen etwas anderen Silvesterabend? Verbringen Sie Silvester im S\u00fcden Mallorcas. Villen und Apartments in Cala Santany\u00ed und Cala Figuera.<\/p>\n","protected":false},"author":3,"featured_media":3987,"comment_status":"open","ping_status":"closed","sticky":false,"template":"","format":"standard","meta":{"footnotes":""},"categories":[98,74],"tags":[88,100,101],"class_list":["post-4008","post","type-post","status-publish","format-standard","has-post-thumbnail","hentry","category-ferienvermietung-de","category-holiday-rental-de","tag-santanyi-de","tag-vacations-in-mallorca-de","tag-wo-man-auf-mallorca-wohnen-kann"],"yoast_head":"<!-- This site is optimized with the Yoast SEO plugin v27.4 - https:\/\/yoast.com\/product\/yoast-seo-wordpress\/ -->\n<title>Silvester im S\u00fcden Mallorcas - Experiencias y actividades en Mallorca<\/title>\n<meta name=\"description\" content=\"Suchen Sie einen etwas anderen Silvesterabend? Verbringen Sie Silvester im S\u00fcden Mallorcas. Villen und Apartments in Cala Santany\u00ed und Cala Figuera.\" \/>\n<meta name=\"robots\" content=\"index, follow, max-snippet:-1, max-image-preview:large, max-video-preview:-1\" \/>\n<link rel=\"canonical\" href=\"https:\/\/www.dracmallorca.com\/blog\/de\/silvester-im-sueden-mallorcas\/\" \/>\n<meta property=\"og:locale\" content=\"de_DE\" \/>\n<meta property=\"og:type\" content=\"article\" \/>\n<meta property=\"og:title\" content=\"Silvester im S\u00fcden Mallorcas - Experiencias y actividades en Mallorca\" \/>\n<meta property=\"og:description\" content=\"Suchen Sie einen etwas anderen Silvesterabend? Verbringen Sie Silvester im S\u00fcden Mallorcas. Villen und Apartments in Cala Santany\u00ed und Cala Figuera.\" \/>\n<meta property=\"og:url\" content=\"https:\/\/www.dracmallorca.com\/blog\/de\/silvester-im-sueden-mallorcas\/\" \/>\n<meta property=\"og:site_name\" content=\"Experiencias y actividades en Mallorca\" \/>\n<meta property=\"article:published_time\" content=\"2025-12-05T11:17:27+00:00\" \/>\n<meta property=\"article:modified_time\" content=\"2025-12-05T11:19:20+00:00\" \/>\n<meta property=\"og:image\" content=\"https:\/\/www.dracmallorca.com\/blog\/wp-content\/uploads\/2025\/12\/Nochevieja-sur-de-mallorca.webp\" \/>\n\t<meta property=\"og:image:width\" content=\"1920\" \/>\n\t<meta property=\"og:image:height\" content=\"650\" \/>\n\t<meta property=\"og:image:type\" content=\"image\/webp\" \/>\n<meta name=\"author\" content=\"digitalservices\" \/>\n<meta name=\"twitter:card\" content=\"summary_large_image\" \/>\n<meta name=\"twitter:label1\" content=\"Verfasst von\" \/>\n\t<meta name=\"twitter:data1\" content=\"digitalservices\" \/>\n\t<meta name=\"twitter:label2\" content=\"Gesch\u00e4tzte Lesezeit\" \/>\n\t<meta name=\"twitter:data2\" content=\"8\u00a0Minuten\" \/>\n<script type=\"application\/ld+json\" class=\"yoast-schema-graph\">{\"@context\":\"https:\\\/\\\/schema.org\",\"@graph\":[{\"@type\":\"Article\",\"@id\":\"https:\\\/\\\/www.dracmallorca.com\\\/blog\\\/de\\\/silvester-im-sueden-mallorcas\\\/#article\",\"isPartOf\":{\"@id\":\"https:\\\/\\\/www.dracmallorca.com\\\/blog\\\/de\\\/silvester-im-sueden-mallorcas\\\/\"},\"author\":{\"name\":\"digitalservices\",\"@id\":\"https:\\\/\\\/www.dracmallorca.com\\\/blog\\\/#\\\/schema\\\/person\\\/761a6b895e74722c4901d17bf4d58510\"},\"headline\":\"Silvester im S\u00fcden Mallorcas\",\"datePublished\":\"2025-12-05T11:17:27+00:00\",\"dateModified\":\"2025-12-05T11:19:20+00:00\",\"mainEntityOfPage\":{\"@id\":\"https:\\\/\\\/www.dracmallorca.com\\\/blog\\\/de\\\/silvester-im-sueden-mallorcas\\\/\"},\"wordCount\":939,\"commentCount\":0,\"publisher\":{\"@id\":\"https:\\\/\\\/www.dracmallorca.com\\\/blog\\\/#organization\"},\"image\":{\"@id\":\"https:\\\/\\\/www.dracmallorca.com\\\/blog\\\/de\\\/silvester-im-sueden-mallorcas\\\/#primaryimage\"},\"thumbnailUrl\":\"https:\\\/\\\/www.dracmallorca.com\\\/blog\\\/wp-content\\\/uploads\\\/2025\\\/12\\\/Nochevieja-sur-de-mallorca.webp\",\"keywords\":[\"Santany\u00ed\",\"Vacations in Mallorca\",\"Wo man auf Mallorca wohnen kann\"],\"articleSection\":[\"Ferienvermietung\",\"Holiday rental\"],\"inLanguage\":\"de\",\"potentialAction\":[{\"@type\":\"CommentAction\",\"name\":\"Comment\",\"target\":[\"https:\\\/\\\/www.dracmallorca.com\\\/blog\\\/de\\\/silvester-im-sueden-mallorcas\\\/#respond\"]}]},{\"@type\":\"WebPage\",\"@id\":\"https:\\\/\\\/www.dracmallorca.com\\\/blog\\\/de\\\/silvester-im-sueden-mallorcas\\\/\",\"url\":\"https:\\\/\\\/www.dracmallorca.com\\\/blog\\\/de\\\/silvester-im-sueden-mallorcas\\\/\",\"name\":\"Silvester im S\u00fcden Mallorcas - Experiencias y actividades en Mallorca\",\"isPartOf\":{\"@id\":\"https:\\\/\\\/www.dracmallorca.com\\\/blog\\\/#website\"},\"primaryImageOfPage\":{\"@id\":\"https:\\\/\\\/www.dracmallorca.com\\\/blog\\\/de\\\/silvester-im-sueden-mallorcas\\\/#primaryimage\"},\"image\":{\"@id\":\"https:\\\/\\\/www.dracmallorca.com\\\/blog\\\/de\\\/silvester-im-sueden-mallorcas\\\/#primaryimage\"},\"thumbnailUrl\":\"https:\\\/\\\/www.dracmallorca.com\\\/blog\\\/wp-content\\\/uploads\\\/2025\\\/12\\\/Nochevieja-sur-de-mallorca.webp\",\"datePublished\":\"2025-12-05T11:17:27+00:00\",\"dateModified\":\"2025-12-05T11:19:20+00:00\",\"description\":\"Suchen Sie einen etwas anderen Silvesterabend? Verbringen Sie Silvester im S\u00fcden Mallorcas. Villen und Apartments in Cala Santany\u00ed und Cala Figuera.\",\"inLanguage\":\"de\",\"potentialAction\":[{\"@type\":\"ReadAction\",\"target\":[\"https:\\\/\\\/www.dracmallorca.com\\\/blog\\\/de\\\/silvester-im-sueden-mallorcas\\\/\"]}]},{\"@type\":\"ImageObject\",\"inLanguage\":\"de\",\"@id\":\"https:\\\/\\\/www.dracmallorca.com\\\/blog\\\/de\\\/silvester-im-sueden-mallorcas\\\/#primaryimage\",\"url\":\"https:\\\/\\\/www.dracmallorca.com\\\/blog\\\/wp-content\\\/uploads\\\/2025\\\/12\\\/Nochevieja-sur-de-mallorca.webp\",\"contentUrl\":\"https:\\\/\\\/www.dracmallorca.com\\\/blog\\\/wp-content\\\/uploads\\\/2025\\\/12\\\/Nochevieja-sur-de-mallorca.webp\",\"width\":1920,\"height\":650,\"caption\":\"Nochevieja-sur-de-mallorca\"},{\"@type\":\"WebSite\",\"@id\":\"https:\\\/\\\/www.dracmallorca.com\\\/blog\\\/#website\",\"url\":\"https:\\\/\\\/www.dracmallorca.com\\\/blog\\\/\",\"name\":\"Experiencias y actividades en Mallorca\",\"description\":\"Drac Mallorca\",\"publisher\":{\"@id\":\"https:\\\/\\\/www.dracmallorca.com\\\/blog\\\/#organization\"},\"potentialAction\":[{\"@type\":\"SearchAction\",\"target\":{\"@type\":\"EntryPoint\",\"urlTemplate\":\"https:\\\/\\\/www.dracmallorca.com\\\/blog\\\/?s={search_term_string}\"},\"query-input\":{\"@type\":\"PropertyValueSpecification\",\"valueRequired\":true,\"valueName\":\"search_term_string\"}}],\"inLanguage\":\"de\"},{\"@type\":\"Organization\",\"@id\":\"https:\\\/\\\/www.dracmallorca.com\\\/blog\\\/#organization\",\"name\":\"Experiencias y actividades en Mallorca\",\"url\":\"https:\\\/\\\/www.dracmallorca.com\\\/blog\\\/\",\"logo\":{\"@type\":\"ImageObject\",\"inLanguage\":\"de\",\"@id\":\"https:\\\/\\\/www.dracmallorca.com\\\/blog\\\/#\\\/schema\\\/logo\\\/image\\\/\",\"url\":\"https:\\\/\\\/www.dracmallorca.com\\\/blog\\\/wp-content\\\/uploads\\\/2023\\\/11\\\/logo-8.png\",\"contentUrl\":\"https:\\\/\\\/www.dracmallorca.com\\\/blog\\\/wp-content\\\/uploads\\\/2023\\\/11\\\/logo-8.png\",\"width\":869,\"height\":248,\"caption\":\"Experiencias y actividades en Mallorca\"},\"image\":{\"@id\":\"https:\\\/\\\/www.dracmallorca.com\\\/blog\\\/#\\\/schema\\\/logo\\\/image\\\/\"}},{\"@type\":\"Person\",\"@id\":\"https:\\\/\\\/www.dracmallorca.com\\\/blog\\\/#\\\/schema\\\/person\\\/761a6b895e74722c4901d17bf4d58510\",\"name\":\"digitalservices\",\"image\":{\"@type\":\"ImageObject\",\"inLanguage\":\"de\",\"@id\":\"https:\\\/\\\/secure.gravatar.com\\\/avatar\\\/af30f88a1904294c1f3eb09a9d7903eec4ffa18fa2cf40c28a8681014ecdfc20?s=96&d=mm&r=g\",\"url\":\"https:\\\/\\\/secure.gravatar.com\\\/avatar\\\/af30f88a1904294c1f3eb09a9d7903eec4ffa18fa2cf40c28a8681014ecdfc20?s=96&d=mm&r=g\",\"contentUrl\":\"https:\\\/\\\/secure.gravatar.com\\\/avatar\\\/af30f88a1904294c1f3eb09a9d7903eec4ffa18fa2cf40c28a8681014ecdfc20?s=96&d=mm&r=g\",\"caption\":\"digitalservices\"},\"url\":\"https:\\\/\\\/www.dracmallorca.com\\\/blog\\\/de\\\/author\\\/digitalservices\\\/\"}]}<\/script>\n<!-- \/ Yoast SEO plugin. -->","yoast_head_json":{"title":"Silvester im S\u00fcden Mallorcas - Experiencias y actividades en Mallorca","description":"Suchen Sie einen etwas anderen Silvesterabend? Verbringen Sie Silvester im S\u00fcden Mallorcas. Villen und Apartments in Cala Santany\u00ed und Cala Figuera.","robots":{"index":"index","follow":"follow","max-snippet":"max-snippet:-1","max-image-preview":"max-image-preview:large","max-video-preview":"max-video-preview:-1"},"canonical":"https:\/\/www.dracmallorca.com\/blog\/de\/silvester-im-sueden-mallorcas\/","og_locale":"de_DE","og_type":"article","og_title":"Silvester im S\u00fcden Mallorcas - Experiencias y actividades en Mallorca","og_description":"Suchen Sie einen etwas anderen Silvesterabend? Verbringen Sie Silvester im S\u00fcden Mallorcas. Villen und Apartments in Cala Santany\u00ed und Cala Figuera.","og_url":"https:\/\/www.dracmallorca.com\/blog\/de\/silvester-im-sueden-mallorcas\/","og_site_name":"Experiencias y actividades en Mallorca","article_published_time":"2025-12-05T11:17:27+00:00","article_modified_time":"2025-12-05T11:19:20+00:00","og_image":[{"width":1920,"height":650,"url":"https:\/\/www.dracmallorca.com\/blog\/wp-content\/uploads\/2025\/12\/Nochevieja-sur-de-mallorca.webp","type":"image\/webp"}],"author":"digitalservices","twitter_card":"summary_large_image","twitter_misc":{"Verfasst von":"digitalservices","Gesch\u00e4tzte Lesezeit":"8\u00a0Minuten"},"schema":{"@context":"https:\/\/schema.org","@graph":[{"@type":"Article","@id":"https:\/\/www.dracmallorca.com\/blog\/de\/silvester-im-sueden-mallorcas\/#article","isPartOf":{"@id":"https:\/\/www.dracmallorca.com\/blog\/de\/silvester-im-sueden-mallorcas\/"},"author":{"name":"digitalservices","@id":"https:\/\/www.dracmallorca.com\/blog\/#\/schema\/person\/761a6b895e74722c4901d17bf4d58510"},"headline":"Silvester im S\u00fcden Mallorcas","datePublished":"2025-12-05T11:17:27+00:00","dateModified":"2025-12-05T11:19:20+00:00","mainEntityOfPage":{"@id":"https:\/\/www.dracmallorca.com\/blog\/de\/silvester-im-sueden-mallorcas\/"},"wordCount":939,"commentCount":0,"publisher":{"@id":"https:\/\/www.dracmallorca.com\/blog\/#organization"},"image":{"@id":"https:\/\/www.dracmallorca.com\/blog\/de\/silvester-im-sueden-mallorcas\/#primaryimage"},"thumbnailUrl":"https:\/\/www.dracmallorca.com\/blog\/wp-content\/uploads\/2025\/12\/Nochevieja-sur-de-mallorca.webp","keywords":["Santany\u00ed","Vacations in Mallorca","Wo man auf Mallorca wohnen kann"],"articleSection":["Ferienvermietung","Holiday rental"],"inLanguage":"de","potentialAction":[{"@type":"CommentAction","name":"Comment","target":["https:\/\/www.dracmallorca.com\/blog\/de\/silvester-im-sueden-mallorcas\/#respond"]}]},{"@type":"WebPage","@id":"https:\/\/www.dracmallorca.com\/blog\/de\/silvester-im-sueden-mallorcas\/","url":"https:\/\/www.dracmallorca.com\/blog\/de\/silvester-im-sueden-mallorcas\/","name":"Silvester im S\u00fcden Mallorcas - Experiencias y actividades en Mallorca","isPartOf":{"@id":"https:\/\/www.dracmallorca.com\/blog\/#website"},"primaryImageOfPage":{"@id":"https:\/\/www.dracmallorca.com\/blog\/de\/silvester-im-sueden-mallorcas\/#primaryimage"},"image":{"@id":"https:\/\/www.dracmallorca.com\/blog\/de\/silvester-im-sueden-mallorcas\/#primaryimage"},"thumbnailUrl":"https:\/\/www.dracmallorca.com\/blog\/wp-content\/uploads\/2025\/12\/Nochevieja-sur-de-mallorca.webp","datePublished":"2025-12-05T11:17:27+00:00","dateModified":"2025-12-05T11:19:20+00:00","description":"Suchen Sie einen etwas anderen Silvesterabend? Verbringen Sie Silvester im S\u00fcden Mallorcas. Villen und Apartments in Cala Santany\u00ed und Cala Figuera.","inLanguage":"de","potentialAction":[{"@type":"ReadAction","target":["https:\/\/www.dracmallorca.com\/blog\/de\/silvester-im-sueden-mallorcas\/"]}]},{"@type":"ImageObject","inLanguage":"de","@id":"https:\/\/www.dracmallorca.com\/blog\/de\/silvester-im-sueden-mallorcas\/#primaryimage","url":"https:\/\/www.dracmallorca.com\/blog\/wp-content\/uploads\/2025\/12\/Nochevieja-sur-de-mallorca.webp","contentUrl":"https:\/\/www.dracmallorca.com\/blog\/wp-content\/uploads\/2025\/12\/Nochevieja-sur-de-mallorca.webp","width":1920,"height":650,"caption":"Nochevieja-sur-de-mallorca"},{"@type":"WebSite","@id":"https:\/\/www.dracmallorca.com\/blog\/#website","url":"https:\/\/www.dracmallorca.com\/blog\/","name":"Experiencias y actividades en Mallorca","description":"Drac Mallorca","publisher":{"@id":"https:\/\/www.dracmallorca.com\/blog\/#organization"},"potentialAction":[{"@type":"SearchAction","target":{"@type":"EntryPoint","urlTemplate":"https:\/\/www.dracmallorca.com\/blog\/?s={search_term_string}"},"query-input":{"@type":"PropertyValueSpecification","valueRequired":true,"valueName":"search_term_string"}}],"inLanguage":"de"},{"@type":"Organization","@id":"https:\/\/www.dracmallorca.com\/blog\/#organization","name":"Experiencias y actividades en Mallorca","url":"https:\/\/www.dracmallorca.com\/blog\/","logo":{"@type":"ImageObject","inLanguage":"de","@id":"https:\/\/www.dracmallorca.com\/blog\/#\/schema\/logo\/image\/","url":"https:\/\/www.dracmallorca.com\/blog\/wp-content\/uploads\/2023\/11\/logo-8.png","contentUrl":"https:\/\/www.dracmallorca.com\/blog\/wp-content\/uploads\/2023\/11\/logo-8.png","width":869,"height":248,"caption":"Experiencias y actividades en Mallorca"},"image":{"@id":"https:\/\/www.dracmallorca.com\/blog\/#\/schema\/logo\/image\/"}},{"@type":"Person","@id":"https:\/\/www.dracmallorca.com\/blog\/#\/schema\/person\/761a6b895e74722c4901d17bf4d58510","name":"digitalservices","image":{"@type":"ImageObject","inLanguage":"de","@id":"https:\/\/secure.gravatar.com\/avatar\/af30f88a1904294c1f3eb09a9d7903eec4ffa18fa2cf40c28a8681014ecdfc20?s=96&d=mm&r=g","url":"https:\/\/secure.gravatar.com\/avatar\/af30f88a1904294c1f3eb09a9d7903eec4ffa18fa2cf40c28a8681014ecdfc20?s=96&d=mm&r=g","contentUrl":"https:\/\/secure.gravatar.com\/avatar\/af30f88a1904294c1f3eb09a9d7903eec4ffa18fa2cf40c28a8681014ecdfc20?s=96&d=mm&r=g","caption":"digitalservices"},"url":"https:\/\/www.dracmallorca.com\/blog\/de\/author\/digitalservices\/"}]}},"_links":{"self":[{"href":"https:\/\/www.dracmallorca.com\/blog\/de\/wp-json\/wp\/v2\/posts\/4008","targetHints":{"allow":["GET"]}}],"collection":[{"href":"https:\/\/www.dracmallorca.com\/blog\/de\/wp-json\/wp\/v2\/posts"}],"about":[{"href":"https:\/\/www.dracmallorca.com\/blog\/de\/wp-json\/wp\/v2\/types\/post"}],"author":[{"embeddable":true,"href":"https:\/\/www.dracmallorca.com\/blog\/de\/wp-json\/wp\/v2\/users\/3"}],"replies":[{"embeddable":true,"href":"https:\/\/www.dracmallorca.com\/blog\/de\/wp-json\/wp\/v2\/comments?post=4008"}],"version-history":[{"count":7,"href":"https:\/\/www.dracmallorca.com\/blog\/de\/wp-json\/wp\/v2\/posts\/4008\/revisions"}],"predecessor-version":[{"id":4015,"href":"https:\/\/www.dracmallorca.com\/blog\/de\/wp-json\/wp\/v2\/posts\/4008\/revisions\/4015"}],"wp:featuredmedia":[{"embeddable":true,"href":"https:\/\/www.dracmallorca.com\/blog\/de\/wp-json\/wp\/v2\/media\/3987"}],"wp:attachment":[{"href":"https:\/\/www.dracmallorca.com\/blog\/de\/wp-json\/wp\/v2\/media?parent=4008"}],"wp:term":[{"taxonomy":"category","embeddable":true,"href":"https:\/\/www.dracmallorca.com\/blog\/de\/wp-json\/wp\/v2\/categories?post=4008"},{"taxonomy":"post_tag","embeddable":true,"href":"https:\/\/www.dracmallorca.com\/blog\/de\/wp-json\/wp\/v2\/tags?post=4008"}],"curies":[{"name":"wp","href":"https:\/\/api.w.org\/{rel}","templated":true}]}}