{"id":3961,"date":"2025-11-26T12:21:16","date_gmt":"2025-11-26T12:21:16","guid":{"rendered":"https:\/\/www.dracmallorca.com\/blog\/der-zauber-mallorcas-zur-weihnachtszeit\/"},"modified":"2025-11-26T12:21:56","modified_gmt":"2025-11-26T12:21:56","slug":"der-zauber-mallorcas-zur-weihnachtszeit","status":"publish","type":"post","link":"https:\/\/www.dracmallorca.com\/blog\/de\/der-zauber-mallorcas-zur-weihnachtszeit\/","title":{"rendered":"Der Zauber Mallorcas zur Weihnachtszeit"},"content":{"rendered":"\t\t<div data-elementor-type=\"wp-post\" data-elementor-id=\"3961\" class=\"elementor elementor-3961 elementor-3906\" data-elementor-post-type=\"post\">\n\t\t\t\t<div class=\"elementor-element elementor-element-1644c69 e-flex e-con-boxed e-con e-parent\" data-id=\"1644c69\" data-element_type=\"container\" data-e-type=\"container\">\n\t\t\t\t\t<div class=\"e-con-inner\">\n\t\t\t\t<div class=\"elementor-element elementor-element-6216724d elementor-widget elementor-widget-text-editor\" data-id=\"6216724d\" data-element_type=\"widget\" data-e-type=\"widget\" data-widget_type=\"text-editor.default\">\n\t\t\t\t<div class=\"elementor-widget-container\">\n\t\t\t\t\t\t\t\t\t<p><span style=\"font-weight: 400;\">Ja, Mallorca kann auch zur Weihnachtszeit ein fantastisches Reiseziel sein! Auch wenn es nicht die naheliegendste Wahl ist, ist es doch eine sehr gute Option, wenn Sie etwas anderes suchen. Die Insel bewahrt sich ihren mediterranen Charakter; die Temperaturen sind milder als an vielen anderen Orten, und es ist leicht, Ruhe zu finden, ohne den touristischen Trubel des Sommers. Sie finden Krippen und Weihnachtsm\u00e4rkte, mit bunten Lichtern geschm\u00fcckte Stra\u00dfen und viele lustige Feste, sodass Sie sich in dieser Weihnachtszeit nicht langweilen werden.    <\/span><\/p><p><span style=\"font-weight: 400;\">Der S\u00fcden der Insel, insbesondere Santany\u00ed, ist ein perfekter Ort, um all dies zu erleben, denn sein Weihnachtsmarkt ist einer der spektakul\u00e4rsten, die Sie auf den Balearen finden werden. Dar\u00fcber hinaus macht das Ambiente dieses Ortes voller Kultur und Gastronomie ihn zu einer der besten Optionen f\u00fcr Ihren Aufenthalt. Entdecken Sie in diesem Artikel alle Gr\u00fcnde f\u00fcr einen Besuch Mallorcas zur Weihnachtszeit und schaffen Sie unvergessliche Erinnerungen.  <\/span><\/p>\t\t\t\t\t\t\t\t<\/div>\n\t\t\t\t<\/div>\n\t\t\t\t\t<\/div>\n\t\t\t\t<\/div>\n\t\t<div class=\"elementor-element elementor-element-5240a569 e-flex e-con-boxed e-con e-parent\" data-id=\"5240a569\" data-element_type=\"container\" data-e-type=\"container\">\n\t\t\t\t\t<div class=\"e-con-inner\">\n\t\t\t\t<div class=\"elementor-element elementor-element-21375101 elementor-widget elementor-widget-table-of-contents\" data-id=\"21375101\" data-element_type=\"widget\" data-e-type=\"widget\" data-settings=\"{&quot;headings_by_tags&quot;:[&quot;h2&quot;],&quot;exclude_headings_by_selector&quot;:[],&quot;marker_view&quot;:&quot;bullets&quot;,&quot;icon&quot;:{&quot;value&quot;:&quot;&quot;,&quot;library&quot;:&quot;&quot;},&quot;no_headings_message&quot;:&quot;No headings were found on this page.&quot;,&quot;hierarchical_view&quot;:&quot;yes&quot;,&quot;min_height&quot;:{&quot;unit&quot;:&quot;px&quot;,&quot;size&quot;:&quot;&quot;,&quot;sizes&quot;:[]},&quot;min_height_tablet&quot;:{&quot;unit&quot;:&quot;px&quot;,&quot;size&quot;:&quot;&quot;,&quot;sizes&quot;:[]},&quot;min_height_mobile&quot;:{&quot;unit&quot;:&quot;px&quot;,&quot;size&quot;:&quot;&quot;,&quot;sizes&quot;:[]}}\" data-widget_type=\"table-of-contents.default\">\n\t\t\t\t<div class=\"elementor-widget-container\">\n\t\t\t\t\t\t\t\t\t<div class=\"elementor-toc__header\">\n\t\t\t\t\t\t<div class=\"elementor-toc__header-title\">\n\t\t\t\tInhaltsverzeichnis\t\t\t<\/div>\n\t\t\t\t\t\t\t\t<\/div>\n\t\t\t\t<div id=\"elementor-toc__21375101\" class=\"elementor-toc__body\">\n\t\t\t<div class=\"elementor-toc__spinner-container\">\n\t\t\t\t<svg class=\"elementor-toc__spinner eicon-animation-spin e-font-icon-svg e-eicon-loading\" aria-hidden=\"true\" viewBox=\"0 0 1000 1000\" xmlns=\"http:\/\/www.w3.org\/2000\/svg\"><path d=\"M500 975V858C696 858 858 696 858 500S696 142 500 142 142 304 142 500H25C25 237 238 25 500 25S975 237 975 500 763 975 500 975Z\"><\/path><\/svg>\t\t\t<\/div>\n\t\t<\/div>\n\t\t\t\t\t\t<\/div>\n\t\t\t\t<\/div>\n\t\t\t\t\t<\/div>\n\t\t\t\t<\/div>\n\t\t<div class=\"elementor-element elementor-element-3ce8589e e-flex e-con-boxed e-con e-parent\" data-id=\"3ce8589e\" data-element_type=\"container\" data-e-type=\"container\">\n\t\t\t\t\t<div class=\"e-con-inner\">\n\t\t\t\t<div class=\"elementor-element elementor-element-232f0022 elementor-widget elementor-widget-heading\" data-id=\"232f0022\" data-element_type=\"widget\" data-e-type=\"widget\" data-widget_type=\"heading.default\">\n\t\t\t\t<div class=\"elementor-widget-container\">\n\t\t\t\t\t<h2 class=\"elementor-heading-title elementor-size-default\">Wann wird die Weihnachtsbeleuchtung auf Mallorca eingeschaltet?\n<\/h2>\t\t\t\t<\/div>\n\t\t\t\t<\/div>\n\t\t\t\t<div class=\"elementor-element elementor-element-22d21268 elementor-widget elementor-widget-text-editor\" data-id=\"22d21268\" data-element_type=\"widget\" data-e-type=\"widget\" data-widget_type=\"text-editor.default\">\n\t\t\t\t<div class=\"elementor-widget-container\">\n\t\t\t\t\t\t\t\t\t<p><span style=\"font-weight: 400;\">Um die Weihnachtszeit auf Mallorca einzul\u00e4uten, schaltet Palma Ende November die Lichter ein, und von diesem Moment an schlie\u00dfen sich alle D\u00f6rfer und Winkel der Insel mit ihren Dekorationen, traditionellen S\u00fc\u00dfigkeiten und Familientreffen der Feier an. Wenn Sie w\u00e4hrend des Einschaltens der Lichter auf der Insel sind, sollten Sie sich diesen aufregenden Moment nicht entgehen lassen, der Tausende von Menschen in der Hauptstadt zusammenbringt. Machen Sie einen Spaziergang durch die Hauptstra\u00dfen des Zentrums und genie\u00dfen Sie das Spektakel!  <\/span><\/p><p><span style=\"font-weight: 400;\">Weitere sehenswerte Orte auf der Insel sind S\u00f3ller und <\/span><a href=\"https:\/\/www.dracmallorca.com\/blog\/de\/santanyi-im-sueden-mallorcas\/\"><span style=\"font-weight: 400;\">Santany\u00ed<\/span><\/a><span style=\"font-weight: 400;\">, da sie den Weihnachtsgeist mit viel Eifer verk\u00f6rpern und ihre Pl\u00e4tze mit ihrer typischen Inselarchitektur, mit Lichtern und Weihnachtsdekorationen schm\u00fccken. Ihre Altst\u00e4dte werden mit M\u00e4rkten, Musik, Gl\u00fchwein und viel Animation zum Leben erweckt. <\/span><\/p>\t\t\t\t\t\t\t\t<\/div>\n\t\t\t\t<\/div>\n\t\t\t\t<div class=\"elementor-element elementor-element-9991e18 elementor-widget elementor-widget-image\" data-id=\"9991e18\" data-element_type=\"widget\" data-e-type=\"widget\" data-widget_type=\"image.default\">\n\t\t\t\t<div class=\"elementor-widget-container\">\n\t\t\t\t\t\t\t\t\t\t\t\t\t\t\t<img fetchpriority=\"high\" decoding=\"async\" width=\"1365\" height=\"682\" src=\"https:\/\/www.dracmallorca.com\/blog\/wp-content\/uploads\/2025\/11\/Luces-navidad-mallorca.jpg\" class=\"attachment-full size-full wp-image-3940\" alt=\"Luces-navidad-mallorca.jpg\" srcset=\"https:\/\/www.dracmallorca.com\/blog\/wp-content\/uploads\/2025\/11\/Luces-navidad-mallorca.jpg 1365w, https:\/\/www.dracmallorca.com\/blog\/wp-content\/uploads\/2025\/11\/Luces-navidad-mallorca-300x150.jpg 300w, https:\/\/www.dracmallorca.com\/blog\/wp-content\/uploads\/2025\/11\/Luces-navidad-mallorca-1024x512.jpg 1024w, https:\/\/www.dracmallorca.com\/blog\/wp-content\/uploads\/2025\/11\/Luces-navidad-mallorca-768x384.jpg 768w\" sizes=\"(max-width: 1365px) 100vw, 1365px\" \/>\t\t\t\t\t\t\t\t\t\t\t\t\t\t\t<\/div>\n\t\t\t\t<\/div>\n\t\t\t\t\t<\/div>\n\t\t\t\t<\/div>\n\t\t<div class=\"elementor-element elementor-element-0bf68d9 e-flex e-con-boxed e-con e-parent\" data-id=\"0bf68d9\" data-element_type=\"container\" data-e-type=\"container\">\n\t\t\t\t\t<div class=\"e-con-inner\">\n\t\t\t\t<div class=\"elementor-element elementor-element-39c5028 elementor-widget elementor-widget-heading\" data-id=\"39c5028\" data-element_type=\"widget\" data-e-type=\"widget\" data-widget_type=\"heading.default\">\n\t\t\t\t<div class=\"elementor-widget-container\">\n\t\t\t\t\t<h2 class=\"elementor-heading-title elementor-size-default\">Die sch\u00f6nsten Weihnachtsm\u00e4rkte Mallorcas<\/h2>\t\t\t\t<\/div>\n\t\t\t\t<\/div>\n\t\t\t\t<div class=\"elementor-element elementor-element-9a3baba elementor-widget elementor-widget-text-editor\" data-id=\"9a3baba\" data-element_type=\"widget\" data-e-type=\"widget\" data-widget_type=\"text-editor.default\">\n\t\t\t\t<div class=\"elementor-widget-container\">\n\t\t\t\t\t\t\t\t\t<p><span style=\"font-weight: 400;\">Auf den Weihnachtsm\u00e4rkten Mallorcas k\u00f6nnen Sie <\/span><a href=\"https:\/\/www.dracmallorca.com\/blog\/de\/das-essen-auf-mallorca-entdecken-sie-eine-fantastische-gastronomie\/\"><span style=\"font-weight: 400;\">die Gastronomie der Insel genie\u00dfen<\/span><\/a><span style=\"font-weight: 400;\">, das Kunsthandwerk lokaler K\u00fcnstler entdecken und ein besonderes Andenken an Ihre Reise kaufen. Einige der sch\u00f6nsten sind: <\/span><\/p>\t\t\t\t\t\t\t\t<\/div>\n\t\t\t\t<\/div>\n\t\t\t\t\t<\/div>\n\t\t\t\t<\/div>\n\t\t<div class=\"elementor-element elementor-element-e9fbf9e e-flex e-con-boxed e-con e-parent\" data-id=\"e9fbf9e\" data-element_type=\"container\" data-e-type=\"container\">\n\t\t\t\t\t<div class=\"e-con-inner\">\n\t\t<div class=\"elementor-element elementor-element-84b159d e-con-full e-flex e-con e-child\" data-id=\"84b159d\" data-element_type=\"container\" data-e-type=\"container\">\n\t\t\t\t<div class=\"elementor-element elementor-element-1d9846c elementor-widget elementor-widget-heading\" data-id=\"1d9846c\" data-element_type=\"widget\" data-e-type=\"widget\" data-widget_type=\"heading.default\">\n\t\t\t\t<div class=\"elementor-widget-container\">\n\t\t\t\t\t<h3 class=\"elementor-heading-title elementor-size-default\">Weihnachtsmarkt von Santany\u00ed<\/h3>\t\t\t\t<\/div>\n\t\t\t\t<\/div>\n\t\t\t\t<div class=\"elementor-element elementor-element-49da500d elementor-widget elementor-widget-text-editor\" data-id=\"49da500d\" data-element_type=\"widget\" data-e-type=\"widget\" data-widget_type=\"text-editor.default\">\n\t\t\t\t<div class=\"elementor-widget-container\">\n\t\t\t\t\t\t\t\t\t<p><span style=\"font-weight: 400;\">Der authentische und sehr lokale Weihnachtsmarkt von Santany\u00ed findet im Zentrum des Dorfes, in der Gegend der Pla\u00e7a Major, statt und ist bezaubernd. Hier finden Sie lokale Handwerker, die Kerzen, Keramik, Seifen und Kleidung herstellen, lokale gastronomische Produkte wie Sobrasada, Honig oder \u00d6l und viele Gesch\u00e4fte des Dorfes. Sie werden sich wie ein Einheimischer f\u00fchlen und nicht wie ein Tourist.  <\/span><\/p>\t\t\t\t\t\t\t\t<\/div>\n\t\t\t\t<\/div>\n\t\t\t\t<\/div>\n\t\t<div class=\"elementor-element elementor-element-5793927 e-con-full e-flex e-con e-child\" data-id=\"5793927\" data-element_type=\"container\" data-e-type=\"container\">\n\t\t\t\t<div class=\"elementor-element elementor-element-da9d2cb elementor-widget elementor-widget-heading\" data-id=\"da9d2cb\" data-element_type=\"widget\" data-e-type=\"widget\" data-widget_type=\"heading.default\">\n\t\t\t\t<div class=\"elementor-widget-container\">\n\t\t\t\t\t<h3 class=\"elementor-heading-title elementor-size-default\">Weihnachtsmarkt von Palma\n<\/h3>\t\t\t\t<\/div>\n\t\t\t\t<\/div>\n\t\t\t\t<div class=\"elementor-element elementor-element-b1b60f6 elementor-widget elementor-widget-text-editor\" data-id=\"b1b60f6\" data-element_type=\"widget\" data-e-type=\"widget\" data-widget_type=\"text-editor.default\">\n\t\t\t\t<div class=\"elementor-widget-container\">\n\t\t\t\t\t\t\t\t\t<p><span style=\"font-weight: 400;\">In der Hauptstadt bietet der Markt zahlreiche St\u00e4nde mit lokalen Produkten, sowohl gastronomischer als auch handwerklicher Art, und eine tolle Atmosph\u00e4re dank der Musik und der Dekorationen. Dies ist vielleicht der touristischste und bev\u00f6lkerungsreichste Markt der ganzen Insel, sodass Sie mit einigen Warteschlangen f\u00fcr die Aktivit\u00e4ten oder den Zugang zu den St\u00e4nden rechnen k\u00f6nnen. <\/span><\/p>\t\t\t\t\t\t\t\t<\/div>\n\t\t\t\t<\/div>\n\t\t\t\t<\/div>\n\t\t\t\t\t<\/div>\n\t\t\t\t<\/div>\n\t\t<div class=\"elementor-element elementor-element-32a29dd e-flex e-con-boxed e-con e-parent\" data-id=\"32a29dd\" data-element_type=\"container\" data-e-type=\"container\">\n\t\t\t\t\t<div class=\"e-con-inner\">\n\t\t<div class=\"elementor-element elementor-element-e06f747 e-con-full e-flex e-con e-child\" data-id=\"e06f747\" data-element_type=\"container\" data-e-type=\"container\">\n\t\t\t\t<div class=\"elementor-element elementor-element-83bf450 elementor-widget elementor-widget-heading\" data-id=\"83bf450\" data-element_type=\"widget\" data-e-type=\"widget\" data-widget_type=\"heading.default\">\n\t\t\t\t<div class=\"elementor-widget-container\">\n\t\t\t\t\t<h3 class=\"elementor-heading-title elementor-size-default\">Weihnachtsmarkt des Pueblo Espa\u00f1ol\n<\/h3>\t\t\t\t<\/div>\n\t\t\t\t<\/div>\n\t\t\t\t<div class=\"elementor-element elementor-element-29c6fc5 elementor-widget elementor-widget-text-editor\" data-id=\"29c6fc5\" data-element_type=\"widget\" data-e-type=\"widget\" data-widget_type=\"text-editor.default\">\n\t\t\t\t<div class=\"elementor-widget-container\">\n\t\t\t\t\t\t\t\t\t<p><span style=\"font-weight: 400;\">Dieser Weihnachtsmarkt Mallorcas simuliert ein typisches Weihnachtsdorf anderer Breitengrade mit Kunstschnee, vielen Aktivit\u00e4ten f\u00fcr Kinder und dem Charme, inmitten einiger der wichtigsten Monumente Spaniens zu stehen.<\/span><\/p>\t\t\t\t\t\t\t\t<\/div>\n\t\t\t\t<\/div>\n\t\t\t\t<\/div>\n\t\t<div class=\"elementor-element elementor-element-dae59c1 e-con-full e-flex e-con e-child\" data-id=\"dae59c1\" data-element_type=\"container\" data-e-type=\"container\">\n\t\t\t\t<div class=\"elementor-element elementor-element-3c3e3f0 elementor-widget elementor-widget-heading\" data-id=\"3c3e3f0\" data-element_type=\"widget\" data-e-type=\"widget\" data-widget_type=\"heading.default\">\n\t\t\t\t<div class=\"elementor-widget-container\">\n\t\t\t\t\t<h3 class=\"elementor-heading-title elementor-size-default\">Weihnachtsmarkt von Puerto Portals<\/h3>\t\t\t\t<\/div>\n\t\t\t\t<\/div>\n\t\t\t\t<div class=\"elementor-element elementor-element-13917c4 elementor-widget elementor-widget-text-editor\" data-id=\"13917c4\" data-element_type=\"widget\" data-e-type=\"widget\" data-widget_type=\"text-editor.default\">\n\t\t\t\t<div class=\"elementor-widget-container\">\n\t\t\t\t\t\t\t\t\t<p><span style=\"font-weight: 400;\">Es ist ein glamour\u00f6ser Markt mit mitteleurop\u00e4ischer Inspiration, auf dem Sie typische Weihnachtss\u00fc\u00dfigkeiten aus verschiedenen L\u00e4ndern probieren, die mehr als 40 H\u00fctten erkunden und sich auf der Eisbahn vergn\u00fcgen k\u00f6nnen: ein toller Plan f\u00fcr alle Altersgruppen!<\/span><\/p>\t\t\t\t\t\t\t\t<\/div>\n\t\t\t\t<\/div>\n\t\t\t\t<\/div>\n\t\t\t\t\t<\/div>\n\t\t\t\t<\/div>\n\t\t<div class=\"elementor-element elementor-element-2e7d2429 e-flex e-con-boxed e-con e-parent\" data-id=\"2e7d2429\" data-element_type=\"container\" data-e-type=\"container\">\n\t\t\t\t\t<div class=\"e-con-inner\">\n\t\t\t\t<div class=\"elementor-element elementor-element-a090815 elementor-widget elementor-widget-image\" data-id=\"a090815\" data-element_type=\"widget\" data-e-type=\"widget\" data-widget_type=\"image.default\">\n\t\t\t\t<div class=\"elementor-widget-container\">\n\t\t\t\t\t\t\t\t\t\t\t\t\t\t\t<img decoding=\"async\" width=\"1272\" height=\"635\" src=\"https:\/\/www.dracmallorca.com\/blog\/wp-content\/uploads\/2025\/11\/Mercadillo-de-Navidad-de-Mallorca.jpg\" class=\"attachment-full size-full wp-image-3944\" alt=\"Mercadillo-de-Navidad-de-Mallorca.jpg\" srcset=\"https:\/\/www.dracmallorca.com\/blog\/wp-content\/uploads\/2025\/11\/Mercadillo-de-Navidad-de-Mallorca.jpg 1272w, https:\/\/www.dracmallorca.com\/blog\/wp-content\/uploads\/2025\/11\/Mercadillo-de-Navidad-de-Mallorca-300x150.jpg 300w, https:\/\/www.dracmallorca.com\/blog\/wp-content\/uploads\/2025\/11\/Mercadillo-de-Navidad-de-Mallorca-1024x511.jpg 1024w, https:\/\/www.dracmallorca.com\/blog\/wp-content\/uploads\/2025\/11\/Mercadillo-de-Navidad-de-Mallorca-768x383.jpg 768w\" sizes=\"(max-width: 1272px) 100vw, 1272px\" \/>\t\t\t\t\t\t\t\t\t\t\t\t\t\t\t<\/div>\n\t\t\t\t<\/div>\n\t\t\t\t\t<\/div>\n\t\t\t\t<\/div>\n\t\t<div class=\"elementor-element elementor-element-72eb168 e-flex e-con-boxed e-con e-parent\" data-id=\"72eb168\" data-element_type=\"container\" data-e-type=\"container\">\n\t\t\t\t\t<div class=\"e-con-inner\">\n\t\t\t\t<div class=\"elementor-element elementor-element-ec007ab elementor-widget elementor-widget-text-editor\" data-id=\"ec007ab\" data-element_type=\"widget\" data-e-type=\"widget\" data-widget_type=\"text-editor.default\">\n\t\t\t\t<div class=\"elementor-widget-container\">\n\t\t\t\t\t\t\t\t\t<p><span style=\"font-weight: 400;\">Auf diesen Weihnachtsm\u00e4rkten Mallorcas k\u00f6nnen Sie Live-Musik, Workshops f\u00fcr die Kleinsten und Terrassen genie\u00dfen, um bei einem Glas Gl\u00fchwein die Atmosph\u00e4re und die Weihnachtslieder zu genie\u00dfen. Nicht zu vergessen die Wunder, die die   <\/span><a href=\"https:\/\/www.dracmallorca.com\/blog\/de\/besuchen-sie-die-schoensten-doerfer-mallorcas\/\"><span style=\"font-weight: 400;\">sch\u00f6nsten D\u00f6rfer Mallorcas<\/span><\/a><span style=\"font-weight: 400;\">.<\/span><\/p>\t\t\t\t\t\t\t\t<\/div>\n\t\t\t\t<\/div>\n\t\t\t\t\t<\/div>\n\t\t\t\t<\/div>\n\t\t<div class=\"elementor-element elementor-element-de6d103 e-flex e-con-boxed e-con e-parent\" data-id=\"de6d103\" data-element_type=\"container\" data-e-type=\"container\">\n\t\t\t\t\t<div class=\"e-con-inner\">\n\t\t\t\t<div class=\"elementor-element elementor-element-f414809 elementor-widget elementor-widget-heading\" data-id=\"f414809\" data-element_type=\"widget\" data-e-type=\"widget\" data-widget_type=\"heading.default\">\n\t\t\t\t<div class=\"elementor-widget-container\">\n\t\t\t\t\t<h2 class=\"elementor-heading-title elementor-size-default\">Was man auf Mallorca zu Weihnachten unternehmen kann: Pl\u00e4ne und Aktivit\u00e4ten<\/h2>\t\t\t\t<\/div>\n\t\t\t\t<\/div>\n\t\t\t\t<div class=\"elementor-element elementor-element-2496b71 elementor-widget elementor-widget-text-editor\" data-id=\"2496b71\" data-element_type=\"widget\" data-e-type=\"widget\" data-widget_type=\"text-editor.default\">\n\t\t\t\t<div class=\"elementor-widget-container\">\n\t\t\t\t\t\t\t\t\t<p><span style=\"font-weight: 400;\">Es gibt viel zu tun auf Mallorca zu Weihnachten, obwohl es ein ikonisches Urlaubsziel ist. Au\u00dferdem ist es mit weniger Touristen m\u00f6glich, die Insel in einem anderen Rhythmus und in der Tiefe zu entdecken. Sie werden sonnige Tage und angenehme Temperaturen haben, sodass alles zusammenkommt, um die perfekten Bedingungen zu schaffen f\u00fcr:  <\/span><\/p><ul><li style=\"font-weight: 400;\" aria-level=\"1\"><b>Erkundung der D\u00f6rfer im Landesinneren,<\/b><span style=\"font-weight: 400;\">  die im Sommer normalerweise \u201evergessen\u201c werden. Santany\u00ed, Campos, Costitx oder Petra. <\/span><\/li><li style=\"font-weight: 400;\" aria-level=\"1\"><b>Besuch der Krippen der Insel<\/b><span style=\"font-weight: 400;\">, wie die von Palma und Llucmajor.<\/span><\/li><li style=\"font-weight: 400;\" aria-level=\"1\"><b>Machen Sie eine gastronomische Route<\/b><span style=\"font-weight: 400;\">, um die Bunyols, Crespells und Robiols zu probieren, k\u00f6stliche typische S\u00fc\u00dfigkeiten.<\/span><\/li><li style=\"font-weight: 400;\" aria-level=\"1\"><b>Besuch von Weihnachtskonzerten<\/b><span style=\"font-weight: 400;\"> in verschiedenen Kirchen auf der ganzen Insel und auch im Auditorium von Palma.<\/span><\/li><li style=\"font-weight: 400;\" aria-level=\"1\"><b>Wandern auf Wegen und Pfaden, zu Fu\u00df oder mit dem Fahrrad<\/b><span style=\"font-weight: 400;\">. Wir empfehlen die Klippen in der Gegend von Cala Llombards und den Naturpark Mondrag\u00f3.<\/span><\/li><li style=\"font-weight: 400;\" aria-level=\"1\"><b>Verbringen Sie Silvester auf der Plaza Mayor von Palma<\/b><span>, essen Sie die Weintrauben und genie\u00dfen Sie das Feuerwerk.<\/span><\/li><\/ul>\t\t\t\t\t\t\t\t<\/div>\n\t\t\t\t<\/div>\n\t\t\t\t<div class=\"elementor-element elementor-element-dca21e2 elementor-widget elementor-widget-image\" data-id=\"dca21e2\" data-element_type=\"widget\" data-e-type=\"widget\" data-widget_type=\"image.default\">\n\t\t\t\t<div class=\"elementor-widget-container\">\n\t\t\t\t\t\t\t\t\t\t\t\t\t\t\t<img decoding=\"async\" width=\"1255\" height=\"627\" src=\"https:\/\/www.dracmallorca.com\/blog\/wp-content\/uploads\/2025\/11\/mercado-navidad-mallorca.jpg\" class=\"attachment-full size-full wp-image-3948\" alt=\"mercado-navidad-mallorca.jpg\" srcset=\"https:\/\/www.dracmallorca.com\/blog\/wp-content\/uploads\/2025\/11\/mercado-navidad-mallorca.jpg 1255w, https:\/\/www.dracmallorca.com\/blog\/wp-content\/uploads\/2025\/11\/mercado-navidad-mallorca-300x150.jpg 300w, https:\/\/www.dracmallorca.com\/blog\/wp-content\/uploads\/2025\/11\/mercado-navidad-mallorca-1024x512.jpg 1024w, https:\/\/www.dracmallorca.com\/blog\/wp-content\/uploads\/2025\/11\/mercado-navidad-mallorca-768x384.jpg 768w\" sizes=\"(max-width: 1255px) 100vw, 1255px\" \/>\t\t\t\t\t\t\t\t\t\t\t\t\t\t\t<\/div>\n\t\t\t\t<\/div>\n\t\t\t\t\t<\/div>\n\t\t\t\t<\/div>\n\t\t<div class=\"elementor-element elementor-element-2522c9f e-flex e-con-boxed e-con e-parent\" data-id=\"2522c9f\" data-element_type=\"container\" data-e-type=\"container\">\n\t\t\t\t\t<div class=\"e-con-inner\">\n\t\t\t\t<div class=\"elementor-element elementor-element-66bfad8 elementor-widget elementor-widget-heading\" data-id=\"66bfad8\" data-element_type=\"widget\" data-e-type=\"widget\" data-widget_type=\"heading.default\">\n\t\t\t\t<div class=\"elementor-widget-container\">\n\t\t\t\t\t<h2 class=\"elementor-heading-title elementor-size-default\">Mallorquinische Traditionen und Gastronomie<\/h2>\t\t\t\t<\/div>\n\t\t\t\t<\/div>\n\t\t\t\t<div class=\"elementor-element elementor-element-5ee4405 elementor-widget elementor-widget-text-editor\" data-id=\"5ee4405\" data-element_type=\"widget\" data-e-type=\"widget\" data-widget_type=\"text-editor.default\">\n\t\t\t\t<div class=\"elementor-widget-container\">\n\t\t\t\t\t\t\t\t\t<p><span style=\"font-weight: 400;\">Auf Mallorca finden Sie zu Weihnachten fantastische typische Gerichte; schlie\u00dflich sprechen wir von einer Insel mit viel Geschichte und Kultur. Einige der Gerichte, die Sie probieren sollten, sind Caldo de Nadal, Spanferkel aus dem Ofen, Turrones und Neulas, Ensaimada und die bereits erw\u00e4hnten Bunyols, Crespells und Robiols. <\/span><\/p><p><span style=\"font-weight: 400;\">Wenn Sie eine klassischere und formellere Tradition suchen, k\u00f6nnen Sie an der Misa del Gallo teilnehmen, die in der Nacht des 24. Dezember gefeiert wird, wo Sie den Gesang der \u201eSibil\u00b7la\u201c genie\u00dfen k\u00f6nnen, einem gregorianischen Gesang, der von der UNESCO zum immateriellen Kulturerbe der Menschheit erkl\u00e4rt wurde.<\/span><\/p>\t\t\t\t\t\t\t\t<\/div>\n\t\t\t\t<\/div>\n\t\t\t\t\t<\/div>\n\t\t\t\t<\/div>\n\t\t<div class=\"elementor-element elementor-element-16b8368 e-flex e-con-boxed e-con e-parent\" data-id=\"16b8368\" data-element_type=\"container\" data-e-type=\"container\">\n\t\t\t\t\t<div class=\"e-con-inner\">\n\t\t\t\t<div class=\"elementor-element elementor-element-2b99923 elementor-widget elementor-widget-heading\" data-id=\"2b99923\" data-element_type=\"widget\" data-e-type=\"widget\" data-widget_type=\"heading.default\">\n\t\t\t\t<div class=\"elementor-widget-container\">\n\t\t\t\t\t<h2 class=\"elementor-heading-title elementor-size-default\">Empfehlungen, um Weihnachten in Santany\u00ed zu genie\u00dfen<\/h2>\t\t\t\t<\/div>\n\t\t\t\t<\/div>\n\t\t\t\t<div class=\"elementor-element elementor-element-da4428c elementor-widget elementor-widget-text-editor\" data-id=\"da4428c\" data-element_type=\"widget\" data-e-type=\"widget\" data-widget_type=\"text-editor.default\">\n\t\t\t\t<div class=\"elementor-widget-container\">\n\t\t\t\t\t\t\t\t\t<p><span style=\"font-weight: 400;\">Unserer Meinung nach sind der S\u00fcden Mallorcas und insbesondere Santany\u00ed die beste Option, um auf der Insel zu \u00fcbernachten und Weihnachten zu genie\u00dfen. Wir erz\u00e4hlen Ihnen von einigen der besten Aktivit\u00e4ten, die Sie unternehmen k\u00f6nnen: <\/span><\/p><ul><li style=\"font-weight: 400;\" aria-level=\"1\"><span style=\"font-weight: 400;\">Erkunden Sie die wildeste Natur der Insel im <\/span><b>Naturpark Mondrag\u00f3<\/b><span style=\"font-weight: 400;\">.<\/span><\/li><li style=\"font-weight: 400;\" aria-level=\"1\"><span style=\"font-weight: 400;\">Spazieren Sie durch die kleinen, aber charmanten D\u00f6rfer <\/span><b>Campos und Ses Salines<\/b><span style=\"font-weight: 400;\">.<\/span><\/li><li style=\"font-weight: 400;\" aria-level=\"1\"><b>Probieren Sie die Weihnachts-Gastronomie auf Mallorca<\/b><span style=\"font-weight: 400;\"> in einigen der besten Restaurants von Santany\u00ed.<\/span><\/li><li style=\"font-weight: 400;\" aria-level=\"1\"><span style=\"font-weight: 400;\">Besuchen Sie einige der besten <\/span><b>Buchten und <\/b><a href=\"https:\/\/www.dracmallorca.com\/blog\/de\/mirador-es-pontas-2\/\"><b>Aussichtspunkte<\/b><span style=\"font-weight: 400;\"> der Insel<\/span><\/a><span style=\"font-weight: 400;\">, die im Sommer normalerweise sehr voll sind. Auch wenn Sie den Strand nicht genie\u00dfen k\u00f6nnen, k\u00f6nnen Sie die Aussicht genie\u00dfen und die Ruhe des Mittelmeers sp\u00fcren. <\/span><\/li><\/ul>\t\t\t\t\t\t\t\t<\/div>\n\t\t\t\t<\/div>\n\t\t\t\t\t<\/div>\n\t\t\t\t<\/div>\n\t\t<div class=\"elementor-element elementor-element-287d6c8 e-flex e-con-boxed e-con e-parent\" data-id=\"287d6c8\" data-element_type=\"container\" data-e-type=\"container\">\n\t\t\t\t\t<div class=\"e-con-inner\">\n\t\t\t\t<div class=\"elementor-element elementor-element-94ddb2d elementor-widget elementor-widget-heading\" data-id=\"94ddb2d\" data-element_type=\"widget\" data-e-type=\"widget\" data-widget_type=\"heading.default\">\n\t\t\t\t<div class=\"elementor-widget-container\">\n\t\t\t\t\t<h2 class=\"elementor-heading-title elementor-size-default\">Kommen Sie und erleben Sie den Zauber von Weihnachten auf Mallorca<\/h2>\t\t\t\t<\/div>\n\t\t\t\t<\/div>\n\t\t\t\t<div class=\"elementor-element elementor-element-7101056 elementor-widget elementor-widget-text-editor\" data-id=\"7101056\" data-element_type=\"widget\" data-e-type=\"widget\" data-widget_type=\"text-editor.default\">\n\t\t\t\t<div class=\"elementor-widget-container\">\n\t\t\t\t\t\t\t\t\t<p><span style=\"font-weight: 400;\">Entdecken Sie Weihnachten auf Mallorca, ein anderes und ganz besonderes Erlebnis. Es wird empfohlen, den S\u00fcden der Insel als Ausgangspunkt f\u00fcr die Erkundung zu w\u00e4hlen, da die Temperaturen milder sind und der Weihnachtsgeist in dieser Gegend traditioneller ist. Auch das Essen wird Sie nicht gleichg\u00fcltig lassen, und in Santany\u00ed finden Sie fantastische Restaurants.  <\/span><\/p><p><span style=\"font-weight: 400;\">Wenn Sie die perfekte Unterkunft f\u00fcr sich und Ihre Lieben in dieser Weihnachtszeit suchen, haben wir gute Nachrichten: in <\/span><a href=\"https:\/\/www.dracmallorca.com\/\"><span style=\"font-weight: 400;\">Drac Mallorca<\/span><\/a><span style=\"font-weight: 400;\">  haben wir den perfekten Ort f\u00fcr Sie, um sich auszuruhen und die Intimit\u00e4t mit allem Komfort zu genie\u00dfen. Es sind perfekte Unterk\u00fcnfte, um Mallorca zu entdecken, mit einem unvergleichlichen Service und fantastischen Preisen. Buchen Sie jetzt online und erleben Sie den Zauber von Weihnachten auf Mallorca.  <\/span><\/p>\t\t\t\t\t\t\t\t<\/div>\n\t\t\t\t<\/div>\n\t\t\t\t\t<\/div>\n\t\t\t\t<\/div>\n\t\t<div class=\"elementor-element elementor-element-3bdbd95 e-flex e-con-boxed e-con e-parent\" data-id=\"3bdbd95\" data-element_type=\"container\" data-e-type=\"container\">\n\t\t\t\t\t<div class=\"e-con-inner\">\n\t\t\t\t\t<\/div>\n\t\t\t\t<\/div>\n\t\t\t\t<section class=\"elementor-section elementor-inner-section elementor-element elementor-element-6fabdae3 elementor-section-boxed elementor-section-height-default elementor-section-height-default\" data-id=\"6fabdae3\" data-element_type=\"section\" data-e-type=\"section\">\n\t\t\t\t\t\t<div class=\"elementor-container elementor-column-gap-default\">\n\t\t\t\t\t<div class=\"elementor-column elementor-col-33 elementor-inner-column elementor-element elementor-element-3fc2eea7\" data-id=\"3fc2eea7\" data-element_type=\"column\" data-e-type=\"column\">\n\t\t\t<div class=\"elementor-widget-wrap elementor-element-populated\">\n\t\t\t\t\t\t<div class=\"elementor-element elementor-element-5558aabb elementor-cta--skin-cover elementor-animated-content elementor-bg-transform elementor-bg-transform-zoom-in elementor-widget elementor-widget-call-to-action\" data-id=\"5558aabb\" data-element_type=\"widget\" data-e-type=\"widget\" data-widget_type=\"call-to-action.default\">\n\t\t\t\t<div class=\"elementor-widget-container\">\n\t\t\t\t\t\t\t<a class=\"elementor-cta\" href=\"https:\/\/www.dracmallorca.com\/alojamiento-en-santanyi\/\">\n\t\t\t\t\t<div class=\"elementor-cta__bg-wrapper\">\n\t\t\t\t<div class=\"elementor-cta__bg elementor-bg\" style=\"background-image: url(https:\/\/www.dracmallorca.com\/blog\/wp-content\/uploads\/2022\/02\/vivir-en-santanyi.jpg);\" role=\"img\" aria-label=\"vivir en santanyi\"><\/div>\n\t\t\t\t<div class=\"elementor-cta__bg-overlay\"><\/div>\n\t\t\t<\/div>\n\t\t\t\t\t\t\t<div class=\"elementor-cta__content\">\n\t\t\t\t\n\t\t\t\t\t\t\t\t\t<h3 class=\"elementor-cta__title elementor-cta__content-item elementor-content-item elementor-animated-item--grow\">\n\t\t\t\t\t\tSantanyi\t\t\t\t\t<\/h3>\n\t\t\t\t\n\t\t\t\t\n\t\t\t\t\t\t\t<\/div>\n\t\t\t\t\t\t<\/a>\n\t\t\t\t\t\t<\/div>\n\t\t\t\t<\/div>\n\t\t\t\t\t<\/div>\n\t\t<\/div>\n\t\t\t\t<div class=\"elementor-column elementor-col-33 elementor-inner-column elementor-element elementor-element-118824d8\" data-id=\"118824d8\" data-element_type=\"column\" data-e-type=\"column\">\n\t\t\t<div class=\"elementor-widget-wrap elementor-element-populated\">\n\t\t\t\t\t\t<div class=\"elementor-element elementor-element-f91a718 elementor-cta--skin-cover elementor-animated-content elementor-bg-transform elementor-bg-transform-zoom-in elementor-widget elementor-widget-call-to-action\" data-id=\"f91a718\" data-element_type=\"widget\" data-e-type=\"widget\" data-widget_type=\"call-to-action.default\">\n\t\t\t\t<div class=\"elementor-widget-container\">\n\t\t\t\t\t\t\t<a class=\"elementor-cta\" href=\"https:\/\/www.dracmallorca.com\/alquiler\/alquileres-porto-petro-d9104\/\">\n\t\t\t\t\t<div class=\"elementor-cta__bg-wrapper\">\n\t\t\t\t<div class=\"elementor-cta__bg elementor-bg\" style=\"background-image: url(https:\/\/www.dracmallorca.com\/blog\/wp-content\/uploads\/2024\/05\/Porto-Petro.webp);\" role=\"img\" aria-label=\"Porto Petro\"><\/div>\n\t\t\t\t<div class=\"elementor-cta__bg-overlay\"><\/div>\n\t\t\t<\/div>\n\t\t\t\t\t\t\t<div class=\"elementor-cta__content\">\n\t\t\t\t\n\t\t\t\t\t\t\t\t\t<h3 class=\"elementor-cta__title elementor-cta__content-item elementor-content-item elementor-animated-item--grow\">\n\t\t\t\t\t\tPorto Petro\t\t\t\t\t<\/h3>\n\t\t\t\t\n\t\t\t\t\n\t\t\t\t\t\t\t<\/div>\n\t\t\t\t\t\t<\/a>\n\t\t\t\t\t\t<\/div>\n\t\t\t\t<\/div>\n\t\t\t\t\t<\/div>\n\t\t<\/div>\n\t\t\t\t<div class=\"elementor-column elementor-col-33 elementor-inner-column elementor-element elementor-element-369a0c45\" data-id=\"369a0c45\" data-element_type=\"column\" data-e-type=\"column\">\n\t\t\t<div class=\"elementor-widget-wrap elementor-element-populated\">\n\t\t\t\t\t\t<div class=\"elementor-element elementor-element-6f6dda85 elementor-cta--skin-cover elementor-animated-content elementor-bg-transform elementor-bg-transform-zoom-in elementor-widget elementor-widget-call-to-action\" data-id=\"6f6dda85\" data-element_type=\"widget\" data-e-type=\"widget\" data-widget_type=\"call-to-action.default\">\n\t\t\t\t<div class=\"elementor-widget-container\">\n\t\t\t\t\t\t\t<a class=\"elementor-cta\" href=\"https:\/\/www.dracmallorca.com\/alquiler-vacacional-cala-figuera\/\">\n\t\t\t\t\t<div class=\"elementor-cta__bg-wrapper\">\n\t\t\t\t<div class=\"elementor-cta__bg elementor-bg\" style=\"background-image: url(https:\/\/www.dracmallorca.com\/blog\/wp-content\/uploads\/2024\/03\/beach-cala-figuera-santanyi.jpg);\" role=\"img\" aria-label=\"beach-cala-figuera-santanyi\"><\/div>\n\t\t\t\t<div class=\"elementor-cta__bg-overlay\"><\/div>\n\t\t\t<\/div>\n\t\t\t\t\t\t\t<div class=\"elementor-cta__content\">\n\t\t\t\t\n\t\t\t\t\t\t\t\t\t<h3 class=\"elementor-cta__title elementor-cta__content-item elementor-content-item elementor-animated-item--grow\">\n\t\t\t\t\t\tCala Figuera\t\t\t\t\t<\/h3>\n\t\t\t\t\n\t\t\t\t\n\t\t\t\t\t\t\t<\/div>\n\t\t\t\t\t\t<\/a>\n\t\t\t\t\t\t<\/div>\n\t\t\t\t<\/div>\n\t\t\t\t\t<\/div>\n\t\t<\/div>\n\t\t\t\t\t<\/div>\n\t\t<\/section>\n\t\t\t\t<\/div>\n\t\t","protected":false},"excerpt":{"rendered":"<p>Ja, Mallorca kann auch zur Weihnachtszeit ein fantastisches Reiseziel sein! Auch wenn es nicht die naheliegendste Wahl ist, ist es doch eine sehr gute Option, wenn Sie etwas anderes suchen. Die Insel bewahrt sich ihren mediterranen Charakter; die Temperaturen sind milder als an vielen anderen Orten, und es ist leicht, Ruhe zu finden, ohne den [&hellip;]<\/p>\n","protected":false},"author":4,"featured_media":3952,"comment_status":"open","ping_status":"closed","sticky":false,"template":"","format":"standard","meta":{"footnotes":""},"categories":[99],"tags":[],"class_list":["post-3961","post","type-post","status-publish","format-standard","has-post-thumbnail","hentry","category-mallorca-de"],"yoast_head":"<!-- This site is optimized with the Yoast SEO plugin v27.4 - https:\/\/yoast.com\/product\/yoast-seo-wordpress\/ -->\n<title>Der Zauber Mallorcas zur Weihnachtszeit - Experiencias y actividades en Mallorca<\/title>\n<meta name=\"description\" content=\"Verbringen Sie die sch\u00f6nste Weihnachtszeit auf Mallorca. Eine ideale M\u00f6glichkeit, diese Jahreszeit am Meer zu feiern.\" \/>\n<meta name=\"robots\" content=\"index, follow, max-snippet:-1, max-image-preview:large, max-video-preview:-1\" \/>\n<link rel=\"canonical\" href=\"https:\/\/www.dracmallorca.com\/blog\/de\/der-zauber-mallorcas-zur-weihnachtszeit\/\" \/>\n<meta property=\"og:locale\" content=\"de_DE\" \/>\n<meta property=\"og:type\" content=\"article\" \/>\n<meta property=\"og:title\" content=\"Der Zauber Mallorcas zur Weihnachtszeit - Experiencias y actividades en Mallorca\" \/>\n<meta property=\"og:description\" content=\"Verbringen Sie die sch\u00f6nste Weihnachtszeit auf Mallorca. Eine ideale M\u00f6glichkeit, diese Jahreszeit am Meer zu feiern.\" \/>\n<meta property=\"og:url\" content=\"https:\/\/www.dracmallorca.com\/blog\/de\/der-zauber-mallorcas-zur-weihnachtszeit\/\" \/>\n<meta property=\"og:site_name\" content=\"Experiencias y actividades en Mallorca\" \/>\n<meta property=\"article:published_time\" content=\"2025-11-26T12:21:16+00:00\" \/>\n<meta property=\"article:modified_time\" content=\"2025-11-26T12:21:56+00:00\" \/>\n<meta property=\"og:image\" content=\"https:\/\/www.dracmallorca.com\/blog\/wp-content\/uploads\/2025\/11\/descubre-navidad-en-mallorca.jpg\" \/>\n\t<meta property=\"og:image:width\" content=\"2121\" \/>\n\t<meta property=\"og:image:height\" content=\"707\" \/>\n\t<meta property=\"og:image:type\" content=\"image\/jpeg\" \/>\n<meta name=\"author\" content=\"Rui\" \/>\n<meta name=\"twitter:card\" content=\"summary_large_image\" \/>\n<meta name=\"twitter:label1\" content=\"Verfasst von\" \/>\n\t<meta name=\"twitter:data1\" content=\"Rui\" \/>\n\t<meta name=\"twitter:label2\" content=\"Gesch\u00e4tzte Lesezeit\" \/>\n\t<meta name=\"twitter:data2\" content=\"6\u00a0Minuten\" \/>\n<script type=\"application\/ld+json\" class=\"yoast-schema-graph\">{\"@context\":\"https:\\\/\\\/schema.org\",\"@graph\":[{\"@type\":\"Article\",\"@id\":\"https:\\\/\\\/www.dracmallorca.com\\\/blog\\\/de\\\/der-zauber-mallorcas-zur-weihnachtszeit\\\/#article\",\"isPartOf\":{\"@id\":\"https:\\\/\\\/www.dracmallorca.com\\\/blog\\\/de\\\/der-zauber-mallorcas-zur-weihnachtszeit\\\/\"},\"author\":{\"name\":\"Rui\",\"@id\":\"https:\\\/\\\/www.dracmallorca.com\\\/blog\\\/#\\\/schema\\\/person\\\/9de1ab77468d5df7c1d00753e6da758a\"},\"headline\":\"Der Zauber Mallorcas zur Weihnachtszeit\",\"datePublished\":\"2025-11-26T12:21:16+00:00\",\"dateModified\":\"2025-11-26T12:21:56+00:00\",\"mainEntityOfPage\":{\"@id\":\"https:\\\/\\\/www.dracmallorca.com\\\/blog\\\/de\\\/der-zauber-mallorcas-zur-weihnachtszeit\\\/\"},\"wordCount\":1148,\"commentCount\":0,\"publisher\":{\"@id\":\"https:\\\/\\\/www.dracmallorca.com\\\/blog\\\/#organization\"},\"image\":{\"@id\":\"https:\\\/\\\/www.dracmallorca.com\\\/blog\\\/de\\\/der-zauber-mallorcas-zur-weihnachtszeit\\\/#primaryimage\"},\"thumbnailUrl\":\"https:\\\/\\\/www.dracmallorca.com\\\/blog\\\/wp-content\\\/uploads\\\/2025\\\/11\\\/descubre-navidad-en-mallorca.jpg\",\"articleSection\":[\"Mallorca\"],\"inLanguage\":\"de\",\"potentialAction\":[{\"@type\":\"CommentAction\",\"name\":\"Comment\",\"target\":[\"https:\\\/\\\/www.dracmallorca.com\\\/blog\\\/de\\\/der-zauber-mallorcas-zur-weihnachtszeit\\\/#respond\"]}]},{\"@type\":\"WebPage\",\"@id\":\"https:\\\/\\\/www.dracmallorca.com\\\/blog\\\/de\\\/der-zauber-mallorcas-zur-weihnachtszeit\\\/\",\"url\":\"https:\\\/\\\/www.dracmallorca.com\\\/blog\\\/de\\\/der-zauber-mallorcas-zur-weihnachtszeit\\\/\",\"name\":\"Der Zauber Mallorcas zur Weihnachtszeit - Experiencias y actividades en Mallorca\",\"isPartOf\":{\"@id\":\"https:\\\/\\\/www.dracmallorca.com\\\/blog\\\/#website\"},\"primaryImageOfPage\":{\"@id\":\"https:\\\/\\\/www.dracmallorca.com\\\/blog\\\/de\\\/der-zauber-mallorcas-zur-weihnachtszeit\\\/#primaryimage\"},\"image\":{\"@id\":\"https:\\\/\\\/www.dracmallorca.com\\\/blog\\\/de\\\/der-zauber-mallorcas-zur-weihnachtszeit\\\/#primaryimage\"},\"thumbnailUrl\":\"https:\\\/\\\/www.dracmallorca.com\\\/blog\\\/wp-content\\\/uploads\\\/2025\\\/11\\\/descubre-navidad-en-mallorca.jpg\",\"datePublished\":\"2025-11-26T12:21:16+00:00\",\"dateModified\":\"2025-11-26T12:21:56+00:00\",\"description\":\"Verbringen Sie die sch\u00f6nste Weihnachtszeit auf Mallorca. Eine ideale M\u00f6glichkeit, diese Jahreszeit am Meer zu feiern.\",\"inLanguage\":\"de\",\"potentialAction\":[{\"@type\":\"ReadAction\",\"target\":[\"https:\\\/\\\/www.dracmallorca.com\\\/blog\\\/de\\\/der-zauber-mallorcas-zur-weihnachtszeit\\\/\"]}]},{\"@type\":\"ImageObject\",\"inLanguage\":\"de\",\"@id\":\"https:\\\/\\\/www.dracmallorca.com\\\/blog\\\/de\\\/der-zauber-mallorcas-zur-weihnachtszeit\\\/#primaryimage\",\"url\":\"https:\\\/\\\/www.dracmallorca.com\\\/blog\\\/wp-content\\\/uploads\\\/2025\\\/11\\\/descubre-navidad-en-mallorca.jpg\",\"contentUrl\":\"https:\\\/\\\/www.dracmallorca.com\\\/blog\\\/wp-content\\\/uploads\\\/2025\\\/11\\\/descubre-navidad-en-mallorca.jpg\",\"width\":2121,\"height\":707,\"caption\":\"Lisbon, Portugal - December 21, 2023: Rossio Square in Lisbon illuminated by warm Christmas lights and decorated market stalls. The charming wooden huts, festive ornaments, and glowing trees create a cozy atmosphere.\"},{\"@type\":\"WebSite\",\"@id\":\"https:\\\/\\\/www.dracmallorca.com\\\/blog\\\/#website\",\"url\":\"https:\\\/\\\/www.dracmallorca.com\\\/blog\\\/\",\"name\":\"Experiencias y actividades en Mallorca\",\"description\":\"Drac Mallorca\",\"publisher\":{\"@id\":\"https:\\\/\\\/www.dracmallorca.com\\\/blog\\\/#organization\"},\"potentialAction\":[{\"@type\":\"SearchAction\",\"target\":{\"@type\":\"EntryPoint\",\"urlTemplate\":\"https:\\\/\\\/www.dracmallorca.com\\\/blog\\\/?s={search_term_string}\"},\"query-input\":{\"@type\":\"PropertyValueSpecification\",\"valueRequired\":true,\"valueName\":\"search_term_string\"}}],\"inLanguage\":\"de\"},{\"@type\":\"Organization\",\"@id\":\"https:\\\/\\\/www.dracmallorca.com\\\/blog\\\/#organization\",\"name\":\"Experiencias y actividades en Mallorca\",\"url\":\"https:\\\/\\\/www.dracmallorca.com\\\/blog\\\/\",\"logo\":{\"@type\":\"ImageObject\",\"inLanguage\":\"de\",\"@id\":\"https:\\\/\\\/www.dracmallorca.com\\\/blog\\\/#\\\/schema\\\/logo\\\/image\\\/\",\"url\":\"https:\\\/\\\/www.dracmallorca.com\\\/blog\\\/wp-content\\\/uploads\\\/2023\\\/11\\\/logo-8.png\",\"contentUrl\":\"https:\\\/\\\/www.dracmallorca.com\\\/blog\\\/wp-content\\\/uploads\\\/2023\\\/11\\\/logo-8.png\",\"width\":869,\"height\":248,\"caption\":\"Experiencias y actividades en Mallorca\"},\"image\":{\"@id\":\"https:\\\/\\\/www.dracmallorca.com\\\/blog\\\/#\\\/schema\\\/logo\\\/image\\\/\"}},{\"@type\":\"Person\",\"@id\":\"https:\\\/\\\/www.dracmallorca.com\\\/blog\\\/#\\\/schema\\\/person\\\/9de1ab77468d5df7c1d00753e6da758a\",\"name\":\"Rui\",\"image\":{\"@type\":\"ImageObject\",\"inLanguage\":\"de\",\"@id\":\"https:\\\/\\\/secure.gravatar.com\\\/avatar\\\/a38ee8cdbacfab6e36a7213a319aecff60b0580665839c1ae56aa02edbe73002?s=96&d=mm&r=g\",\"url\":\"https:\\\/\\\/secure.gravatar.com\\\/avatar\\\/a38ee8cdbacfab6e36a7213a319aecff60b0580665839c1ae56aa02edbe73002?s=96&d=mm&r=g\",\"contentUrl\":\"https:\\\/\\\/secure.gravatar.com\\\/avatar\\\/a38ee8cdbacfab6e36a7213a319aecff60b0580665839c1ae56aa02edbe73002?s=96&d=mm&r=g\",\"caption\":\"Rui\"},\"url\":\"https:\\\/\\\/www.dracmallorca.com\\\/blog\\\/de\\\/author\\\/rui\\\/\"}]}<\/script>\n<!-- \/ Yoast SEO plugin. -->","yoast_head_json":{"title":"Der Zauber Mallorcas zur Weihnachtszeit - Experiencias y actividades en Mallorca","description":"Verbringen Sie die sch\u00f6nste Weihnachtszeit auf Mallorca. Eine ideale M\u00f6glichkeit, diese Jahreszeit am Meer zu feiern.","robots":{"index":"index","follow":"follow","max-snippet":"max-snippet:-1","max-image-preview":"max-image-preview:large","max-video-preview":"max-video-preview:-1"},"canonical":"https:\/\/www.dracmallorca.com\/blog\/de\/der-zauber-mallorcas-zur-weihnachtszeit\/","og_locale":"de_DE","og_type":"article","og_title":"Der Zauber Mallorcas zur Weihnachtszeit - Experiencias y actividades en Mallorca","og_description":"Verbringen Sie die sch\u00f6nste Weihnachtszeit auf Mallorca. Eine ideale M\u00f6glichkeit, diese Jahreszeit am Meer zu feiern.","og_url":"https:\/\/www.dracmallorca.com\/blog\/de\/der-zauber-mallorcas-zur-weihnachtszeit\/","og_site_name":"Experiencias y actividades en Mallorca","article_published_time":"2025-11-26T12:21:16+00:00","article_modified_time":"2025-11-26T12:21:56+00:00","og_image":[{"width":2121,"height":707,"url":"https:\/\/www.dracmallorca.com\/blog\/wp-content\/uploads\/2025\/11\/descubre-navidad-en-mallorca.jpg","type":"image\/jpeg"}],"author":"Rui","twitter_card":"summary_large_image","twitter_misc":{"Verfasst von":"Rui","Gesch\u00e4tzte Lesezeit":"6\u00a0Minuten"},"schema":{"@context":"https:\/\/schema.org","@graph":[{"@type":"Article","@id":"https:\/\/www.dracmallorca.com\/blog\/de\/der-zauber-mallorcas-zur-weihnachtszeit\/#article","isPartOf":{"@id":"https:\/\/www.dracmallorca.com\/blog\/de\/der-zauber-mallorcas-zur-weihnachtszeit\/"},"author":{"name":"Rui","@id":"https:\/\/www.dracmallorca.com\/blog\/#\/schema\/person\/9de1ab77468d5df7c1d00753e6da758a"},"headline":"Der Zauber Mallorcas zur Weihnachtszeit","datePublished":"2025-11-26T12:21:16+00:00","dateModified":"2025-11-26T12:21:56+00:00","mainEntityOfPage":{"@id":"https:\/\/www.dracmallorca.com\/blog\/de\/der-zauber-mallorcas-zur-weihnachtszeit\/"},"wordCount":1148,"commentCount":0,"publisher":{"@id":"https:\/\/www.dracmallorca.com\/blog\/#organization"},"image":{"@id":"https:\/\/www.dracmallorca.com\/blog\/de\/der-zauber-mallorcas-zur-weihnachtszeit\/#primaryimage"},"thumbnailUrl":"https:\/\/www.dracmallorca.com\/blog\/wp-content\/uploads\/2025\/11\/descubre-navidad-en-mallorca.jpg","articleSection":["Mallorca"],"inLanguage":"de","potentialAction":[{"@type":"CommentAction","name":"Comment","target":["https:\/\/www.dracmallorca.com\/blog\/de\/der-zauber-mallorcas-zur-weihnachtszeit\/#respond"]}]},{"@type":"WebPage","@id":"https:\/\/www.dracmallorca.com\/blog\/de\/der-zauber-mallorcas-zur-weihnachtszeit\/","url":"https:\/\/www.dracmallorca.com\/blog\/de\/der-zauber-mallorcas-zur-weihnachtszeit\/","name":"Der Zauber Mallorcas zur Weihnachtszeit - Experiencias y actividades en Mallorca","isPartOf":{"@id":"https:\/\/www.dracmallorca.com\/blog\/#website"},"primaryImageOfPage":{"@id":"https:\/\/www.dracmallorca.com\/blog\/de\/der-zauber-mallorcas-zur-weihnachtszeit\/#primaryimage"},"image":{"@id":"https:\/\/www.dracmallorca.com\/blog\/de\/der-zauber-mallorcas-zur-weihnachtszeit\/#primaryimage"},"thumbnailUrl":"https:\/\/www.dracmallorca.com\/blog\/wp-content\/uploads\/2025\/11\/descubre-navidad-en-mallorca.jpg","datePublished":"2025-11-26T12:21:16+00:00","dateModified":"2025-11-26T12:21:56+00:00","description":"Verbringen Sie die sch\u00f6nste Weihnachtszeit auf Mallorca. Eine ideale M\u00f6glichkeit, diese Jahreszeit am Meer zu feiern.","inLanguage":"de","potentialAction":[{"@type":"ReadAction","target":["https:\/\/www.dracmallorca.com\/blog\/de\/der-zauber-mallorcas-zur-weihnachtszeit\/"]}]},{"@type":"ImageObject","inLanguage":"de","@id":"https:\/\/www.dracmallorca.com\/blog\/de\/der-zauber-mallorcas-zur-weihnachtszeit\/#primaryimage","url":"https:\/\/www.dracmallorca.com\/blog\/wp-content\/uploads\/2025\/11\/descubre-navidad-en-mallorca.jpg","contentUrl":"https:\/\/www.dracmallorca.com\/blog\/wp-content\/uploads\/2025\/11\/descubre-navidad-en-mallorca.jpg","width":2121,"height":707,"caption":"Lisbon, Portugal - December 21, 2023: Rossio Square in Lisbon illuminated by warm Christmas lights and decorated market stalls. The charming wooden huts, festive ornaments, and glowing trees create a cozy atmosphere."},{"@type":"WebSite","@id":"https:\/\/www.dracmallorca.com\/blog\/#website","url":"https:\/\/www.dracmallorca.com\/blog\/","name":"Experiencias y actividades en Mallorca","description":"Drac Mallorca","publisher":{"@id":"https:\/\/www.dracmallorca.com\/blog\/#organization"},"potentialAction":[{"@type":"SearchAction","target":{"@type":"EntryPoint","urlTemplate":"https:\/\/www.dracmallorca.com\/blog\/?s={search_term_string}"},"query-input":{"@type":"PropertyValueSpecification","valueRequired":true,"valueName":"search_term_string"}}],"inLanguage":"de"},{"@type":"Organization","@id":"https:\/\/www.dracmallorca.com\/blog\/#organization","name":"Experiencias y actividades en Mallorca","url":"https:\/\/www.dracmallorca.com\/blog\/","logo":{"@type":"ImageObject","inLanguage":"de","@id":"https:\/\/www.dracmallorca.com\/blog\/#\/schema\/logo\/image\/","url":"https:\/\/www.dracmallorca.com\/blog\/wp-content\/uploads\/2023\/11\/logo-8.png","contentUrl":"https:\/\/www.dracmallorca.com\/blog\/wp-content\/uploads\/2023\/11\/logo-8.png","width":869,"height":248,"caption":"Experiencias y actividades en Mallorca"},"image":{"@id":"https:\/\/www.dracmallorca.com\/blog\/#\/schema\/logo\/image\/"}},{"@type":"Person","@id":"https:\/\/www.dracmallorca.com\/blog\/#\/schema\/person\/9de1ab77468d5df7c1d00753e6da758a","name":"Rui","image":{"@type":"ImageObject","inLanguage":"de","@id":"https:\/\/secure.gravatar.com\/avatar\/a38ee8cdbacfab6e36a7213a319aecff60b0580665839c1ae56aa02edbe73002?s=96&d=mm&r=g","url":"https:\/\/secure.gravatar.com\/avatar\/a38ee8cdbacfab6e36a7213a319aecff60b0580665839c1ae56aa02edbe73002?s=96&d=mm&r=g","contentUrl":"https:\/\/secure.gravatar.com\/avatar\/a38ee8cdbacfab6e36a7213a319aecff60b0580665839c1ae56aa02edbe73002?s=96&d=mm&r=g","caption":"Rui"},"url":"https:\/\/www.dracmallorca.com\/blog\/de\/author\/rui\/"}]}},"_links":{"self":[{"href":"https:\/\/www.dracmallorca.com\/blog\/de\/wp-json\/wp\/v2\/posts\/3961","targetHints":{"allow":["GET"]}}],"collection":[{"href":"https:\/\/www.dracmallorca.com\/blog\/de\/wp-json\/wp\/v2\/posts"}],"about":[{"href":"https:\/\/www.dracmallorca.com\/blog\/de\/wp-json\/wp\/v2\/types\/post"}],"author":[{"embeddable":true,"href":"https:\/\/www.dracmallorca.com\/blog\/de\/wp-json\/wp\/v2\/users\/4"}],"replies":[{"embeddable":true,"href":"https:\/\/www.dracmallorca.com\/blog\/de\/wp-json\/wp\/v2\/comments?post=3961"}],"version-history":[{"count":3,"href":"https:\/\/www.dracmallorca.com\/blog\/de\/wp-json\/wp\/v2\/posts\/3961\/revisions"}],"predecessor-version":[{"id":3964,"href":"https:\/\/www.dracmallorca.com\/blog\/de\/wp-json\/wp\/v2\/posts\/3961\/revisions\/3964"}],"wp:featuredmedia":[{"embeddable":true,"href":"https:\/\/www.dracmallorca.com\/blog\/de\/wp-json\/wp\/v2\/media\/3952"}],"wp:attachment":[{"href":"https:\/\/www.dracmallorca.com\/blog\/de\/wp-json\/wp\/v2\/media?parent=3961"}],"wp:term":[{"taxonomy":"category","embeddable":true,"href":"https:\/\/www.dracmallorca.com\/blog\/de\/wp-json\/wp\/v2\/categories?post=3961"},{"taxonomy":"post_tag","embeddable":true,"href":"https:\/\/www.dracmallorca.com\/blog\/de\/wp-json\/wp\/v2\/tags?post=3961"}],"curies":[{"name":"wp","href":"https:\/\/api.w.org\/{rel}","templated":true}]}}