{"id":3757,"date":"2025-09-25T12:04:41","date_gmt":"2025-09-25T12:04:41","guid":{"rendered":"https:\/\/www.dracmallorca.com\/blog\/salinas-des-trenc-tradition-und-viel-naturschoenheit\/"},"modified":"2025-09-25T12:04:44","modified_gmt":"2025-09-25T12:04:44","slug":"salinas-des-trenc-tradition-und-viel-naturschoenheit","status":"publish","type":"post","link":"https:\/\/www.dracmallorca.com\/blog\/de\/salinas-des-trenc-tradition-und-viel-naturschoenheit\/","title":{"rendered":"Salinas d&#8217;Es Trenc: Tradition und viel Natursch\u00f6nheit"},"content":{"rendered":"\t\t<div data-elementor-type=\"wp-post\" data-elementor-id=\"3757\" class=\"elementor elementor-3757 elementor-3718\" data-elementor-post-type=\"post\">\n\t\t\t\t<div class=\"elementor-element elementor-element-5bd7cc72 e-flex e-con-boxed e-con e-parent\" data-id=\"5bd7cc72\" data-element_type=\"container\" data-e-type=\"container\">\n\t\t\t\t\t<div class=\"e-con-inner\">\n\t\t\t\t<div class=\"elementor-element elementor-element-292eee73 elementor-widget elementor-widget-text-editor\" data-id=\"292eee73\" data-element_type=\"widget\" data-e-type=\"widget\" data-widget_type=\"text-editor.default\">\n\t\t\t\t<div class=\"elementor-widget-container\">\n\t\t\t\t\t\t\t\t\t<p><span style=\"font-weight: 400;\">Wenn Sie eine spektakul\u00e4re Landschaft im S\u00fcden Mallorcas suchen, haben wir einen Vorschlag f\u00fcr Sie: Die Salinas d\u2019Es Trenc verbinden Geschichte, Tradition und Natur und schaffen so einen einzigartigen und ganz besonderen Ort, an dem Sie sich wie in einer anderen Welt f\u00fchlen k\u00f6nnen. Die V\u00f6gel, die diese Salinen bewohnen, bieten ein unterhaltsames Schauspiel, w\u00e4hrend die unerwarteten Farben der Landschaft eine magische Aura verleihen.  <\/span><\/p><p><span style=\"font-weight: 400;\">In diesem Artikel werden wir Ihnen alles erz\u00e4hlen, was Sie \u00fcber die Salinas d\u2019Es Trenc wissen m\u00f6chten, wir werden Ihnen sagen, wie Sie zu dieser wundersch\u00f6nen Ecke der Insel gelangen, und wir werden Ihnen einige Tipps und Empfehlungen geben, wie Sie diesen Ort von gro\u00dfer Bedeutung optimal nutzen k\u00f6nnen. Begleiten Sie uns und entdecken Sie einen weiteren Grund, Mallorca zu besuchen. <\/span><\/p>\t\t\t\t\t\t\t\t<\/div>\n\t\t\t\t<\/div>\n\t\t\t\t\t<\/div>\n\t\t\t\t<\/div>\n\t\t<div class=\"elementor-element elementor-element-1ff8e21c e-flex e-con-boxed e-con e-parent\" data-id=\"1ff8e21c\" data-element_type=\"container\" data-e-type=\"container\">\n\t\t\t\t\t<div class=\"e-con-inner\">\n\t\t\t\t<div class=\"elementor-element elementor-element-10d851f0 elementor-widget elementor-widget-table-of-contents\" data-id=\"10d851f0\" data-element_type=\"widget\" data-e-type=\"widget\" data-settings=\"{&quot;headings_by_tags&quot;:[&quot;h2&quot;],&quot;exclude_headings_by_selector&quot;:[],&quot;marker_view&quot;:&quot;bullets&quot;,&quot;icon&quot;:{&quot;value&quot;:&quot;&quot;,&quot;library&quot;:&quot;&quot;},&quot;no_headings_message&quot;:&quot;No headings were found on this page.&quot;,&quot;hierarchical_view&quot;:&quot;yes&quot;,&quot;min_height&quot;:{&quot;unit&quot;:&quot;px&quot;,&quot;size&quot;:&quot;&quot;,&quot;sizes&quot;:[]},&quot;min_height_tablet&quot;:{&quot;unit&quot;:&quot;px&quot;,&quot;size&quot;:&quot;&quot;,&quot;sizes&quot;:[]},&quot;min_height_mobile&quot;:{&quot;unit&quot;:&quot;px&quot;,&quot;size&quot;:&quot;&quot;,&quot;sizes&quot;:[]}}\" data-widget_type=\"table-of-contents.default\">\n\t\t\t\t<div class=\"elementor-widget-container\">\n\t\t\t\t\t\t\t\t\t<div class=\"elementor-toc__header\">\n\t\t\t\t\t\t<div class=\"elementor-toc__header-title\">\n\t\t\t\tInhaltsverzeichnis\t\t\t<\/div>\n\t\t\t\t\t\t\t\t<\/div>\n\t\t\t\t<div id=\"elementor-toc__10d851f0\" class=\"elementor-toc__body\">\n\t\t\t<div class=\"elementor-toc__spinner-container\">\n\t\t\t\t<svg class=\"elementor-toc__spinner eicon-animation-spin e-font-icon-svg e-eicon-loading\" aria-hidden=\"true\" viewBox=\"0 0 1000 1000\" xmlns=\"http:\/\/www.w3.org\/2000\/svg\"><path d=\"M500 975V858C696 858 858 696 858 500S696 142 500 142 142 304 142 500H25C25 237 238 25 500 25S975 237 975 500 763 975 500 975Z\"><\/path><\/svg>\t\t\t<\/div>\n\t\t<\/div>\n\t\t\t\t\t\t<\/div>\n\t\t\t\t<\/div>\n\t\t\t\t\t<\/div>\n\t\t\t\t<\/div>\n\t\t<div class=\"elementor-element elementor-element-ab085bf e-flex e-con-boxed e-con e-parent\" data-id=\"ab085bf\" data-element_type=\"container\" data-e-type=\"container\">\n\t\t\t\t\t<div class=\"e-con-inner\">\n\t\t\t\t<div class=\"elementor-element elementor-element-1e19f1c0 elementor-widget elementor-widget-heading\" data-id=\"1e19f1c0\" data-element_type=\"widget\" data-e-type=\"widget\" data-widget_type=\"heading.default\">\n\t\t\t\t<div class=\"elementor-widget-container\">\n\t\t\t\t\t<h2 class=\"elementor-heading-title elementor-size-default\">Was sind die Salinas d\u2019Es Trenc und wo befinden sie sich?<\/h2>\t\t\t\t<\/div>\n\t\t\t\t<\/div>\n\t\t\t\t<div class=\"elementor-element elementor-element-1ed8ab69 elementor-widget elementor-widget-text-editor\" data-id=\"1ed8ab69\" data-element_type=\"widget\" data-e-type=\"widget\" data-widget_type=\"text-editor.default\">\n\t\t\t\t<div class=\"elementor-widget-container\">\n\t\t\t\t\t\t\t\t\t<p><span style=\"font-weight: 400;\">Die Salinas d\u2019Es Trenc sind Teil eines jahrtausendealten Systems, das Verdunstungsbecken f\u00fcr die Salzbildung umfasst, die durch die Nutzung von Meerwasser, Wind und Sonne funktionieren, d. h. auf die traditionellste Art und Weise. Es handelt sich um sehr alte nat\u00fcrliche Teiche, die wir im S\u00fcden Mallorcas finden k\u00f6nnen, genauer gesagt im Naturpark Maritim-Terrestre Es Trenc-Salobrar de Campos, in der Gemeinde Campos. <\/span><\/p><p><span style=\"font-weight: 400;\">Es gibt Theorien, die den Ursprung dieser Salinen in der Zeit der Ph\u00f6nizier und R\u00f6mer verorten, obwohl in den 50er Jahren Modernisierungsarbeiten durchgef\u00fchrt wurden, um die Leistung und die Produktionsbedingungen dank der Gr\u00fcndung von Salinas de Levante zu verbessern. Heutzutage besuchen viele Touristen diesen Ort, um unglaubliche Fotos zu machen und die Ruhe zu sp\u00fcren, die er vermittelt. <\/span><\/p>\t\t\t\t\t\t\t\t<\/div>\n\t\t\t\t<\/div>\n\t\t\t\t\t<\/div>\n\t\t\t\t<\/div>\n\t\t<div class=\"elementor-element elementor-element-1f1b3ed e-flex e-con-boxed e-con e-parent\" data-id=\"1f1b3ed\" data-element_type=\"container\" data-e-type=\"container\">\n\t\t\t\t\t<div class=\"e-con-inner\">\n\t\t<div class=\"elementor-element elementor-element-617fef2 e-con-full e-flex e-con e-child\" data-id=\"617fef2\" data-element_type=\"container\" data-e-type=\"container\">\n\t\t\t\t<div class=\"elementor-element elementor-element-fde64d8 elementor-widget elementor-widget-heading\" data-id=\"fde64d8\" data-element_type=\"widget\" data-e-type=\"widget\" data-widget_type=\"heading.default\">\n\t\t\t\t<div class=\"elementor-widget-container\">\n\t\t\t\t\t<h2 class=\"elementor-heading-title elementor-size-default\">Wie man zu den Salinas d'Es Trenc kommt\n<\/h2>\t\t\t\t<\/div>\n\t\t\t\t<\/div>\n\t\t\t\t<div class=\"elementor-element elementor-element-a782a3b elementor-widget elementor-widget-text-editor\" data-id=\"a782a3b\" data-element_type=\"widget\" data-e-type=\"widget\" data-widget_type=\"text-editor.default\">\n\t\t\t\t<div class=\"elementor-widget-container\">\n\t\t\t\t\t\t\t\t\t<p><span style=\"font-weight: 400;\">Wenn wir unsere Reise in der Hauptstadt Palma beginnen, haben wir eine etwa 45-min\u00fctige Autofahrt vor uns. Sie m\u00fcssen die MA-19 in Richtung Campos nehmen und ab Ses Covetes werden Sie Schilder sehen, so dass Sie sich nicht verirren k\u00f6nnen. Es gibt noch weitere gute Nachrichten: Es gibt Parkpl\u00e4tze im Bereich der Salinen, die sich jedoch in den Sommermonaten f\u00fcllen k\u00f6nnen, da es sich um einen der interessantesten und originellsten Orte Mallorcas handelt. Sie haben auch die M\u00f6glichkeit, mit \u00f6ffentlichen Verkehrsmitteln zu den Salinas d\u2019Es Trenc zu fahren, insbesondere w\u00e4hrend der Sommermonate, aber Sie m\u00fcssen zu einem der    <\/span><a href=\"https:\/\/www.dracmallorca.com\/blog\/de\/buchten-suden-mallorca\/\"><span style=\"font-weight: 400;\">nahegelegenen Str\u00e4nde<\/span><\/a><span style=\"font-weight: 400;\"> fahren und dann zu Fu\u00df, mit dem Fahrrad oder mit dem Taxi weiterfahren.<\/span><\/p>\t\t\t\t\t\t\t\t<\/div>\n\t\t\t\t<\/div>\n\t\t\t\t<\/div>\n\t\t<div class=\"elementor-element elementor-element-f2bf2b1 e-con-full e-flex e-con e-child\" data-id=\"f2bf2b1\" data-element_type=\"container\" data-e-type=\"container\">\n\t\t\t\t<div class=\"elementor-element elementor-element-6c5b385 elementor-widget elementor-widget-google_maps\" data-id=\"6c5b385\" data-element_type=\"widget\" data-e-type=\"widget\" data-widget_type=\"google_maps.default\">\n\t\t\t\t<div class=\"elementor-widget-container\">\n\t\t\t\t\t\t\t<div class=\"elementor-custom-embed\">\n\t\t\t<iframe loading=\"lazy\"\n\t\t\t\t\tsrc=\"https:\/\/maps.google.com\/maps?q=salinas%20es%20trenc&#038;t=m&#038;z=12&#038;output=embed&#038;iwloc=near\"\n\t\t\t\t\ttitle=\"salinas es trenc\"\n\t\t\t\t\taria-label=\"salinas es trenc\"\n\t\t\t><\/iframe>\n\t\t<\/div>\n\t\t\t\t\t\t<\/div>\n\t\t\t\t<\/div>\n\t\t\t\t<\/div>\n\t\t\t\t\t<\/div>\n\t\t\t\t<\/div>\n\t\t<div class=\"elementor-element elementor-element-05b4671 e-flex e-con-boxed e-con e-parent\" data-id=\"05b4671\" data-element_type=\"container\" data-e-type=\"container\">\n\t\t\t\t\t<div class=\"e-con-inner\">\n\t\t\t\t<div class=\"elementor-element elementor-element-0ce10ea elementor-widget elementor-widget-heading\" data-id=\"0ce10ea\" data-element_type=\"widget\" data-e-type=\"widget\" data-widget_type=\"heading.default\">\n\t\t\t\t<div class=\"elementor-widget-container\">\n\t\t\t\t\t<h2 class=\"elementor-heading-title elementor-size-default\">Was man w\u00e4hrend des Besuchs sehen und tun kann<\/h2>\t\t\t\t<\/div>\n\t\t\t\t<\/div>\n\t\t\t\t<div class=\"elementor-element elementor-element-7443787 elementor-widget elementor-widget-text-editor\" data-id=\"7443787\" data-element_type=\"widget\" data-e-type=\"widget\" data-widget_type=\"text-editor.default\">\n\t\t\t\t<div class=\"elementor-widget-container\">\n\t\t\t\t\t\t\t\t\t<p><span style=\"font-weight: 400;\">Das Beste, was Sie in den Salinas d\u2019Es Trenc tun k\u00f6nnen, ist, ihre Sch\u00f6nheit, ihre Farben, ihre wei\u00dfen und rosafarbenen Wasserfl\u00e4chen, kurz gesagt, die herrliche Landschaft dieses Naturschutzgebietes zu genie\u00dfen. Sie k\u00f6nnen die Fabrik besichtigen und mehr \u00fcber den gesamten Prozess erfahren, einschlie\u00dflich der Verdunstung des Wassers und der Kristallisation des Salzes. Die verschiedenen Becken dienen unterschiedlichen Zwecken in diesem faszinierenden Prozess. Eine weitere Besonderheit der Region ist ihre Fauna, die sich aus Reihern, Flamingos und vielen anderen V\u00f6geln zusammensetzt, die die Salinen als perfekten Lebensraum betrachten.   <\/span><\/p><p><span style=\"font-weight: 400;\">Es ist m\u00f6glich, gef\u00fchrte Besichtigungen zu machen, um alles zu erfahren, was es zu wissen gibt, und um Zugang zu gesperrten Bereichen zu erhalten, und es k\u00f6nnen auch Verkostungen der Fleur de Sel mit ihrem delikaten und einzigartigen Geschmack gemacht werden. Vor oder nach Ihrem Besuch der Salinas d\u2019Es Trenc m\u00f6chten Sie vielleicht den Strand von Es Trenc besuchen, einen wundersch\u00f6nen und perfekten Ort zum Entspannen und Genie\u00dfen, oder die  <\/span><a href=\"https:\/\/www.dracmallorca.com\/blog\/de\/das-essen-auf-mallorca-entdecken-sie-eine-fantastische-gastronomie\/\"><span style=\"font-weight: 400;\">Gastronomie Mallorcas<\/span><\/a><span style=\"font-weight: 400;\"> in Santany\u00ed probieren, einem der sch\u00f6nsten D\u00f6rfer der Insel, das etwa 15 Autominuten von den Salinen entfernt liegt.<\/span><\/p>\t\t\t\t\t\t\t\t<\/div>\n\t\t\t\t<\/div>\n\t\t\t\t\t<\/div>\n\t\t\t\t<\/div>\n\t\t<div class=\"elementor-element elementor-element-13ec74ae e-flex e-con-boxed e-con e-parent\" data-id=\"13ec74ae\" data-element_type=\"container\" data-e-type=\"container\">\n\t\t\t\t\t<div class=\"e-con-inner\">\n\t\t\t\t<div class=\"elementor-element elementor-element-48c273e3 elementor-widget elementor-widget-heading\" data-id=\"48c273e3\" data-element_type=\"widget\" data-e-type=\"widget\" data-widget_type=\"heading.default\">\n\t\t\t\t<div class=\"elementor-widget-container\">\n\t\t\t\t\t<h3 class=\"elementor-heading-title elementor-size-default\">\u00d6kologische und kulturelle Bedeutung<\/h3>\t\t\t\t<\/div>\n\t\t\t\t<\/div>\n\t\t\t\t<div class=\"elementor-element elementor-element-3b91ee41 elementor-widget elementor-widget-text-editor\" data-id=\"3b91ee41\" data-element_type=\"widget\" data-e-type=\"widget\" data-widget_type=\"text-editor.default\">\n\t\t\t\t<div class=\"elementor-widget-container\">\n\t\t\t\t\t\t\t\t\t<p><span style=\"font-weight: 400;\">Dieser Ort ist f\u00fcr die Insel von gro\u00dfer Bedeutung und verbindet Geschichte, Tradition und Kultur. Dar\u00fcber hinaus ist er ein Naturschutzgebiet und muss daher wegen seines landschaftlichen und l\u00e4ndlichen Interesses erhalten werden. Der Naturpark, in dem er sich befindet, umfasst mehr als 3700 Hektar D\u00fcnen, Feuchtgebiete, Wiesen, W\u00e4lder und Salinen. Die Flor de Sal d\u2019Es Trenc, ein Produkt, das nur hier gewonnen werden kann, ist eines der besten W\u00fcrzmittel, die Sie in der K\u00fcche verwenden k\u00f6nnen, da es handwerklich, \u00f6kologisch und zertifiziert ist. Sie wird von Hand geerntet und tr\u00e4gt zur Aufrechterhaltung der Nachhaltigkeit der Insel bei. Schlie\u00dflich bedeutet die Erhaltung der Salinas d\u2019Es Trenc, dass man dazu beitr\u00e4gt, den alten Beruf des Salinenarbeiters, eine in der Region sehr beliebte Figur, am Leben zu erhalten.     <\/span><\/p>\t\t\t\t\t\t\t\t<\/div>\n\t\t\t\t<\/div>\n\t\t\t\t<div class=\"elementor-element elementor-element-ec9f2c5 elementor-widget elementor-widget-image\" data-id=\"ec9f2c5\" data-element_type=\"widget\" data-e-type=\"widget\" data-widget_type=\"image.default\">\n\t\t\t\t<div class=\"elementor-widget-container\">\n\t\t\t\t\t\t\t\t\t\t\t\t\t\t\t<img fetchpriority=\"high\" decoding=\"async\" width=\"1311\" height=\"655\" src=\"https:\/\/www.dracmallorca.com\/blog\/wp-content\/uploads\/2025\/09\/Salinas-dEs-Trenc-Mallorca.jpg\" class=\"attachment-full size-full wp-image-3750\" alt=\"\" srcset=\"https:\/\/www.dracmallorca.com\/blog\/wp-content\/uploads\/2025\/09\/Salinas-dEs-Trenc-Mallorca.jpg 1311w, https:\/\/www.dracmallorca.com\/blog\/wp-content\/uploads\/2025\/09\/Salinas-dEs-Trenc-Mallorca-300x150.jpg 300w, https:\/\/www.dracmallorca.com\/blog\/wp-content\/uploads\/2025\/09\/Salinas-dEs-Trenc-Mallorca-1024x512.jpg 1024w, https:\/\/www.dracmallorca.com\/blog\/wp-content\/uploads\/2025\/09\/Salinas-dEs-Trenc-Mallorca-768x384.jpg 768w\" sizes=\"(max-width: 1311px) 100vw, 1311px\" \/>\t\t\t\t\t\t\t\t\t\t\t\t\t\t\t<\/div>\n\t\t\t\t<\/div>\n\t\t\t\t\t<\/div>\n\t\t\t\t<\/div>\n\t\t<div class=\"elementor-element elementor-element-5fa8ad0 e-flex e-con-boxed e-con e-parent\" data-id=\"5fa8ad0\" data-element_type=\"container\" data-e-type=\"container\">\n\t\t\t\t\t<div class=\"e-con-inner\">\n\t\t\t\t<div class=\"elementor-element elementor-element-d3d860d elementor-widget elementor-widget-heading\" data-id=\"d3d860d\" data-element_type=\"widget\" data-e-type=\"widget\" data-widget_type=\"heading.default\">\n\t\t\t\t<div class=\"elementor-widget-container\">\n\t\t\t\t\t<h3 class=\"elementor-heading-title elementor-size-default\">Praktische Empfehlungen<\/h3>\t\t\t\t<\/div>\n\t\t\t\t<\/div>\n\t\t\t\t<div class=\"elementor-element elementor-element-f3a113f elementor-widget elementor-widget-text-editor\" data-id=\"f3a113f\" data-element_type=\"widget\" data-e-type=\"widget\" data-widget_type=\"text-editor.default\">\n\t\t\t\t<div class=\"elementor-widget-container\">\n\t\t\t\t\t\t\t\t\t<p><span style=\"font-weight: 400;\">Nun m\u00f6chten wir Ihnen einige Tipps und Empfehlungen geben, damit Sie die Salinas d\u2019Es Trenc optimal genie\u00dfen k\u00f6nnen:<\/span><\/p><ul><li style=\"font-weight: 400;\" aria-level=\"1\"><span style=\"font-weight: 400;\">Buchen Sie Ihren Besuch im Voraus, besonders wenn Sie Mallorca in den Sommermonaten besuchen;<\/span><\/li><li style=\"font-weight: 400;\" aria-level=\"1\"><span style=\"font-weight: 400;\">Tragen Sie bequeme Kleidung und Schuhe, damit Sie die gesamte Umgebung der Salinen erkunden k\u00f6nnen;<\/span><\/li><li style=\"font-weight: 400;\" aria-level=\"1\"><span style=\"font-weight: 400;\">Verwenden Sie Sonnenschutzmittel, Sonnenbrille und M\u00fctze, um Sonnenbrand zu vermeiden;<\/span><\/li><li style=\"font-weight: 400;\" aria-level=\"1\"><span style=\"font-weight: 400;\">Buchen Sie Ihre Unterkunft mehrere Monate vor Ihrer Reise, damit Sie zwischen mehr Optionen w\u00e4hlen und niedrigere Preise garantieren k\u00f6nnen;<\/span><\/li><li style=\"font-weight: 400;\" aria-level=\"1\"><span style=\"font-weight: 400;\">Sie d\u00fcrfen kein Salz aus den Salinen entnehmen oder manipulieren. Es handelt sich um ein wichtiges Produkt und ist Teil eines \u00d6kosystems, das wir respektieren m\u00fcssen.  <\/span><\/li><li style=\"font-weight: 400;\" aria-level=\"1\"><span style=\"font-weight: 400;\">Bitte st\u00f6ren Sie die Fauna, die in den Salinen lebt, nicht und hinterlassen Sie keinen M\u00fcll nach Ihrem Besuch!<\/span><\/li><\/ul>\t\t\t\t\t\t\t\t<\/div>\n\t\t\t\t<\/div>\n\t\t\t\t\t<\/div>\n\t\t\t\t<\/div>\n\t\t<div class=\"elementor-element elementor-element-c60ce5e e-flex e-con-boxed e-con e-parent\" data-id=\"c60ce5e\" data-element_type=\"container\" data-e-type=\"container\">\n\t\t\t\t\t<div class=\"e-con-inner\">\n\t\t\t\t<div class=\"elementor-element elementor-element-6e201e8 elementor-widget elementor-widget-heading\" data-id=\"6e201e8\" data-element_type=\"widget\" data-e-type=\"widget\" data-widget_type=\"heading.default\">\n\t\t\t\t<div class=\"elementor-widget-container\">\n\t\t\t\t\t<h2 class=\"elementor-heading-title elementor-size-default\">Eine einzigartige Landschaft f\u00fcr einen Besuch auf Ihrer Reise nach Mallorca<\/h2>\t\t\t\t<\/div>\n\t\t\t\t<\/div>\n\t\t\t\t<div class=\"elementor-element elementor-element-89ffe7a elementor-widget elementor-widget-text-editor\" data-id=\"89ffe7a\" data-element_type=\"widget\" data-e-type=\"widget\" data-widget_type=\"text-editor.default\">\n\t\t\t\t<div class=\"elementor-widget-container\">\n\t\t\t\t\t\t\t\t\t<p><span style=\"font-weight: 400;\">Wenn Sie einen anderen Plan f\u00fcr Ihre n\u00e4chste Reise nach Mallorca suchen, sind die Salinas d\u2019Es Trenc eine fantastische Option. Wir wissen bereits, dass die Str\u00e4nde und Buchten Mallorcas spektakul\u00e4r sind; die Gastronomie mit lokalen Zutaten ist ein Genuss; die Tramuntana und ihre  <\/span><a href=\"https:\/\/www.dracmallorca.com\/blog\/de\/besuchen-sie-die-schoensten-doerfer-mallorcas\/\"><span style=\"font-weight: 400;\">charmanten D\u00f6rfer<\/span><\/a><span style=\"font-weight: 400;\"> sind unumg\u00e4nglich; aber das ist etwas anderes\u2026 Dies ist eine andere, einzigartige Landschaft, die normalerweise nicht in den Listen der besten Orte f\u00fcr einen Besuch auf Mallorca steht.<\/span><\/p><p><span style=\"font-weight: 400;\">F\u00fcr eine perfekte Reise ben\u00f6tigen Sie eine ideale Unterkunft f\u00fcr sich und Ihre Lieben. Ein Ort zum Ausruhen zwischen so vielen Pl\u00e4nen, ein R\u00fcckzugsort der Intimit\u00e4t und des Komforts. In   <\/span><a href=\"https:\/\/www.dracmallorca.com\/\"><span style=\"font-weight: 400;\">Drac Mallorca<\/span><\/a><span style=\"font-weight: 400;\"> sind wir Experten f\u00fcr Ferienvermietung mit mehr als 15 Jahren Erfahrung. Entdecken Sie unsere Unterk\u00fcnfte in idyllischer Lage mit den beliebtesten Eigenschaften der Reisenden. Kommen Sie und erleben Sie Mallorca auf eine andere Art.  <\/span><\/p>\t\t\t\t\t\t\t\t<\/div>\n\t\t\t\t<\/div>\n\t\t\t\t\t<\/div>\n\t\t\t\t<\/div>\n\t\t\t\t<\/div>\n\t\t","protected":false},"excerpt":{"rendered":"<p>Wenn Sie eine spektakul\u00e4re Landschaft im S\u00fcden Mallorcas suchen, haben wir einen Vorschlag f\u00fcr Sie: Die Salinas d\u2019Es Trenc verbinden Geschichte, Tradition und Natur und schaffen so einen einzigartigen und ganz besonderen Ort, an dem Sie sich wie in einer anderen Welt f\u00fchlen k\u00f6nnen. Die V\u00f6gel, die diese Salinen bewohnen, bieten ein unterhaltsames Schauspiel, w\u00e4hrend [&hellip;]<\/p>\n","protected":false},"author":4,"featured_media":3746,"comment_status":"open","ping_status":"closed","sticky":false,"template":"","format":"standard","meta":{"footnotes":""},"categories":[2],"tags":[],"class_list":["post-3757","post","type-post","status-publish","format-standard","has-post-thumbnail","hentry","category-grupo-drac-santanyi"],"yoast_head":"<!-- This site is optimized with the Yoast SEO plugin v27.4 - https:\/\/yoast.com\/product\/yoast-seo-wordpress\/ -->\n<title>Salinas d&#039;Es Trenc: Tradition und viel Natursch\u00f6nheit - Experiencias y actividades en Mallorca<\/title>\n<meta name=\"description\" content=\"Entdecken Sie die Salinas d\u2019Es Trenc und lassen Sie sich von ihrer einzigartigen nat\u00fcrlichen Umgebung verzaubern.\" \/>\n<meta name=\"robots\" content=\"index, follow, max-snippet:-1, max-image-preview:large, max-video-preview:-1\" \/>\n<link rel=\"canonical\" href=\"https:\/\/www.dracmallorca.com\/blog\/de\/salinas-des-trenc-tradition-und-viel-naturschoenheit\/\" \/>\n<meta property=\"og:locale\" content=\"de_DE\" \/>\n<meta property=\"og:type\" content=\"article\" \/>\n<meta property=\"og:title\" content=\"Salinas d&#039;Es Trenc: Tradition und viel Natursch\u00f6nheit - Experiencias y actividades en Mallorca\" \/>\n<meta property=\"og:description\" content=\"Entdecken Sie die Salinas d\u2019Es Trenc und lassen Sie sich von ihrer einzigartigen nat\u00fcrlichen Umgebung verzaubern.\" \/>\n<meta property=\"og:url\" content=\"https:\/\/www.dracmallorca.com\/blog\/de\/salinas-des-trenc-tradition-und-viel-naturschoenheit\/\" \/>\n<meta property=\"og:site_name\" content=\"Experiencias y actividades en Mallorca\" \/>\n<meta property=\"article:published_time\" content=\"2025-09-25T12:04:41+00:00\" \/>\n<meta property=\"article:modified_time\" content=\"2025-09-25T12:04:44+00:00\" \/>\n<meta property=\"og:image\" content=\"https:\/\/www.dracmallorca.com\/blog\/wp-content\/uploads\/2025\/09\/Salinas-dEs-Trenc.jpg\" \/>\n\t<meta property=\"og:image:width\" content=\"2000\" \/>\n\t<meta property=\"og:image:height\" content=\"666\" \/>\n\t<meta property=\"og:image:type\" content=\"image\/jpeg\" \/>\n<meta name=\"author\" content=\"Rui\" \/>\n<meta name=\"twitter:card\" content=\"summary_large_image\" \/>\n<meta name=\"twitter:label1\" content=\"Verfasst von\" \/>\n\t<meta name=\"twitter:data1\" content=\"Rui\" \/>\n\t<meta name=\"twitter:label2\" content=\"Gesch\u00e4tzte Lesezeit\" \/>\n\t<meta name=\"twitter:data2\" content=\"5\u00a0Minuten\" \/>\n<script type=\"application\/ld+json\" class=\"yoast-schema-graph\">{\"@context\":\"https:\\\/\\\/schema.org\",\"@graph\":[{\"@type\":\"Article\",\"@id\":\"https:\\\/\\\/www.dracmallorca.com\\\/blog\\\/de\\\/salinas-des-trenc-tradition-und-viel-naturschoenheit\\\/#article\",\"isPartOf\":{\"@id\":\"https:\\\/\\\/www.dracmallorca.com\\\/blog\\\/de\\\/salinas-des-trenc-tradition-und-viel-naturschoenheit\\\/\"},\"author\":{\"name\":\"Rui\",\"@id\":\"https:\\\/\\\/www.dracmallorca.com\\\/blog\\\/#\\\/schema\\\/person\\\/9de1ab77468d5df7c1d00753e6da758a\"},\"headline\":\"Salinas d&#8217;Es Trenc: Tradition und viel Natursch\u00f6nheit\",\"datePublished\":\"2025-09-25T12:04:41+00:00\",\"dateModified\":\"2025-09-25T12:04:44+00:00\",\"mainEntityOfPage\":{\"@id\":\"https:\\\/\\\/www.dracmallorca.com\\\/blog\\\/de\\\/salinas-des-trenc-tradition-und-viel-naturschoenheit\\\/\"},\"wordCount\":1071,\"commentCount\":0,\"publisher\":{\"@id\":\"https:\\\/\\\/www.dracmallorca.com\\\/blog\\\/#organization\"},\"image\":{\"@id\":\"https:\\\/\\\/www.dracmallorca.com\\\/blog\\\/de\\\/salinas-des-trenc-tradition-und-viel-naturschoenheit\\\/#primaryimage\"},\"thumbnailUrl\":\"https:\\\/\\\/www.dracmallorca.com\\\/blog\\\/wp-content\\\/uploads\\\/2025\\\/09\\\/Salinas-dEs-Trenc.jpg\",\"articleSection\":[\"Grupo Drac Santany\u00ed\"],\"inLanguage\":\"de\",\"potentialAction\":[{\"@type\":\"CommentAction\",\"name\":\"Comment\",\"target\":[\"https:\\\/\\\/www.dracmallorca.com\\\/blog\\\/de\\\/salinas-des-trenc-tradition-und-viel-naturschoenheit\\\/#respond\"]}]},{\"@type\":\"WebPage\",\"@id\":\"https:\\\/\\\/www.dracmallorca.com\\\/blog\\\/de\\\/salinas-des-trenc-tradition-und-viel-naturschoenheit\\\/\",\"url\":\"https:\\\/\\\/www.dracmallorca.com\\\/blog\\\/de\\\/salinas-des-trenc-tradition-und-viel-naturschoenheit\\\/\",\"name\":\"Salinas d'Es Trenc: Tradition und viel Natursch\u00f6nheit - Experiencias y actividades en Mallorca\",\"isPartOf\":{\"@id\":\"https:\\\/\\\/www.dracmallorca.com\\\/blog\\\/#website\"},\"primaryImageOfPage\":{\"@id\":\"https:\\\/\\\/www.dracmallorca.com\\\/blog\\\/de\\\/salinas-des-trenc-tradition-und-viel-naturschoenheit\\\/#primaryimage\"},\"image\":{\"@id\":\"https:\\\/\\\/www.dracmallorca.com\\\/blog\\\/de\\\/salinas-des-trenc-tradition-und-viel-naturschoenheit\\\/#primaryimage\"},\"thumbnailUrl\":\"https:\\\/\\\/www.dracmallorca.com\\\/blog\\\/wp-content\\\/uploads\\\/2025\\\/09\\\/Salinas-dEs-Trenc.jpg\",\"datePublished\":\"2025-09-25T12:04:41+00:00\",\"dateModified\":\"2025-09-25T12:04:44+00:00\",\"description\":\"Entdecken Sie die Salinas d\u2019Es Trenc und lassen Sie sich von ihrer einzigartigen nat\u00fcrlichen Umgebung verzaubern.\",\"inLanguage\":\"de\",\"potentialAction\":[{\"@type\":\"ReadAction\",\"target\":[\"https:\\\/\\\/www.dracmallorca.com\\\/blog\\\/de\\\/salinas-des-trenc-tradition-und-viel-naturschoenheit\\\/\"]}]},{\"@type\":\"ImageObject\",\"inLanguage\":\"de\",\"@id\":\"https:\\\/\\\/www.dracmallorca.com\\\/blog\\\/de\\\/salinas-des-trenc-tradition-und-viel-naturschoenheit\\\/#primaryimage\",\"url\":\"https:\\\/\\\/www.dracmallorca.com\\\/blog\\\/wp-content\\\/uploads\\\/2025\\\/09\\\/Salinas-dEs-Trenc.jpg\",\"contentUrl\":\"https:\\\/\\\/www.dracmallorca.com\\\/blog\\\/wp-content\\\/uploads\\\/2025\\\/09\\\/Salinas-dEs-Trenc.jpg\",\"width\":2000,\"height\":666,\"caption\":\"Amazing drone aerial landscape of the beautiful salt flats at Colonia de Sant Jordi, Ses Salines, Mallorca, Spain\"},{\"@type\":\"WebSite\",\"@id\":\"https:\\\/\\\/www.dracmallorca.com\\\/blog\\\/#website\",\"url\":\"https:\\\/\\\/www.dracmallorca.com\\\/blog\\\/\",\"name\":\"Experiencias y actividades en Mallorca\",\"description\":\"Drac Mallorca\",\"publisher\":{\"@id\":\"https:\\\/\\\/www.dracmallorca.com\\\/blog\\\/#organization\"},\"potentialAction\":[{\"@type\":\"SearchAction\",\"target\":{\"@type\":\"EntryPoint\",\"urlTemplate\":\"https:\\\/\\\/www.dracmallorca.com\\\/blog\\\/?s={search_term_string}\"},\"query-input\":{\"@type\":\"PropertyValueSpecification\",\"valueRequired\":true,\"valueName\":\"search_term_string\"}}],\"inLanguage\":\"de\"},{\"@type\":\"Organization\",\"@id\":\"https:\\\/\\\/www.dracmallorca.com\\\/blog\\\/#organization\",\"name\":\"Experiencias y actividades en Mallorca\",\"url\":\"https:\\\/\\\/www.dracmallorca.com\\\/blog\\\/\",\"logo\":{\"@type\":\"ImageObject\",\"inLanguage\":\"de\",\"@id\":\"https:\\\/\\\/www.dracmallorca.com\\\/blog\\\/#\\\/schema\\\/logo\\\/image\\\/\",\"url\":\"https:\\\/\\\/www.dracmallorca.com\\\/blog\\\/wp-content\\\/uploads\\\/2023\\\/11\\\/logo-8.png\",\"contentUrl\":\"https:\\\/\\\/www.dracmallorca.com\\\/blog\\\/wp-content\\\/uploads\\\/2023\\\/11\\\/logo-8.png\",\"width\":869,\"height\":248,\"caption\":\"Experiencias y actividades en Mallorca\"},\"image\":{\"@id\":\"https:\\\/\\\/www.dracmallorca.com\\\/blog\\\/#\\\/schema\\\/logo\\\/image\\\/\"}},{\"@type\":\"Person\",\"@id\":\"https:\\\/\\\/www.dracmallorca.com\\\/blog\\\/#\\\/schema\\\/person\\\/9de1ab77468d5df7c1d00753e6da758a\",\"name\":\"Rui\",\"image\":{\"@type\":\"ImageObject\",\"inLanguage\":\"de\",\"@id\":\"https:\\\/\\\/secure.gravatar.com\\\/avatar\\\/a38ee8cdbacfab6e36a7213a319aecff60b0580665839c1ae56aa02edbe73002?s=96&d=mm&r=g\",\"url\":\"https:\\\/\\\/secure.gravatar.com\\\/avatar\\\/a38ee8cdbacfab6e36a7213a319aecff60b0580665839c1ae56aa02edbe73002?s=96&d=mm&r=g\",\"contentUrl\":\"https:\\\/\\\/secure.gravatar.com\\\/avatar\\\/a38ee8cdbacfab6e36a7213a319aecff60b0580665839c1ae56aa02edbe73002?s=96&d=mm&r=g\",\"caption\":\"Rui\"},\"url\":\"https:\\\/\\\/www.dracmallorca.com\\\/blog\\\/de\\\/author\\\/rui\\\/\"}]}<\/script>\n<!-- \/ Yoast SEO plugin. -->","yoast_head_json":{"title":"Salinas d'Es Trenc: Tradition und viel Natursch\u00f6nheit - Experiencias y actividades en Mallorca","description":"Entdecken Sie die Salinas d\u2019Es Trenc und lassen Sie sich von ihrer einzigartigen nat\u00fcrlichen Umgebung verzaubern.","robots":{"index":"index","follow":"follow","max-snippet":"max-snippet:-1","max-image-preview":"max-image-preview:large","max-video-preview":"max-video-preview:-1"},"canonical":"https:\/\/www.dracmallorca.com\/blog\/de\/salinas-des-trenc-tradition-und-viel-naturschoenheit\/","og_locale":"de_DE","og_type":"article","og_title":"Salinas d'Es Trenc: Tradition und viel Natursch\u00f6nheit - Experiencias y actividades en Mallorca","og_description":"Entdecken Sie die Salinas d\u2019Es Trenc und lassen Sie sich von ihrer einzigartigen nat\u00fcrlichen Umgebung verzaubern.","og_url":"https:\/\/www.dracmallorca.com\/blog\/de\/salinas-des-trenc-tradition-und-viel-naturschoenheit\/","og_site_name":"Experiencias y actividades en Mallorca","article_published_time":"2025-09-25T12:04:41+00:00","article_modified_time":"2025-09-25T12:04:44+00:00","og_image":[{"width":2000,"height":666,"url":"https:\/\/www.dracmallorca.com\/blog\/wp-content\/uploads\/2025\/09\/Salinas-dEs-Trenc.jpg","type":"image\/jpeg"}],"author":"Rui","twitter_card":"summary_large_image","twitter_misc":{"Verfasst von":"Rui","Gesch\u00e4tzte Lesezeit":"5\u00a0Minuten"},"schema":{"@context":"https:\/\/schema.org","@graph":[{"@type":"Article","@id":"https:\/\/www.dracmallorca.com\/blog\/de\/salinas-des-trenc-tradition-und-viel-naturschoenheit\/#article","isPartOf":{"@id":"https:\/\/www.dracmallorca.com\/blog\/de\/salinas-des-trenc-tradition-und-viel-naturschoenheit\/"},"author":{"name":"Rui","@id":"https:\/\/www.dracmallorca.com\/blog\/#\/schema\/person\/9de1ab77468d5df7c1d00753e6da758a"},"headline":"Salinas d&#8217;Es Trenc: Tradition und viel Natursch\u00f6nheit","datePublished":"2025-09-25T12:04:41+00:00","dateModified":"2025-09-25T12:04:44+00:00","mainEntityOfPage":{"@id":"https:\/\/www.dracmallorca.com\/blog\/de\/salinas-des-trenc-tradition-und-viel-naturschoenheit\/"},"wordCount":1071,"commentCount":0,"publisher":{"@id":"https:\/\/www.dracmallorca.com\/blog\/#organization"},"image":{"@id":"https:\/\/www.dracmallorca.com\/blog\/de\/salinas-des-trenc-tradition-und-viel-naturschoenheit\/#primaryimage"},"thumbnailUrl":"https:\/\/www.dracmallorca.com\/blog\/wp-content\/uploads\/2025\/09\/Salinas-dEs-Trenc.jpg","articleSection":["Grupo Drac Santany\u00ed"],"inLanguage":"de","potentialAction":[{"@type":"CommentAction","name":"Comment","target":["https:\/\/www.dracmallorca.com\/blog\/de\/salinas-des-trenc-tradition-und-viel-naturschoenheit\/#respond"]}]},{"@type":"WebPage","@id":"https:\/\/www.dracmallorca.com\/blog\/de\/salinas-des-trenc-tradition-und-viel-naturschoenheit\/","url":"https:\/\/www.dracmallorca.com\/blog\/de\/salinas-des-trenc-tradition-und-viel-naturschoenheit\/","name":"Salinas d'Es Trenc: Tradition und viel Natursch\u00f6nheit - Experiencias y actividades en Mallorca","isPartOf":{"@id":"https:\/\/www.dracmallorca.com\/blog\/#website"},"primaryImageOfPage":{"@id":"https:\/\/www.dracmallorca.com\/blog\/de\/salinas-des-trenc-tradition-und-viel-naturschoenheit\/#primaryimage"},"image":{"@id":"https:\/\/www.dracmallorca.com\/blog\/de\/salinas-des-trenc-tradition-und-viel-naturschoenheit\/#primaryimage"},"thumbnailUrl":"https:\/\/www.dracmallorca.com\/blog\/wp-content\/uploads\/2025\/09\/Salinas-dEs-Trenc.jpg","datePublished":"2025-09-25T12:04:41+00:00","dateModified":"2025-09-25T12:04:44+00:00","description":"Entdecken Sie die Salinas d\u2019Es Trenc und lassen Sie sich von ihrer einzigartigen nat\u00fcrlichen Umgebung verzaubern.","inLanguage":"de","potentialAction":[{"@type":"ReadAction","target":["https:\/\/www.dracmallorca.com\/blog\/de\/salinas-des-trenc-tradition-und-viel-naturschoenheit\/"]}]},{"@type":"ImageObject","inLanguage":"de","@id":"https:\/\/www.dracmallorca.com\/blog\/de\/salinas-des-trenc-tradition-und-viel-naturschoenheit\/#primaryimage","url":"https:\/\/www.dracmallorca.com\/blog\/wp-content\/uploads\/2025\/09\/Salinas-dEs-Trenc.jpg","contentUrl":"https:\/\/www.dracmallorca.com\/blog\/wp-content\/uploads\/2025\/09\/Salinas-dEs-Trenc.jpg","width":2000,"height":666,"caption":"Amazing drone aerial landscape of the beautiful salt flats at Colonia de Sant Jordi, Ses Salines, Mallorca, Spain"},{"@type":"WebSite","@id":"https:\/\/www.dracmallorca.com\/blog\/#website","url":"https:\/\/www.dracmallorca.com\/blog\/","name":"Experiencias y actividades en Mallorca","description":"Drac Mallorca","publisher":{"@id":"https:\/\/www.dracmallorca.com\/blog\/#organization"},"potentialAction":[{"@type":"SearchAction","target":{"@type":"EntryPoint","urlTemplate":"https:\/\/www.dracmallorca.com\/blog\/?s={search_term_string}"},"query-input":{"@type":"PropertyValueSpecification","valueRequired":true,"valueName":"search_term_string"}}],"inLanguage":"de"},{"@type":"Organization","@id":"https:\/\/www.dracmallorca.com\/blog\/#organization","name":"Experiencias y actividades en Mallorca","url":"https:\/\/www.dracmallorca.com\/blog\/","logo":{"@type":"ImageObject","inLanguage":"de","@id":"https:\/\/www.dracmallorca.com\/blog\/#\/schema\/logo\/image\/","url":"https:\/\/www.dracmallorca.com\/blog\/wp-content\/uploads\/2023\/11\/logo-8.png","contentUrl":"https:\/\/www.dracmallorca.com\/blog\/wp-content\/uploads\/2023\/11\/logo-8.png","width":869,"height":248,"caption":"Experiencias y actividades en Mallorca"},"image":{"@id":"https:\/\/www.dracmallorca.com\/blog\/#\/schema\/logo\/image\/"}},{"@type":"Person","@id":"https:\/\/www.dracmallorca.com\/blog\/#\/schema\/person\/9de1ab77468d5df7c1d00753e6da758a","name":"Rui","image":{"@type":"ImageObject","inLanguage":"de","@id":"https:\/\/secure.gravatar.com\/avatar\/a38ee8cdbacfab6e36a7213a319aecff60b0580665839c1ae56aa02edbe73002?s=96&d=mm&r=g","url":"https:\/\/secure.gravatar.com\/avatar\/a38ee8cdbacfab6e36a7213a319aecff60b0580665839c1ae56aa02edbe73002?s=96&d=mm&r=g","contentUrl":"https:\/\/secure.gravatar.com\/avatar\/a38ee8cdbacfab6e36a7213a319aecff60b0580665839c1ae56aa02edbe73002?s=96&d=mm&r=g","caption":"Rui"},"url":"https:\/\/www.dracmallorca.com\/blog\/de\/author\/rui\/"}]}},"_links":{"self":[{"href":"https:\/\/www.dracmallorca.com\/blog\/de\/wp-json\/wp\/v2\/posts\/3757","targetHints":{"allow":["GET"]}}],"collection":[{"href":"https:\/\/www.dracmallorca.com\/blog\/de\/wp-json\/wp\/v2\/posts"}],"about":[{"href":"https:\/\/www.dracmallorca.com\/blog\/de\/wp-json\/wp\/v2\/types\/post"}],"author":[{"embeddable":true,"href":"https:\/\/www.dracmallorca.com\/blog\/de\/wp-json\/wp\/v2\/users\/4"}],"replies":[{"embeddable":true,"href":"https:\/\/www.dracmallorca.com\/blog\/de\/wp-json\/wp\/v2\/comments?post=3757"}],"version-history":[{"count":1,"href":"https:\/\/www.dracmallorca.com\/blog\/de\/wp-json\/wp\/v2\/posts\/3757\/revisions"}],"predecessor-version":[{"id":3758,"href":"https:\/\/www.dracmallorca.com\/blog\/de\/wp-json\/wp\/v2\/posts\/3757\/revisions\/3758"}],"wp:featuredmedia":[{"embeddable":true,"href":"https:\/\/www.dracmallorca.com\/blog\/de\/wp-json\/wp\/v2\/media\/3746"}],"wp:attachment":[{"href":"https:\/\/www.dracmallorca.com\/blog\/de\/wp-json\/wp\/v2\/media?parent=3757"}],"wp:term":[{"taxonomy":"category","embeddable":true,"href":"https:\/\/www.dracmallorca.com\/blog\/de\/wp-json\/wp\/v2\/categories?post=3757"},{"taxonomy":"post_tag","embeddable":true,"href":"https:\/\/www.dracmallorca.com\/blog\/de\/wp-json\/wp\/v2\/tags?post=3757"}],"curies":[{"name":"wp","href":"https:\/\/api.w.org\/{rel}","templated":true}]}}