{"id":2118,"date":"2024-08-26T07:14:22","date_gmt":"2024-08-26T07:14:22","guid":{"rendered":"https:\/\/www.dracmallorca.com\/blog\/?p=2118"},"modified":"2026-03-24T11:16:59","modified_gmt":"2026-03-24T11:16:59","slug":"suden-mallorcas","status":"publish","type":"post","link":"https:\/\/www.dracmallorca.com\/blog\/de\/suden-mallorcas\/","title":{"rendered":"Entdecken Sie den S\u00fcden Mallorcas: ein mediterranes Paradies"},"content":{"rendered":"\t\t<div data-elementor-type=\"wp-post\" data-elementor-id=\"2118\" class=\"elementor elementor-2118 elementor-2061\" data-elementor-post-type=\"post\">\n\t\t\t\t<div class=\"elementor-element elementor-element-4496b77b e-flex e-con-boxed e-con e-parent\" data-id=\"4496b77b\" data-element_type=\"container\" data-e-type=\"container\">\n\t\t\t\t\t<div class=\"e-con-inner\">\n\t\t\t\t<div class=\"elementor-element elementor-element-6285d054 elementor-widget elementor-widget-text-editor\" data-id=\"6285d054\" data-element_type=\"widget\" data-e-type=\"widget\" data-widget_type=\"text-editor.default\">\n\t\t\t\t<div class=\"elementor-widget-container\">\n\t\t\t\t\t\t\t\t\t<p>Der S\u00fcden Mallorcas ist eine Region, die eine unglaubliche Vielfalt an Landschaften bietet, von atemberaubenden wei\u00dfen Sandstr\u00e4nden und versteckten Buchten bis hin zu charmanten D\u00f6rfern mit einer reichen Geschichte und Kultur. Dieser Teil der Baleareninsel ist das perfekte Reiseziel f\u00fcr alle, die eine Kombination aus Entspannung, Abenteuer und kultureller Erkundung suchen.<\/p>\t\t\t\t\t\t\t\t<\/div>\n\t\t\t\t<\/div>\n\t\t\t\t\t<\/div>\n\t\t\t\t<\/div>\n\t\t<div class=\"elementor-element elementor-element-928a48e e-flex e-con-boxed e-con e-parent\" data-id=\"928a48e\" data-element_type=\"container\" data-e-type=\"container\">\n\t\t\t\t\t<div class=\"e-con-inner\">\n\t\t\t\t<div class=\"elementor-element elementor-element-4305cec elementor-align-center elementor-widget elementor-widget-button\" data-id=\"4305cec\" data-element_type=\"widget\" data-e-type=\"widget\" data-widget_type=\"button.default\">\n\t\t\t\t<div class=\"elementor-widget-container\">\n\t\t\t\t\t\t\t\t\t<div class=\"elementor-button-wrapper\">\n\t\t\t\t\t<a class=\"elementor-button elementor-button-link elementor-size-sm\" href=\"#alojamientos\">\n\t\t\t\t\t\t<span class=\"elementor-button-content-wrapper\">\n\t\t\t\t\t\t\t\t\t<span class=\"elementor-button-text\">Buche deine Unterkunft<\/span>\n\t\t\t\t\t<\/span>\n\t\t\t\t\t<\/a>\n\t\t\t\t<\/div>\n\t\t\t\t\t\t\t\t<\/div>\n\t\t\t\t<\/div>\n\t\t\t\t\t<\/div>\n\t\t\t\t<\/div>\n\t\t<div class=\"elementor-element elementor-element-2b1f1bc9 e-flex e-con-boxed e-con e-parent\" data-id=\"2b1f1bc9\" data-element_type=\"container\" data-e-type=\"container\">\n\t\t\t\t\t<div class=\"e-con-inner\">\n\t\t\t\t<div class=\"elementor-element elementor-element-517b609c elementor-widget elementor-widget-table-of-contents\" data-id=\"517b609c\" data-element_type=\"widget\" data-e-type=\"widget\" data-settings=\"{&quot;headings_by_tags&quot;:[&quot;h2&quot;],&quot;exclude_headings_by_selector&quot;:[],&quot;marker_view&quot;:&quot;bullets&quot;,&quot;icon&quot;:{&quot;value&quot;:&quot;&quot;,&quot;library&quot;:&quot;&quot;},&quot;no_headings_message&quot;:&quot;No headings were found on this page.&quot;,&quot;hierarchical_view&quot;:&quot;yes&quot;,&quot;min_height&quot;:{&quot;unit&quot;:&quot;px&quot;,&quot;size&quot;:&quot;&quot;,&quot;sizes&quot;:[]},&quot;min_height_tablet&quot;:{&quot;unit&quot;:&quot;px&quot;,&quot;size&quot;:&quot;&quot;,&quot;sizes&quot;:[]},&quot;min_height_mobile&quot;:{&quot;unit&quot;:&quot;px&quot;,&quot;size&quot;:&quot;&quot;,&quot;sizes&quot;:[]}}\" data-widget_type=\"table-of-contents.default\">\n\t\t\t\t<div class=\"elementor-widget-container\">\n\t\t\t\t\t\t\t\t\t<div class=\"elementor-toc__header\">\n\t\t\t\t\t\t<div class=\"elementor-toc__header-title\">\n\t\t\t\tVerzeichnis\t\t\t<\/div>\n\t\t\t\t\t\t\t\t<\/div>\n\t\t\t\t<div id=\"elementor-toc__517b609c\" class=\"elementor-toc__body\">\n\t\t\t<div class=\"elementor-toc__spinner-container\">\n\t\t\t\t<svg class=\"elementor-toc__spinner eicon-animation-spin e-font-icon-svg e-eicon-loading\" aria-hidden=\"true\" viewBox=\"0 0 1000 1000\" xmlns=\"http:\/\/www.w3.org\/2000\/svg\"><path d=\"M500 975V858C696 858 858 696 858 500S696 142 500 142 142 304 142 500H25C25 237 238 25 500 25S975 237 975 500 763 975 500 975Z\"><\/path><\/svg>\t\t\t<\/div>\n\t\t<\/div>\n\t\t\t\t\t\t<\/div>\n\t\t\t\t<\/div>\n\t\t\t\t\t<\/div>\n\t\t\t\t<\/div>\n\t\t<div class=\"elementor-element elementor-element-426a4d4 e-flex e-con-boxed e-con e-parent\" data-id=\"426a4d4\" data-element_type=\"container\" data-e-type=\"container\">\n\t\t\t\t\t<div class=\"e-con-inner\">\n\t\t\t\t<div class=\"elementor-element elementor-element-11c4fd22 elementor-widget elementor-widget-heading\" data-id=\"11c4fd22\" data-element_type=\"widget\" data-e-type=\"widget\" data-widget_type=\"heading.default\">\n\t\t\t\t<div class=\"elementor-widget-container\">\n\t\t\t\t\t<h2 class=\"elementor-heading-title elementor-size-default\">Die wichtigsten Str\u00e4nde und Buchten im S\u00fcden Mallorcas\n<\/h2>\t\t\t\t<\/div>\n\t\t\t\t<\/div>\n\t\t\t\t<div class=\"elementor-element elementor-element-48aada68 elementor-widget elementor-widget-text-editor\" data-id=\"48aada68\" data-element_type=\"widget\" data-e-type=\"widget\" data-widget_type=\"text-editor.default\">\n\t\t\t\t<div class=\"elementor-widget-container\">\n\t\t\t\t\t\t\t\t\t<p>Der S\u00fcden Mallorcas ist ber\u00fchmt f\u00fcr seine spektakul\u00e4ren Str\u00e4nde und Buchten, die kristallklares Wasser und paradiesische Landschaften bieten. Einer der ber\u00fchmtesten Str\u00e4nde ist <strong>Es Trenc<\/strong>, bekannt f\u00fcr seinen wei\u00dfen Sand und das t\u00fcrkisfarbene Wasser, das an die Karibik erinnert.<\/p><p>Ein weiteres Juwel im S\u00fcden der Insel ist <strong>Cala Pi<\/strong>, eine zwischen Klippen versteckte Bucht, die eine intimere und ruhigere Atmosph\u00e4re bietet. Das kristallklare Wasser eignet sich perfekt zum Schnorcheln, um die reiche Unterwasserwelt zu erkunden.<\/p><p><strong>Playa de Ses Covetes<\/strong> ist ein weiterer Strand, den man nicht verpassen sollte. In der N\u00e4he von Es Trenc gelegen, ist dieser Strand weniger bekannt und daher auch weniger \u00fcberlaufen und bietet ein ruhigeres und entspannteres Erlebnis. Sein seichtes Wasser ist ideal f\u00fcr Familien mit Kindern.<\/p><p>F\u00fcr diejenigen, die ein exklusiveres Erlebnis suchen, bietet <strong>Cala Llombards<\/strong> eine malerische Umgebung mit kristallklarem Wasser und felsigen Klippen. Diese Bucht ist ideal zum Schwimmen, Schnorcheln und Genie\u00dfen der nat\u00fcrlichen Sch\u00f6nheit in einer ruhigen und privaten Umgebung.<\/p>\t\t\t\t\t\t\t\t<\/div>\n\t\t\t\t<\/div>\n\t\t\t\t\t<\/div>\n\t\t\t\t<\/div>\n\t\t<div class=\"elementor-element elementor-element-01eb7f6 e-flex e-con-boxed e-con e-parent\" data-id=\"01eb7f6\" data-element_type=\"container\" data-e-type=\"container\">\n\t\t\t\t\t<div class=\"e-con-inner\">\n\t\t\t\t<div class=\"elementor-element elementor-element-916611f elementor-widget elementor-widget-image\" data-id=\"916611f\" data-element_type=\"widget\" data-e-type=\"widget\" data-widget_type=\"image.default\">\n\t\t\t\t<div class=\"elementor-widget-container\">\n\t\t\t\t\t\t\t\t\t\t\t\t\t\t\t<img decoding=\"async\" src=\"https:\/\/www.dracmallorca.com\/blog\/wp-content\/uploads\/elementor\/thumbs\/calas-mallorca-santanyi-qi587tlstej53fdmzrt0yb632jdjoikjsciig69tgw.jpg\" title=\"calas-mallorca-santanyi\" alt=\"calas-mallorca-santanyi\" loading=\"lazy\" \/>\t\t\t\t\t\t\t\t\t\t\t\t\t\t\t<\/div>\n\t\t\t\t<\/div>\n\t\t\t\t\t<\/div>\n\t\t\t\t<\/div>\n\t\t<div class=\"elementor-element elementor-element-ad7b7ee e-flex e-con-boxed e-con e-parent\" data-id=\"ad7b7ee\" data-element_type=\"container\" data-e-type=\"container\">\n\t\t\t\t\t<div class=\"e-con-inner\">\n\t\t\t\t<div class=\"elementor-element elementor-element-f15df79 elementor-widget elementor-widget-heading\" data-id=\"f15df79\" data-element_type=\"widget\" data-e-type=\"widget\" data-widget_type=\"heading.default\">\n\t\t\t\t<div class=\"elementor-widget-container\">\n\t\t\t\t\t<h2 class=\"elementor-heading-title elementor-size-default\">Charmante D\u00f6rfer im S\u00fcden der Insel\n<\/h2>\t\t\t\t<\/div>\n\t\t\t\t<\/div>\n\t\t\t\t<div class=\"elementor-element elementor-element-e0c91f7 elementor-widget elementor-widget-text-editor\" data-id=\"e0c91f7\" data-element_type=\"widget\" data-e-type=\"widget\" data-widget_type=\"text-editor.default\">\n\t\t\t\t<div class=\"elementor-widget-container\">\n\t\t\t\t\t\t\t\t\t<p>Im S\u00fcden Mallorcas gibt es mehrere charmante D\u00f6rfer, die einen authentischen Einblick in das mallorquinische Leben bieten. <strong>Santany\u00ed<\/strong> ist eines dieser D\u00f6rfer, bekannt f\u00fcr seine charmante Altstadt mit gepflasterten Stra\u00dfen, belebten Pl\u00e4tzen und einer reichen Geschichte. Samstags sollte man unbedingt den Markt von Santany\u00ed besuchen, der frische Produkte, Kunsthandwerk und eine lebhafte Atmosph\u00e4re bietet.<\/p><p><strong>Ses Salines<\/strong> ist ein weiteres malerisches Dorf im S\u00fcden von Mallorca. Ber\u00fchmt f\u00fcr seine Salinen und das nahe gelegene Naturschutzgebiet Mondrag\u00f3, bietet dieses kleine Dorf eine friedliche und nat\u00fcrliche Umgebung. Die lokalen Restaurants und Bars sind ideal, um die mallorquinische Gastronomie zu probieren.<\/p><p><strong>Col\u00f2nia de Sant Jordi<\/strong> ist eine alte Fischerkolonie, die ihren urspr\u00fcnglichen Charme bewahrt hat. Dieser K\u00fcstenort ist bekannt f\u00fcr seine Str\u00e4nde und seinen Hafen, von dem aus man Bootsausfl\u00fcge zur Insel Cabrera unternehmen kann, einem Meeresnationalpark mit reicher Artenvielfalt und kristallklarem Wasser.<\/p>\t\t\t\t\t\t\t\t<\/div>\n\t\t\t\t<\/div>\n\t\t\t\t\t<\/div>\n\t\t\t\t<\/div>\n\t\t<div class=\"elementor-element elementor-element-0f7ea3c e-flex e-con-boxed e-con e-parent\" data-id=\"0f7ea3c\" data-element_type=\"container\" data-e-type=\"container\">\n\t\t\t\t\t<div class=\"e-con-inner\">\n\t\t\t\t<div class=\"elementor-element elementor-element-d4cdb1a elementor-widget elementor-widget-heading\" data-id=\"d4cdb1a\" data-element_type=\"widget\" data-e-type=\"widget\" data-widget_type=\"heading.default\">\n\t\t\t\t<div class=\"elementor-widget-container\">\n\t\t\t\t\t<h2 class=\"elementor-heading-title elementor-size-default\">Wassersport und Aktivit\u00e4ten\n<\/h2>\t\t\t\t<\/div>\n\t\t\t\t<\/div>\n\t\t\t\t<div class=\"elementor-element elementor-element-14beb19 elementor-widget elementor-widget-text-editor\" data-id=\"14beb19\" data-element_type=\"widget\" data-e-type=\"widget\" data-widget_type=\"text-editor.default\">\n\t\t\t\t<div class=\"elementor-widget-container\">\n\t\t\t\t\t\t\t\t\t<p>Der S\u00fcden Mallorcas ist ein Paradies f\u00fcr Wassersportliebhaber. Das klare, ruhige Wasser ist ideal f\u00fcr Aktivit\u00e4ten wie Schnorcheln und Tauchen, bei denen man die reiche Unterwasserwelt und die farbenfrohen Korallenriffe erkunden kann.<\/p><p>Windsurfen und Kitesurfen sind an Str\u00e4nden wie <strong>Es Trenc<\/strong> sehr beliebt, wo der stetige Wind und das offene Gew\u00e4sser perfekte Bedingungen f\u00fcr diese Sportarten bieten. Wer es lieber etwas entspannter mag, f\u00fcr den ist Paddelsurfen eine hervorragende Option, um die Buchten und die K\u00fcste im eigenen Tempo zu erkunden.<\/p><p>Auch der Kajakverleih ist eine sehr beliebte Aktivit\u00e4t, die es Besuchern erm\u00f6glicht, versteckte Buchten zu entdecken und atemberaubende Ausblicke vom Wasser aus zu genie\u00dfen. Bootsausfl\u00fcge, auch zur Insel Cabrera, bieten eine fantastische M\u00f6glichkeit, die K\u00fcste aus einer anderen Perspektive zu betrachten und das Meeresleben in seinem nat\u00fcrlichen Lebensraum zu beobachten.<\/p>\t\t\t\t\t\t\t\t<\/div>\n\t\t\t\t<\/div>\n\t\t\t\t\t<\/div>\n\t\t\t\t<\/div>\n\t\t<div class=\"elementor-element elementor-element-53ef141 e-flex e-con-boxed e-con e-parent\" data-id=\"53ef141\" data-element_type=\"container\" data-e-type=\"container\">\n\t\t\t\t\t<div class=\"e-con-inner\">\n\t\t\t\t<div class=\"elementor-element elementor-element-1502abe elementor-widget elementor-widget-image\" data-id=\"1502abe\" data-element_type=\"widget\" data-e-type=\"widget\" data-widget_type=\"image.default\">\n\t\t\t\t<div class=\"elementor-widget-container\">\n\t\t\t\t\t\t\t\t\t\t\t\t\t\t\t<img fetchpriority=\"high\" decoding=\"async\" width=\"1200\" height=\"600\" src=\"https:\/\/www.dracmallorca.com\/blog\/wp-content\/uploads\/2024\/07\/kayak-en-mallorca.jpg\" class=\"attachment-full size-full wp-image-2098\" alt=\"kayak-en-mallorca\" srcset=\"https:\/\/www.dracmallorca.com\/blog\/wp-content\/uploads\/2024\/07\/kayak-en-mallorca.jpg 1200w, https:\/\/www.dracmallorca.com\/blog\/wp-content\/uploads\/2024\/07\/kayak-en-mallorca-768x384.jpg 768w\" sizes=\"(max-width: 1200px) 100vw, 1200px\" \/>\t\t\t\t\t\t\t\t\t\t\t\t\t\t\t<\/div>\n\t\t\t\t<\/div>\n\t\t\t\t\t<\/div>\n\t\t\t\t<\/div>\n\t\t<div class=\"elementor-element elementor-element-c604d09 e-flex e-con-boxed e-con e-parent\" data-id=\"c604d09\" data-element_type=\"container\" data-e-type=\"container\">\n\t\t\t\t\t<div class=\"e-con-inner\">\n\t\t\t\t<div class=\"elementor-element elementor-element-b8b2cc9 elementor-widget elementor-widget-heading\" data-id=\"b8b2cc9\" data-element_type=\"widget\" data-e-type=\"widget\" data-widget_type=\"heading.default\">\n\t\t\t\t<div class=\"elementor-widget-container\">\n\t\t\t\t\t<h2 class=\"elementor-heading-title elementor-size-default\">Restaurants und Nachtleben im S\u00fcden von Mallorca\n<\/h2>\t\t\t\t<\/div>\n\t\t\t\t<\/div>\n\t\t\t\t<div class=\"elementor-element elementor-element-70ce301 elementor-widget elementor-widget-text-editor\" data-id=\"70ce301\" data-element_type=\"widget\" data-e-type=\"widget\" data-widget_type=\"text-editor.default\">\n\t\t\t\t<div class=\"elementor-widget-container\">\n\t\t\t\t\t\t\t\t\t<p>Der S\u00fcden Mallorcas ist nicht nur f\u00fcr seine nat\u00fcrliche Sch\u00f6nheit bekannt, sondern auch f\u00fcr seine lebendige Gastronomieszene und sein Nachtleben. Die lokalen Restaurants bieten eine gro\u00dfe Auswahl an Gerichten, von frischen Meeresfr\u00fcchten bis zu traditionellen mallorquinischen Tapas.<\/p><p>Das Nachtleben im S\u00fcden Mallorcas ist vielf\u00e4ltig und lebendig. Von Strandbars mit Cocktails und Live-Musik bis hin zu Nachtclubs, in denen bis zum Morgengrauen gefeiert wird, ist f\u00fcr jeden etwas dabei. Die Strandbars eignen sich perfekt, um bei einem Drink zu entspannen und dem Rauschen der Wellen zu lauschen.<\/p><p>Nachtm\u00e4rkte und kulturelle Veranstaltungen sind ebenfalls Teil des pulsierenden Nachtlebens der Region. Diese Veranstaltungen bieten eine einzigartige Gelegenheit, die lokale Kultur zu erleben, Kunsthandwerk und frische Produkte einzukaufen sowie Shows und Live-Musik in einer festlichen Atmosph\u00e4re zu genie\u00dfen.<\/p>\t\t\t\t\t\t\t\t<\/div>\n\t\t\t\t<\/div>\n\t\t\t\t\t<\/div>\n\t\t\t\t<\/div>\n\t\t<div class=\"elementor-element elementor-element-85526e0 e-flex e-con-boxed e-con e-parent\" data-id=\"85526e0\" data-element_type=\"container\" data-e-type=\"container\">\n\t\t\t\t\t<div class=\"e-con-inner\">\n\t\t\t\t<div class=\"elementor-element elementor-element-1b0cd6c elementor-widget elementor-widget-heading\" data-id=\"1b0cd6c\" data-element_type=\"widget\" data-e-type=\"widget\" data-widget_type=\"heading.default\">\n\t\t\t\t<div class=\"elementor-widget-container\">\n\t\t\t\t\t<h2 class=\"elementor-heading-title elementor-size-default\">Wander- und Naturrouten\n<\/h2>\t\t\t\t<\/div>\n\t\t\t\t<\/div>\n\t\t\t\t<div class=\"elementor-element elementor-element-bd7e244 elementor-widget elementor-widget-text-editor\" data-id=\"bd7e244\" data-element_type=\"widget\" data-e-type=\"widget\" data-widget_type=\"text-editor.default\">\n\t\t\t\t<div class=\"elementor-widget-container\">\n\t\t\t\t\t\t\t\t\t<p>Neben den Str\u00e4nden und Wassersportm\u00f6glichkeiten bietet der S\u00fcden Mallorcas zahlreiche Wanderwege und M\u00f6glichkeiten, die Natur zu genie\u00dfen. Der <strong>Parque Natural de Mondrag\u00f3<\/strong> ist eines der beliebtesten Ziele f\u00fcr Wanderfreunde. Mit seinen gut ausgeschilderten Routen bietet der Park abwechslungsreiche Landschaften, von Str\u00e4nden und D\u00fcnen bis hin zu W\u00e4ldern und Feuchtgebieten.<\/p><p>Eine weitere empfehlenswerte Wanderroute ist die <strong>Strecke von Ses Salines nach Es Trenc<\/strong>, die eine Mischung aus K\u00fcsten- und Naturlandschaften bietet. Auf dieser Route k\u00f6nnen Besucher die Sch\u00f6nheit der Salinen genie\u00dfen, V\u00f6gel beobachten und am sch\u00f6nen Strand von Es Trenc enden.<\/p><p>F\u00fcr diejenigen, die eine gr\u00f6\u00dfere Herausforderung suchen, ist der <strong>Cam\u00ed de Cavalls<\/strong> ein Wanderweg, der die Insel umrundet und einige der spektakul\u00e4rsten Ausblicke auf die mallorquinische K\u00fcste bietet. Obwohl er l\u00e4nger und anspruchsvoller ist, sind die s\u00fcdlichen Abschnitte zug\u00e4nglich und bieten ein unvergessliches Erlebnis.<\/p>\t\t\t\t\t\t\t\t<\/div>\n\t\t\t\t<\/div>\n\t\t\t\t\t<\/div>\n\t\t\t\t<\/div>\n\t\t<div class=\"elementor-element elementor-element-57b0207 e-flex e-con-boxed e-con e-parent\" data-id=\"57b0207\" data-element_type=\"container\" data-e-type=\"container\">\n\t\t\t\t\t<div class=\"e-con-inner\">\n\t\t\t\t<div class=\"elementor-element elementor-element-b248b8f elementor-widget elementor-widget-image\" data-id=\"b248b8f\" data-element_type=\"widget\" data-e-type=\"widget\" data-widget_type=\"image.default\">\n\t\t\t\t<div class=\"elementor-widget-container\">\n\t\t\t\t\t\t\t\t\t\t\t\t\t\t\t<img decoding=\"async\" width=\"1200\" height=\"600\" src=\"https:\/\/www.dracmallorca.com\/blog\/wp-content\/uploads\/2024\/07\/Rutas-Es-Trenc-1.jpg\" class=\"attachment-full size-full wp-image-2106\" alt=\"Rutas Es Trenc\" srcset=\"https:\/\/www.dracmallorca.com\/blog\/wp-content\/uploads\/2024\/07\/Rutas-Es-Trenc-1.jpg 1200w, https:\/\/www.dracmallorca.com\/blog\/wp-content\/uploads\/2024\/07\/Rutas-Es-Trenc-1-768x384.jpg 768w\" sizes=\"(max-width: 1200px) 100vw, 1200px\" \/>\t\t\t\t\t\t\t\t\t\t\t\t\t\t\t<\/div>\n\t\t\t\t<\/div>\n\t\t\t\t\t<\/div>\n\t\t\t\t<\/div>\n\t\t<div class=\"elementor-element elementor-element-3c46882 e-flex e-con-boxed e-con e-parent\" data-id=\"3c46882\" data-element_type=\"container\" data-e-type=\"container\">\n\t\t\t\t\t<div class=\"e-con-inner\">\n\t\t\t\t<div class=\"elementor-element elementor-element-1d50c2f elementor-widget elementor-widget-heading\" data-id=\"1d50c2f\" data-element_type=\"widget\" data-e-type=\"widget\" data-widget_type=\"heading.default\">\n\t\t\t\t<div class=\"elementor-widget-container\">\n\t\t\t\t\t<h2 class=\"elementor-heading-title elementor-size-default\">Besuchen Sie den S\u00fcden von Mallorca\n<\/h2>\t\t\t\t<\/div>\n\t\t\t\t<\/div>\n\t\t\t\t<div class=\"elementor-element elementor-element-939b436 elementor-widget elementor-widget-text-editor\" data-id=\"939b436\" data-element_type=\"widget\" data-e-type=\"widget\" data-widget_type=\"text-editor.default\">\n\t\t\t\t<div class=\"elementor-widget-container\">\n\t\t\t\t\t\t\t\t\t<p>Der S\u00fcden Mallorcas ist ein Reiseziel, das alles zu bieten hat: paradiesische Str\u00e4nde, bezaubernde historische D\u00f6rfer, ein breites Angebot an Aktivit\u00e4ten zu Wasser und zu Lande sowie ein reges Angebot an Restaurants und Nachtleben. Diese Region der Insel bietet f\u00fcr jeden Reisenden etwas, egal ob Sie auf der Suche nach Entspannung, Abenteuer oder dem Eintauchen in die lokale Kultur sind.<\/p><p>Verpassen Sie nicht die Gelegenheit, diesen wundersch\u00f6nen Teil Mallorcas zu erkunden und herauszufinden, warum er eines der beliebtesten Reiseziele im Mittelmeer ist. Da es im S\u00fcden Mallorcas so viel zu sehen und zu unternehmen gibt, verspricht er einen unvergesslichen Urlaub, der Sie immer wieder zur\u00fcckkommen l\u00e4sst. Planen Sie noch heute Ihren Besuch und sammeln Sie unvergessliche Erinnerungen im S\u00fcden Mallorcas!<\/p>\t\t\t\t\t\t\t\t<\/div>\n\t\t\t\t<\/div>\n\t\t\t\t\t<\/div>\n\t\t\t\t<\/div>\n\t\t<div class=\"elementor-element elementor-element-45f83c6 e-flex e-con-boxed e-con e-parent\" data-id=\"45f83c6\" data-element_type=\"container\" data-e-type=\"container\">\n\t\t\t\t\t<div class=\"e-con-inner\">\n\t\t\t\t<div class=\"elementor-element elementor-element-0c3edc1 elementor-widget elementor-widget-heading\" data-id=\"0c3edc1\" data-element_type=\"widget\" data-e-type=\"widget\" data-widget_type=\"heading.default\">\n\t\t\t\t<div class=\"elementor-widget-container\">\n\t\t\t\t\t<h2 class=\"elementor-heading-title elementor-size-default\">Die besten Unterk\u00fcnfte im S\u00fcden Mallorcas\n<\/h2>\t\t\t\t<\/div>\n\t\t\t\t<\/div>\n\t\t\t\t\t<\/div>\n\t\t\t\t<\/div>\n\t\t<div class=\"elementor-element elementor-element-f3e1b4d e-flex e-con-boxed e-con e-parent\" data-id=\"f3e1b4d\" data-element_type=\"container\" data-e-type=\"container\">\n\t\t\t\t\t<div class=\"e-con-inner\">\n\t\t\t\t<div class=\"elementor-element elementor-element-d0477d7 elementor-widget elementor-widget-grid\" data-id=\"d0477d7\" data-element_type=\"widget\" data-e-type=\"widget\" id=\"alojamientos\" data-widget_type=\"grid.default\">\n\t\t\t\t<div class=\"elementor-widget-container\">\n\t\t\t\t\t\t\t<div class=\"its--row alojamientos-recomendados\">\n\n\t\t\t<div class=\"alojamientos-recomendados-container\">\n\n\t\t\t\t\t\n\t\t\t\t\t<a href=\"https:\/\/www.dracmallorca.com\/de\/vermietung\/aparthotel-cala-santanyi-a-drac-1-308351.html\" rel=\"nofollow\" style=\"width: 32%;\">\n\t\t\t\t\t\t<div class=\"apartamento-box\">\n\t\t\t\t\t\t\t<div class=\"imagen_recomendados\">\n\t\t\t\t\t\t\t\t<img decoding=\"async\" src=\"https:\/\/crs.avantio.com\/fotos\/2\/157848893219f7507dfb1bf81d589791cf33c84ca6\/big16575375781bc753ef4c125cb8bd50bf9f0e98c61f.jpg\" alt=\"Drac 1 by dracmallorca\">\n\t\t\t\t\t\t\t<\/div>\n\t\t\t\t\t\t\t<div class=\"info\">\n\t\t\t\t\t\t\t\t<div class=\"ubicacion\">\n\t\t\t\t\t\t\t\t\t<i class=\"fa-solid fa-location-dot icono-mapa\"><\/i><span class=\"ubicacion-texto\">Cala Santanyi - Mallorca<\/span>\n\t\t\t\t\t\t\t\t<\/div>\n\t\t\t\t\t\t\t\t<H4 class=\"titulo-alojamiento\">\n\t\t\t\t\t\t\t\t\tDrac 1 by dracmallorca\t\t\t\t\t\t\t\t<\/H4>\n\t\t\t\t\t\t\t\t<p class=\"precio-alojamiento\">Aus <span class=\"precio\">116.28\u20ac<\/span> pro Nacht<\/p>\n\t\t\t\t\t\t\t<\/div>\n\t\t\t\t\t\t<\/div>\n\t\t\t\t\t<\/a> \n\t\t\t\t\t\t\n\t\t\t\t\t<a href=\"https:\/\/www.dracmallorca.com\/de\/vermietung\/finca-santanyi-b-son-garrot-308369.html\" rel=\"nofollow\" style=\"width: 32%;\">\n\t\t\t\t\t\t<div class=\"apartamento-box\">\n\t\t\t\t\t\t\t<div class=\"imagen_recomendados\">\n\t\t\t\t\t\t\t\t<img decoding=\"async\" src=\"https:\/\/crs.avantio.com\/fotos\/2\/1578495511e2021df89be371ad673652d3a1afa744\/big1683975212ab8af943f2182bc375f6ac7374eeb0e6.jpg\" alt=\"Son Garrot by dracmallorca\">\n\t\t\t\t\t\t\t<\/div>\n\t\t\t\t\t\t\t<div class=\"info\">\n\t\t\t\t\t\t\t\t<div class=\"ubicacion\">\n\t\t\t\t\t\t\t\t\t<i class=\"fa-solid fa-location-dot icono-mapa\"><\/i><span class=\"ubicacion-texto\">Santanyi - Mallorca<\/span>\n\t\t\t\t\t\t\t\t<\/div>\n\t\t\t\t\t\t\t\t<H4 class=\"titulo-alojamiento\">\n\t\t\t\t\t\t\t\t\tSon Garrot by dracmallorca\t\t\t\t\t\t\t\t<\/H4>\n\t\t\t\t\t\t\t\t<p class=\"precio-alojamiento\">Aus <span class=\"precio\">131.10\u20ac<\/span> pro Nacht<\/p>\n\t\t\t\t\t\t\t<\/div>\n\t\t\t\t\t\t<\/div>\n\t\t\t\t\t<\/a> \n\t\t\t\t\t\t\n\t\t\t\t\t<a href=\"https:\/\/www.dracmallorca.com\/de\/vermietung\/aparthotel-cala-santanyi-a-drac-2-308477.html\" rel=\"nofollow\" style=\"width: 32%;\">\n\t\t\t\t\t\t<div class=\"apartamento-box\">\n\t\t\t\t\t\t\t<div class=\"imagen_recomendados\">\n\t\t\t\t\t\t\t\t<img decoding=\"async\" src=\"https:\/\/crs.avantio.com\/fotos\/2\/15785843936416bd0ff2f77debe7e15c3769f0f280\/big165753767413ff2f2ae54d6fc3ee2cfa399d0bca05.jpg\" alt=\"Drac 2 by dracmallorca\">\n\t\t\t\t\t\t\t<\/div>\n\t\t\t\t\t\t\t<div class=\"info\">\n\t\t\t\t\t\t\t\t<div class=\"ubicacion\">\n\t\t\t\t\t\t\t\t\t<i class=\"fa-solid fa-location-dot icono-mapa\"><\/i><span class=\"ubicacion-texto\">Cala Santanyi - Mallorca<\/span>\n\t\t\t\t\t\t\t\t<\/div>\n\t\t\t\t\t\t\t\t<H4 class=\"titulo-alojamiento\">\n\t\t\t\t\t\t\t\t\tDrac 2 by dracmallorca\t\t\t\t\t\t\t\t<\/H4>\n\t\t\t\t\t\t\t\t<p class=\"precio-alojamiento\">Aus <span class=\"precio\">126.54\u20ac<\/span> pro Nacht<\/p>\n\t\t\t\t\t\t\t<\/div>\n\t\t\t\t\t\t<\/div>\n\t\t\t\t\t<\/a> \n\t\t\t\t\t\t\n\t\t\t\t\t<a href=\"https:\/\/www.dracmallorca.com\/de\/vermietung\/finca-santanyi-b-bassa-seca-308510.html\" rel=\"nofollow\" style=\"width: 32%;\">\n\t\t\t\t\t\t<div class=\"apartamento-box\">\n\t\t\t\t\t\t\t<div class=\"imagen_recomendados\">\n\t\t\t\t\t\t\t\t<img decoding=\"async\" src=\"https:\/\/crs.avantio.com\/fotos\/2\/1578652754dabbf3dc22a5a4f8b36b9cca85edcb72\/big1653484179c7302878a55fb546dec24f4370fdcc90.jpg\" alt=\"Bassa Seca by dracmallorca\">\n\t\t\t\t\t\t\t<\/div>\n\t\t\t\t\t\t\t<div class=\"info\">\n\t\t\t\t\t\t\t\t<div class=\"ubicacion\">\n\t\t\t\t\t\t\t\t\t<i class=\"fa-solid fa-location-dot icono-mapa\"><\/i><span class=\"ubicacion-texto\">Santanyi - Mallorca<\/span>\n\t\t\t\t\t\t\t\t<\/div>\n\t\t\t\t\t\t\t\t<H4 class=\"titulo-alojamiento\">\n\t\t\t\t\t\t\t\t\tBassa Seca by dracmallorca\t\t\t\t\t\t\t\t<\/H4>\n\t\t\t\t\t\t\t\t<p class=\"precio-alojamiento\">Aus <span class=\"precio\">269.04\u20ac<\/span> pro Nacht<\/p>\n\t\t\t\t\t\t\t<\/div>\n\t\t\t\t\t\t<\/div>\n\t\t\t\t\t<\/a> \n\t\t\t\t\t\t\n\t\t\t\t\t<a href=\"https:\/\/www.dracmallorca.com\/de\/vermietung\/aparthotel-cala-santanyi-a-drac-3-308520.html\" rel=\"nofollow\" style=\"width: 32%;\">\n\t\t\t\t\t\t<div class=\"apartamento-box\">\n\t\t\t\t\t\t\t<div class=\"imagen_recomendados\">\n\t\t\t\t\t\t\t\t<img decoding=\"async\" src=\"https:\/\/crs.avantio.com\/fotos\/2\/157865733393a86a602695a4cb9b4e6ac0f8fb235a\/big17471359792de8ed68273e04ecd16bc90f96988977.jpg\" alt=\"Drac 3 by dracmallorca\">\n\t\t\t\t\t\t\t<\/div>\n\t\t\t\t\t\t\t<div class=\"info\">\n\t\t\t\t\t\t\t\t<div class=\"ubicacion\">\n\t\t\t\t\t\t\t\t\t<i class=\"fa-solid fa-location-dot icono-mapa\"><\/i><span class=\"ubicacion-texto\">Cala Santanyi - Mallorca<\/span>\n\t\t\t\t\t\t\t\t<\/div>\n\t\t\t\t\t\t\t\t<H4 class=\"titulo-alojamiento\">\n\t\t\t\t\t\t\t\t\tDrac 3 by dracmallorca\t\t\t\t\t\t\t\t<\/H4>\n\t\t\t\t\t\t\t\t<p class=\"precio-alojamiento\">Aus <span class=\"precio\">116.28\u20ac<\/span> pro Nacht<\/p>\n\t\t\t\t\t\t\t<\/div>\n\t\t\t\t\t\t<\/div>\n\t\t\t\t\t<\/a> \n\t\t\t\t\t\t\n\t\t\t\t\t<a href=\"https:\/\/www.dracmallorca.com\/de\/vermietung\/finca-santanyi-b-son-sec-308531.html\" rel=\"nofollow\" style=\"width: 32%;\">\n\t\t\t\t\t\t<div class=\"apartamento-box\">\n\t\t\t\t\t\t\t<div class=\"imagen_recomendados\">\n\t\t\t\t\t\t\t\t<img decoding=\"async\" src=\"https:\/\/crs.avantio.com\/fotos\/2\/15789218995e7b88f31f9a5ecb5a53d9c6c22a3ac8\/big168233930248399c28c2198ad2564bcee8c156da79.jpg\" alt=\"Son Sec by dracmallorca\">\n\t\t\t\t\t\t\t<\/div>\n\t\t\t\t\t\t\t<div class=\"info\">\n\t\t\t\t\t\t\t\t<div class=\"ubicacion\">\n\t\t\t\t\t\t\t\t\t<i class=\"fa-solid fa-location-dot icono-mapa\"><\/i><span class=\"ubicacion-texto\">Santanyi - Mallorca<\/span>\n\t\t\t\t\t\t\t\t<\/div>\n\t\t\t\t\t\t\t\t<H4 class=\"titulo-alojamiento\">\n\t\t\t\t\t\t\t\t\tSon Sec by dracmallorca\t\t\t\t\t\t\t\t<\/H4>\n\t\t\t\t\t\t\t\t<p class=\"precio-alojamiento\">Aus <span class=\"precio\">165.30\u20ac<\/span> pro Nacht<\/p>\n\t\t\t\t\t\t\t<\/div>\n\t\t\t\t\t\t<\/div>\n\t\t\t\t\t<\/a> \n\t\t\t\t\t\t\t\t<\/div>\n\t\t\t<\/div>\n\t\t\t\t\t\t<\/div>\n\t\t\t\t<\/div>\n\t\t\t\t\t<\/div>\n\t\t\t\t<\/div>\n\t\t<div class=\"elementor-element elementor-element-71f4d16 e-flex e-con-boxed e-con e-parent\" data-id=\"71f4d16\" data-element_type=\"container\" data-e-type=\"container\">\n\t\t\t\t\t<div class=\"e-con-inner\">\n\t\t\t\t<div class=\"elementor-element elementor-element-3778436 elementor-align-center elementor-widget elementor-widget-button\" data-id=\"3778436\" data-element_type=\"widget\" data-e-type=\"widget\" data-widget_type=\"button.default\">\n\t\t\t\t<div class=\"elementor-widget-container\">\n\t\t\t\t\t\t\t\t\t<div class=\"elementor-button-wrapper\">\n\t\t\t\t\t<a class=\"elementor-button elementor-button-link elementor-size-sm\" href=\"https:\/\/www.dracmallorca.com\/de\/unterkunft-urlaub-ferien-suden-mallorca\/\">\n\t\t\t\t\t\t<span class=\"elementor-button-content-wrapper\">\n\t\t\t\t\t\t\t\t\t<span class=\"elementor-button-text\">Weitere Unterk\u00fcnfte anzeigen<\/span>\n\t\t\t\t\t<\/span>\n\t\t\t\t\t<\/a>\n\t\t\t\t<\/div>\n\t\t\t\t\t\t\t\t<\/div>\n\t\t\t\t<\/div>\n\t\t\t\t\t<\/div>\n\t\t\t\t<\/div>\n\t\t<div class=\"elementor-element elementor-element-95f9bf3 e-flex e-con-boxed e-con e-parent\" data-id=\"95f9bf3\" data-element_type=\"container\" data-e-type=\"container\">\n\t\t\t\t\t<div class=\"e-con-inner\">\n\t\t\t\t<div class=\"elementor-element elementor-element-58f9c91 elementor-widget elementor-widget-text-editor\" data-id=\"58f9c91\" data-element_type=\"widget\" data-e-type=\"widget\" data-widget_type=\"text-editor.default\">\n\t\t\t\t<div class=\"elementor-widget-container\">\n\t\t\t\t\t\t\t\t\t<style>\n    #drac-faq-de {\n        max-width: 800px;\n        margin: 0 auto;\n        font-family: inherit;\n        color: #444;\n        line-height: 1.4;\n    }\n    #drac-faq-de h2 {\n        color: #9F813F !important; \/* Drac Mallorca Gold *\/\n        margin-bottom: 15px;\n        font-size: 1.7rem;\n        font-weight: bold;\n    }\n    #drac-faq-de h3 {\n        color: #333;\n        font-size: 1.1rem;\n        margin-top: 0;\n        margin-bottom: 5px;\n        font-weight: bold;\n    }\n    #drac-faq-de p {\n        margin-top: 0;\n        margin-bottom: 10px;\n        padding: 0;\n        font-size: 1rem;\n    }\n    .drac-item {\n        border-bottom: 1px solid #eee;\n        margin-bottom: 10px;\n        padding-bottom: 5px;\n    }\n    .drac-cta {\n        margin-top: 20px;\n        text-align: center;\n    }\n    .drac-cta a {\n        color: #9F813F !important;\n        font-weight: bold;\n        text-decoration: underline;\n    }\n<\/style>\n\n<section id=\"drac-faq-de\" itemscope itemtype=\"https:\/\/schema.org\/FAQPage\">\n    <h2>H\u00e4ufig gestellte Fragen zum S\u00fcdosten Mallorcas<\/h2>\n    \n    <div class=\"drac-item\" itemscope itemprop=\"mainEntity\" itemtype=\"https:\/\/schema.org\/Question\">\n        <h3 itemprop=\"name\">Welcher Strand im S\u00fcdosten Mallorcas ist am besten f\u00fcr Familien?<\/h3>\n        <div itemscope itemprop=\"acceptedAnswer\" itemtype=\"https:\/\/schema.org\/Answer\">\n            <p itemprop=\"text\">Die Str\u00e4nde von Es Trenc und Ses Covetes sind dank ihres flachen Wassers ideal f\u00fcr Familien. Wir empfehlen auch den Naturpark Mondrag\u00f3 wegen des einfachen Zugangs und des nat\u00fcrlichen Schattens der Pinien.<\/p>\n        <\/div>\n    <\/div>\n\n    <div class=\"drac-item\" itemscope itemprop=\"mainEntity\" itemtype=\"https:\/\/schema.org\/Question\">\n        <h3 itemprop=\"name\">An welchen Tagen findet der Markt in Santany\u00ed statt?<\/h3>\n        <div itemscope itemprop=\"acceptedAnswer\" itemtype=\"https:\/\/schema.org\/Answer\">\n            <p itemprop=\"text\">Der lokale Markt von Santany\u00ed findet jeden Mittwoch- und Samstagvormittag statt. Er ist ein Muss, um Kunsthandwerk und frische Inselprodukte zu entdecken.<\/p>\n        <\/div>\n    <\/div>\n\n    <div class=\"drac-item\" itemscope itemprop=\"mainEntity\" itemtype=\"https:\/\/schema.org\/Question\">\n        <h3 itemprop=\"name\">Wie kann ich die Insel Cabrera besuchen?<\/h3>\n        <div itemscope itemprop=\"acceptedAnswer\" itemtype=\"https:\/\/schema.org\/Answer\">\n            <p itemprop=\"text\">Boote zum Nationalpark Cabrera legen t\u00e4glich im Hafen von Col\u00f2nia de Sant Jordi ab. Es wird dringend empfohlen, im Voraus zu buchen, da die t\u00e4gliche Besucherzahl begrenzt ist.<\/p>\n        <\/div>\n    <\/div>\n\n    <div class=\"drac-item\" itemscope itemprop=\"mainEntity\" itemtype=\"https:\/\/schema.org\/Question\">\n        <h3 itemprop=\"name\">Welches sind die sch\u00f6nsten D\u00f6rfer im S\u00fcden?<\/h3>\n        <div itemscope itemprop=\"acceptedAnswer\" itemtype=\"https:\/\/schema.org\/Answer\">\n            <p itemprop=\"text\">Neben Santany\u00ed sollten Sie den malerischen Fischerhafen Cala Figuera mit seinen traditionellen Bootsh\u00e4usern und Ses Salines, bekannt f\u00fcr seine Gastronomie und historischen Salinen, nicht verpassen.<\/p>\n        <\/div>\n    <\/div>\n\n    <div class=\"drac-cta\">\n        Planen Sie Ihren Inselurlaub?<br>\n        <a href=\"https:\/\/www.dracmallorca.com\/de\/unterkunft-urlaub-ferien-suden-mallorca\/\">Finden Sie Ihr ideales Ferienhaus im S\u00fcdosten Mallorcas<\/a>\n    <\/div>\n<\/section>\t\t\t\t\t\t\t\t<\/div>\n\t\t\t\t<\/div>\n\t\t\t\t\t<\/div>\n\t\t\t\t<\/div>\n\t\t<div class=\"elementor-element elementor-element-c88e695 e-flex e-con-boxed e-con e-parent\" data-id=\"c88e695\" data-element_type=\"container\" data-e-type=\"container\">\n\t\t\t\t\t<div class=\"e-con-inner\">\n\t\t<div class=\"elementor-element elementor-element-2f2eed03 e-con-full e-flex e-con e-child\" data-id=\"2f2eed03\" data-element_type=\"container\" data-e-type=\"container\">\n\t\t\t\t<div class=\"elementor-element elementor-element-1834cd9d elementor-cta--skin-cover elementor-cta--valign-bottom elementor-animated-content elementor-bg-transform elementor-bg-transform-zoom-in elementor-widget elementor-widget-call-to-action\" data-id=\"1834cd9d\" data-element_type=\"widget\" data-e-type=\"widget\" data-widget_type=\"call-to-action.default\">\n\t\t\t\t<div class=\"elementor-widget-container\">\n\t\t\t\t\t\t\t<div class=\"elementor-cta\">\n\t\t\t\t\t<div class=\"elementor-cta__bg-wrapper\">\n\t\t\t\t<div class=\"elementor-cta__bg elementor-bg\" style=\"background-image: url(https:\/\/www.dracmallorca.com\/blog\/wp-content\/uploads\/2024\/02\/visitar-mirador-es-pontas.jpg);\" role=\"img\" aria-label=\"visitar-mirador-es-pontas\"><\/div>\n\t\t\t\t<div class=\"elementor-cta__bg-overlay\"><\/div>\n\t\t\t<\/div>\n\t\t\t\t\t\t\t<div class=\"elementor-cta__content\">\n\t\t\t\t\n\t\t\t\t\n\t\t\t\t\n\t\t\t\t\t\t\t\t\t<div class=\"elementor-cta__button-wrapper elementor-cta__content-item elementor-content-item elementor-animated-item--grow\">\n\t\t\t\t\t<a class=\"elementor-cta__button elementor-button elementor-size-\" href=\"https:\/\/www.dracmallorca.com\/de\/unterkunft-urlaub-ferien-suden-mallorca\/\">\n\t\t\t\t\t\tSuden Mallorca\t\t\t\t\t<\/a>\n\t\t\t\t\t<\/div>\n\t\t\t\t\t\t\t<\/div>\n\t\t\t\t\t\t<\/div>\n\t\t\t\t\t\t<\/div>\n\t\t\t\t<\/div>\n\t\t\t\t<\/div>\n\t\t<div class=\"elementor-element elementor-element-64be53ee e-con-full e-flex e-con e-child\" data-id=\"64be53ee\" data-element_type=\"container\" data-e-type=\"container\">\n\t\t\t\t<div class=\"elementor-element elementor-element-ae72b4e elementor-cta--skin-cover elementor-cta--valign-bottom elementor-animated-content elementor-bg-transform elementor-bg-transform-zoom-in elementor-widget elementor-widget-call-to-action\" data-id=\"ae72b4e\" data-element_type=\"widget\" data-e-type=\"widget\" data-widget_type=\"call-to-action.default\">\n\t\t\t\t<div class=\"elementor-widget-container\">\n\t\t\t\t\t\t\t<div class=\"elementor-cta\">\n\t\t\t\t\t<div class=\"elementor-cta__bg-wrapper\">\n\t\t\t\t<div class=\"elementor-cta__bg elementor-bg\" style=\"background-image: url(https:\/\/www.dracmallorca.com\/blog\/wp-content\/uploads\/2023\/12\/Cala-Santanyi-1920x630.jpg);\" role=\"img\" aria-label=\"Cala Santanyi\"><\/div>\n\t\t\t\t<div class=\"elementor-cta__bg-overlay\"><\/div>\n\t\t\t<\/div>\n\t\t\t\t\t\t\t<div class=\"elementor-cta__content\">\n\t\t\t\t\n\t\t\t\t\n\t\t\t\t\n\t\t\t\t\t\t\t\t\t<div class=\"elementor-cta__button-wrapper elementor-cta__content-item elementor-content-item elementor-animated-item--grow\">\n\t\t\t\t\t<a class=\"elementor-cta__button elementor-button elementor-size-\" href=\"https:\/\/www.dracmallorca.com\/de\/unterkunft-urlaub-ferien-cala-santanyi-mallorca\/\">\n\t\t\t\t\t\tCala Santanyi\t\t\t\t\t<\/a>\n\t\t\t\t\t<\/div>\n\t\t\t\t\t\t\t<\/div>\n\t\t\t\t\t\t<\/div>\n\t\t\t\t\t\t<\/div>\n\t\t\t\t<\/div>\n\t\t\t\t<\/div>\n\t\t<div class=\"elementor-element elementor-element-242cc918 e-con-full e-flex e-con e-child\" data-id=\"242cc918\" data-element_type=\"container\" data-e-type=\"container\">\n\t\t\t\t<div class=\"elementor-element elementor-element-f807c66 elementor-cta--skin-cover elementor-cta--valign-bottom elementor-animated-content elementor-bg-transform elementor-bg-transform-zoom-in elementor-widget elementor-widget-call-to-action\" data-id=\"f807c66\" data-element_type=\"widget\" data-e-type=\"widget\" data-widget_type=\"call-to-action.default\">\n\t\t\t\t<div class=\"elementor-widget-container\">\n\t\t\t\t\t\t\t<div class=\"elementor-cta\">\n\t\t\t\t\t<div class=\"elementor-cta__bg-wrapper\">\n\t\t\t\t<div class=\"elementor-cta__bg elementor-bg\" style=\"background-image: url(https:\/\/www.dracmallorca.com\/blog\/wp-content\/uploads\/2023\/12\/Santanyi-1920x630.jpg);\" role=\"img\" aria-label=\"Santanyi\"><\/div>\n\t\t\t\t<div class=\"elementor-cta__bg-overlay\"><\/div>\n\t\t\t<\/div>\n\t\t\t\t\t\t\t<div class=\"elementor-cta__content\">\n\t\t\t\t\n\t\t\t\t\n\t\t\t\t\n\t\t\t\t\t\t\t\t\t<div class=\"elementor-cta__button-wrapper elementor-cta__content-item elementor-content-item elementor-animated-item--grow\">\n\t\t\t\t\t<a class=\"elementor-cta__button elementor-button elementor-size-\" href=\"https:\/\/www.dracmallorca.com\/de\/unterkunfte-santanyi\">\n\t\t\t\t\t\tSantanyi\t\t\t\t\t<\/a>\n\t\t\t\t\t<\/div>\n\t\t\t\t\t\t\t<\/div>\n\t\t\t\t\t\t<\/div>\n\t\t\t\t\t\t<\/div>\n\t\t\t\t<\/div>\n\t\t\t\t<\/div>\n\t\t<div class=\"elementor-element elementor-element-2d331e4e e-con-full e-flex e-con e-child\" data-id=\"2d331e4e\" data-element_type=\"container\" data-e-type=\"container\">\n\t\t\t\t<div class=\"elementor-element elementor-element-31fb7811 elementor-cta--skin-cover elementor-cta--valign-bottom elementor-animated-content elementor-bg-transform elementor-bg-transform-zoom-in elementor-widget elementor-widget-call-to-action\" data-id=\"31fb7811\" data-element_type=\"widget\" data-e-type=\"widget\" data-widget_type=\"call-to-action.default\">\n\t\t\t\t<div class=\"elementor-widget-container\">\n\t\t\t\t\t\t\t<div class=\"elementor-cta\">\n\t\t\t\t\t<div class=\"elementor-cta__bg-wrapper\">\n\t\t\t\t<div class=\"elementor-cta__bg elementor-bg\" style=\"background-image: url(https:\/\/www.dracmallorca.com\/blog\/wp-content\/uploads\/2023\/12\/cala-figueras-1920x630.jpg);\" role=\"img\" aria-label=\"cala figueras\"><\/div>\n\t\t\t\t<div class=\"elementor-cta__bg-overlay\"><\/div>\n\t\t\t<\/div>\n\t\t\t\t\t\t\t<div class=\"elementor-cta__content\">\n\t\t\t\t\n\t\t\t\t\n\t\t\t\t\n\t\t\t\t\t\t\t\t\t<div class=\"elementor-cta__button-wrapper elementor-cta__content-item elementor-content-item elementor-animated-item--grow\">\n\t\t\t\t\t<a class=\"elementor-cta__button elementor-button elementor-size-\" href=\"https:\/\/www.dracmallorca.com\/de\/unterkunft-urlaub-ferien-cala-figuera-mallorca\/\">\n\t\t\t\t\t\tCala Figueras\t\t\t\t\t<\/a>\n\t\t\t\t\t<\/div>\n\t\t\t\t\t\t\t<\/div>\n\t\t\t\t\t\t<\/div>\n\t\t\t\t\t\t<\/div>\n\t\t\t\t<\/div>\n\t\t\t\t<\/div>\n\t\t\t\t\t<\/div>\n\t\t\t\t<\/div>\n\t\t\t\t<\/div>\n\t\t","protected":false},"excerpt":{"rendered":"<p>Der S\u00fcden Mallorcas ist eine Region, die eine unglaubliche Vielfalt an Landschaften bietet, von atemberaubenden wei\u00dfen Sandstr\u00e4nden und versteckten Buchten bis hin zu charmanten D\u00f6rfern mit einer reichen Geschichte und Kultur. Dieser Teil der Baleareninsel ist das perfekte Reiseziel f\u00fcr alle, die eine Kombination aus Entspannung, Abenteuer und kultureller Erkundung suchen. Buche deine Unterkunft Verzeichnis [&hellip;]<\/p>\n","protected":false},"author":3,"featured_media":2110,"comment_status":"open","ping_status":"closed","sticky":false,"template":"","format":"standard","meta":{"footnotes":""},"categories":[3],"tags":[],"class_list":["post-2118","post","type-post","status-publish","format-standard","has-post-thumbnail","hentry","category-grupo-drac"],"yoast_head":"<!-- This site is optimized with the Yoast SEO plugin v27.4 - https:\/\/yoast.com\/product\/yoast-seo-wordpress\/ -->\n<title>Entdecken Sie den S\u00fcden Mallorcas: ein mediterranes Paradies - Experiencias y actividades en Mallorca<\/title>\n<meta name=\"description\" content=\"Entdecken Sie den S\u00fcden Mallorcas: paradiesische Str\u00e4nde, charmante St\u00e4dte und spektakul\u00e4re Landschaften. Ein Juwel zum Erkunden!\" \/>\n<meta name=\"robots\" content=\"index, follow, max-snippet:-1, max-image-preview:large, max-video-preview:-1\" \/>\n<link rel=\"canonical\" href=\"https:\/\/www.dracmallorca.com\/blog\/es\/sur-mallorca\/\" \/>\n<meta property=\"og:locale\" content=\"de_DE\" \/>\n<meta property=\"og:type\" content=\"article\" \/>\n<meta property=\"og:title\" content=\"Entdecken Sie den S\u00fcden Mallorcas: ein mediterranes Paradies - Experiencias y actividades en Mallorca\" \/>\n<meta property=\"og:description\" content=\"Entdecken Sie den S\u00fcden Mallorcas: paradiesische Str\u00e4nde, charmante St\u00e4dte und spektakul\u00e4re Landschaften. Ein Juwel zum Erkunden!\" \/>\n<meta property=\"og:url\" content=\"https:\/\/www.dracmallorca.com\/blog\/es\/sur-mallorca\/\" \/>\n<meta property=\"og:site_name\" content=\"Experiencias y actividades en Mallorca\" \/>\n<meta property=\"article:published_time\" content=\"2024-08-26T07:14:22+00:00\" \/>\n<meta property=\"article:modified_time\" content=\"2026-03-24T11:16:59+00:00\" \/>\n<meta property=\"og:image\" content=\"https:\/\/www.dracmallorca.com\/blog\/wp-content\/uploads\/2024\/07\/Sur-de-mallorca.jpg\" \/>\n\t<meta property=\"og:image:width\" content=\"1920\" \/>\n\t<meta property=\"og:image:height\" content=\"640\" \/>\n\t<meta property=\"og:image:type\" content=\"image\/jpeg\" \/>\n<meta name=\"author\" content=\"digitalservices\" \/>\n<meta name=\"twitter:card\" content=\"summary_large_image\" \/>\n<meta name=\"twitter:label1\" content=\"Verfasst von\" \/>\n\t<meta name=\"twitter:data1\" content=\"digitalservices\" \/>\n\t<meta name=\"twitter:label2\" content=\"Gesch\u00e4tzte Lesezeit\" \/>\n\t<meta name=\"twitter:data2\" content=\"9\u00a0Minuten\" \/>\n<script type=\"application\/ld+json\" class=\"yoast-schema-graph\">{\"@context\":\"https:\\\/\\\/schema.org\",\"@graph\":[{\"@type\":\"Article\",\"@id\":\"https:\\\/\\\/www.dracmallorca.com\\\/blog\\\/es\\\/sur-mallorca\\\/#article\",\"isPartOf\":{\"@id\":\"https:\\\/\\\/www.dracmallorca.com\\\/blog\\\/es\\\/sur-mallorca\\\/\"},\"author\":{\"name\":\"digitalservices\",\"@id\":\"https:\\\/\\\/www.dracmallorca.com\\\/blog\\\/#\\\/schema\\\/person\\\/761a6b895e74722c4901d17bf4d58510\"},\"headline\":\"Entdecken Sie den S\u00fcden Mallorcas: ein mediterranes Paradies\",\"datePublished\":\"2024-08-26T07:14:22+00:00\",\"dateModified\":\"2026-03-24T11:16:59+00:00\",\"mainEntityOfPage\":{\"@id\":\"https:\\\/\\\/www.dracmallorca.com\\\/blog\\\/es\\\/sur-mallorca\\\/\"},\"wordCount\":1264,\"commentCount\":0,\"publisher\":{\"@id\":\"https:\\\/\\\/www.dracmallorca.com\\\/blog\\\/#organization\"},\"image\":{\"@id\":\"https:\\\/\\\/www.dracmallorca.com\\\/blog\\\/es\\\/sur-mallorca\\\/#primaryimage\"},\"thumbnailUrl\":\"https:\\\/\\\/www.dracmallorca.com\\\/blog\\\/wp-content\\\/uploads\\\/2024\\\/07\\\/Sur-de-mallorca.jpg\",\"articleSection\":[\"Grupo Drac Santany\u00ed\"],\"inLanguage\":\"de\",\"potentialAction\":[{\"@type\":\"CommentAction\",\"name\":\"Comment\",\"target\":[\"https:\\\/\\\/www.dracmallorca.com\\\/blog\\\/es\\\/sur-mallorca\\\/#respond\"]}]},{\"@type\":\"WebPage\",\"@id\":\"https:\\\/\\\/www.dracmallorca.com\\\/blog\\\/es\\\/sur-mallorca\\\/\",\"url\":\"https:\\\/\\\/www.dracmallorca.com\\\/blog\\\/es\\\/sur-mallorca\\\/\",\"name\":\"Entdecken Sie den S\u00fcden Mallorcas: ein mediterranes Paradies - Experiencias y actividades en Mallorca\",\"isPartOf\":{\"@id\":\"https:\\\/\\\/www.dracmallorca.com\\\/blog\\\/#website\"},\"primaryImageOfPage\":{\"@id\":\"https:\\\/\\\/www.dracmallorca.com\\\/blog\\\/es\\\/sur-mallorca\\\/#primaryimage\"},\"image\":{\"@id\":\"https:\\\/\\\/www.dracmallorca.com\\\/blog\\\/es\\\/sur-mallorca\\\/#primaryimage\"},\"thumbnailUrl\":\"https:\\\/\\\/www.dracmallorca.com\\\/blog\\\/wp-content\\\/uploads\\\/2024\\\/07\\\/Sur-de-mallorca.jpg\",\"datePublished\":\"2024-08-26T07:14:22+00:00\",\"dateModified\":\"2026-03-24T11:16:59+00:00\",\"description\":\"Entdecken Sie den S\u00fcden Mallorcas: paradiesische Str\u00e4nde, charmante St\u00e4dte und spektakul\u00e4re Landschaften. Ein Juwel zum Erkunden!\",\"inLanguage\":\"de\",\"potentialAction\":[{\"@type\":\"ReadAction\",\"target\":[\"https:\\\/\\\/www.dracmallorca.com\\\/blog\\\/es\\\/sur-mallorca\\\/\"]}]},{\"@type\":\"ImageObject\",\"inLanguage\":\"de\",\"@id\":\"https:\\\/\\\/www.dracmallorca.com\\\/blog\\\/es\\\/sur-mallorca\\\/#primaryimage\",\"url\":\"https:\\\/\\\/www.dracmallorca.com\\\/blog\\\/wp-content\\\/uploads\\\/2024\\\/07\\\/Sur-de-mallorca.jpg\",\"contentUrl\":\"https:\\\/\\\/www.dracmallorca.com\\\/blog\\\/wp-content\\\/uploads\\\/2024\\\/07\\\/Sur-de-mallorca.jpg\",\"width\":1920,\"height\":640,\"caption\":\"Sur de mallorca\"},{\"@type\":\"WebSite\",\"@id\":\"https:\\\/\\\/www.dracmallorca.com\\\/blog\\\/#website\",\"url\":\"https:\\\/\\\/www.dracmallorca.com\\\/blog\\\/\",\"name\":\"Experiencias y actividades en Mallorca\",\"description\":\"Drac Mallorca\",\"publisher\":{\"@id\":\"https:\\\/\\\/www.dracmallorca.com\\\/blog\\\/#organization\"},\"potentialAction\":[{\"@type\":\"SearchAction\",\"target\":{\"@type\":\"EntryPoint\",\"urlTemplate\":\"https:\\\/\\\/www.dracmallorca.com\\\/blog\\\/?s={search_term_string}\"},\"query-input\":{\"@type\":\"PropertyValueSpecification\",\"valueRequired\":true,\"valueName\":\"search_term_string\"}}],\"inLanguage\":\"de\"},{\"@type\":\"Organization\",\"@id\":\"https:\\\/\\\/www.dracmallorca.com\\\/blog\\\/#organization\",\"name\":\"Experiencias y actividades en Mallorca\",\"url\":\"https:\\\/\\\/www.dracmallorca.com\\\/blog\\\/\",\"logo\":{\"@type\":\"ImageObject\",\"inLanguage\":\"de\",\"@id\":\"https:\\\/\\\/www.dracmallorca.com\\\/blog\\\/#\\\/schema\\\/logo\\\/image\\\/\",\"url\":\"https:\\\/\\\/www.dracmallorca.com\\\/blog\\\/wp-content\\\/uploads\\\/2023\\\/11\\\/logo-8.png\",\"contentUrl\":\"https:\\\/\\\/www.dracmallorca.com\\\/blog\\\/wp-content\\\/uploads\\\/2023\\\/11\\\/logo-8.png\",\"width\":869,\"height\":248,\"caption\":\"Experiencias y actividades en Mallorca\"},\"image\":{\"@id\":\"https:\\\/\\\/www.dracmallorca.com\\\/blog\\\/#\\\/schema\\\/logo\\\/image\\\/\"}},{\"@type\":\"Person\",\"@id\":\"https:\\\/\\\/www.dracmallorca.com\\\/blog\\\/#\\\/schema\\\/person\\\/761a6b895e74722c4901d17bf4d58510\",\"name\":\"digitalservices\",\"image\":{\"@type\":\"ImageObject\",\"inLanguage\":\"de\",\"@id\":\"https:\\\/\\\/secure.gravatar.com\\\/avatar\\\/af30f88a1904294c1f3eb09a9d7903eec4ffa18fa2cf40c28a8681014ecdfc20?s=96&d=mm&r=g\",\"url\":\"https:\\\/\\\/secure.gravatar.com\\\/avatar\\\/af30f88a1904294c1f3eb09a9d7903eec4ffa18fa2cf40c28a8681014ecdfc20?s=96&d=mm&r=g\",\"contentUrl\":\"https:\\\/\\\/secure.gravatar.com\\\/avatar\\\/af30f88a1904294c1f3eb09a9d7903eec4ffa18fa2cf40c28a8681014ecdfc20?s=96&d=mm&r=g\",\"caption\":\"digitalservices\"},\"url\":\"https:\\\/\\\/www.dracmallorca.com\\\/blog\\\/de\\\/author\\\/digitalservices\\\/\"}]}<\/script>\n<!-- \/ Yoast SEO plugin. -->","yoast_head_json":{"title":"Entdecken Sie den S\u00fcden Mallorcas: ein mediterranes Paradies - Experiencias y actividades en Mallorca","description":"Entdecken Sie den S\u00fcden Mallorcas: paradiesische Str\u00e4nde, charmante St\u00e4dte und spektakul\u00e4re Landschaften. Ein Juwel zum Erkunden!","robots":{"index":"index","follow":"follow","max-snippet":"max-snippet:-1","max-image-preview":"max-image-preview:large","max-video-preview":"max-video-preview:-1"},"canonical":"https:\/\/www.dracmallorca.com\/blog\/es\/sur-mallorca\/","og_locale":"de_DE","og_type":"article","og_title":"Entdecken Sie den S\u00fcden Mallorcas: ein mediterranes Paradies - Experiencias y actividades en Mallorca","og_description":"Entdecken Sie den S\u00fcden Mallorcas: paradiesische Str\u00e4nde, charmante St\u00e4dte und spektakul\u00e4re Landschaften. Ein Juwel zum Erkunden!","og_url":"https:\/\/www.dracmallorca.com\/blog\/es\/sur-mallorca\/","og_site_name":"Experiencias y actividades en Mallorca","article_published_time":"2024-08-26T07:14:22+00:00","article_modified_time":"2026-03-24T11:16:59+00:00","og_image":[{"width":1920,"height":640,"url":"https:\/\/www.dracmallorca.com\/blog\/wp-content\/uploads\/2024\/07\/Sur-de-mallorca.jpg","type":"image\/jpeg"}],"author":"digitalservices","twitter_card":"summary_large_image","twitter_misc":{"Verfasst von":"digitalservices","Gesch\u00e4tzte Lesezeit":"9\u00a0Minuten"},"schema":{"@context":"https:\/\/schema.org","@graph":[{"@type":"Article","@id":"https:\/\/www.dracmallorca.com\/blog\/es\/sur-mallorca\/#article","isPartOf":{"@id":"https:\/\/www.dracmallorca.com\/blog\/es\/sur-mallorca\/"},"author":{"name":"digitalservices","@id":"https:\/\/www.dracmallorca.com\/blog\/#\/schema\/person\/761a6b895e74722c4901d17bf4d58510"},"headline":"Entdecken Sie den S\u00fcden Mallorcas: ein mediterranes Paradies","datePublished":"2024-08-26T07:14:22+00:00","dateModified":"2026-03-24T11:16:59+00:00","mainEntityOfPage":{"@id":"https:\/\/www.dracmallorca.com\/blog\/es\/sur-mallorca\/"},"wordCount":1264,"commentCount":0,"publisher":{"@id":"https:\/\/www.dracmallorca.com\/blog\/#organization"},"image":{"@id":"https:\/\/www.dracmallorca.com\/blog\/es\/sur-mallorca\/#primaryimage"},"thumbnailUrl":"https:\/\/www.dracmallorca.com\/blog\/wp-content\/uploads\/2024\/07\/Sur-de-mallorca.jpg","articleSection":["Grupo Drac Santany\u00ed"],"inLanguage":"de","potentialAction":[{"@type":"CommentAction","name":"Comment","target":["https:\/\/www.dracmallorca.com\/blog\/es\/sur-mallorca\/#respond"]}]},{"@type":"WebPage","@id":"https:\/\/www.dracmallorca.com\/blog\/es\/sur-mallorca\/","url":"https:\/\/www.dracmallorca.com\/blog\/es\/sur-mallorca\/","name":"Entdecken Sie den S\u00fcden Mallorcas: ein mediterranes Paradies - Experiencias y actividades en Mallorca","isPartOf":{"@id":"https:\/\/www.dracmallorca.com\/blog\/#website"},"primaryImageOfPage":{"@id":"https:\/\/www.dracmallorca.com\/blog\/es\/sur-mallorca\/#primaryimage"},"image":{"@id":"https:\/\/www.dracmallorca.com\/blog\/es\/sur-mallorca\/#primaryimage"},"thumbnailUrl":"https:\/\/www.dracmallorca.com\/blog\/wp-content\/uploads\/2024\/07\/Sur-de-mallorca.jpg","datePublished":"2024-08-26T07:14:22+00:00","dateModified":"2026-03-24T11:16:59+00:00","description":"Entdecken Sie den S\u00fcden Mallorcas: paradiesische Str\u00e4nde, charmante St\u00e4dte und spektakul\u00e4re Landschaften. Ein Juwel zum Erkunden!","inLanguage":"de","potentialAction":[{"@type":"ReadAction","target":["https:\/\/www.dracmallorca.com\/blog\/es\/sur-mallorca\/"]}]},{"@type":"ImageObject","inLanguage":"de","@id":"https:\/\/www.dracmallorca.com\/blog\/es\/sur-mallorca\/#primaryimage","url":"https:\/\/www.dracmallorca.com\/blog\/wp-content\/uploads\/2024\/07\/Sur-de-mallorca.jpg","contentUrl":"https:\/\/www.dracmallorca.com\/blog\/wp-content\/uploads\/2024\/07\/Sur-de-mallorca.jpg","width":1920,"height":640,"caption":"Sur de mallorca"},{"@type":"WebSite","@id":"https:\/\/www.dracmallorca.com\/blog\/#website","url":"https:\/\/www.dracmallorca.com\/blog\/","name":"Experiencias y actividades en Mallorca","description":"Drac Mallorca","publisher":{"@id":"https:\/\/www.dracmallorca.com\/blog\/#organization"},"potentialAction":[{"@type":"SearchAction","target":{"@type":"EntryPoint","urlTemplate":"https:\/\/www.dracmallorca.com\/blog\/?s={search_term_string}"},"query-input":{"@type":"PropertyValueSpecification","valueRequired":true,"valueName":"search_term_string"}}],"inLanguage":"de"},{"@type":"Organization","@id":"https:\/\/www.dracmallorca.com\/blog\/#organization","name":"Experiencias y actividades en Mallorca","url":"https:\/\/www.dracmallorca.com\/blog\/","logo":{"@type":"ImageObject","inLanguage":"de","@id":"https:\/\/www.dracmallorca.com\/blog\/#\/schema\/logo\/image\/","url":"https:\/\/www.dracmallorca.com\/blog\/wp-content\/uploads\/2023\/11\/logo-8.png","contentUrl":"https:\/\/www.dracmallorca.com\/blog\/wp-content\/uploads\/2023\/11\/logo-8.png","width":869,"height":248,"caption":"Experiencias y actividades en Mallorca"},"image":{"@id":"https:\/\/www.dracmallorca.com\/blog\/#\/schema\/logo\/image\/"}},{"@type":"Person","@id":"https:\/\/www.dracmallorca.com\/blog\/#\/schema\/person\/761a6b895e74722c4901d17bf4d58510","name":"digitalservices","image":{"@type":"ImageObject","inLanguage":"de","@id":"https:\/\/secure.gravatar.com\/avatar\/af30f88a1904294c1f3eb09a9d7903eec4ffa18fa2cf40c28a8681014ecdfc20?s=96&d=mm&r=g","url":"https:\/\/secure.gravatar.com\/avatar\/af30f88a1904294c1f3eb09a9d7903eec4ffa18fa2cf40c28a8681014ecdfc20?s=96&d=mm&r=g","contentUrl":"https:\/\/secure.gravatar.com\/avatar\/af30f88a1904294c1f3eb09a9d7903eec4ffa18fa2cf40c28a8681014ecdfc20?s=96&d=mm&r=g","caption":"digitalservices"},"url":"https:\/\/www.dracmallorca.com\/blog\/de\/author\/digitalservices\/"}]}},"_links":{"self":[{"href":"https:\/\/www.dracmallorca.com\/blog\/de\/wp-json\/wp\/v2\/posts\/2118","targetHints":{"allow":["GET"]}}],"collection":[{"href":"https:\/\/www.dracmallorca.com\/blog\/de\/wp-json\/wp\/v2\/posts"}],"about":[{"href":"https:\/\/www.dracmallorca.com\/blog\/de\/wp-json\/wp\/v2\/types\/post"}],"author":[{"embeddable":true,"href":"https:\/\/www.dracmallorca.com\/blog\/de\/wp-json\/wp\/v2\/users\/3"}],"replies":[{"embeddable":true,"href":"https:\/\/www.dracmallorca.com\/blog\/de\/wp-json\/wp\/v2\/comments?post=2118"}],"version-history":[{"count":10,"href":"https:\/\/www.dracmallorca.com\/blog\/de\/wp-json\/wp\/v2\/posts\/2118\/revisions"}],"predecessor-version":[{"id":4440,"href":"https:\/\/www.dracmallorca.com\/blog\/de\/wp-json\/wp\/v2\/posts\/2118\/revisions\/4440"}],"wp:featuredmedia":[{"embeddable":true,"href":"https:\/\/www.dracmallorca.com\/blog\/de\/wp-json\/wp\/v2\/media\/2110"}],"wp:attachment":[{"href":"https:\/\/www.dracmallorca.com\/blog\/de\/wp-json\/wp\/v2\/media?parent=2118"}],"wp:term":[{"taxonomy":"category","embeddable":true,"href":"https:\/\/www.dracmallorca.com\/blog\/de\/wp-json\/wp\/v2\/categories?post=2118"},{"taxonomy":"post_tag","embeddable":true,"href":"https:\/\/www.dracmallorca.com\/blog\/de\/wp-json\/wp\/v2\/tags?post=2118"}],"curies":[{"name":"wp","href":"https:\/\/api.w.org\/{rel}","templated":true}]}}