{"id":1627,"date":"2024-04-23T08:12:24","date_gmt":"2024-04-23T08:12:24","guid":{"rendered":"https:\/\/www.dracmallorca.com\/blog\/?p=1627"},"modified":"2024-04-23T08:12:38","modified_gmt":"2024-04-23T08:12:38","slug":"das-essen-auf-mallorca-entdecken-sie-eine-fantastische-gastronomie","status":"publish","type":"post","link":"https:\/\/www.dracmallorca.com\/blog\/de\/das-essen-auf-mallorca-entdecken-sie-eine-fantastische-gastronomie\/","title":{"rendered":"Das Essen auf Mallorca: Entdecken Sie eine fantastische Gastronomie"},"content":{"rendered":"\t\t<div data-elementor-type=\"wp-post\" data-elementor-id=\"1627\" class=\"elementor elementor-1627 elementor-1556\" data-elementor-post-type=\"post\">\n\t\t\t\t<div class=\"elementor-element elementor-element-53e3eafa e-flex e-con-boxed e-con e-parent\" data-id=\"53e3eafa\" data-element_type=\"container\" data-e-type=\"container\">\n\t\t\t\t\t<div class=\"e-con-inner\">\n\t\t\t\t<div class=\"elementor-element elementor-element-4df7f18c elementor-widget elementor-widget-text-editor\" data-id=\"4df7f18c\" data-element_type=\"widget\" data-e-type=\"widget\" data-widget_type=\"text-editor.default\">\n\t\t\t\t<div class=\"elementor-widget-container\">\n\t\t\t\t\t\t\t\t\t<p>Kennen Sie das <strong>Essen auf Mallorca<\/strong>? Wahrscheinlich reisen Sie nach Mallorca, um sich zu entspannen, die sch\u00f6nen Str\u00e4nde und Berge zu genie\u00dfen und die attraktivsten Orte der Insel zu besuchen, aber vergessen Sie nicht das Essen, das ebenfalls spektakul\u00e4r und abwechslungsreich ist. Wenn Sie mehr \u00fcber die faszinierende <strong><em>Foodie<\/em><\/strong><em>&#8211;<\/em>Kultur der Insel erfahren m\u00f6chten, lesen Sie weiter, denn wir verraten Ihnen alles, was Sie wissen m\u00fcssen, auch wo man auf Mallorca essen gehen kann.<\/p>\t\t\t\t\t\t\t\t<\/div>\n\t\t\t\t<\/div>\n\t\t\t\t\t<\/div>\n\t\t\t\t<\/div>\n\t\t<div class=\"elementor-element elementor-element-2d9b108 e-flex e-con-boxed e-con e-parent\" data-id=\"2d9b108\" data-element_type=\"container\" data-e-type=\"container\">\n\t\t\t\t\t<div class=\"e-con-inner\">\n\t\t\t\t<div class=\"elementor-element elementor-element-8677b1d elementor-widget elementor-widget-table-of-contents\" data-id=\"8677b1d\" data-element_type=\"widget\" data-e-type=\"widget\" data-settings=\"{&quot;headings_by_tags&quot;:[&quot;h2&quot;],&quot;exclude_headings_by_selector&quot;:[],&quot;marker_view&quot;:&quot;bullets&quot;,&quot;icon&quot;:{&quot;value&quot;:&quot;&quot;,&quot;library&quot;:&quot;&quot;},&quot;no_headings_message&quot;:&quot;Es wurden keine \\u00dcberschriften auf dieser Seite gefunden.&quot;,&quot;hierarchical_view&quot;:&quot;yes&quot;,&quot;min_height&quot;:{&quot;unit&quot;:&quot;px&quot;,&quot;size&quot;:&quot;&quot;,&quot;sizes&quot;:[]},&quot;min_height_tablet&quot;:{&quot;unit&quot;:&quot;px&quot;,&quot;size&quot;:&quot;&quot;,&quot;sizes&quot;:[]},&quot;min_height_mobile&quot;:{&quot;unit&quot;:&quot;px&quot;,&quot;size&quot;:&quot;&quot;,&quot;sizes&quot;:[]}}\" data-widget_type=\"table-of-contents.default\">\n\t\t\t\t<div class=\"elementor-widget-container\">\n\t\t\t\t\t\t\t\t\t<div class=\"elementor-toc__header\">\n\t\t\t\t\t\t<div class=\"elementor-toc__header-title\">\n\t\t\t\tVerzeichnis\t\t\t<\/div>\n\t\t\t\t\t\t\t\t<\/div>\n\t\t\t\t<div id=\"elementor-toc__8677b1d\" class=\"elementor-toc__body\">\n\t\t\t<div class=\"elementor-toc__spinner-container\">\n\t\t\t\t<svg class=\"elementor-toc__spinner eicon-animation-spin e-font-icon-svg e-eicon-loading\" aria-hidden=\"true\" viewBox=\"0 0 1000 1000\" xmlns=\"http:\/\/www.w3.org\/2000\/svg\"><path d=\"M500 975V858C696 858 858 696 858 500S696 142 500 142 142 304 142 500H25C25 237 238 25 500 25S975 237 975 500 763 975 500 975Z\"><\/path><\/svg>\t\t\t<\/div>\n\t\t<\/div>\n\t\t\t\t\t\t<\/div>\n\t\t\t\t<\/div>\n\t\t\t\t\t<\/div>\n\t\t\t\t<\/div>\n\t\t<div class=\"elementor-element elementor-element-10aedc43 e-flex e-con-boxed e-con e-parent\" data-id=\"10aedc43\" data-element_type=\"container\" data-e-type=\"container\">\n\t\t\t\t\t<div class=\"e-con-inner\">\n\t\t\t\t<div class=\"elementor-element elementor-element-2c8ab19 elementor-widget elementor-widget-heading\" data-id=\"2c8ab19\" data-element_type=\"widget\" data-e-type=\"widget\" data-widget_type=\"heading.default\">\n\t\t\t\t<div class=\"elementor-widget-container\">\n\t\t\t\t\t<h2 class=\"elementor-heading-title elementor-size-default\">Typische Gerichte der mallorquinischen K\u00fcche\n<\/h2>\t\t\t\t<\/div>\n\t\t\t\t<\/div>\n\t\t\t\t<div class=\"elementor-element elementor-element-20a002a5 elementor-widget elementor-widget-text-editor\" data-id=\"20a002a5\" data-element_type=\"widget\" data-e-type=\"widget\" data-widget_type=\"text-editor.default\">\n\t\t\t\t<div class=\"elementor-widget-container\">\n\t\t\t\t\t\t\t\t\t<p>Zun\u00e4chst einmal m\u00fcssen Sie wissen, was man auf Mallorca essen kann, damit Sie die Gerichte ausw\u00e4hlen k\u00f6nnen, die Ihrem Gaumen am besten munden. Dies sind die typischsten Gerichte bzw. Zutaten Mallorcas:<\/p>\t\t\t\t\t\t\t\t<\/div>\n\t\t\t\t<\/div>\n\t\t\t\t\t<\/div>\n\t\t\t\t<\/div>\n\t\t<div class=\"elementor-element elementor-element-1c7d9bc e-flex e-con-boxed e-con e-parent\" data-id=\"1c7d9bc\" data-element_type=\"container\" data-e-type=\"container\">\n\t\t\t\t\t<div class=\"e-con-inner\">\n\t\t<div class=\"elementor-element elementor-element-df68ceb e-con-full e-flex e-con e-child\" data-id=\"df68ceb\" data-element_type=\"container\" data-e-type=\"container\">\n\t\t\t\t<div class=\"elementor-element elementor-element-6d8d6f93 elementor-widget elementor-widget-heading\" data-id=\"6d8d6f93\" data-element_type=\"widget\" data-e-type=\"widget\" data-widget_type=\"heading.default\">\n\t\t\t\t<div class=\"elementor-widget-container\">\n\t\t\t\t\t<h3 class=\"elementor-heading-title elementor-size-default\">Sobrasada<\/h3>\t\t\t\t<\/div>\n\t\t\t\t<\/div>\n\t\t\t\t<div class=\"elementor-element elementor-element-14b313d elementor-widget elementor-widget-image\" data-id=\"14b313d\" data-element_type=\"widget\" data-e-type=\"widget\" data-widget_type=\"image.default\">\n\t\t\t\t<div class=\"elementor-widget-container\">\n\t\t\t\t\t\t\t\t\t\t\t\t\t\t\t<img fetchpriority=\"high\" decoding=\"async\" width=\"724\" height=\"483\" src=\"https:\/\/www.dracmallorca.com\/blog\/wp-content\/uploads\/2024\/04\/Sobrasada.jpg\" class=\"attachment-large size-large wp-image-1590\" alt=\"Sobrasada\" \/>\t\t\t\t\t\t\t\t\t\t\t\t\t\t\t<\/div>\n\t\t\t\t<\/div>\n\t\t\t\t<div class=\"elementor-element elementor-element-49a331b7 elementor-widget elementor-widget-text-editor\" data-id=\"49a331b7\" data-element_type=\"widget\" data-e-type=\"widget\" data-widget_type=\"text-editor.default\">\n\t\t\t\t<div class=\"elementor-widget-container\">\n\t\t\t\t\t\t\t\t\t<p>Die <strong>Sobrasada<\/strong> ist eine der symboltr\u00e4chtigsten W\u00fcrste der <strong>mallorquinischen Gastronomie<\/strong>. Ihre charakteristische rote Farbe stammt vom Paprika, der zusammen mit dem Schweinefleisch und dem Salz in einer P\u00f6kelung vermischt wird, wobei dieser Prozess unterschiedlich lange dauern kann und ihr eine Textur verleiht, die von weich und geschmeidig bis hin zu fester und nuancierter reicht. Dieses typisch <strong>mallorquinische Gericht<\/strong> ist in der K\u00fcche vielseitig einsetzbar und kann auf einfache Weise genossen werden, z. B. als Brotaufstrich mit etwas Honig, oder auch in komplexeren Zubereitungen als F\u00fcllung f\u00fcr Fleisch oder als Hauptzutat in Eint\u00f6pfen.<\/p>\t\t\t\t\t\t\t\t<\/div>\n\t\t\t\t<\/div>\n\t\t\t\t<\/div>\n\t\t<div class=\"elementor-element elementor-element-103a83a e-con-full e-flex e-con e-child\" data-id=\"103a83a\" data-element_type=\"container\" data-e-type=\"container\">\n\t\t\t\t<div class=\"elementor-element elementor-element-a833ba1 elementor-widget elementor-widget-heading\" data-id=\"a833ba1\" data-element_type=\"widget\" data-e-type=\"widget\" data-widget_type=\"heading.default\">\n\t\t\t\t<div class=\"elementor-widget-container\">\n\t\t\t\t\t<h3 class=\"elementor-heading-title elementor-size-default\">Ensaimada<\/h3>\t\t\t\t<\/div>\n\t\t\t\t<\/div>\n\t\t\t\t<div class=\"elementor-element elementor-element-3889192 elementor-widget elementor-widget-image\" data-id=\"3889192\" data-element_type=\"widget\" data-e-type=\"widget\" data-widget_type=\"image.default\">\n\t\t\t\t<div class=\"elementor-widget-container\">\n\t\t\t\t\t\t\t\t\t\t\t\t\t\t\t<img decoding=\"async\" width=\"724\" height=\"483\" src=\"https:\/\/www.dracmallorca.com\/blog\/wp-content\/uploads\/2024\/04\/Ensaimada.jpg\" class=\"attachment-large size-large wp-image-1578\" alt=\"Ensaimada\" \/>\t\t\t\t\t\t\t\t\t\t\t\t\t\t\t<\/div>\n\t\t\t\t<\/div>\n\t\t\t\t<div class=\"elementor-element elementor-element-d85f790 elementor-widget elementor-widget-text-editor\" data-id=\"d85f790\" data-element_type=\"widget\" data-e-type=\"widget\" data-widget_type=\"text-editor.default\">\n\t\t\t\t<div class=\"elementor-widget-container\">\n\t\t\t\t\t\t\t\t\t<p>Die <strong>Ensaimada<\/strong> ist mit ihrer Spiralform sowie ihrer luftigen Konsistenz ein wahres Meisterwerk der <strong>mallorquinischen Backwaren<\/strong>. Dieses Geb\u00e4ck, dessen Urspr\u00fcnge auf sephardische Rezepte zur\u00fcckgehen, hat die Grenzen der Insel \u00fcberschritten und ist zu einem Symbol der spanischen S\u00fc\u00dfspeisen geworden. Die traditionellste Version ist die einfache, gro\u00dfz\u00fcgig mit Puderzucker bestreute, doch die mit Engelshaar, Vanillepudding oder Schokolade gef\u00fcllten Varianten bieten eine Vielzahl von Geschmacksrichtungen f\u00fcr jeden Geschmack.<\/p>\t\t\t\t\t\t\t\t<\/div>\n\t\t\t\t<\/div>\n\t\t\t\t<\/div>\n\t\t\t\t\t<\/div>\n\t\t\t\t<\/div>\n\t\t<div class=\"elementor-element elementor-element-ceb5fe1 e-flex e-con-boxed e-con e-parent\" data-id=\"ceb5fe1\" data-element_type=\"container\" data-e-type=\"container\">\n\t\t\t\t\t<div class=\"e-con-inner\">\n\t\t<div class=\"elementor-element elementor-element-da1724c e-con-full e-flex e-con e-child\" data-id=\"da1724c\" data-element_type=\"container\" data-e-type=\"container\">\n\t\t\t\t<div class=\"elementor-element elementor-element-6e28033 elementor-widget elementor-widget-heading\" data-id=\"6e28033\" data-element_type=\"widget\" data-e-type=\"widget\" data-widget_type=\"heading.default\">\n\t\t\t\t<div class=\"elementor-widget-container\">\n\t\t\t\t\t<h3 class=\"elementor-heading-title elementor-size-default\">Arr\u00f3s Brut<\/h3>\t\t\t\t<\/div>\n\t\t\t\t<\/div>\n\t\t\t\t<div class=\"elementor-element elementor-element-0d41cfd elementor-widget elementor-widget-image\" data-id=\"0d41cfd\" data-element_type=\"widget\" data-e-type=\"widget\" data-widget_type=\"image.default\">\n\t\t\t\t<div class=\"elementor-widget-container\">\n\t\t\t\t\t\t\t\t\t\t\t\t\t\t\t<img decoding=\"async\" src=\"https:\/\/www.dracmallorca.com\/blog\/wp-content\/uploads\/2024\/04\/arros-brut-751x430.jpg\" title=\"arros-brut\" alt=\"arros-brut\" loading=\"lazy\" \/>\t\t\t\t\t\t\t\t\t\t\t\t\t\t\t<\/div>\n\t\t\t\t<\/div>\n\t\t\t\t<div class=\"elementor-element elementor-element-df1d748 elementor-widget elementor-widget-text-editor\" data-id=\"df1d748\" data-element_type=\"widget\" data-e-type=\"widget\" data-widget_type=\"text-editor.default\">\n\t\t\t\t<div class=\"elementor-widget-container\">\n\t\t\t\t\t\t\t\t\t<p><strong>Arr\u00f3s Brut<\/strong>, was \u00fcbersetzt \u201eschmutziger Reis\u201c bedeutet, ist ein tief in der <strong>mallorquinischen K\u00fcche <\/strong>verwurzeltes Gericht, das sich durch seine dichte, w\u00fcrzige Br\u00fche auszeichnet, die den Reis dunkel f\u00e4rbt. Die Kombination aus lokalen Fleisch- und Wurstwaren, frischem Gem\u00fcse sowie einer erlesenen Gew\u00fcrzmischung macht dieses Gericht zu einem kr\u00e4ftigen und wohligen Geschmackserlebnis, ideal f\u00fcr k\u00e4ltere Tage.<\/p>\t\t\t\t\t\t\t\t<\/div>\n\t\t\t\t<\/div>\n\t\t\t\t<\/div>\n\t\t<div class=\"elementor-element elementor-element-638358e e-con-full e-flex e-con e-child\" data-id=\"638358e\" data-element_type=\"container\" data-e-type=\"container\">\n\t\t\t\t<div class=\"elementor-element elementor-element-a806c54 elementor-widget elementor-widget-heading\" data-id=\"a806c54\" data-element_type=\"widget\" data-e-type=\"widget\" data-widget_type=\"heading.default\">\n\t\t\t\t<div class=\"elementor-widget-container\">\n\t\t\t\t\t<h3 class=\"elementor-heading-title elementor-size-default\">Cocas<\/h3>\t\t\t\t<\/div>\n\t\t\t\t<\/div>\n\t\t\t\t<div class=\"elementor-element elementor-element-4e22fc6 elementor-widget elementor-widget-image\" data-id=\"4e22fc6\" data-element_type=\"widget\" data-e-type=\"widget\" data-widget_type=\"image.default\">\n\t\t\t\t<div class=\"elementor-widget-container\">\n\t\t\t\t\t\t\t\t\t\t\t\t\t\t\t<img decoding=\"async\" src=\"https:\/\/www.dracmallorca.com\/blog\/wp-content\/uploads\/2024\/04\/cocas-751x430.jpeg\" title=\"cocas\" alt=\"cocas\" loading=\"lazy\" \/>\t\t\t\t\t\t\t\t\t\t\t\t\t\t\t<\/div>\n\t\t\t\t<\/div>\n\t\t\t\t<div class=\"elementor-element elementor-element-129f39c elementor-widget elementor-widget-text-editor\" data-id=\"129f39c\" data-element_type=\"widget\" data-e-type=\"widget\" data-widget_type=\"text-editor.default\">\n\t\t\t\t<div class=\"elementor-widget-container\">\n\t\t\t\t\t\t\t\t\t<p><strong>Cocas<\/strong> sind ein Ausdruck der Liebe der Insulaner zum Fladenbrot und es gibt sie in unz\u00e4hligen Variationen, von s\u00fc\u00df bis herzhaft. Der knusprige Boden dient als Basis f\u00fcr alle m\u00f6glichen Zutaten, von frischem lokalem Gem\u00fcse bis hin zu raffinierten Kombinationen mit Fisch oder Wurst, die den landwirtschaftlichen Reichtum und die <strong>kulinarische Kreativit\u00e4t der mallorquinischen K\u00fcche<\/strong> widerspiegeln.<\/p>\t\t\t\t\t\t\t\t<\/div>\n\t\t\t\t<\/div>\n\t\t\t\t<\/div>\n\t\t\t\t\t<\/div>\n\t\t\t\t<\/div>\n\t\t<div class=\"elementor-element elementor-element-b96c87c e-flex e-con-boxed e-con e-parent\" data-id=\"b96c87c\" data-element_type=\"container\" data-e-type=\"container\">\n\t\t\t\t\t<div class=\"e-con-inner\">\n\t\t<div class=\"elementor-element elementor-element-7b0bdda e-con-full e-flex e-con e-child\" data-id=\"7b0bdda\" data-element_type=\"container\" data-e-type=\"container\">\n\t\t\t\t<div class=\"elementor-element elementor-element-d60ec84 elementor-widget elementor-widget-heading\" data-id=\"d60ec84\" data-element_type=\"widget\" data-e-type=\"widget\" data-widget_type=\"heading.default\">\n\t\t\t\t<div class=\"elementor-widget-container\">\n\t\t\t\t\t<h3 class=\"elementor-heading-title elementor-size-default\">Tumbet<\/h3>\t\t\t\t<\/div>\n\t\t\t\t<\/div>\n\t\t\t\t<div class=\"elementor-element elementor-element-cb45e43 elementor-widget elementor-widget-image\" data-id=\"cb45e43\" data-element_type=\"widget\" data-e-type=\"widget\" data-widget_type=\"image.default\">\n\t\t\t\t<div class=\"elementor-widget-container\">\n\t\t\t\t\t\t\t\t\t\t\t\t\t\t\t<img decoding=\"async\" width=\"1200\" height=\"800\" src=\"https:\/\/www.dracmallorca.com\/blog\/wp-content\/uploads\/2024\/04\/tumbet-mallorquin.jpg\" class=\"attachment-full size-full wp-image-1598\" alt=\"tumbet-mallorquin\" srcset=\"https:\/\/www.dracmallorca.com\/blog\/wp-content\/uploads\/2024\/04\/tumbet-mallorquin.jpg 1200w, https:\/\/www.dracmallorca.com\/blog\/wp-content\/uploads\/2024\/04\/tumbet-mallorquin-768x512.jpg 768w\" sizes=\"(max-width: 1200px) 100vw, 1200px\" \/>\t\t\t\t\t\t\t\t\t\t\t\t\t\t\t<\/div>\n\t\t\t\t<\/div>\n\t\t\t\t<div class=\"elementor-element elementor-element-495ee91 elementor-widget elementor-widget-text-editor\" data-id=\"495ee91\" data-element_type=\"widget\" data-e-type=\"widget\" data-widget_type=\"text-editor.default\">\n\t\t\t\t<div class=\"elementor-widget-container\">\n\t\t\t\t\t\t\t\t\t<p><strong>Tumbet<\/strong> ist ein Fest der Farben und Aromen, bei dem die wichtigsten Gem\u00fcsesorten des Mittelmeers in diesem <strong>typisch mallorquinischen Gericht<\/strong> zusammenkommen. Durch die Technik, sie separat zu kochen, bevor sie in einem abschlie\u00dfenden Garvorgang mit Tomatensauce zusammengef\u00fcgt werden, kann jede Zutat ihre eigene Textur und ihren unverwechselbaren Geschmack einbringen, wodurch ein harmonisches und k\u00f6stliches vegetarisches Ganzes entsteht.<\/p>\t\t\t\t\t\t\t\t<\/div>\n\t\t\t\t<\/div>\n\t\t\t\t<\/div>\n\t\t<div class=\"elementor-element elementor-element-76d7df7 e-con-full e-flex e-con e-child\" data-id=\"76d7df7\" data-element_type=\"container\" data-e-type=\"container\">\n\t\t\t\t<div class=\"elementor-element elementor-element-7d5dd45 elementor-widget elementor-widget-heading\" data-id=\"7d5dd45\" data-element_type=\"widget\" data-e-type=\"widget\" data-widget_type=\"heading.default\">\n\t\t\t\t<div class=\"elementor-widget-container\">\n\t\t\t\t\t<h3 class=\"elementor-heading-title elementor-size-default\">Empanadas<\/h3>\t\t\t\t<\/div>\n\t\t\t\t<\/div>\n\t\t\t\t<div class=\"elementor-element elementor-element-e71d9f4 elementor-widget elementor-widget-image\" data-id=\"e71d9f4\" data-element_type=\"widget\" data-e-type=\"widget\" data-widget_type=\"image.default\">\n\t\t\t\t<div class=\"elementor-widget-container\">\n\t\t\t\t\t\t\t\t\t\t\t\t\t\t\t<img decoding=\"async\" src=\"https:\/\/www.dracmallorca.com\/blog\/wp-content\/uploads\/elementor\/thumbs\/empanadas-mallorquinas-qmidhw0qxcn7macu2deurlzpupeyk6it64l9ol15bw.webp\" title=\"empanadas-mallorquinas\" alt=\"empanadas-mallorquinas\" loading=\"lazy\" \/>\t\t\t\t\t\t\t\t\t\t\t\t\t\t\t<\/div>\n\t\t\t\t<\/div>\n\t\t\t\t<div class=\"elementor-element elementor-element-fc48fd4 elementor-widget elementor-widget-text-editor\" data-id=\"fc48fd4\" data-element_type=\"widget\" data-e-type=\"widget\" data-widget_type=\"text-editor.default\">\n\t\t\t\t<div class=\"elementor-widget-container\">\n\t\t\t\t\t\t\t\t\t<p>Die <strong>mallorquinischen Empanadas<\/strong> sind j\u00fcdischen Ursprungs und ein Ausdruck der kulinarischen Geschichte der Insel. Obwohl die urspr\u00fcngliche F\u00fcllung aus Lammfleisch bestand, gibt es heute Variationen von s\u00fc\u00df bis herzhaft, mit allen m\u00f6glichen F\u00fcllungen, was sie zu einem idealen Snack f\u00fcr jede Tageszeit macht.<\/p>\t\t\t\t\t\t\t\t<\/div>\n\t\t\t\t<\/div>\n\t\t\t\t<\/div>\n\t\t\t\t\t<\/div>\n\t\t\t\t<\/div>\n\t\t<div class=\"elementor-element elementor-element-92e2b48 e-flex e-con-boxed e-con e-parent\" data-id=\"92e2b48\" data-element_type=\"container\" data-e-type=\"container\">\n\t\t\t\t\t<div class=\"e-con-inner\">\n\t\t<div class=\"elementor-element elementor-element-7089d44 e-con-full e-flex e-con e-child\" data-id=\"7089d44\" data-element_type=\"container\" data-e-type=\"container\">\n\t\t\t\t<div class=\"elementor-element elementor-element-50d014d elementor-widget elementor-widget-heading\" data-id=\"50d014d\" data-element_type=\"widget\" data-e-type=\"widget\" data-widget_type=\"heading.default\">\n\t\t\t\t<div class=\"elementor-widget-container\">\n\t\t\t\t\t<h3 class=\"elementor-heading-title elementor-size-default\">Frito Mallorqu\u00edn<\/h3>\t\t\t\t<\/div>\n\t\t\t\t<\/div>\n\t\t\t\t<div class=\"elementor-element elementor-element-9b10c28 elementor-widget elementor-widget-image\" data-id=\"9b10c28\" data-element_type=\"widget\" data-e-type=\"widget\" data-widget_type=\"image.default\">\n\t\t\t\t<div class=\"elementor-widget-container\">\n\t\t\t\t\t\t\t\t\t\t\t\t\t\t\t<img loading=\"lazy\" decoding=\"async\" width=\"800\" height=\"420\" src=\"https:\/\/www.dracmallorca.com\/blog\/wp-content\/uploads\/2024\/04\/frito-mallorquin-tradicional-1200x630.jpg\" class=\"attachment-large size-large wp-image-1582\" alt=\"frito-mallorquin-tradicional\" \/>\t\t\t\t\t\t\t\t\t\t\t\t\t\t\t<\/div>\n\t\t\t\t<\/div>\n\t\t\t\t<div class=\"elementor-element elementor-element-f8a87f1 elementor-widget elementor-widget-text-editor\" data-id=\"f8a87f1\" data-element_type=\"widget\" data-e-type=\"widget\" data-widget_type=\"text-editor.default\">\n\t\t\t\t<div class=\"elementor-widget-container\">\n\t\t\t\t\t\t\t\t\t<p>Dieses Gericht ist ein lebhaftes Beispiel f\u00fcr die <strong>mallorquinische K\u00fcche<\/strong> und kombiniert Fleischst\u00fccke, meist vom Lamm oder Schwein, mit einer Auswahl an frischem Gem\u00fcse und aromatischen Kr\u00e4utern. Der Frito mallorqu\u00edn zeichnet sich durch seinen intensiven Geschmack und seine abwechslungsreiche Textur aus, die auf die Frittiertechnik zur\u00fcckzuf\u00fchren ist, die die Aromen der einzelnen Komponenten hervorhebt.<\/p>\t\t\t\t\t\t\t\t<\/div>\n\t\t\t\t<\/div>\n\t\t\t\t<\/div>\n\t\t<div class=\"elementor-element elementor-element-ce38d31 e-con-full e-flex e-con e-child\" data-id=\"ce38d31\" data-element_type=\"container\" data-e-type=\"container\">\n\t\t\t\t<div class=\"elementor-element elementor-element-f43ba41 elementor-widget elementor-widget-heading\" data-id=\"f43ba41\" data-element_type=\"widget\" data-e-type=\"widget\" data-widget_type=\"heading.default\">\n\t\t\t\t<div class=\"elementor-widget-container\">\n\t\t\t\t\t<h3 class=\"elementor-heading-title elementor-size-default\">Gat\u00f3 mit Mandeln<\/h3>\t\t\t\t<\/div>\n\t\t\t\t<\/div>\n\t\t\t\t<div class=\"elementor-element elementor-element-6655078 elementor-widget elementor-widget-image\" data-id=\"6655078\" data-element_type=\"widget\" data-e-type=\"widget\" data-widget_type=\"image.default\">\n\t\t\t\t<div class=\"elementor-widget-container\">\n\t\t\t\t\t\t\t\t\t\t\t\t\t\t\t<img loading=\"lazy\" decoding=\"async\" width=\"800\" height=\"420\" src=\"https:\/\/www.dracmallorca.com\/blog\/wp-content\/uploads\/2024\/04\/gato-mallorquin-de-almendras-1200x630.jpg\" class=\"attachment-large size-large wp-image-1586\" alt=\"gato-mallorquin-de-almendras\" \/>\t\t\t\t\t\t\t\t\t\t\t\t\t\t\t<\/div>\n\t\t\t\t<\/div>\n\t\t\t\t<div class=\"elementor-element elementor-element-f32c35e elementor-widget elementor-widget-text-editor\" data-id=\"f32c35e\" data-element_type=\"widget\" data-e-type=\"widget\" data-widget_type=\"text-editor.default\">\n\t\t\t\t<div class=\"elementor-widget-container\">\n\t\t\t\t\t\t\t\t\t<div class=\"react-scroll-to-bottom--css-kknup-1n7m0yu\"><div class=\"flex flex-col text-sm pb-9\"><div class=\"w-full text-token-text-primary sm:AIPRM__conversation__response\" data-testid=\"conversation-turn-31\"><div class=\"px-4 py-2 justify-center text-base md:gap-6 m-auto\"><div class=\"flex flex-1 text-base mx-auto gap-3 md:px-5 lg:px-1 xl:px-5 md:max-w-3xl lg:max-w-[40rem] xl:max-w-[48rem] group final-completion\"><div class=\"relative flex w-full flex-col agent-turn\"><div class=\"flex-col gap-1 md:gap-3\"><div class=\"flex flex-grow flex-col max-w-full\"><div class=\"min-h-[20px] text-message flex flex-col items-start gap-3 whitespace-pre-wrap break-words [.text-message+&amp;]:mt-5 overflow-x-auto\" data-message-author-role=\"assistant\" data-message-id=\"b9da8ddb-2e6e-4ddf-94c5-830804b0aca1\"><div class=\"markdown prose w-full break-words dark:prose-invert light AIPRM__conversation__response\"><p><strong>Gat\u00f3<\/strong> ist ein <strong>Biskuitkuchen<\/strong>, der die Hauptzutat des mallorquinischen Geb\u00e4cks feiert: Mandeln. Seine fluffige Textur und sein zart-s\u00fc\u00dfer Geschmack machen ihn perfekt mit Mandeleis oder einem Glas Horchata und verleihen jeder Mahlzeit auf der Insel einen s\u00fc\u00dfen und raffinierten Abschluss.<\/p><\/div><\/div><\/div><\/div><\/div><\/div><\/div><\/div><\/div><\/div>\t\t\t\t\t\t\t\t<\/div>\n\t\t\t\t<\/div>\n\t\t\t\t<\/div>\n\t\t\t\t\t<\/div>\n\t\t\t\t<\/div>\n\t\t<div class=\"elementor-element elementor-element-083f379 e-flex e-con-boxed e-con e-parent\" data-id=\"083f379\" data-element_type=\"container\" data-e-type=\"container\">\n\t\t\t\t\t<div class=\"e-con-inner\">\n\t\t\t\t<div class=\"elementor-element elementor-element-b5dff04 elementor-widget elementor-widget-text-editor\" data-id=\"b5dff04\" data-element_type=\"widget\" data-e-type=\"widget\" data-widget_type=\"text-editor.default\">\n\t\t\t\t<div class=\"elementor-widget-container\">\n\t\t\t\t\t\t\t\t\t<div class=\"react-scroll-to-bottom--css-kknup-1n7m0yu\"><div class=\"flex flex-col text-sm pb-9\"><div class=\"w-full text-token-text-primary sm:AIPRM__conversation__response\" data-testid=\"conversation-turn-31\"><div class=\"px-4 py-2 justify-center text-base md:gap-6 m-auto\"><div class=\"flex flex-1 text-base mx-auto gap-3 md:px-5 lg:px-1 xl:px-5 md:max-w-3xl lg:max-w-[40rem] xl:max-w-[48rem] group final-completion\"><div class=\"relative flex w-full flex-col agent-turn\"><div class=\"flex-col gap-1 md:gap-3\"><div class=\"flex flex-grow flex-col max-w-full\"><div class=\"min-h-[20px] text-message flex flex-col items-start gap-3 whitespace-pre-wrap break-words [.text-message+&amp;]:mt-5 overflow-x-auto\" data-message-author-role=\"assistant\" data-message-id=\"b9da8ddb-2e6e-4ddf-94c5-830804b0aca1\"><div class=\"markdown prose w-full break-words dark:prose-invert light AIPRM__conversation__response\"><p>Diese Liste der gastronomischen Angebote auf Mallorca ist nicht vollst\u00e4ndig, da es unm\u00f6glich w\u00e4re, alle M\u00f6glichkeiten aufzuz\u00e4hlen, aber wir sind sicher, dass Sie mit dieser Auswahl bereits viele Geschmacksrichtungen der Insel probieren werden. Als n\u00e4chstes verraten wir Ihnen, wo Sie auf Mallorca essen k\u00f6nnen.<\/p><\/div><\/div><\/div><\/div><\/div><\/div><\/div><\/div><\/div><\/div>\t\t\t\t\t\t\t\t<\/div>\n\t\t\t\t<\/div>\n\t\t\t\t\t<\/div>\n\t\t\t\t<\/div>\n\t\t<div class=\"elementor-element elementor-element-9640af5 e-flex e-con-boxed e-con e-parent\" data-id=\"9640af5\" data-element_type=\"container\" data-e-type=\"container\">\n\t\t\t\t\t<div class=\"e-con-inner\">\n\t\t\t\t<div class=\"elementor-element elementor-element-cb31ea6 elementor-widget elementor-widget-heading\" data-id=\"cb31ea6\" data-element_type=\"widget\" data-e-type=\"widget\" data-widget_type=\"heading.default\">\n\t\t\t\t<div class=\"elementor-widget-container\">\n\t\t\t\t\t<h2 class=\"elementor-heading-title elementor-size-default\">Wo man auf Mallorca essen gehen kann: Die besten Orte\n<\/h2>\t\t\t\t<\/div>\n\t\t\t\t<\/div>\n\t\t\t\t<div class=\"elementor-element elementor-element-186f04b elementor-widget elementor-widget-text-editor\" data-id=\"186f04b\" data-element_type=\"widget\" data-e-type=\"widget\" data-widget_type=\"text-editor.default\">\n\t\t\t\t<div class=\"elementor-widget-container\">\n\t\t\t\t\t\t\t\t\t<p>Nat\u00fcrlich finden Sie in Palma die gr\u00f6\u00dfte Auswahl an lokalen und internationalen Restaurants. Wenn Sie also auf der Suche nach einer Vielzahl von Optionen sind, werden Sie in der Hauptstadt alles finden, was Sie brauchen. Wenn Sie die Gelegenheit nutzen m\u00f6chten, um andere Gegenden der Insel zu entdecken, k\u00f6nnen wir Ihnen sagen, wo man auf Mallorca essen gehen kann und welche unsere gastronomischen Lieblingsorte sind.<\/p>\t\t\t\t\t\t\t\t<\/div>\n\t\t\t\t<\/div>\n\t\t\t\t\t<\/div>\n\t\t\t\t<\/div>\n\t\t<div class=\"elementor-element elementor-element-1dc4cd2 e-flex e-con-boxed e-con e-parent\" data-id=\"1dc4cd2\" data-element_type=\"container\" data-e-type=\"container\">\n\t\t\t\t\t<div class=\"e-con-inner\">\n\t\t<div class=\"elementor-element elementor-element-1fe3170 e-con-full e-flex e-con e-child\" data-id=\"1fe3170\" data-element_type=\"container\" data-e-type=\"container\">\n\t\t\t\t<div class=\"elementor-element elementor-element-a949ed9 elementor-widget elementor-widget-heading\" data-id=\"a949ed9\" data-element_type=\"widget\" data-e-type=\"widget\" data-widget_type=\"heading.default\">\n\t\t\t\t<div class=\"elementor-widget-container\">\n\t\t\t\t\t<h3 class=\"elementor-heading-title elementor-size-default\">Cala Santany\u00ed\n<\/h3>\t\t\t\t<\/div>\n\t\t\t\t<\/div>\n\t\t\t\t<div class=\"elementor-element elementor-element-ca247ac elementor-widget elementor-widget-text-editor\" data-id=\"ca247ac\" data-element_type=\"widget\" data-e-type=\"widget\" data-widget_type=\"text-editor.default\">\n\t\t\t\t<div class=\"elementor-widget-container\">\n\t\t\t\t\t\t\t\t\t<p><strong>Cala Santany\u00ed<\/strong> ist nicht nur f\u00fcr seine Landschaft ber\u00fchmt, sondern auch f\u00fcr seine mediterrane Gastronomie, bei der die Verwendung frischer Zutaten im Vordergrund steht. Das Angebot reicht von Paellas und Meeresfr\u00fcchten bis hin zu Ensaimadas und Tapas und garantiert ein einzigartiges kulinarisches Erlebnis mit Blick auf das Meer in einer entspannten sowie authentisch mediterranen Umgebung.<\/p>\t\t\t\t\t\t\t\t<\/div>\n\t\t\t\t<\/div>\n\t\t\t\t<\/div>\n\t\t<div class=\"elementor-element elementor-element-3b21114 e-con-full e-flex e-con e-child\" data-id=\"3b21114\" data-element_type=\"container\" data-e-type=\"container\">\n\t\t\t\t<div class=\"elementor-element elementor-element-8bd2131 elementor-widget elementor-widget-heading\" data-id=\"8bd2131\" data-element_type=\"widget\" data-e-type=\"widget\" data-widget_type=\"heading.default\">\n\t\t\t\t<div class=\"elementor-widget-container\">\n\t\t\t\t\t<h3 class=\"elementor-heading-title elementor-size-default\">Valldemossa<\/h3>\t\t\t\t<\/div>\n\t\t\t\t<\/div>\n\t\t\t\t<div class=\"elementor-element elementor-element-10ec97d elementor-widget elementor-widget-text-editor\" data-id=\"10ec97d\" data-element_type=\"widget\" data-e-type=\"widget\" data-widget_type=\"text-editor.default\">\n\t\t\t\t<div class=\"elementor-widget-container\">\n\t\t\t\t\t\t\t\t\t<p>Im Herzen der <strong>Sierra de Tamuntana<\/strong> gelegen, bietet dieses charmante Dorf stets mehr M\u00f6glichkeiten f\u00fcr gutes Speisen. Die lokalen Produkte werden fast immer so behandelt, wie sie es verdienen, und das Ergebnis sind k\u00f6stliche Gerichte der typisch mallorquinischen K\u00fcche in einer unvergleichlichen Umgebung.<\/p>\t\t\t\t\t\t\t\t<\/div>\n\t\t\t\t<\/div>\n\t\t\t\t<\/div>\n\t\t<div class=\"elementor-element elementor-element-375a9bc e-con-full e-flex e-con e-child\" data-id=\"375a9bc\" data-element_type=\"container\" data-e-type=\"container\">\n\t\t\t\t<div class=\"elementor-element elementor-element-d9f3344 elementor-widget elementor-widget-heading\" data-id=\"d9f3344\" data-element_type=\"widget\" data-e-type=\"widget\" data-widget_type=\"heading.default\">\n\t\t\t\t<div class=\"elementor-widget-container\">\n\t\t\t\t\t<h3 class=\"elementor-heading-title elementor-size-default\">Alc\u00fadia<\/h3>\t\t\t\t<\/div>\n\t\t\t\t<\/div>\n\t\t\t\t<div class=\"elementor-element elementor-element-39f9116 elementor-widget elementor-widget-text-editor\" data-id=\"39f9116\" data-element_type=\"widget\" data-e-type=\"widget\" data-widget_type=\"text-editor.default\">\n\t\t\t\t<div class=\"elementor-widget-container\">\n\t\t\t\t\t\t\t\t\t<p>Alc\u00fadia ist eine sehr touristische Gegend, und zwar aus den besten Gr\u00fcnden: ein charmantes Dorf, breite Sandstr\u00e4nde und die N\u00e4he zum <strong>Naturpark s&#8217;Albufera<\/strong>. Jetzt k\u00f6nnen wir auch sagen, dass das Essen ein weiterer interessanter Faktor in dieser Gegend ist. Probieren Sie unbedingt den frischen Fisch, der auf einfache Art zubereitet wird.<\/p>\t\t\t\t\t\t\t\t<\/div>\n\t\t\t\t<\/div>\n\t\t\t\t<\/div>\n\t\t\t\t\t<\/div>\n\t\t\t\t<\/div>\n\t\t<div class=\"elementor-element elementor-element-977e2b0 e-flex e-con-boxed e-con e-parent\" data-id=\"977e2b0\" data-element_type=\"container\" data-e-type=\"container\">\n\t\t\t\t\t<div class=\"e-con-inner\">\n\t\t\t\t<div class=\"elementor-element elementor-element-8d563e3 elementor-widget elementor-widget-text-editor\" data-id=\"8d563e3\" data-element_type=\"widget\" data-e-type=\"widget\" data-widget_type=\"text-editor.default\">\n\t\t\t\t<div class=\"elementor-widget-container\">\n\t\t\t\t\t\t\t\t\t<p>Dies sind nur einige der besten Orte auf Mallorca, aber wir versprechen Ihnen, dass Sie \u00fcberall auf der Insel tolle Restaurants finden werden.<\/p>\t\t\t\t\t\t\t\t<\/div>\n\t\t\t\t<\/div>\n\t\t\t\t\t<\/div>\n\t\t\t\t<\/div>\n\t\t<div class=\"elementor-element elementor-element-e32a096 e-flex e-con-boxed e-con e-parent\" data-id=\"e32a096\" data-element_type=\"container\" data-e-type=\"container\">\n\t\t\t\t\t<div class=\"e-con-inner\">\n\t\t\t\t<div class=\"elementor-element elementor-element-7891155 elementor-widget elementor-widget-image\" data-id=\"7891155\" data-element_type=\"widget\" data-e-type=\"widget\" data-widget_type=\"image.default\">\n\t\t\t\t<div class=\"elementor-widget-container\">\n\t\t\t\t\t\t\t\t\t\t\t\t\t\t\t<img loading=\"lazy\" decoding=\"async\" width=\"2121\" height=\"654\" src=\"https:\/\/www.dracmallorca.com\/blog\/wp-content\/uploads\/2024\/04\/Comida-tipica-mallorca-1.jpg\" class=\"attachment-full size-full wp-image-1608\" alt=\"Comida-tipica-mallorca-\" srcset=\"https:\/\/www.dracmallorca.com\/blog\/wp-content\/uploads\/2024\/04\/Comida-tipica-mallorca-1.jpg 2121w, https:\/\/www.dracmallorca.com\/blog\/wp-content\/uploads\/2024\/04\/Comida-tipica-mallorca-1-768x237.jpg 768w, https:\/\/www.dracmallorca.com\/blog\/wp-content\/uploads\/2024\/04\/Comida-tipica-mallorca-1-1536x474.jpg 1536w, https:\/\/www.dracmallorca.com\/blog\/wp-content\/uploads\/2024\/04\/Comida-tipica-mallorca-1-2048x631.jpg 2048w\" sizes=\"(max-width: 2121px) 100vw, 2121px\" \/>\t\t\t\t\t\t\t\t\t\t\t\t\t\t\t<\/div>\n\t\t\t\t<\/div>\n\t\t\t\t\t<\/div>\n\t\t\t\t<\/div>\n\t\t<div class=\"elementor-element elementor-element-0e61a6e e-flex e-con-boxed e-con e-parent\" data-id=\"0e61a6e\" data-element_type=\"container\" data-e-type=\"container\">\n\t\t\t\t\t<div class=\"e-con-inner\">\n\t\t\t\t<div class=\"elementor-element elementor-element-6e8f41a elementor-widget elementor-widget-heading\" data-id=\"6e8f41a\" data-element_type=\"widget\" data-e-type=\"widget\" data-widget_type=\"heading.default\">\n\t\t\t\t<div class=\"elementor-widget-container\">\n\t\t\t\t\t<h2 class=\"elementor-heading-title elementor-size-default\">Entdecken Sie die Weine Mallorcas\n<\/h2>\t\t\t\t<\/div>\n\t\t\t\t<\/div>\n\t\t\t\t<div class=\"elementor-element elementor-element-aac2697 elementor-widget elementor-widget-text-editor\" data-id=\"aac2697\" data-element_type=\"widget\" data-e-type=\"widget\" data-widget_type=\"text-editor.default\">\n\t\t\t\t<div class=\"elementor-widget-container\">\n\t\t\t\t\t\t\t\t\t<p>Obwohl Mallorca normalerweise nicht mit Wein in Verbindung gebracht wird, bem\u00fchen sich die lokalen Erzeuger nach Kr\u00e4ften, dies zu \u00e4ndern. Heutzutage kann man auf dieser Insel qualitativ hochwertige Weine trinken. Daher empfehlen wir Ihnen, zu den fantastischen Gerichten, die Sie auf Mallorca genie\u00dfen k\u00f6nnen, lokale Weine zu bestellen.<\/p><p>Mit mehr als 70 Weing\u00fctern und Hunderten von Marken, die sich auf zwei Herkunftsbezeichnungen (Binissalem und Pla i LLevant) verteilen, ist das Angebot vielf\u00e4ltig und nutzt die erstklassigen Bedingungen der Sonne und des Bodens dieser Baleareninsel optimal aus. Wie in jeder anderen Region unseres Landes finden Sie hier Wei\u00df-, Rot- und Ros\u00e9weine, die aus verschiedenen Traubensorten hergestellt werden. Als Kuriosit\u00e4t gilt die Malvas\u00eda de Banyalbufar als eine der besten Sorten Mallorcas.<\/p>\t\t\t\t\t\t\t\t<\/div>\n\t\t\t\t<\/div>\n\t\t\t\t\t<\/div>\n\t\t\t\t<\/div>\n\t\t<div class=\"elementor-element elementor-element-7dfce99 e-flex e-con-boxed e-con e-parent\" data-id=\"7dfce99\" data-element_type=\"container\" data-e-type=\"container\">\n\t\t\t\t\t<div class=\"e-con-inner\">\n\t\t\t\t<div class=\"elementor-element elementor-element-24678e8 elementor-widget elementor-widget-heading\" data-id=\"24678e8\" data-element_type=\"widget\" data-e-type=\"widget\" data-widget_type=\"heading.default\">\n\t\t\t\t<div class=\"elementor-widget-container\">\n\t\t\t\t\t<h2 class=\"elementor-heading-title elementor-size-default\">Kommen Sie nach Mallorca und genie\u00dfen Sie die Gastronomie!<\/h2>\t\t\t\t<\/div>\n\t\t\t\t<\/div>\n\t\t\t\t<div class=\"elementor-element elementor-element-bc8e138 elementor-widget elementor-widget-text-editor\" data-id=\"bc8e138\" data-element_type=\"widget\" data-e-type=\"widget\" data-widget_type=\"text-editor.default\">\n\t\t\t\t<div class=\"elementor-widget-container\">\n\t\t\t\t\t\t\t\t\t<p>Wie Sie erfahren konnten, ist Mallorca auch ein gastronomisches Reiseziel mit einer gro\u00dfen Auswahl an Speisen und guten Weinen. Mit unseren Vorschl\u00e4gen wissen Sie nun, wo Sie auf Mallorca essen gehen k\u00f6nnen, und kommen der Verkostung fantastischer mediterraner Zutaten, dem Genuss einer idealen Atmosph\u00e4re und einem Traumurlaub n\u00e4her. Um die Planung Ihrer Reise abzurunden, werfen Sie einen Blick auf diese unglaublichen Unterk\u00fcnfte auf Mallorca. Besuchen Sie Mallorca, Sie werden es nicht bereuen.<\/p>\t\t\t\t\t\t\t\t<\/div>\n\t\t\t\t<\/div>\n\t\t\t\t\t<\/div>\n\t\t\t\t<\/div>\n\t\t<div class=\"elementor-element elementor-element-4135b856 e-flex e-con-boxed e-con e-parent\" data-id=\"4135b856\" data-element_type=\"container\" data-e-type=\"container\">\n\t\t\t\t\t<div class=\"e-con-inner\">\n\t\t<div class=\"elementor-element elementor-element-1db4a07c e-con-full e-flex e-con e-child\" data-id=\"1db4a07c\" data-element_type=\"container\" data-e-type=\"container\">\n\t\t\t\t<div class=\"elementor-element elementor-element-361253a2 elementor-cta--skin-cover elementor-cta--valign-bottom elementor-animated-content elementor-bg-transform elementor-bg-transform-zoom-in elementor-widget elementor-widget-call-to-action\" data-id=\"361253a2\" data-element_type=\"widget\" data-e-type=\"widget\" data-widget_type=\"call-to-action.default\">\n\t\t\t\t<div class=\"elementor-widget-container\">\n\t\t\t\t\t\t\t<div class=\"elementor-cta\">\n\t\t\t\t\t<div class=\"elementor-cta__bg-wrapper\">\n\t\t\t\t<div class=\"elementor-cta__bg elementor-bg\" style=\"background-image: url(https:\/\/www.dracmallorca.com\/blog\/wp-content\/uploads\/2023\/12\/cala-figueras-1920x630.jpg);\" role=\"img\" aria-label=\"cala figueras\"><\/div>\n\t\t\t\t<div class=\"elementor-cta__bg-overlay\"><\/div>\n\t\t\t<\/div>\n\t\t\t\t\t\t\t<div class=\"elementor-cta__content\">\n\t\t\t\t\n\t\t\t\t\n\t\t\t\t\n\t\t\t\t\t\t\t\t\t<div class=\"elementor-cta__button-wrapper elementor-cta__content-item elementor-content-item elementor-animated-item--grow\">\n\t\t\t\t\t<a class=\"elementor-cta__button elementor-button elementor-size-\" href=\"https:\/\/www.dracmallorca.com\/de\/unterkunft-urlaub-ferien-suden-mallorca\/\">\n\t\t\t\t\t\tSuden Mallorca\t\t\t\t\t<\/a>\n\t\t\t\t\t<\/div>\n\t\t\t\t\t\t\t<\/div>\n\t\t\t\t\t\t<\/div>\n\t\t\t\t\t\t<\/div>\n\t\t\t\t<\/div>\n\t\t\t\t<\/div>\n\t\t<div class=\"elementor-element elementor-element-121c3be8 e-con-full e-flex e-con e-child\" data-id=\"121c3be8\" data-element_type=\"container\" data-e-type=\"container\">\n\t\t\t\t<div class=\"elementor-element elementor-element-726f4abc elementor-cta--skin-cover elementor-cta--valign-bottom elementor-animated-content elementor-bg-transform elementor-bg-transform-zoom-in elementor-widget elementor-widget-call-to-action\" data-id=\"726f4abc\" data-element_type=\"widget\" data-e-type=\"widget\" data-widget_type=\"call-to-action.default\">\n\t\t\t\t<div class=\"elementor-widget-container\">\n\t\t\t\t\t\t\t<div class=\"elementor-cta\">\n\t\t\t\t\t<div class=\"elementor-cta__bg-wrapper\">\n\t\t\t\t<div class=\"elementor-cta__bg elementor-bg\" style=\"background-image: url(https:\/\/www.dracmallorca.com\/blog\/wp-content\/uploads\/2023\/12\/Cala-Santanyi-1920x630.jpg);\" role=\"img\" aria-label=\"Cala Santanyi\"><\/div>\n\t\t\t\t<div class=\"elementor-cta__bg-overlay\"><\/div>\n\t\t\t<\/div>\n\t\t\t\t\t\t\t<div class=\"elementor-cta__content\">\n\t\t\t\t\n\t\t\t\t\n\t\t\t\t\n\t\t\t\t\t\t\t\t\t<div class=\"elementor-cta__button-wrapper elementor-cta__content-item elementor-content-item elementor-animated-item--grow\">\n\t\t\t\t\t<a class=\"elementor-cta__button elementor-button elementor-size-\" href=\"https:\/\/www.dracmallorca.com\/de\/unterkunft-urlaub-ferien-cala-santanyi-mallorca\/\">\n\t\t\t\t\t\tCala Santanyi\t\t\t\t\t<\/a>\n\t\t\t\t\t<\/div>\n\t\t\t\t\t\t\t<\/div>\n\t\t\t\t\t\t<\/div>\n\t\t\t\t\t\t<\/div>\n\t\t\t\t<\/div>\n\t\t\t\t<\/div>\n\t\t<div class=\"elementor-element elementor-element-47f0fa17 e-con-full e-flex e-con e-child\" data-id=\"47f0fa17\" data-element_type=\"container\" data-e-type=\"container\">\n\t\t\t\t<div class=\"elementor-element elementor-element-5bec5dac elementor-cta--skin-cover elementor-cta--valign-bottom elementor-animated-content elementor-bg-transform elementor-bg-transform-zoom-in elementor-widget elementor-widget-call-to-action\" data-id=\"5bec5dac\" data-element_type=\"widget\" data-e-type=\"widget\" data-widget_type=\"call-to-action.default\">\n\t\t\t\t<div class=\"elementor-widget-container\">\n\t\t\t\t\t\t\t<div class=\"elementor-cta\">\n\t\t\t\t\t<div class=\"elementor-cta__bg-wrapper\">\n\t\t\t\t<div class=\"elementor-cta__bg elementor-bg\" style=\"background-image: url(https:\/\/www.dracmallorca.com\/blog\/wp-content\/uploads\/2023\/12\/Santanyi-1920x630.jpg);\" role=\"img\" aria-label=\"Santanyi\"><\/div>\n\t\t\t\t<div class=\"elementor-cta__bg-overlay\"><\/div>\n\t\t\t<\/div>\n\t\t\t\t\t\t\t<div class=\"elementor-cta__content\">\n\t\t\t\t\n\t\t\t\t\n\t\t\t\t\n\t\t\t\t\t\t\t\t\t<div class=\"elementor-cta__button-wrapper elementor-cta__content-item elementor-content-item elementor-animated-item--grow\">\n\t\t\t\t\t<a class=\"elementor-cta__button elementor-button elementor-size-\" href=\"https:\/\/www.dracmallorca.com\/de\/unterkunfte-santanyi\">\n\t\t\t\t\t\tSantanyi\t\t\t\t\t<\/a>\n\t\t\t\t\t<\/div>\n\t\t\t\t\t\t\t<\/div>\n\t\t\t\t\t\t<\/div>\n\t\t\t\t\t\t<\/div>\n\t\t\t\t<\/div>\n\t\t\t\t<\/div>\n\t\t\t\t\t<\/div>\n\t\t\t\t<\/div>\n\t\t\t\t<\/div>\n\t\t","protected":false},"excerpt":{"rendered":"<p>Kennen Sie das Essen auf Mallorca? Wahrscheinlich reisen Sie nach Mallorca, um sich zu entspannen, die sch\u00f6nen Str\u00e4nde und Berge zu genie\u00dfen und die attraktivsten Orte der Insel zu besuchen, aber vergessen Sie nicht das Essen, das ebenfalls spektakul\u00e4r und abwechslungsreich ist. Wenn Sie mehr \u00fcber die faszinierende Foodie&#8211;Kultur der Insel erfahren m\u00f6chten, lesen Sie [&hellip;]<\/p>\n","protected":false},"author":3,"featured_media":1608,"comment_status":"open","ping_status":"closed","sticky":false,"template":"","format":"standard","meta":{"footnotes":""},"categories":[63],"tags":[],"class_list":["post-1627","post","type-post","status-publish","format-standard","has-post-thumbnail","hentry","category-gastronomie"],"yoast_head":"<!-- This site is optimized with the Yoast SEO plugin v27.4 - https:\/\/yoast.com\/product\/yoast-seo-wordpress\/ -->\n<title>Essen auf Mallorca - Experiencias y actividades en Mallorca<\/title>\n<meta name=\"description\" content=\"Kennen Sie mallorquinisches Essen? Entdecken Sie, wo Sie auf Mallorca essen k\u00f6nnen, damit Sie kein einziges Gericht verpassen.\" \/>\n<meta name=\"robots\" content=\"index, follow, max-snippet:-1, max-image-preview:large, max-video-preview:-1\" \/>\n<link rel=\"canonical\" href=\"https:\/\/www.dracmallorca.com\/blog\/de\/das-essen-auf-mallorca-entdecken-sie-eine-fantastische-gastronomie\/\" \/>\n<meta property=\"og:locale\" content=\"de_DE\" \/>\n<meta property=\"og:type\" content=\"article\" \/>\n<meta property=\"og:title\" content=\"Essen auf Mallorca - Experiencias y actividades en Mallorca\" \/>\n<meta property=\"og:description\" content=\"Kennen Sie mallorquinisches Essen? Entdecken Sie, wo Sie auf Mallorca essen k\u00f6nnen, damit Sie kein einziges Gericht verpassen.\" \/>\n<meta property=\"og:url\" content=\"https:\/\/www.dracmallorca.com\/blog\/de\/das-essen-auf-mallorca-entdecken-sie-eine-fantastische-gastronomie\/\" \/>\n<meta property=\"og:site_name\" content=\"Experiencias y actividades en Mallorca\" \/>\n<meta property=\"article:published_time\" content=\"2024-04-23T08:12:24+00:00\" \/>\n<meta property=\"article:modified_time\" content=\"2024-04-23T08:12:38+00:00\" \/>\n<meta property=\"og:image\" content=\"https:\/\/www.dracmallorca.com\/blog\/wp-content\/uploads\/2024\/04\/Comida-tipica-mallorca-1.jpg\" \/>\n\t<meta property=\"og:image:width\" content=\"2121\" \/>\n\t<meta property=\"og:image:height\" content=\"654\" \/>\n\t<meta property=\"og:image:type\" content=\"image\/jpeg\" \/>\n<meta name=\"author\" content=\"digitalservices\" \/>\n<meta name=\"twitter:card\" content=\"summary_large_image\" \/>\n<meta name=\"twitter:label1\" content=\"Verfasst von\" \/>\n\t<meta name=\"twitter:data1\" content=\"digitalservices\" \/>\n\t<meta name=\"twitter:label2\" content=\"Gesch\u00e4tzte Lesezeit\" \/>\n\t<meta name=\"twitter:data2\" content=\"9\u00a0Minuten\" \/>\n<script type=\"application\/ld+json\" class=\"yoast-schema-graph\">{\"@context\":\"https:\\\/\\\/schema.org\",\"@graph\":[{\"@type\":\"Article\",\"@id\":\"https:\\\/\\\/www.dracmallorca.com\\\/blog\\\/de\\\/das-essen-auf-mallorca-entdecken-sie-eine-fantastische-gastronomie\\\/#article\",\"isPartOf\":{\"@id\":\"https:\\\/\\\/www.dracmallorca.com\\\/blog\\\/de\\\/das-essen-auf-mallorca-entdecken-sie-eine-fantastische-gastronomie\\\/\"},\"author\":{\"name\":\"digitalservices\",\"@id\":\"https:\\\/\\\/www.dracmallorca.com\\\/blog\\\/#\\\/schema\\\/person\\\/761a6b895e74722c4901d17bf4d58510\"},\"headline\":\"Das Essen auf Mallorca: Entdecken Sie eine fantastische Gastronomie\",\"datePublished\":\"2024-04-23T08:12:24+00:00\",\"dateModified\":\"2024-04-23T08:12:38+00:00\",\"mainEntityOfPage\":{\"@id\":\"https:\\\/\\\/www.dracmallorca.com\\\/blog\\\/de\\\/das-essen-auf-mallorca-entdecken-sie-eine-fantastische-gastronomie\\\/\"},\"wordCount\":1207,\"commentCount\":0,\"publisher\":{\"@id\":\"https:\\\/\\\/www.dracmallorca.com\\\/blog\\\/#organization\"},\"image\":{\"@id\":\"https:\\\/\\\/www.dracmallorca.com\\\/blog\\\/de\\\/das-essen-auf-mallorca-entdecken-sie-eine-fantastische-gastronomie\\\/#primaryimage\"},\"thumbnailUrl\":\"https:\\\/\\\/www.dracmallorca.com\\\/blog\\\/wp-content\\\/uploads\\\/2024\\\/04\\\/Comida-tipica-mallorca-1.jpg\",\"articleSection\":[\"Gastronomie\"],\"inLanguage\":\"de\",\"potentialAction\":[{\"@type\":\"CommentAction\",\"name\":\"Comment\",\"target\":[\"https:\\\/\\\/www.dracmallorca.com\\\/blog\\\/de\\\/das-essen-auf-mallorca-entdecken-sie-eine-fantastische-gastronomie\\\/#respond\"]}]},{\"@type\":\"WebPage\",\"@id\":\"https:\\\/\\\/www.dracmallorca.com\\\/blog\\\/de\\\/das-essen-auf-mallorca-entdecken-sie-eine-fantastische-gastronomie\\\/\",\"url\":\"https:\\\/\\\/www.dracmallorca.com\\\/blog\\\/de\\\/das-essen-auf-mallorca-entdecken-sie-eine-fantastische-gastronomie\\\/\",\"name\":\"Essen auf Mallorca - Experiencias y actividades en Mallorca\",\"isPartOf\":{\"@id\":\"https:\\\/\\\/www.dracmallorca.com\\\/blog\\\/#website\"},\"primaryImageOfPage\":{\"@id\":\"https:\\\/\\\/www.dracmallorca.com\\\/blog\\\/de\\\/das-essen-auf-mallorca-entdecken-sie-eine-fantastische-gastronomie\\\/#primaryimage\"},\"image\":{\"@id\":\"https:\\\/\\\/www.dracmallorca.com\\\/blog\\\/de\\\/das-essen-auf-mallorca-entdecken-sie-eine-fantastische-gastronomie\\\/#primaryimage\"},\"thumbnailUrl\":\"https:\\\/\\\/www.dracmallorca.com\\\/blog\\\/wp-content\\\/uploads\\\/2024\\\/04\\\/Comida-tipica-mallorca-1.jpg\",\"datePublished\":\"2024-04-23T08:12:24+00:00\",\"dateModified\":\"2024-04-23T08:12:38+00:00\",\"description\":\"Kennen Sie mallorquinisches Essen? Entdecken Sie, wo Sie auf Mallorca essen k\u00f6nnen, damit Sie kein einziges Gericht verpassen.\",\"inLanguage\":\"de\",\"potentialAction\":[{\"@type\":\"ReadAction\",\"target\":[\"https:\\\/\\\/www.dracmallorca.com\\\/blog\\\/de\\\/das-essen-auf-mallorca-entdecken-sie-eine-fantastische-gastronomie\\\/\"]}]},{\"@type\":\"ImageObject\",\"inLanguage\":\"de\",\"@id\":\"https:\\\/\\\/www.dracmallorca.com\\\/blog\\\/de\\\/das-essen-auf-mallorca-entdecken-sie-eine-fantastische-gastronomie\\\/#primaryimage\",\"url\":\"https:\\\/\\\/www.dracmallorca.com\\\/blog\\\/wp-content\\\/uploads\\\/2024\\\/04\\\/Comida-tipica-mallorca-1.jpg\",\"contentUrl\":\"https:\\\/\\\/www.dracmallorca.com\\\/blog\\\/wp-content\\\/uploads\\\/2024\\\/04\\\/Comida-tipica-mallorca-1.jpg\",\"width\":2121,\"height\":654,\"caption\":\"1300545430\"},{\"@type\":\"WebSite\",\"@id\":\"https:\\\/\\\/www.dracmallorca.com\\\/blog\\\/#website\",\"url\":\"https:\\\/\\\/www.dracmallorca.com\\\/blog\\\/\",\"name\":\"Experiencias y actividades en Mallorca\",\"description\":\"Drac Mallorca\",\"publisher\":{\"@id\":\"https:\\\/\\\/www.dracmallorca.com\\\/blog\\\/#organization\"},\"potentialAction\":[{\"@type\":\"SearchAction\",\"target\":{\"@type\":\"EntryPoint\",\"urlTemplate\":\"https:\\\/\\\/www.dracmallorca.com\\\/blog\\\/?s={search_term_string}\"},\"query-input\":{\"@type\":\"PropertyValueSpecification\",\"valueRequired\":true,\"valueName\":\"search_term_string\"}}],\"inLanguage\":\"de\"},{\"@type\":\"Organization\",\"@id\":\"https:\\\/\\\/www.dracmallorca.com\\\/blog\\\/#organization\",\"name\":\"Experiencias y actividades en Mallorca\",\"url\":\"https:\\\/\\\/www.dracmallorca.com\\\/blog\\\/\",\"logo\":{\"@type\":\"ImageObject\",\"inLanguage\":\"de\",\"@id\":\"https:\\\/\\\/www.dracmallorca.com\\\/blog\\\/#\\\/schema\\\/logo\\\/image\\\/\",\"url\":\"https:\\\/\\\/www.dracmallorca.com\\\/blog\\\/wp-content\\\/uploads\\\/2023\\\/11\\\/logo-8.png\",\"contentUrl\":\"https:\\\/\\\/www.dracmallorca.com\\\/blog\\\/wp-content\\\/uploads\\\/2023\\\/11\\\/logo-8.png\",\"width\":869,\"height\":248,\"caption\":\"Experiencias y actividades en Mallorca\"},\"image\":{\"@id\":\"https:\\\/\\\/www.dracmallorca.com\\\/blog\\\/#\\\/schema\\\/logo\\\/image\\\/\"}},{\"@type\":\"Person\",\"@id\":\"https:\\\/\\\/www.dracmallorca.com\\\/blog\\\/#\\\/schema\\\/person\\\/761a6b895e74722c4901d17bf4d58510\",\"name\":\"digitalservices\",\"image\":{\"@type\":\"ImageObject\",\"inLanguage\":\"de\",\"@id\":\"https:\\\/\\\/secure.gravatar.com\\\/avatar\\\/af30f88a1904294c1f3eb09a9d7903eec4ffa18fa2cf40c28a8681014ecdfc20?s=96&d=mm&r=g\",\"url\":\"https:\\\/\\\/secure.gravatar.com\\\/avatar\\\/af30f88a1904294c1f3eb09a9d7903eec4ffa18fa2cf40c28a8681014ecdfc20?s=96&d=mm&r=g\",\"contentUrl\":\"https:\\\/\\\/secure.gravatar.com\\\/avatar\\\/af30f88a1904294c1f3eb09a9d7903eec4ffa18fa2cf40c28a8681014ecdfc20?s=96&d=mm&r=g\",\"caption\":\"digitalservices\"},\"url\":\"https:\\\/\\\/www.dracmallorca.com\\\/blog\\\/de\\\/author\\\/digitalservices\\\/\"}]}<\/script>\n<!-- \/ Yoast SEO plugin. -->","yoast_head_json":{"title":"Essen auf Mallorca - Experiencias y actividades en Mallorca","description":"Kennen Sie mallorquinisches Essen? Entdecken Sie, wo Sie auf Mallorca essen k\u00f6nnen, damit Sie kein einziges Gericht verpassen.","robots":{"index":"index","follow":"follow","max-snippet":"max-snippet:-1","max-image-preview":"max-image-preview:large","max-video-preview":"max-video-preview:-1"},"canonical":"https:\/\/www.dracmallorca.com\/blog\/de\/das-essen-auf-mallorca-entdecken-sie-eine-fantastische-gastronomie\/","og_locale":"de_DE","og_type":"article","og_title":"Essen auf Mallorca - Experiencias y actividades en Mallorca","og_description":"Kennen Sie mallorquinisches Essen? Entdecken Sie, wo Sie auf Mallorca essen k\u00f6nnen, damit Sie kein einziges Gericht verpassen.","og_url":"https:\/\/www.dracmallorca.com\/blog\/de\/das-essen-auf-mallorca-entdecken-sie-eine-fantastische-gastronomie\/","og_site_name":"Experiencias y actividades en Mallorca","article_published_time":"2024-04-23T08:12:24+00:00","article_modified_time":"2024-04-23T08:12:38+00:00","og_image":[{"width":2121,"height":654,"url":"https:\/\/www.dracmallorca.com\/blog\/wp-content\/uploads\/2024\/04\/Comida-tipica-mallorca-1.jpg","type":"image\/jpeg"}],"author":"digitalservices","twitter_card":"summary_large_image","twitter_misc":{"Verfasst von":"digitalservices","Gesch\u00e4tzte Lesezeit":"9\u00a0Minuten"},"schema":{"@context":"https:\/\/schema.org","@graph":[{"@type":"Article","@id":"https:\/\/www.dracmallorca.com\/blog\/de\/das-essen-auf-mallorca-entdecken-sie-eine-fantastische-gastronomie\/#article","isPartOf":{"@id":"https:\/\/www.dracmallorca.com\/blog\/de\/das-essen-auf-mallorca-entdecken-sie-eine-fantastische-gastronomie\/"},"author":{"name":"digitalservices","@id":"https:\/\/www.dracmallorca.com\/blog\/#\/schema\/person\/761a6b895e74722c4901d17bf4d58510"},"headline":"Das Essen auf Mallorca: Entdecken Sie eine fantastische Gastronomie","datePublished":"2024-04-23T08:12:24+00:00","dateModified":"2024-04-23T08:12:38+00:00","mainEntityOfPage":{"@id":"https:\/\/www.dracmallorca.com\/blog\/de\/das-essen-auf-mallorca-entdecken-sie-eine-fantastische-gastronomie\/"},"wordCount":1207,"commentCount":0,"publisher":{"@id":"https:\/\/www.dracmallorca.com\/blog\/#organization"},"image":{"@id":"https:\/\/www.dracmallorca.com\/blog\/de\/das-essen-auf-mallorca-entdecken-sie-eine-fantastische-gastronomie\/#primaryimage"},"thumbnailUrl":"https:\/\/www.dracmallorca.com\/blog\/wp-content\/uploads\/2024\/04\/Comida-tipica-mallorca-1.jpg","articleSection":["Gastronomie"],"inLanguage":"de","potentialAction":[{"@type":"CommentAction","name":"Comment","target":["https:\/\/www.dracmallorca.com\/blog\/de\/das-essen-auf-mallorca-entdecken-sie-eine-fantastische-gastronomie\/#respond"]}]},{"@type":"WebPage","@id":"https:\/\/www.dracmallorca.com\/blog\/de\/das-essen-auf-mallorca-entdecken-sie-eine-fantastische-gastronomie\/","url":"https:\/\/www.dracmallorca.com\/blog\/de\/das-essen-auf-mallorca-entdecken-sie-eine-fantastische-gastronomie\/","name":"Essen auf Mallorca - Experiencias y actividades en Mallorca","isPartOf":{"@id":"https:\/\/www.dracmallorca.com\/blog\/#website"},"primaryImageOfPage":{"@id":"https:\/\/www.dracmallorca.com\/blog\/de\/das-essen-auf-mallorca-entdecken-sie-eine-fantastische-gastronomie\/#primaryimage"},"image":{"@id":"https:\/\/www.dracmallorca.com\/blog\/de\/das-essen-auf-mallorca-entdecken-sie-eine-fantastische-gastronomie\/#primaryimage"},"thumbnailUrl":"https:\/\/www.dracmallorca.com\/blog\/wp-content\/uploads\/2024\/04\/Comida-tipica-mallorca-1.jpg","datePublished":"2024-04-23T08:12:24+00:00","dateModified":"2024-04-23T08:12:38+00:00","description":"Kennen Sie mallorquinisches Essen? Entdecken Sie, wo Sie auf Mallorca essen k\u00f6nnen, damit Sie kein einziges Gericht verpassen.","inLanguage":"de","potentialAction":[{"@type":"ReadAction","target":["https:\/\/www.dracmallorca.com\/blog\/de\/das-essen-auf-mallorca-entdecken-sie-eine-fantastische-gastronomie\/"]}]},{"@type":"ImageObject","inLanguage":"de","@id":"https:\/\/www.dracmallorca.com\/blog\/de\/das-essen-auf-mallorca-entdecken-sie-eine-fantastische-gastronomie\/#primaryimage","url":"https:\/\/www.dracmallorca.com\/blog\/wp-content\/uploads\/2024\/04\/Comida-tipica-mallorca-1.jpg","contentUrl":"https:\/\/www.dracmallorca.com\/blog\/wp-content\/uploads\/2024\/04\/Comida-tipica-mallorca-1.jpg","width":2121,"height":654,"caption":"1300545430"},{"@type":"WebSite","@id":"https:\/\/www.dracmallorca.com\/blog\/#website","url":"https:\/\/www.dracmallorca.com\/blog\/","name":"Experiencias y actividades en Mallorca","description":"Drac Mallorca","publisher":{"@id":"https:\/\/www.dracmallorca.com\/blog\/#organization"},"potentialAction":[{"@type":"SearchAction","target":{"@type":"EntryPoint","urlTemplate":"https:\/\/www.dracmallorca.com\/blog\/?s={search_term_string}"},"query-input":{"@type":"PropertyValueSpecification","valueRequired":true,"valueName":"search_term_string"}}],"inLanguage":"de"},{"@type":"Organization","@id":"https:\/\/www.dracmallorca.com\/blog\/#organization","name":"Experiencias y actividades en Mallorca","url":"https:\/\/www.dracmallorca.com\/blog\/","logo":{"@type":"ImageObject","inLanguage":"de","@id":"https:\/\/www.dracmallorca.com\/blog\/#\/schema\/logo\/image\/","url":"https:\/\/www.dracmallorca.com\/blog\/wp-content\/uploads\/2023\/11\/logo-8.png","contentUrl":"https:\/\/www.dracmallorca.com\/blog\/wp-content\/uploads\/2023\/11\/logo-8.png","width":869,"height":248,"caption":"Experiencias y actividades en Mallorca"},"image":{"@id":"https:\/\/www.dracmallorca.com\/blog\/#\/schema\/logo\/image\/"}},{"@type":"Person","@id":"https:\/\/www.dracmallorca.com\/blog\/#\/schema\/person\/761a6b895e74722c4901d17bf4d58510","name":"digitalservices","image":{"@type":"ImageObject","inLanguage":"de","@id":"https:\/\/secure.gravatar.com\/avatar\/af30f88a1904294c1f3eb09a9d7903eec4ffa18fa2cf40c28a8681014ecdfc20?s=96&d=mm&r=g","url":"https:\/\/secure.gravatar.com\/avatar\/af30f88a1904294c1f3eb09a9d7903eec4ffa18fa2cf40c28a8681014ecdfc20?s=96&d=mm&r=g","contentUrl":"https:\/\/secure.gravatar.com\/avatar\/af30f88a1904294c1f3eb09a9d7903eec4ffa18fa2cf40c28a8681014ecdfc20?s=96&d=mm&r=g","caption":"digitalservices"},"url":"https:\/\/www.dracmallorca.com\/blog\/de\/author\/digitalservices\/"}]}},"_links":{"self":[{"href":"https:\/\/www.dracmallorca.com\/blog\/de\/wp-json\/wp\/v2\/posts\/1627","targetHints":{"allow":["GET"]}}],"collection":[{"href":"https:\/\/www.dracmallorca.com\/blog\/de\/wp-json\/wp\/v2\/posts"}],"about":[{"href":"https:\/\/www.dracmallorca.com\/blog\/de\/wp-json\/wp\/v2\/types\/post"}],"author":[{"embeddable":true,"href":"https:\/\/www.dracmallorca.com\/blog\/de\/wp-json\/wp\/v2\/users\/3"}],"replies":[{"embeddable":true,"href":"https:\/\/www.dracmallorca.com\/blog\/de\/wp-json\/wp\/v2\/comments?post=1627"}],"version-history":[{"count":9,"href":"https:\/\/www.dracmallorca.com\/blog\/de\/wp-json\/wp\/v2\/posts\/1627\/revisions"}],"predecessor-version":[{"id":1664,"href":"https:\/\/www.dracmallorca.com\/blog\/de\/wp-json\/wp\/v2\/posts\/1627\/revisions\/1664"}],"wp:featuredmedia":[{"embeddable":true,"href":"https:\/\/www.dracmallorca.com\/blog\/de\/wp-json\/wp\/v2\/media\/1608"}],"wp:attachment":[{"href":"https:\/\/www.dracmallorca.com\/blog\/de\/wp-json\/wp\/v2\/media?parent=1627"}],"wp:term":[{"taxonomy":"category","embeddable":true,"href":"https:\/\/www.dracmallorca.com\/blog\/de\/wp-json\/wp\/v2\/categories?post=1627"},{"taxonomy":"post_tag","embeddable":true,"href":"https:\/\/www.dracmallorca.com\/blog\/de\/wp-json\/wp\/v2\/tags?post=1627"}],"curies":[{"name":"wp","href":"https:\/\/api.w.org\/{rel}","templated":true}]}}