{"id":880,"date":"2022-09-20T11:21:20","date_gmt":"2022-09-20T11:21:20","guid":{"rendered":"https:\/\/www.dracmallorca.com\/blog\/?p=880"},"modified":"2022-09-20T11:21:21","modified_gmt":"2022-09-20T11:21:21","slug":"finca-bassa-seca-perfecta-pels-fans-del-ciclisme","status":"publish","type":"post","link":"https:\/\/www.dracmallorca.com\/blog\/ca\/finca-bassa-seca-perfecta-pels-fans-del-ciclisme\/","title":{"rendered":"Finca Bassa Seca: perfecta pels fans del ciclisme"},"content":{"rendered":"\n<figure class=\"wp-block-image size-large is-resized\"><img fetchpriority=\"high\" decoding=\"async\" src=\"https:\/\/www.dracmallorca.com\/blog\/wp-content\/uploads\/2022\/09\/cf-nou-fondos-claros-2-1500x630.png\" alt=\"\" class=\"wp-image-881\" width=\"354\" height=\"148\" srcset=\"https:\/\/www.dracmallorca.com\/blog\/wp-content\/uploads\/2022\/09\/cf-nou-fondos-claros-2-1500x630.png 1500w, https:\/\/www.dracmallorca.com\/blog\/wp-content\/uploads\/2022\/09\/cf-nou-fondos-claros-2-768x323.png 768w, https:\/\/www.dracmallorca.com\/blog\/wp-content\/uploads\/2022\/09\/cf-nou-fondos-claros-2-1536x646.png 1536w, https:\/\/www.dracmallorca.com\/blog\/wp-content\/uploads\/2022\/09\/cf-nou-fondos-claros-2-2048x862.png 2048w\" sizes=\"(max-width: 354px) 100vw, 354px\" \/><\/figure>\n\n\n\n<p>Sa nostra estima finca BASSA SECA a Santany\u00ed per a fins 10 hostes col.labora amb CYCLING FRIENDLY \u2013 Cycling Holiday Planner per oferir als nostres clients unes instal.lacions preparades per rebre als aficionats al ciclismo per a que puguin tenir una magn\u00edfica estada a Mallorca.<\/p>\n\n\n\n<p>Si aquest \u00e9s el teu esport, aquesta \u00e9s la teva finca.<\/p>\n\n\n\n<p><a href=\"https:\/\/www.santanyi.net\/ca\/lloguer\/casa-rural-santanyi-bassa-seca-308510.html\">https:\/\/www.santanyi.net\/ca\/lloguer\/casa-rural-santanyi-bassa-seca-308510.html<\/a><\/p>\n\n\n\n<figure class=\"wp-block-image size-large\"><img decoding=\"async\" width=\"563\" height=\"557\" src=\"https:\/\/www.dracmallorca.com\/blog\/wp-content\/uploads\/2022\/09\/Captura-de-pantalla-2022-09-20-124754-2.png\" alt=\"\" class=\"wp-image-885\" srcset=\"https:\/\/www.dracmallorca.com\/blog\/wp-content\/uploads\/2022\/09\/Captura-de-pantalla-2022-09-20-124754-2.png 563w, https:\/\/www.dracmallorca.com\/blog\/wp-content\/uploads\/2022\/09\/Captura-de-pantalla-2022-09-20-124754-2-64x64.png 64w\" sizes=\"(max-width: 563px) 100vw, 563px\" \/><\/figure>\n","protected":false},"excerpt":{"rendered":"<p>Sa nostra estima finca BASSA SECA a Santany\u00ed per a fins 10 hostes col.labora amb CYCLING FRIENDLY \u2013 Cycling Holiday Planner per oferir als nostres clients unes instal.lacions preparades per rebre als aficionats al ciclismo per a que puguin tenir una magn\u00edfica estada a Mallorca. Si aquest \u00e9s el teu esport, aquesta \u00e9s la teva [&hellip;]<\/p>\n","protected":false},"author":2,"featured_media":1313,"comment_status":"open","ping_status":"closed","sticky":false,"template":"","format":"standard","meta":{"footnotes":""},"categories":[33],"tags":[],"class_list":["post-880","post","type-post","status-publish","format-standard","has-post-thumbnail","hentry","category-sense-categoria"],"yoast_head":"<!-- This site is optimized with the Yoast SEO plugin v27.4 - https:\/\/yoast.com\/product\/yoast-seo-wordpress\/ -->\n<title>Finca Bassa Seca: perfecta pels fans del ciclisme - Experiencias y actividades en Mallorca<\/title>\n<meta name=\"robots\" content=\"index, follow, max-snippet:-1, max-image-preview:large, max-video-preview:-1\" \/>\n<link rel=\"canonical\" href=\"https:\/\/www.dracmallorca.com\/blog\/finca-bassa-seca-perfect-for-cycling-fans\/\" \/>\n<meta property=\"og:locale\" content=\"ca_ES\" \/>\n<meta property=\"og:type\" content=\"article\" \/>\n<meta property=\"og:title\" content=\"Finca Bassa Seca: perfecta pels fans del ciclisme - Experiencias y actividades en Mallorca\" \/>\n<meta property=\"og:description\" content=\"Sa nostra estima finca BASSA SECA a Santany\u00ed per a fins 10 hostes col.labora amb CYCLING FRIENDLY \u2013 Cycling Holiday Planner per oferir als nostres clients unes instal.lacions preparades per rebre als aficionats al ciclismo per a que puguin tenir una magn\u00edfica estada a Mallorca. Si aquest \u00e9s el teu esport, aquesta \u00e9s la teva [&hellip;]\" \/>\n<meta property=\"og:url\" content=\"https:\/\/www.dracmallorca.com\/blog\/finca-bassa-seca-perfect-for-cycling-fans\/\" \/>\n<meta property=\"og:site_name\" content=\"Experiencias y actividades en Mallorca\" \/>\n<meta property=\"article:published_time\" content=\"2022-09-20T11:21:20+00:00\" \/>\n<meta property=\"article:modified_time\" content=\"2022-09-20T11:21:21+00:00\" \/>\n<meta property=\"og:image\" content=\"https:\/\/www.dracmallorca.com\/blog\/wp-content\/uploads\/2022\/09\/cf-nou-fondos-claros-2-1500x630.png\" \/>\n<meta name=\"author\" content=\"santanyi\" \/>\n<meta name=\"twitter:card\" content=\"summary_large_image\" \/>\n<meta name=\"twitter:label1\" content=\"Escrit per\" \/>\n\t<meta name=\"twitter:data1\" content=\"santanyi\" \/>\n\t<meta name=\"twitter:label2\" content=\"Temps estimat de lectura\" \/>\n\t<meta name=\"twitter:data2\" content=\"1 minut\" \/>\n<script type=\"application\/ld+json\" class=\"yoast-schema-graph\">{\"@context\":\"https:\\\/\\\/schema.org\",\"@graph\":[{\"@type\":\"Article\",\"@id\":\"https:\\\/\\\/www.dracmallorca.com\\\/blog\\\/finca-bassa-seca-perfect-for-cycling-fans\\\/#article\",\"isPartOf\":{\"@id\":\"https:\\\/\\\/www.dracmallorca.com\\\/blog\\\/finca-bassa-seca-perfect-for-cycling-fans\\\/\"},\"author\":{\"name\":\"santanyi\",\"@id\":\"https:\\\/\\\/www.dracmallorca.com\\\/blog\\\/#\\\/schema\\\/person\\\/f28eed696a11608d6c190bfd0423d504\"},\"headline\":\"Finca Bassa Seca: perfecta pels fans del ciclisme\",\"datePublished\":\"2022-09-20T11:21:20+00:00\",\"dateModified\":\"2022-09-20T11:21:21+00:00\",\"mainEntityOfPage\":{\"@id\":\"https:\\\/\\\/www.dracmallorca.com\\\/blog\\\/finca-bassa-seca-perfect-for-cycling-fans\\\/\"},\"wordCount\":73,\"commentCount\":0,\"publisher\":{\"@id\":\"https:\\\/\\\/www.dracmallorca.com\\\/blog\\\/#organization\"},\"image\":{\"@id\":\"https:\\\/\\\/www.dracmallorca.com\\\/blog\\\/finca-bassa-seca-perfect-for-cycling-fans\\\/#primaryimage\"},\"thumbnailUrl\":\"https:\\\/\\\/www.dracmallorca.com\\\/blog\\\/wp-content\\\/uploads\\\/2022\\\/09\\\/finca-bassa-seca-santanyi-mallorca.jpg\",\"inLanguage\":\"ca\",\"potentialAction\":[{\"@type\":\"CommentAction\",\"name\":\"Comment\",\"target\":[\"https:\\\/\\\/www.dracmallorca.com\\\/blog\\\/finca-bassa-seca-perfect-for-cycling-fans\\\/#respond\"]}]},{\"@type\":\"WebPage\",\"@id\":\"https:\\\/\\\/www.dracmallorca.com\\\/blog\\\/finca-bassa-seca-perfect-for-cycling-fans\\\/\",\"url\":\"https:\\\/\\\/www.dracmallorca.com\\\/blog\\\/finca-bassa-seca-perfect-for-cycling-fans\\\/\",\"name\":\"Finca Bassa Seca: perfecta pels fans del ciclisme - Experiencias y actividades en Mallorca\",\"isPartOf\":{\"@id\":\"https:\\\/\\\/www.dracmallorca.com\\\/blog\\\/#website\"},\"primaryImageOfPage\":{\"@id\":\"https:\\\/\\\/www.dracmallorca.com\\\/blog\\\/finca-bassa-seca-perfect-for-cycling-fans\\\/#primaryimage\"},\"image\":{\"@id\":\"https:\\\/\\\/www.dracmallorca.com\\\/blog\\\/finca-bassa-seca-perfect-for-cycling-fans\\\/#primaryimage\"},\"thumbnailUrl\":\"https:\\\/\\\/www.dracmallorca.com\\\/blog\\\/wp-content\\\/uploads\\\/2022\\\/09\\\/finca-bassa-seca-santanyi-mallorca.jpg\",\"datePublished\":\"2022-09-20T11:21:20+00:00\",\"dateModified\":\"2022-09-20T11:21:21+00:00\",\"inLanguage\":\"ca\",\"potentialAction\":[{\"@type\":\"ReadAction\",\"target\":[\"https:\\\/\\\/www.dracmallorca.com\\\/blog\\\/finca-bassa-seca-perfect-for-cycling-fans\\\/\"]}]},{\"@type\":\"ImageObject\",\"inLanguage\":\"ca\",\"@id\":\"https:\\\/\\\/www.dracmallorca.com\\\/blog\\\/finca-bassa-seca-perfect-for-cycling-fans\\\/#primaryimage\",\"url\":\"https:\\\/\\\/www.dracmallorca.com\\\/blog\\\/wp-content\\\/uploads\\\/2022\\\/09\\\/finca-bassa-seca-santanyi-mallorca.jpg\",\"contentUrl\":\"https:\\\/\\\/www.dracmallorca.com\\\/blog\\\/wp-content\\\/uploads\\\/2022\\\/09\\\/finca-bassa-seca-santanyi-mallorca.jpg\",\"width\":1920,\"height\":650,\"caption\":\"finca bassa seca en Santanyi Mallorca\"},{\"@type\":\"WebSite\",\"@id\":\"https:\\\/\\\/www.dracmallorca.com\\\/blog\\\/#website\",\"url\":\"https:\\\/\\\/www.dracmallorca.com\\\/blog\\\/\",\"name\":\"Experiencias y actividades en Mallorca\",\"description\":\"Drac Mallorca\",\"publisher\":{\"@id\":\"https:\\\/\\\/www.dracmallorca.com\\\/blog\\\/#organization\"},\"potentialAction\":[{\"@type\":\"SearchAction\",\"target\":{\"@type\":\"EntryPoint\",\"urlTemplate\":\"https:\\\/\\\/www.dracmallorca.com\\\/blog\\\/?s={search_term_string}\"},\"query-input\":{\"@type\":\"PropertyValueSpecification\",\"valueRequired\":true,\"valueName\":\"search_term_string\"}}],\"inLanguage\":\"ca\"},{\"@type\":\"Organization\",\"@id\":\"https:\\\/\\\/www.dracmallorca.com\\\/blog\\\/#organization\",\"name\":\"Experiencias y actividades en Mallorca\",\"url\":\"https:\\\/\\\/www.dracmallorca.com\\\/blog\\\/\",\"logo\":{\"@type\":\"ImageObject\",\"inLanguage\":\"ca\",\"@id\":\"https:\\\/\\\/www.dracmallorca.com\\\/blog\\\/#\\\/schema\\\/logo\\\/image\\\/\",\"url\":\"https:\\\/\\\/www.dracmallorca.com\\\/blog\\\/wp-content\\\/uploads\\\/2023\\\/11\\\/logo-8.png\",\"contentUrl\":\"https:\\\/\\\/www.dracmallorca.com\\\/blog\\\/wp-content\\\/uploads\\\/2023\\\/11\\\/logo-8.png\",\"width\":869,\"height\":248,\"caption\":\"Experiencias y actividades en Mallorca\"},\"image\":{\"@id\":\"https:\\\/\\\/www.dracmallorca.com\\\/blog\\\/#\\\/schema\\\/logo\\\/image\\\/\"}},{\"@type\":\"Person\",\"@id\":\"https:\\\/\\\/www.dracmallorca.com\\\/blog\\\/#\\\/schema\\\/person\\\/f28eed696a11608d6c190bfd0423d504\",\"name\":\"santanyi\",\"image\":{\"@type\":\"ImageObject\",\"inLanguage\":\"ca\",\"@id\":\"https:\\\/\\\/secure.gravatar.com\\\/avatar\\\/0f975fb544b03fa2497d57c7b1069c0be59ac06466e9de613b607ea00b767b1f?s=96&d=mm&r=g\",\"url\":\"https:\\\/\\\/secure.gravatar.com\\\/avatar\\\/0f975fb544b03fa2497d57c7b1069c0be59ac06466e9de613b607ea00b767b1f?s=96&d=mm&r=g\",\"contentUrl\":\"https:\\\/\\\/secure.gravatar.com\\\/avatar\\\/0f975fb544b03fa2497d57c7b1069c0be59ac06466e9de613b607ea00b767b1f?s=96&d=mm&r=g\",\"caption\":\"santanyi\"},\"url\":\"https:\\\/\\\/www.dracmallorca.com\\\/blog\\\/ca\\\/author\\\/santanyi\\\/\"}]}<\/script>\n<!-- \/ Yoast SEO plugin. -->","yoast_head_json":{"title":"Finca Bassa Seca: perfecta pels fans del ciclisme - Experiencias y actividades en Mallorca","robots":{"index":"index","follow":"follow","max-snippet":"max-snippet:-1","max-image-preview":"max-image-preview:large","max-video-preview":"max-video-preview:-1"},"canonical":"https:\/\/www.dracmallorca.com\/blog\/finca-bassa-seca-perfect-for-cycling-fans\/","og_locale":"ca_ES","og_type":"article","og_title":"Finca Bassa Seca: perfecta pels fans del ciclisme - Experiencias y actividades en Mallorca","og_description":"Sa nostra estima finca BASSA SECA a Santany\u00ed per a fins 10 hostes col.labora amb CYCLING FRIENDLY \u2013 Cycling Holiday Planner per oferir als nostres clients unes instal.lacions preparades per rebre als aficionats al ciclismo per a que puguin tenir una magn\u00edfica estada a Mallorca. Si aquest \u00e9s el teu esport, aquesta \u00e9s la teva [&hellip;]","og_url":"https:\/\/www.dracmallorca.com\/blog\/finca-bassa-seca-perfect-for-cycling-fans\/","og_site_name":"Experiencias y actividades en Mallorca","article_published_time":"2022-09-20T11:21:20+00:00","article_modified_time":"2022-09-20T11:21:21+00:00","og_image":[{"url":"https:\/\/www.dracmallorca.com\/blog\/wp-content\/uploads\/2022\/09\/cf-nou-fondos-claros-2-1500x630.png","type":"","width":"","height":""}],"author":"santanyi","twitter_card":"summary_large_image","twitter_misc":{"Escrit per":"santanyi","Temps estimat de lectura":"1 minut"},"schema":{"@context":"https:\/\/schema.org","@graph":[{"@type":"Article","@id":"https:\/\/www.dracmallorca.com\/blog\/finca-bassa-seca-perfect-for-cycling-fans\/#article","isPartOf":{"@id":"https:\/\/www.dracmallorca.com\/blog\/finca-bassa-seca-perfect-for-cycling-fans\/"},"author":{"name":"santanyi","@id":"https:\/\/www.dracmallorca.com\/blog\/#\/schema\/person\/f28eed696a11608d6c190bfd0423d504"},"headline":"Finca Bassa Seca: perfecta pels fans del ciclisme","datePublished":"2022-09-20T11:21:20+00:00","dateModified":"2022-09-20T11:21:21+00:00","mainEntityOfPage":{"@id":"https:\/\/www.dracmallorca.com\/blog\/finca-bassa-seca-perfect-for-cycling-fans\/"},"wordCount":73,"commentCount":0,"publisher":{"@id":"https:\/\/www.dracmallorca.com\/blog\/#organization"},"image":{"@id":"https:\/\/www.dracmallorca.com\/blog\/finca-bassa-seca-perfect-for-cycling-fans\/#primaryimage"},"thumbnailUrl":"https:\/\/www.dracmallorca.com\/blog\/wp-content\/uploads\/2022\/09\/finca-bassa-seca-santanyi-mallorca.jpg","inLanguage":"ca","potentialAction":[{"@type":"CommentAction","name":"Comment","target":["https:\/\/www.dracmallorca.com\/blog\/finca-bassa-seca-perfect-for-cycling-fans\/#respond"]}]},{"@type":"WebPage","@id":"https:\/\/www.dracmallorca.com\/blog\/finca-bassa-seca-perfect-for-cycling-fans\/","url":"https:\/\/www.dracmallorca.com\/blog\/finca-bassa-seca-perfect-for-cycling-fans\/","name":"Finca Bassa Seca: perfecta pels fans del ciclisme - Experiencias y actividades en Mallorca","isPartOf":{"@id":"https:\/\/www.dracmallorca.com\/blog\/#website"},"primaryImageOfPage":{"@id":"https:\/\/www.dracmallorca.com\/blog\/finca-bassa-seca-perfect-for-cycling-fans\/#primaryimage"},"image":{"@id":"https:\/\/www.dracmallorca.com\/blog\/finca-bassa-seca-perfect-for-cycling-fans\/#primaryimage"},"thumbnailUrl":"https:\/\/www.dracmallorca.com\/blog\/wp-content\/uploads\/2022\/09\/finca-bassa-seca-santanyi-mallorca.jpg","datePublished":"2022-09-20T11:21:20+00:00","dateModified":"2022-09-20T11:21:21+00:00","inLanguage":"ca","potentialAction":[{"@type":"ReadAction","target":["https:\/\/www.dracmallorca.com\/blog\/finca-bassa-seca-perfect-for-cycling-fans\/"]}]},{"@type":"ImageObject","inLanguage":"ca","@id":"https:\/\/www.dracmallorca.com\/blog\/finca-bassa-seca-perfect-for-cycling-fans\/#primaryimage","url":"https:\/\/www.dracmallorca.com\/blog\/wp-content\/uploads\/2022\/09\/finca-bassa-seca-santanyi-mallorca.jpg","contentUrl":"https:\/\/www.dracmallorca.com\/blog\/wp-content\/uploads\/2022\/09\/finca-bassa-seca-santanyi-mallorca.jpg","width":1920,"height":650,"caption":"finca bassa seca en Santanyi Mallorca"},{"@type":"WebSite","@id":"https:\/\/www.dracmallorca.com\/blog\/#website","url":"https:\/\/www.dracmallorca.com\/blog\/","name":"Experiencias y actividades en Mallorca","description":"Drac Mallorca","publisher":{"@id":"https:\/\/www.dracmallorca.com\/blog\/#organization"},"potentialAction":[{"@type":"SearchAction","target":{"@type":"EntryPoint","urlTemplate":"https:\/\/www.dracmallorca.com\/blog\/?s={search_term_string}"},"query-input":{"@type":"PropertyValueSpecification","valueRequired":true,"valueName":"search_term_string"}}],"inLanguage":"ca"},{"@type":"Organization","@id":"https:\/\/www.dracmallorca.com\/blog\/#organization","name":"Experiencias y actividades en Mallorca","url":"https:\/\/www.dracmallorca.com\/blog\/","logo":{"@type":"ImageObject","inLanguage":"ca","@id":"https:\/\/www.dracmallorca.com\/blog\/#\/schema\/logo\/image\/","url":"https:\/\/www.dracmallorca.com\/blog\/wp-content\/uploads\/2023\/11\/logo-8.png","contentUrl":"https:\/\/www.dracmallorca.com\/blog\/wp-content\/uploads\/2023\/11\/logo-8.png","width":869,"height":248,"caption":"Experiencias y actividades en Mallorca"},"image":{"@id":"https:\/\/www.dracmallorca.com\/blog\/#\/schema\/logo\/image\/"}},{"@type":"Person","@id":"https:\/\/www.dracmallorca.com\/blog\/#\/schema\/person\/f28eed696a11608d6c190bfd0423d504","name":"santanyi","image":{"@type":"ImageObject","inLanguage":"ca","@id":"https:\/\/secure.gravatar.com\/avatar\/0f975fb544b03fa2497d57c7b1069c0be59ac06466e9de613b607ea00b767b1f?s=96&d=mm&r=g","url":"https:\/\/secure.gravatar.com\/avatar\/0f975fb544b03fa2497d57c7b1069c0be59ac06466e9de613b607ea00b767b1f?s=96&d=mm&r=g","contentUrl":"https:\/\/secure.gravatar.com\/avatar\/0f975fb544b03fa2497d57c7b1069c0be59ac06466e9de613b607ea00b767b1f?s=96&d=mm&r=g","caption":"santanyi"},"url":"https:\/\/www.dracmallorca.com\/blog\/ca\/author\/santanyi\/"}]}},"_links":{"self":[{"href":"https:\/\/www.dracmallorca.com\/blog\/ca\/wp-json\/wp\/v2\/posts\/880","targetHints":{"allow":["GET"]}}],"collection":[{"href":"https:\/\/www.dracmallorca.com\/blog\/ca\/wp-json\/wp\/v2\/posts"}],"about":[{"href":"https:\/\/www.dracmallorca.com\/blog\/ca\/wp-json\/wp\/v2\/types\/post"}],"author":[{"embeddable":true,"href":"https:\/\/www.dracmallorca.com\/blog\/ca\/wp-json\/wp\/v2\/users\/2"}],"replies":[{"embeddable":true,"href":"https:\/\/www.dracmallorca.com\/blog\/ca\/wp-json\/wp\/v2\/comments?post=880"}],"version-history":[{"count":1,"href":"https:\/\/www.dracmallorca.com\/blog\/ca\/wp-json\/wp\/v2\/posts\/880\/revisions"}],"predecessor-version":[{"id":889,"href":"https:\/\/www.dracmallorca.com\/blog\/ca\/wp-json\/wp\/v2\/posts\/880\/revisions\/889"}],"wp:featuredmedia":[{"embeddable":true,"href":"https:\/\/www.dracmallorca.com\/blog\/ca\/wp-json\/wp\/v2\/media\/1313"}],"wp:attachment":[{"href":"https:\/\/www.dracmallorca.com\/blog\/ca\/wp-json\/wp\/v2\/media?parent=880"}],"wp:term":[{"taxonomy":"category","embeddable":true,"href":"https:\/\/www.dracmallorca.com\/blog\/ca\/wp-json\/wp\/v2\/categories?post=880"},{"taxonomy":"post_tag","embeddable":true,"href":"https:\/\/www.dracmallorca.com\/blog\/ca\/wp-json\/wp\/v2\/tags?post=880"}],"curies":[{"name":"wp","href":"https:\/\/api.w.org\/{rel}","templated":true}]}}